{"id":124287,"date":"2023-12-26T10:36:54","date_gmt":"2023-12-26T10:36:54","guid":{"rendered":"https:\/\/www.nettali.com\/?p=124287"},"modified":"2023-12-26T10:36:54","modified_gmt":"2023-12-26T10:36:54","slug":"al-ittihad-benzema-encore-critique","status":"publish","type":"post","link":"https:\/\/www.nettali.com\/2023\/12\/26\/al-ittihad-benzema-encore-critique\/","title":{"rendered":"AL-ITTIHAD - Benzema encore critiqu\u00e9"},"content":{"rendered":"<p><strong>NETTALI.COM - D\u00e9j\u00e0 tr\u00e8s critique envers Karim Benzema apr\u00e8s les d\u00e9faites d\u2019Al-Ittihad contre Al-Ahly (1-3) lors de la Coupe du monde des clubs, puis Al-Raed (1-3) en championnat samedi, le c\u00e9l\u00e8bre pr\u00e9sentateur de la t\u00e9l\u00e9vision saoudienne Walid Al-Farraj en a remis une couche sur le Fran\u00e7ais de 36 ans avant un choc entre le champion d\u2019Arabie saoudite et le Al-Nassr de Cristiano Ronaldo.<\/strong><\/p>\n<p>\"<em>Avez-vous suivi les r\u00e9actions des supporters d'Al-Ittihad apr\u00e8s l'\u00e9limination contre Al-Ahly ? Une phrase revenait tout le temps, ils appelaient Benzema 'Ben-Hazima', soit litt\u00e9ralement, en arabe, le 'fils de la d\u00e9faite'. C'est un joueur qui ne fait pas suffisamment d'efforts, comme s'il disait aux supporters, 'remerciez Dieu car je joue pour vous.' La distance entre le joueur et les supporters s'accentue. Il ne joue pas comme il faut. (...) En r\u00e9sum\u00e9, il n'a pas marqu\u00e9 son territoire<\/em>\", a encore tanc\u00e9 le journaliste, d\u00e9cid\u00e9ment pas fan de \"KB9\".<\/p>\n<div class='share-to-whatsapp-wrapper'><div class='share-on-whsp'>PARTAGER SUR : <\/div><a data-text='AL-ITTIHAD - Benzema encore critiqu\u00e9' data-link='https:\/\/www.nettali.com\/2023\/12\/26\/al-ittihad-benzema-encore-critique\/' class='whatsapp-button whatsapp-share'>WhatsApp<\/a><div class='clear '><\/div><\/div>","protected":false},"excerpt":{"rendered":"<p>NETTALI.COM - D\u00e9j\u00e0 tr\u00e8s critique envers Karim Benzema apr\u00e8s les d\u00e9faites d\u2019Al-Ittihad contre Al-Ahly (1-3) lors de la Coupe du monde des clubs, puis Al-Raed (1-3) en championnat samedi, le c\u00e9l\u00e8bre pr\u00e9sentateur de la t\u00e9l\u00e9vision saoudienne Walid Al-Farraj en a remis une couche sur le Fran\u00e7ais de 36 ans avant un choc entre le champion [&hellip;]<\/p>\n","protected":false},"author":5,"featured_media":124288,"comment_status":"open","ping_status":"open","sticky":false,"template":"","format":"standard","meta":{"_et_pb_use_builder":"","_et_pb_old_content":""},"categories":[6],"tags":[],"yoast_head":"<!-- This site is optimized with the Yoast SEO Premium plugin v17.8 (Yoast SEO v17.8) - https:\/\/yoast.com\/wordpress\/plugins\/seo\/ -->\n<title>AL-ITTIHAD - Benzema encore critiqu\u00e9 | Nettali.com<\/title>\n<meta name=\"robots\" content=\"index, follow, max-snippet:-1, max-image-preview:large, max-video-preview:-1\" \/>\n<link rel=\"canonical\" href=\"https:\/\/www.nettali.com\/2023\/12\/26\/al-ittihad-benzema-encore-critique\/\" \/>\n<meta property=\"og:locale\" content=\"fr_FR\" \/>\n<meta property=\"og:type\" content=\"article\" \/>\n<meta property=\"og:title\" content=\"AL-ITTIHAD - Benzema encore critiqu\u00e9\" \/>\n<meta property=\"og:description\" content=\"NETTALI.COM - D\u00e9j\u00e0 tr\u00e8s critique envers Karim Benzema apr\u00e8s les d\u00e9faites d\u2019Al-Ittihad contre Al-Ahly (1-3) lors de la Coupe du monde des clubs, puis Al-Raed (1-3) en championnat samedi, le c\u00e9l\u00e8bre pr\u00e9sentateur de la t\u00e9l\u00e9vision saoudienne Walid Al-Farraj en a remis une couche sur le Fran\u00e7ais de 36 ans avant un choc entre le champion [&hellip;]\" \/>\n<meta property=\"og:url\" content=\"https:\/\/www.nettali.com\/2023\/12\/26\/al-ittihad-benzema-encore-critique\/\" \/>\n<meta property=\"og:site_name\" content=\"Nettali.com\" \/>\n<meta property=\"article:publisher\" content=\"https:\/\/www.facebook.com\/nettalicom\" \/>\n<meta property=\"article:published_time\" content=\"2023-12-26T10:36:54+00:00\" \/>\n<meta property=\"og:image\" content=\"https:\/\/www.nettali.com\/wp-content\/uploads\/2023\/12\/231655.jpeg\" \/>\n\t<meta property=\"og:image:width\" content=\"1200\" \/>\n\t<meta property=\"og:image:height\" content=\"675\" \/>\n<meta name=\"twitter:card\" content=\"summary_large_image\" \/>\n<meta name=\"twitter:label1\" content=\"\u00c9crit par\" \/>\n\t<meta name=\"twitter:data1\" content=\"Ibrahima\" \/>\n\t<meta name=\"twitter:label2\" content=\"Dur\u00e9e de lecture estim\u00e9e\" \/>\n\t<meta name=\"twitter:data2\" content=\"1 minute\" \/>\n<script type=\"application\/ld+json\" class=\"yoast-schema-graph\">{\"@context\":\"https:\/\/schema.org\",\"@graph\":[{\"@type\":\"WebSite\",\"@id\":\"https:\/\/www.nettali.com\/#website\",\"url\":\"https:\/\/www.nettali.com\/\",\"name\":\"Nettali.com\",\"description\":\"Le rendez-vous critique du Net\",\"potentialAction\":[{\"@type\":\"SearchAction\",\"target\":{\"@type\":\"EntryPoint\",\"urlTemplate\":\"https:\/\/www.nettali.com\/?s={search_term_string}\"},\"query-input\":\"required name=search_term_string\"}],\"inLanguage\":\"fr-FR\"},{\"@type\":\"ImageObject\",\"@id\":\"https:\/\/www.nettali.com\/2023\/12\/26\/al-ittihad-benzema-encore-critique\/#primaryimage\",\"inLanguage\":\"fr-FR\",\"url\":\"https:\/\/www.nettali.com\/wp-content\/uploads\/2023\/12\/231655.jpeg\",\"contentUrl\":\"https:\/\/www.nettali.com\/wp-content\/uploads\/2023\/12\/231655.jpeg\",\"width\":1200,\"height\":675},{\"@type\":\"WebPage\",\"@id\":\"https:\/\/www.nettali.com\/2023\/12\/26\/al-ittihad-benzema-encore-critique\/#webpage\",\"url\":\"https:\/\/www.nettali.com\/2023\/12\/26\/al-ittihad-benzema-encore-critique\/\",\"name\":\"AL-ITTIHAD - Benzema encore critiqu\\u00e9 | Nettali.com\",\"isPartOf\":{\"@id\":\"https:\/\/www.nettali.com\/#website\"},\"primaryImageOfPage\":{\"@id\":\"https:\/\/www.nettali.com\/2023\/12\/26\/al-ittihad-benzema-encore-critique\/#primaryimage\"},\"datePublished\":\"2023-12-26T10:36:54+00:00\",\"dateModified\":\"2023-12-26T10:36:54+00:00\",\"author\":{\"@id\":\"https:\/\/www.nettali.com\/#\/schema\/person\/bb147657c2986240405a608162b9bb23\"},\"breadcrumb\":{\"@id\":\"https:\/\/www.nettali.com\/2023\/12\/26\/al-ittihad-benzema-encore-critique\/#breadcrumb\"},\"inLanguage\":\"fr-FR\",\"potentialAction\":[{\"@type\":\"ReadAction\",\"target\":[\"https:\/\/www.nettali.com\/2023\/12\/26\/al-ittihad-benzema-encore-critique\/\"]}]},{\"@type\":\"BreadcrumbList\",\"@id\":\"https:\/\/www.nettali.com\/2023\/12\/26\/al-ittihad-benzema-encore-critique\/#breadcrumb\",\"itemListElement\":[{\"@type\":\"ListItem\",\"position\":1,\"name\":\"Accueil\",\"item\":\"https:\/\/www.nettali.com\/\"},{\"@type\":\"ListItem\",\"position\":2,\"name\":\"AL-ITTIHAD - Benzema encore critiqu\\u00e9\"}]},{\"@type\":\"Person\",\"@id\":\"https:\/\/www.nettali.com\/#\/schema\/person\/bb147657c2986240405a608162b9bb23\",\"name\":\"Ibrahima\",\"image\":{\"@type\":\"ImageObject\",\"@id\":\"https:\/\/www.nettali.com\/#personlogo\",\"inLanguage\":\"fr-FR\",\"url\":\"https:\/\/secure.gravatar.com\/avatar\/26a8a81f09f0dd7624c9d5c36c9ba3a2?s=96&d=mm&r=g\",\"contentUrl\":\"https:\/\/secure.gravatar.com\/avatar\/26a8a81f09f0dd7624c9d5c36c9ba3a2?s=96&d=mm&r=g\",\"caption\":\"Ibrahima\"},\"sameAs\":[\"https:\/\/www.nettali.com\"]}]}<\/script>\n<!-- \/ Yoast SEO Premium plugin. -->","yoast_head_json":{"title":"AL-ITTIHAD - Benzema encore critiqu\u00e9 | Nettali.com","robots":{"index":"index","follow":"follow","max-snippet":"max-snippet:-1","max-image-preview":"max-image-preview:large","max-video-preview":"max-video-preview:-1"},"canonical":"https:\/\/www.nettali.com\/2023\/12\/26\/al-ittihad-benzema-encore-critique\/","og_locale":"fr_FR","og_type":"article","og_title":"AL-ITTIHAD - Benzema encore critiqu\u00e9","og_description":"NETTALI.COM - D\u00e9j\u00e0 tr\u00e8s critique envers Karim Benzema apr\u00e8s les d\u00e9faites d\u2019Al-Ittihad contre Al-Ahly (1-3) lors de la Coupe du monde des clubs, puis Al-Raed (1-3) en championnat samedi, le c\u00e9l\u00e8bre pr\u00e9sentateur de la t\u00e9l\u00e9vision saoudienne Walid Al-Farraj en a remis une couche sur le Fran\u00e7ais de 36 ans avant un choc entre le champion [&hellip;]","og_url":"https:\/\/www.nettali.com\/2023\/12\/26\/al-ittihad-benzema-encore-critique\/","og_site_name":"Nettali.com","article_publisher":"https:\/\/www.facebook.com\/nettalicom","article_published_time":"2023-12-26T10:36:54+00:00","og_image":[{"width":1200,"height":675,"url":"https:\/\/www.nettali.com\/wp-content\/uploads\/2023\/12\/231655.jpeg","type":"image\/jpeg"}],"twitter_card":"summary_large_image","twitter_misc":{"\u00c9crit par":"Ibrahima","Dur\u00e9e de lecture estim\u00e9e":"1 minute"},"schema":{"@context":"https:\/\/schema.org","@graph":[{"@type":"WebSite","@id":"https:\/\/www.nettali.com\/#website","url":"https:\/\/www.nettali.com\/","name":"Nettali.com","description":"Le rendez-vous critique du Net","potentialAction":[{"@type":"SearchAction","target":{"@type":"EntryPoint","urlTemplate":"https:\/\/www.nettali.com\/?s={search_term_string}"},"query-input":"required name=search_term_string"}],"inLanguage":"fr-FR"},{"@type":"ImageObject","@id":"https:\/\/www.nettali.com\/2023\/12\/26\/al-ittihad-benzema-encore-critique\/#primaryimage","inLanguage":"fr-FR","url":"https:\/\/www.nettali.com\/wp-content\/uploads\/2023\/12\/231655.jpeg","contentUrl":"https:\/\/www.nettali.com\/wp-content\/uploads\/2023\/12\/231655.jpeg","width":1200,"height":675},{"@type":"WebPage","@id":"https:\/\/www.nettali.com\/2023\/12\/26\/al-ittihad-benzema-encore-critique\/#webpage","url":"https:\/\/www.nettali.com\/2023\/12\/26\/al-ittihad-benzema-encore-critique\/","name":"AL-ITTIHAD - Benzema encore critiqu\u00e9 | Nettali.com","isPartOf":{"@id":"https:\/\/www.nettali.com\/#website"},"primaryImageOfPage":{"@id":"https:\/\/www.nettali.com\/2023\/12\/26\/al-ittihad-benzema-encore-critique\/#primaryimage"},"datePublished":"2023-12-26T10:36:54+00:00","dateModified":"2023-12-26T10:36:54+00:00","author":{"@id":"https:\/\/www.nettali.com\/#\/schema\/person\/bb147657c2986240405a608162b9bb23"},"breadcrumb":{"@id":"https:\/\/www.nettali.com\/2023\/12\/26\/al-ittihad-benzema-encore-critique\/#breadcrumb"},"inLanguage":"fr-FR","potentialAction":[{"@type":"ReadAction","target":["https:\/\/www.nettali.com\/2023\/12\/26\/al-ittihad-benzema-encore-critique\/"]}]},{"@type":"BreadcrumbList","@id":"https:\/\/www.nettali.com\/2023\/12\/26\/al-ittihad-benzema-encore-critique\/#breadcrumb","itemListElement":[{"@type":"ListItem","position":1,"name":"Accueil","item":"https:\/\/www.nettali.com\/"},{"@type":"ListItem","position":2,"name":"AL-ITTIHAD - Benzema encore critiqu\u00e9"}]},{"@type":"Person","@id":"https:\/\/www.nettali.com\/#\/schema\/person\/bb147657c2986240405a608162b9bb23","name":"Ibrahima","image":{"@type":"ImageObject","@id":"https:\/\/www.nettali.com\/#personlogo","inLanguage":"fr-FR","url":"https:\/\/secure.gravatar.com\/avatar\/26a8a81f09f0dd7624c9d5c36c9ba3a2?s=96&d=mm&r=g","contentUrl":"https:\/\/secure.gravatar.com\/avatar\/26a8a81f09f0dd7624c9d5c36c9ba3a2?s=96&d=mm&r=g","caption":"Ibrahima"},"sameAs":["https:\/\/www.nettali.com"]}]}},"_links":{"self":[{"href":"https:\/\/www.nettali.com\/rest\/wp\/v2\/posts\/124287"}],"collection":[{"href":"https:\/\/www.nettali.com\/rest\/wp\/v2\/posts"}],"about":[{"href":"https:\/\/www.nettali.com\/rest\/wp\/v2\/types\/post"}],"author":[{"embeddable":true,"href":"https:\/\/www.nettali.com\/rest\/wp\/v2\/users\/5"}],"replies":[{"embeddable":true,"href":"https:\/\/www.nettali.com\/rest\/wp\/v2\/comments?post=124287"}],"version-history":[{"count":1,"href":"https:\/\/www.nettali.com\/rest\/wp\/v2\/posts\/124287\/revisions"}],"predecessor-version":[{"id":124289,"href":"https:\/\/www.nettali.com\/rest\/wp\/v2\/posts\/124287\/revisions\/124289"}],"wp:featuredmedia":[{"embeddable":true,"href":"https:\/\/www.nettali.com\/rest\/wp\/v2\/media\/124288"}],"wp:attachment":[{"href":"https:\/\/www.nettali.com\/rest\/wp\/v2\/media?parent=124287"}],"wp:term":[{"taxonomy":"category","embeddable":true,"href":"https:\/\/www.nettali.com\/rest\/wp\/v2\/categories?post=124287"},{"taxonomy":"post_tag","embeddable":true,"href":"https:\/\/www.nettali.com\/rest\/wp\/v2\/tags?post=124287"}],"curies":[{"name":"wp","href":"https:\/\/api.w.org\/{rel}","templated":true}]}}