{"id":124227,"date":"2023-12-24T23:48:10","date_gmt":"2023-12-24T23:48:10","guid":{"rendered":"https:\/\/www.nettali.com\/?p=124227"},"modified":"2023-12-26T09:25:52","modified_gmt":"2023-12-26T09:25:52","slug":"maurice-soudieck-dione-la-democratie-a-recule-sous-le-regne-de-macky-sall","status":"publish","type":"post","link":"https:\/\/www.nettali.com\/2023\/12\/24\/maurice-soudieck-dione-la-democratie-a-recule-sous-le-regne-de-macky-sall\/","title":{"rendered":"MAURICE SOUDIECK DIONE : \"La d\u00e9mocratie a recul\u00e9 sous le r\u00e8gne de Macky Sall\""},"content":{"rendered":"<p><strong>NETTALI.COM - Le r\u00e9gime de Macky Sall a fait reculer la d\u00e9mocratie au S\u00e9n\u00e9gal. Telle est la conviction de Maurice Soudieck Dione. Invit\u00e9 ce dimanche de la radion priv\u00e9e Sud fm, l'enseignant chercheur en Sciences politiques a expliqu\u00e9 cette situation par \"la perspective d\u00e9veloppementaliste\" mise en avant par le num\u00e9ro 1 s\u00e9n\u00e9galais.\u00a0<\/strong><\/p>\n<p>\"<em>La d\u00e9mocratie s\u00e9n\u00e9galaise a beaucoup recul\u00e9 sous le r\u00e8gne du Pr\u00e9sident Macky Sall.<\/em>\" Le constat est du professeur Maurice Soudieck Dione. Il \u00e9tait ce dimanche l'invit\u00e9 de Baye Oumar Gueye dans son \u00e9mission <em>Objection<\/em> sur <em>Sud fm<\/em>. L'enseignant chercheur \u00e0 l'Universit\u00e9 Gaston Berger de Saint-Louis explique ce recul par \"<em>la perspective d\u00e9veloppementaliste<\/em>\" mise en avant par Macky Sall \"<em>pour justifier qu'on puisse \u00e9craser les droits et les libert\u00e9s<\/em>\". Selon lui, il s'agit d'une id\u00e9e qu'on avait d\u00e9j\u00e0 vu avec le pr\u00e9sident Abdoulaye Wade. \"<em>Macky Sall est beaucoup sur les infrastructures, sur le bilan mat\u00e9riel, sur les r\u00e9alisations \u00e9conomiques... dont on peut discuter<\/em>\", dit-il. Or, poursuit Maurice Soudieck Dione, \"<em>il faudrait que l'on marche sur nos deux jambes, c'est-\u00e0-dire d\u00e9mocratie et d\u00e9veloppement<\/em>\".<\/p>\n<p>Et si on en est \u00e0 cette situation, c'est parce que, soutient-il, \"<em>les r\u00e9formes s\u00e9rieuses n'ont jamais \u00e9t\u00e9 faites<\/em>\". Exemple : \"<em>Le r\u00f4le du procureur qui a des pouvoirs exorbitants alors qu'il est partie au proc\u00e8s, qu'il est soumis au ministre de la Justice, lui-m\u00eame, nomm\u00e9 par le pr\u00e9sident de la R\u00e9publique. Et dans certains types d'infractions, quand le procureur demande le mandat de d\u00e9p\u00f4t, il est automatique alors qu'on aurait pu avoir un juge des libert\u00e9s qui aurait pu appr\u00e9cier. Tout cela aurait d\u00fb \u00eatre r\u00e9form\u00e9. C'est aussi le cas sur l'article 80, sur la diffusion de fausses nouvelles... qui sont des dispositions liberticides<\/em>\", analyse ce sp\u00e9cialiste des Sciences politiques. Et de poursuivre : \"<em>Le r\u00e9f\u00e9rendum de 2016 a finalement \u00e9t\u00e9 une occasion manqu\u00e9e alors qu'il aurait pu nous permettre de nous entendre sur les r\u00e9formes \u00e0 mener<\/em>.\"<\/p>\n<p>Pis, Maurice Soudieck Dione dit avoir constat\u00e9, avec le r\u00e9gime de Macky Sall, \"<em>des tentatives de contr\u00f4le des organisations ind\u00e9pendantes comme la Commission \u00e9lectorale nationale autonome (CENA) et le Conseil national de r\u00e9gulation de l'audiovisuel (CNRA)<\/em>\". \"<em>Des manoeuvres et manipulations politiciennes qui remettent en cause leur efficacit\u00e9 et leur autorit\u00e9<\/em>\", d\u00e9plore-t-il. Il en est de m\u00eame des difficult\u00e9s li\u00e9es \u00e0 la Direction g\u00e9n\u00e9rale des \u00e9lections (DGE), mais aussi la Direction de l'automatisation des fichiers (DAF) qui sont, selon lui, victimes des tentatives de remise en cause des acquis d\u00e9mocratiques. \"Des manoeuvres subversifs qui les destabilisent\", mart\u00e8le Maurice Soudieck Dione. Qui rappelle : \"<em>Lors des locales, on a vu des autorit\u00e9s administratives se pourvoir en cassation pour que les listes de l'opposition soient rejet\u00e9es<\/em>.\" Avant de souligner : \"<em>La d\u00e9mocratie repose sur le prinicpe de la sauverainet\u00e9 populaire. Le Conseil constitutionnel n'a pas \u00e0 fausser l'expression de la sauverainet\u00e9 populaire. Je comprend mal que l'administration participe \u00e0 fausser l'expression de la volont\u00e9 populaire en refusant de se conformer \u00e0 la loi malgr\u00e9 les d\u00e9cisions de justice qui lui intime l'ordre de r\u00e9int\u00e9grer Ousmane Sonko sur les listes \u00e9lectorales.<\/em>\"<\/p>\n<div class='share-to-whatsapp-wrapper'><div class='share-on-whsp'>PARTAGER SUR : <\/div><a data-text='MAURICE SOUDIECK DIONE : \"La d\u00e9mocratie a recul\u00e9 sous le r\u00e8gne de Macky Sall\"' data-link='https:\/\/www.nettali.com\/2023\/12\/24\/maurice-soudieck-dione-la-democratie-a-recule-sous-le-regne-de-macky-sall\/' class='whatsapp-button whatsapp-share'>WhatsApp<\/a><div class='clear '><\/div><\/div>","protected":false},"excerpt":{"rendered":"<p>NETTALI.COM - Le r\u00e9gime de Macky Sall a fait reculer la d\u00e9mocratie au S\u00e9n\u00e9gal. Telle est la conviction de Maurice Soudieck Dione. Invit\u00e9 ce dimanche de la radion priv\u00e9e Sud fm, l'enseignant chercheur en Sciences politiques a expliqu\u00e9 cette situation par \"la perspective d\u00e9veloppementaliste\" mise en avant par le num\u00e9ro 1 s\u00e9n\u00e9galais.\u00a0 \"La d\u00e9mocratie s\u00e9n\u00e9galaise [&hellip;]<\/p>\n","protected":false},"author":3,"featured_media":124228,"comment_status":"open","ping_status":"open","sticky":false,"template":"","format":"standard","meta":{"_et_pb_use_builder":"","_et_pb_old_content":""},"categories":[2],"tags":[],"yoast_head":"<!-- This site is optimized with the Yoast SEO Premium plugin v17.8 (Yoast SEO v17.8) - https:\/\/yoast.com\/wordpress\/plugins\/seo\/ -->\n<title>MAURICE SOUDIECK DIONE : &quot;La d\u00e9mocratie a recul\u00e9 sous le r\u00e8gne de Macky Sall&quot; | Nettali.com<\/title>\n<meta name=\"robots\" content=\"index, follow, max-snippet:-1, max-image-preview:large, max-video-preview:-1\" \/>\n<link rel=\"canonical\" href=\"https:\/\/www.nettali.com\/2023\/12\/24\/maurice-soudieck-dione-la-democratie-a-recule-sous-le-regne-de-macky-sall\/\" \/>\n<meta property=\"og:locale\" content=\"fr_FR\" \/>\n<meta property=\"og:type\" content=\"article\" \/>\n<meta property=\"og:title\" content=\"MAURICE SOUDIECK DIONE : &quot;La d\u00e9mocratie a recul\u00e9 sous le r\u00e8gne de Macky Sall&quot;\" \/>\n<meta property=\"og:description\" content=\"NETTALI.COM - Le r\u00e9gime de Macky Sall a fait reculer la d\u00e9mocratie au S\u00e9n\u00e9gal. Telle est la conviction de Maurice Soudieck Dione. Invit\u00e9 ce dimanche de la radion priv\u00e9e Sud fm, l&#039;enseignant chercheur en Sciences politiques a expliqu\u00e9 cette situation par &quot;la perspective d\u00e9veloppementaliste&quot; mise en avant par le num\u00e9ro 1 s\u00e9n\u00e9galais.\u00a0 &quot;La d\u00e9mocratie s\u00e9n\u00e9galaise [&hellip;]\" \/>\n<meta property=\"og:url\" content=\"https:\/\/www.nettali.com\/2023\/12\/24\/maurice-soudieck-dione-la-democratie-a-recule-sous-le-regne-de-macky-sall\/\" \/>\n<meta property=\"og:site_name\" content=\"Nettali.com\" \/>\n<meta property=\"article:publisher\" content=\"https:\/\/www.facebook.com\/nettalicom\" \/>\n<meta property=\"article:published_time\" content=\"2023-12-24T23:48:10+00:00\" \/>\n<meta property=\"article:modified_time\" content=\"2023-12-26T09:25:52+00:00\" \/>\n<meta property=\"og:image\" content=\"https:\/\/www.nettali.com\/wp-content\/uploads\/2023\/12\/manifs.jpg\" \/>\n\t<meta property=\"og:image:width\" content=\"1200\" \/>\n\t<meta property=\"og:image:height\" content=\"512\" \/>\n<meta name=\"twitter:card\" content=\"summary_large_image\" \/>\n<meta name=\"twitter:label1\" content=\"\u00c9crit par\" \/>\n\t<meta name=\"twitter:data1\" content=\"Moustapha\" \/>\n\t<meta name=\"twitter:label2\" content=\"Dur\u00e9e de lecture estim\u00e9e\" \/>\n\t<meta name=\"twitter:data2\" content=\"3 minutes\" \/>\n<script type=\"application\/ld+json\" class=\"yoast-schema-graph\">{\"@context\":\"https:\/\/schema.org\",\"@graph\":[{\"@type\":\"WebSite\",\"@id\":\"https:\/\/www.nettali.com\/#website\",\"url\":\"https:\/\/www.nettali.com\/\",\"name\":\"Nettali.com\",\"description\":\"Le rendez-vous critique du Net\",\"potentialAction\":[{\"@type\":\"SearchAction\",\"target\":{\"@type\":\"EntryPoint\",\"urlTemplate\":\"https:\/\/www.nettali.com\/?s={search_term_string}\"},\"query-input\":\"required name=search_term_string\"}],\"inLanguage\":\"fr-FR\"},{\"@type\":\"ImageObject\",\"@id\":\"https:\/\/www.nettali.com\/2023\/12\/24\/maurice-soudieck-dione-la-democratie-a-recule-sous-le-regne-de-macky-sall\/#primaryimage\",\"inLanguage\":\"fr-FR\",\"url\":\"https:\/\/www.nettali.com\/wp-content\/uploads\/2023\/12\/manifs.jpg\",\"contentUrl\":\"https:\/\/www.nettali.com\/wp-content\/uploads\/2023\/12\/manifs.jpg\",\"width\":1200,\"height\":512},{\"@type\":\"WebPage\",\"@id\":\"https:\/\/www.nettali.com\/2023\/12\/24\/maurice-soudieck-dione-la-democratie-a-recule-sous-le-regne-de-macky-sall\/#webpage\",\"url\":\"https:\/\/www.nettali.com\/2023\/12\/24\/maurice-soudieck-dione-la-democratie-a-recule-sous-le-regne-de-macky-sall\/\",\"name\":\"MAURICE SOUDIECK DIONE : \\\"La d\\u00e9mocratie a recul\\u00e9 sous le r\\u00e8gne de Macky Sall\\\" | Nettali.com\",\"isPartOf\":{\"@id\":\"https:\/\/www.nettali.com\/#website\"},\"primaryImageOfPage\":{\"@id\":\"https:\/\/www.nettali.com\/2023\/12\/24\/maurice-soudieck-dione-la-democratie-a-recule-sous-le-regne-de-macky-sall\/#primaryimage\"},\"datePublished\":\"2023-12-24T23:48:10+00:00\",\"dateModified\":\"2023-12-26T09:25:52+00:00\",\"author\":{\"@id\":\"https:\/\/www.nettali.com\/#\/schema\/person\/7962a12a6e0267f88f0ffa544c36469a\"},\"breadcrumb\":{\"@id\":\"https:\/\/www.nettali.com\/2023\/12\/24\/maurice-soudieck-dione-la-democratie-a-recule-sous-le-regne-de-macky-sall\/#breadcrumb\"},\"inLanguage\":\"fr-FR\",\"potentialAction\":[{\"@type\":\"ReadAction\",\"target\":[\"https:\/\/www.nettali.com\/2023\/12\/24\/maurice-soudieck-dione-la-democratie-a-recule-sous-le-regne-de-macky-sall\/\"]}]},{\"@type\":\"BreadcrumbList\",\"@id\":\"https:\/\/www.nettali.com\/2023\/12\/24\/maurice-soudieck-dione-la-democratie-a-recule-sous-le-regne-de-macky-sall\/#breadcrumb\",\"itemListElement\":[{\"@type\":\"ListItem\",\"position\":1,\"name\":\"Accueil\",\"item\":\"https:\/\/www.nettali.com\/\"},{\"@type\":\"ListItem\",\"position\":2,\"name\":\"MAURICE SOUDIECK DIONE : \\\"La d\\u00e9mocratie a recul\\u00e9 sous le r\\u00e8gne de Macky Sall\\\"\"}]},{\"@type\":\"Person\",\"@id\":\"https:\/\/www.nettali.com\/#\/schema\/person\/7962a12a6e0267f88f0ffa544c36469a\",\"name\":\"Moustapha\",\"image\":{\"@type\":\"ImageObject\",\"@id\":\"https:\/\/www.nettali.com\/#personlogo\",\"inLanguage\":\"fr-FR\",\"url\":\"https:\/\/secure.gravatar.com\/avatar\/10fdf6a071cccdcf374e3dbe45159590?s=96&d=mm&r=g\",\"contentUrl\":\"https:\/\/secure.gravatar.com\/avatar\/10fdf6a071cccdcf374e3dbe45159590?s=96&d=mm&r=g\",\"caption\":\"Moustapha\"},\"sameAs\":[\"https:\/\/www.nettali.com\"]}]}<\/script>\n<!-- \/ Yoast SEO Premium plugin. -->","yoast_head_json":{"title":"MAURICE SOUDIECK DIONE : \"La d\u00e9mocratie a recul\u00e9 sous le r\u00e8gne de Macky Sall\" | Nettali.com","robots":{"index":"index","follow":"follow","max-snippet":"max-snippet:-1","max-image-preview":"max-image-preview:large","max-video-preview":"max-video-preview:-1"},"canonical":"https:\/\/www.nettali.com\/2023\/12\/24\/maurice-soudieck-dione-la-democratie-a-recule-sous-le-regne-de-macky-sall\/","og_locale":"fr_FR","og_type":"article","og_title":"MAURICE SOUDIECK DIONE : \"La d\u00e9mocratie a recul\u00e9 sous le r\u00e8gne de Macky Sall\"","og_description":"NETTALI.COM - Le r\u00e9gime de Macky Sall a fait reculer la d\u00e9mocratie au S\u00e9n\u00e9gal. Telle est la conviction de Maurice Soudieck Dione. Invit\u00e9 ce dimanche de la radion priv\u00e9e Sud fm, l'enseignant chercheur en Sciences politiques a expliqu\u00e9 cette situation par \"la perspective d\u00e9veloppementaliste\" mise en avant par le num\u00e9ro 1 s\u00e9n\u00e9galais.\u00a0 \"La d\u00e9mocratie s\u00e9n\u00e9galaise [&hellip;]","og_url":"https:\/\/www.nettali.com\/2023\/12\/24\/maurice-soudieck-dione-la-democratie-a-recule-sous-le-regne-de-macky-sall\/","og_site_name":"Nettali.com","article_publisher":"https:\/\/www.facebook.com\/nettalicom","article_published_time":"2023-12-24T23:48:10+00:00","article_modified_time":"2023-12-26T09:25:52+00:00","og_image":[{"width":1200,"height":512,"url":"https:\/\/www.nettali.com\/wp-content\/uploads\/2023\/12\/manifs.jpg","type":"image\/jpeg"}],"twitter_card":"summary_large_image","twitter_misc":{"\u00c9crit par":"Moustapha","Dur\u00e9e de lecture estim\u00e9e":"3 minutes"},"schema":{"@context":"https:\/\/schema.org","@graph":[{"@type":"WebSite","@id":"https:\/\/www.nettali.com\/#website","url":"https:\/\/www.nettali.com\/","name":"Nettali.com","description":"Le rendez-vous critique du Net","potentialAction":[{"@type":"SearchAction","target":{"@type":"EntryPoint","urlTemplate":"https:\/\/www.nettali.com\/?s={search_term_string}"},"query-input":"required name=search_term_string"}],"inLanguage":"fr-FR"},{"@type":"ImageObject","@id":"https:\/\/www.nettali.com\/2023\/12\/24\/maurice-soudieck-dione-la-democratie-a-recule-sous-le-regne-de-macky-sall\/#primaryimage","inLanguage":"fr-FR","url":"https:\/\/www.nettali.com\/wp-content\/uploads\/2023\/12\/manifs.jpg","contentUrl":"https:\/\/www.nettali.com\/wp-content\/uploads\/2023\/12\/manifs.jpg","width":1200,"height":512},{"@type":"WebPage","@id":"https:\/\/www.nettali.com\/2023\/12\/24\/maurice-soudieck-dione-la-democratie-a-recule-sous-le-regne-de-macky-sall\/#webpage","url":"https:\/\/www.nettali.com\/2023\/12\/24\/maurice-soudieck-dione-la-democratie-a-recule-sous-le-regne-de-macky-sall\/","name":"MAURICE SOUDIECK DIONE : \"La d\u00e9mocratie a recul\u00e9 sous le r\u00e8gne de Macky Sall\" | Nettali.com","isPartOf":{"@id":"https:\/\/www.nettali.com\/#website"},"primaryImageOfPage":{"@id":"https:\/\/www.nettali.com\/2023\/12\/24\/maurice-soudieck-dione-la-democratie-a-recule-sous-le-regne-de-macky-sall\/#primaryimage"},"datePublished":"2023-12-24T23:48:10+00:00","dateModified":"2023-12-26T09:25:52+00:00","author":{"@id":"https:\/\/www.nettali.com\/#\/schema\/person\/7962a12a6e0267f88f0ffa544c36469a"},"breadcrumb":{"@id":"https:\/\/www.nettali.com\/2023\/12\/24\/maurice-soudieck-dione-la-democratie-a-recule-sous-le-regne-de-macky-sall\/#breadcrumb"},"inLanguage":"fr-FR","potentialAction":[{"@type":"ReadAction","target":["https:\/\/www.nettali.com\/2023\/12\/24\/maurice-soudieck-dione-la-democratie-a-recule-sous-le-regne-de-macky-sall\/"]}]},{"@type":"BreadcrumbList","@id":"https:\/\/www.nettali.com\/2023\/12\/24\/maurice-soudieck-dione-la-democratie-a-recule-sous-le-regne-de-macky-sall\/#breadcrumb","itemListElement":[{"@type":"ListItem","position":1,"name":"Accueil","item":"https:\/\/www.nettali.com\/"},{"@type":"ListItem","position":2,"name":"MAURICE SOUDIECK DIONE : \"La d\u00e9mocratie a recul\u00e9 sous le r\u00e8gne de Macky Sall\""}]},{"@type":"Person","@id":"https:\/\/www.nettali.com\/#\/schema\/person\/7962a12a6e0267f88f0ffa544c36469a","name":"Moustapha","image":{"@type":"ImageObject","@id":"https:\/\/www.nettali.com\/#personlogo","inLanguage":"fr-FR","url":"https:\/\/secure.gravatar.com\/avatar\/10fdf6a071cccdcf374e3dbe45159590?s=96&d=mm&r=g","contentUrl":"https:\/\/secure.gravatar.com\/avatar\/10fdf6a071cccdcf374e3dbe45159590?s=96&d=mm&r=g","caption":"Moustapha"},"sameAs":["https:\/\/www.nettali.com"]}]}},"_links":{"self":[{"href":"https:\/\/www.nettali.com\/rest\/wp\/v2\/posts\/124227"}],"collection":[{"href":"https:\/\/www.nettali.com\/rest\/wp\/v2\/posts"}],"about":[{"href":"https:\/\/www.nettali.com\/rest\/wp\/v2\/types\/post"}],"author":[{"embeddable":true,"href":"https:\/\/www.nettali.com\/rest\/wp\/v2\/users\/3"}],"replies":[{"embeddable":true,"href":"https:\/\/www.nettali.com\/rest\/wp\/v2\/comments?post=124227"}],"version-history":[{"count":1,"href":"https:\/\/www.nettali.com\/rest\/wp\/v2\/posts\/124227\/revisions"}],"predecessor-version":[{"id":124229,"href":"https:\/\/www.nettali.com\/rest\/wp\/v2\/posts\/124227\/revisions\/124229"}],"wp:featuredmedia":[{"embeddable":true,"href":"https:\/\/www.nettali.com\/rest\/wp\/v2\/media\/124228"}],"wp:attachment":[{"href":"https:\/\/www.nettali.com\/rest\/wp\/v2\/media?parent=124227"}],"wp:term":[{"taxonomy":"category","embeddable":true,"href":"https:\/\/www.nettali.com\/rest\/wp\/v2\/categories?post=124227"},{"taxonomy":"post_tag","embeddable":true,"href":"https:\/\/www.nettali.com\/rest\/wp\/v2\/tags?post=124227"}],"curies":[{"name":"wp","href":"https:\/\/api.w.org\/{rel}","templated":true}]}}