{"id":124218,"date":"2023-12-24T19:42:59","date_gmt":"2023-12-24T19:42:59","guid":{"rendered":"https:\/\/www.nettali.com\/?p=124218"},"modified":"2023-12-24T19:42:59","modified_gmt":"2023-12-24T19:42:59","slug":"necrologie-boubacar-diop-trajectoire-dun-journaliste-atypique","status":"publish","type":"post","link":"https:\/\/www.nettali.com\/2023\/12\/24\/necrologie-boubacar-diop-trajectoire-dun-journaliste-atypique\/","title":{"rendered":"NECROLOGIE - Boubacar Diop, trajectoire d\u2019un journaliste atypique..."},"content":{"rendered":"<p><strong>NETTALI.COM - Boubacar Diop, fondateur de l\u2019ancienne publication \u201cPromotion\u2019\u2019 et pionnier de la presse libre au S\u00e9n\u00e9gal, est d\u00e9c\u00e9d\u00e9 samedi \u00e0 Rufisque \u00e0 l\u2019\u00e2ge de 86 ans des suites d\u2019une courte maladie, a-t-on appris de son fils Sidy Diop.<\/strong><\/p>\n<p><em>\u201cMon p\u00e8re se portait bien malgr\u00e9 son \u00e2ge. Il est parti suite \u00e0 une courte maladie. Il \u00e9tait malade depuis une semaine. Mais il est parti paisiblement dans un sommeil\u2019\u2019<\/em>, a expliqu\u00e9 Sidy Diop.<\/p>\n<p><em>\u201cBoubacar Diop et son ami le d\u00e9funt Mame Less Dia \u00e9taient des journalistes militants, mais libres. Leur empreinte dans la profession journalistique reste intacte, m\u00eame la jeune g\u00e9n\u00e9ration de journalistes en parle\u2019\u2019<\/em>, a t\u00e9moign\u00e9 Sidy Diop.<\/p>\n<p>Fondateur et directeur du mensuel \u201cPromotion\u2019\u2019, Boubacar Diop a connu un parcours atypique. Natif de Rufisque, Il a \u00e9t\u00e9 tour \u00e0 tour, militaire en tant que citoyen fran\u00e7ais avant l\u2019ind\u00e9pendance avant de devenir greffier puis journaliste.<\/p>\n<p>M\u00eame si son nom se confond avec le mensuel \u201cPromotion\u2019\u2019 qu\u2019il a cr\u00e9\u00e9 en 1972, Boubacar Diop a fond\u00e9 son premier journal en 1965, soit cinq ann\u00e9es apr\u00e8s l\u2019ind\u00e9pendance du S\u00e9n\u00e9gal.<\/p>\n<p><em>\u201cCe journal s\u2019appelait +Les Echos du S\u00e9n\u00e9gal+. Il l\u2019a cr\u00e9\u00e9 en 1965. Sa cr\u00e9ation avait co\u00efncid\u00e9e \u00e0 un congr\u00e8s de l\u2019Union progressiste s\u00e9n\u00e9galaise (UPS, devenue en 1976 le Parti socialiste) \u00e0 Kaolack\u2019\u2019<\/em>, rappelle son fils Sidy Diop.<\/p>\n<p><em>\u201cA l\u2019\u00e9poque il y avait un d\u00e9bat houleux sur le code de la famille entre le r\u00e9gime socialiste et les familles religieuses. Boubacar Diop en avait rajout\u00e9 une couche \u00e0 la pol\u00e9mique en consacrant le premier num\u00e9ro de Les Echos du S\u00e9n\u00e9gal au code de la famille\u2019<\/em>\u2019, a poursuivi le fils de Boubacar Diop.<\/p>\n<p>C\u2019est en 1972 que Boubacar Diop a fond\u00e9 le fameux mensuel Promotion pour exercer un journalisme ind\u00e9pendant malgr\u00e9 son militantisme affich\u00e9.<\/p>\n<p>Ce journal r\u00e9put\u00e9 dans les ann\u00e9es 1970-1980 avait son si\u00e8ge au centre-ville \u00e0 la rue Valmy. <em>\u201cLe si\u00e8ge \u00e9tait devenu un point de chute pour beaucoup d\u2019hommes libres \u00e0 l\u2019\u00e9poque (\u2026) le si\u00e8ge h\u00e9bergeait \u00e9galement le journal +Le Politicien+ de Mame Less Dia \u00e0 partir de 1974\u2019\u2019<\/em>, a fait observer Sidy Diop.<\/p>\n<p>Boubacar Diop \u201cPromotion\u2019\u2019 a \u00e9t\u00e9 emprisonn\u00e9 \u00e0 plusieurs reprises sous le r\u00e9gime socialiste. <em>\u201cA chaque fois qu\u2019il sortait de prison, le journal Promotion connaissait une nouvelle vie. Il y a eu Promotion 1, Promotion 2, Promotion 3. C\u2019\u00e9tait au gr\u00e9 de ses s\u00e9jours carc\u00e9raux\u2019\u2019<\/em>, a rappel\u00e9 son fils Sidy Diop qui a lui-m\u00eame travaill\u00e9 au journal Promotion.<\/p>\n<p>Au milieu des ann\u00e9es 1990 Boubacar Diop s\u2019est peu \u00e0 peu retir\u00e9 du mensuel Promotion pour se consacrer \u00e0 une nouvelle exp\u00e9rience dans les m\u00e9dias.<\/p>\n<p>Gagn\u00e9 par l\u2019\u00e2ge, M. Diop se consacre exclusivement \u00e0 la spiritualit\u00e9. \u201cTakhwa\u2019\u2019 (crainte d\u2019Allah) est la derni\u00e8re publication qu\u2019il a cr\u00e9\u00e9e. Ce bimensuel traitait des choses religieuses et des sujets consacr\u00e9s \u00e0 la spiritualit\u00e9.<\/p>\n<p>Cet ancien militaire, membre de la classe 57 fut un soldat de l\u2019information dans un pays nouvellement ind\u00e9pendant o\u00f9 bousculer l\u2019ordre \u00e9tabli correspondait \u00e0 s\u2019exposer \u00e0 des risques.<\/p>\n<div class='share-to-whatsapp-wrapper'><div class='share-on-whsp'>PARTAGER SUR : <\/div><a data-text='NECROLOGIE - Boubacar Diop, trajectoire d\u2019un journaliste atypique...' data-link='https:\/\/www.nettali.com\/2023\/12\/24\/necrologie-boubacar-diop-trajectoire-dun-journaliste-atypique\/' class='whatsapp-button whatsapp-share'>WhatsApp<\/a><div class='clear '><\/div><\/div>","protected":false},"excerpt":{"rendered":"<p>NETTALI.COM - Boubacar Diop, fondateur de l\u2019ancienne publication \u201cPromotion\u2019\u2019 et pionnier de la presse libre au S\u00e9n\u00e9gal, est d\u00e9c\u00e9d\u00e9 samedi \u00e0 Rufisque \u00e0 l\u2019\u00e2ge de 86 ans des suites d\u2019une courte maladie, a-t-on appris de son fils Sidy Diop. \u201cMon p\u00e8re se portait bien malgr\u00e9 son \u00e2ge. Il est parti suite \u00e0 une courte maladie. [&hellip;]<\/p>\n","protected":false},"author":4,"featured_media":124219,"comment_status":"open","ping_status":"open","sticky":false,"template":"","format":"standard","meta":{"_et_pb_use_builder":"","_et_pb_old_content":""},"categories":[3],"tags":[],"yoast_head":"<!-- This site is optimized with the Yoast SEO Premium plugin v17.8 (Yoast SEO v17.8) - https:\/\/yoast.com\/wordpress\/plugins\/seo\/ -->\n<title>NECROLOGIE - Boubacar Diop, trajectoire d\u2019un journaliste atypique... | Nettali.com<\/title>\n<meta name=\"robots\" content=\"index, follow, max-snippet:-1, max-image-preview:large, max-video-preview:-1\" \/>\n<link rel=\"canonical\" href=\"https:\/\/www.nettali.com\/2023\/12\/24\/necrologie-boubacar-diop-trajectoire-dun-journaliste-atypique\/\" \/>\n<meta property=\"og:locale\" content=\"fr_FR\" \/>\n<meta property=\"og:type\" content=\"article\" \/>\n<meta property=\"og:title\" content=\"NECROLOGIE - Boubacar Diop, trajectoire d\u2019un journaliste atypique...\" \/>\n<meta property=\"og:description\" content=\"NETTALI.COM - Boubacar Diop, fondateur de l\u2019ancienne publication \u201cPromotion\u2019\u2019 et pionnier de la presse libre au S\u00e9n\u00e9gal, est d\u00e9c\u00e9d\u00e9 samedi \u00e0 Rufisque \u00e0 l\u2019\u00e2ge de 86 ans des suites d\u2019une courte maladie, a-t-on appris de son fils Sidy Diop. \u201cMon p\u00e8re se portait bien malgr\u00e9 son \u00e2ge. Il est parti suite \u00e0 une courte maladie. [&hellip;]\" \/>\n<meta property=\"og:url\" content=\"https:\/\/www.nettali.com\/2023\/12\/24\/necrologie-boubacar-diop-trajectoire-dun-journaliste-atypique\/\" \/>\n<meta property=\"og:site_name\" content=\"Nettali.com\" \/>\n<meta property=\"article:publisher\" content=\"https:\/\/www.facebook.com\/nettalicom\" \/>\n<meta property=\"article:published_time\" content=\"2023-12-24T19:42:59+00:00\" \/>\n<meta property=\"og:image\" content=\"https:\/\/www.nettali.com\/wp-content\/uploads\/2023\/12\/Capture-de\u0301cran-2023-12-24-a\u0300-19.42.14.png\" \/>\n\t<meta property=\"og:image:width\" content=\"929\" \/>\n\t<meta property=\"og:image:height\" content=\"549\" \/>\n<meta name=\"twitter:card\" content=\"summary_large_image\" \/>\n<meta name=\"twitter:label1\" content=\"\u00c9crit par\" \/>\n\t<meta name=\"twitter:data1\" content=\"Daouda\" \/>\n\t<meta name=\"twitter:label2\" content=\"Dur\u00e9e de lecture estim\u00e9e\" \/>\n\t<meta name=\"twitter:data2\" content=\"3 minutes\" \/>\n<script type=\"application\/ld+json\" class=\"yoast-schema-graph\">{\"@context\":\"https:\/\/schema.org\",\"@graph\":[{\"@type\":\"WebSite\",\"@id\":\"https:\/\/www.nettali.com\/#website\",\"url\":\"https:\/\/www.nettali.com\/\",\"name\":\"Nettali.com\",\"description\":\"Le rendez-vous critique du Net\",\"potentialAction\":[{\"@type\":\"SearchAction\",\"target\":{\"@type\":\"EntryPoint\",\"urlTemplate\":\"https:\/\/www.nettali.com\/?s={search_term_string}\"},\"query-input\":\"required name=search_term_string\"}],\"inLanguage\":\"fr-FR\"},{\"@type\":\"ImageObject\",\"@id\":\"https:\/\/www.nettali.com\/2023\/12\/24\/necrologie-boubacar-diop-trajectoire-dun-journaliste-atypique\/#primaryimage\",\"inLanguage\":\"fr-FR\",\"url\":\"https:\/\/www.nettali.com\/wp-content\/uploads\/2023\/12\/Capture-de\\u0301cran-2023-12-24-a\\u0300-19.42.14.png\",\"contentUrl\":\"https:\/\/www.nettali.com\/wp-content\/uploads\/2023\/12\/Capture-de\\u0301cran-2023-12-24-a\\u0300-19.42.14.png\",\"width\":929,\"height\":549},{\"@type\":\"WebPage\",\"@id\":\"https:\/\/www.nettali.com\/2023\/12\/24\/necrologie-boubacar-diop-trajectoire-dun-journaliste-atypique\/#webpage\",\"url\":\"https:\/\/www.nettali.com\/2023\/12\/24\/necrologie-boubacar-diop-trajectoire-dun-journaliste-atypique\/\",\"name\":\"NECROLOGIE - Boubacar Diop, trajectoire d\\u2019un journaliste atypique... | Nettali.com\",\"isPartOf\":{\"@id\":\"https:\/\/www.nettali.com\/#website\"},\"primaryImageOfPage\":{\"@id\":\"https:\/\/www.nettali.com\/2023\/12\/24\/necrologie-boubacar-diop-trajectoire-dun-journaliste-atypique\/#primaryimage\"},\"datePublished\":\"2023-12-24T19:42:59+00:00\",\"dateModified\":\"2023-12-24T19:42:59+00:00\",\"author\":{\"@id\":\"https:\/\/www.nettali.com\/#\/schema\/person\/3317e0bb3aa1da309fbf7b2780901bf4\"},\"breadcrumb\":{\"@id\":\"https:\/\/www.nettali.com\/2023\/12\/24\/necrologie-boubacar-diop-trajectoire-dun-journaliste-atypique\/#breadcrumb\"},\"inLanguage\":\"fr-FR\",\"potentialAction\":[{\"@type\":\"ReadAction\",\"target\":[\"https:\/\/www.nettali.com\/2023\/12\/24\/necrologie-boubacar-diop-trajectoire-dun-journaliste-atypique\/\"]}]},{\"@type\":\"BreadcrumbList\",\"@id\":\"https:\/\/www.nettali.com\/2023\/12\/24\/necrologie-boubacar-diop-trajectoire-dun-journaliste-atypique\/#breadcrumb\",\"itemListElement\":[{\"@type\":\"ListItem\",\"position\":1,\"name\":\"Accueil\",\"item\":\"https:\/\/www.nettali.com\/\"},{\"@type\":\"ListItem\",\"position\":2,\"name\":\"NECROLOGIE - Boubacar Diop, trajectoire d\\u2019un journaliste atypique...\"}]},{\"@type\":\"Person\",\"@id\":\"https:\/\/www.nettali.com\/#\/schema\/person\/3317e0bb3aa1da309fbf7b2780901bf4\",\"name\":\"Daouda\",\"image\":{\"@type\":\"ImageObject\",\"@id\":\"https:\/\/www.nettali.com\/#personlogo\",\"inLanguage\":\"fr-FR\",\"url\":\"https:\/\/secure.gravatar.com\/avatar\/8d143b5a49345098ddcfee1c49c2f47c?s=96&d=mm&r=g\",\"contentUrl\":\"https:\/\/secure.gravatar.com\/avatar\/8d143b5a49345098ddcfee1c49c2f47c?s=96&d=mm&r=g\",\"caption\":\"Daouda\"},\"sameAs\":[\"https:\/\/www.nettali.com\"]}]}<\/script>\n<!-- \/ Yoast SEO Premium plugin. -->","yoast_head_json":{"title":"NECROLOGIE - Boubacar Diop, trajectoire d\u2019un journaliste atypique... | Nettali.com","robots":{"index":"index","follow":"follow","max-snippet":"max-snippet:-1","max-image-preview":"max-image-preview:large","max-video-preview":"max-video-preview:-1"},"canonical":"https:\/\/www.nettali.com\/2023\/12\/24\/necrologie-boubacar-diop-trajectoire-dun-journaliste-atypique\/","og_locale":"fr_FR","og_type":"article","og_title":"NECROLOGIE - Boubacar Diop, trajectoire d\u2019un journaliste atypique...","og_description":"NETTALI.COM - Boubacar Diop, fondateur de l\u2019ancienne publication \u201cPromotion\u2019\u2019 et pionnier de la presse libre au S\u00e9n\u00e9gal, est d\u00e9c\u00e9d\u00e9 samedi \u00e0 Rufisque \u00e0 l\u2019\u00e2ge de 86 ans des suites d\u2019une courte maladie, a-t-on appris de son fils Sidy Diop. \u201cMon p\u00e8re se portait bien malgr\u00e9 son \u00e2ge. Il est parti suite \u00e0 une courte maladie. [&hellip;]","og_url":"https:\/\/www.nettali.com\/2023\/12\/24\/necrologie-boubacar-diop-trajectoire-dun-journaliste-atypique\/","og_site_name":"Nettali.com","article_publisher":"https:\/\/www.facebook.com\/nettalicom","article_published_time":"2023-12-24T19:42:59+00:00","og_image":[{"width":929,"height":549,"url":"https:\/\/www.nettali.com\/wp-content\/uploads\/2023\/12\/Capture-de\u0301cran-2023-12-24-a\u0300-19.42.14.png","type":"image\/png"}],"twitter_card":"summary_large_image","twitter_misc":{"\u00c9crit par":"Daouda","Dur\u00e9e de lecture estim\u00e9e":"3 minutes"},"schema":{"@context":"https:\/\/schema.org","@graph":[{"@type":"WebSite","@id":"https:\/\/www.nettali.com\/#website","url":"https:\/\/www.nettali.com\/","name":"Nettali.com","description":"Le rendez-vous critique du Net","potentialAction":[{"@type":"SearchAction","target":{"@type":"EntryPoint","urlTemplate":"https:\/\/www.nettali.com\/?s={search_term_string}"},"query-input":"required name=search_term_string"}],"inLanguage":"fr-FR"},{"@type":"ImageObject","@id":"https:\/\/www.nettali.com\/2023\/12\/24\/necrologie-boubacar-diop-trajectoire-dun-journaliste-atypique\/#primaryimage","inLanguage":"fr-FR","url":"https:\/\/www.nettali.com\/wp-content\/uploads\/2023\/12\/Capture-de\u0301cran-2023-12-24-a\u0300-19.42.14.png","contentUrl":"https:\/\/www.nettali.com\/wp-content\/uploads\/2023\/12\/Capture-de\u0301cran-2023-12-24-a\u0300-19.42.14.png","width":929,"height":549},{"@type":"WebPage","@id":"https:\/\/www.nettali.com\/2023\/12\/24\/necrologie-boubacar-diop-trajectoire-dun-journaliste-atypique\/#webpage","url":"https:\/\/www.nettali.com\/2023\/12\/24\/necrologie-boubacar-diop-trajectoire-dun-journaliste-atypique\/","name":"NECROLOGIE - Boubacar Diop, trajectoire d\u2019un journaliste atypique... | Nettali.com","isPartOf":{"@id":"https:\/\/www.nettali.com\/#website"},"primaryImageOfPage":{"@id":"https:\/\/www.nettali.com\/2023\/12\/24\/necrologie-boubacar-diop-trajectoire-dun-journaliste-atypique\/#primaryimage"},"datePublished":"2023-12-24T19:42:59+00:00","dateModified":"2023-12-24T19:42:59+00:00","author":{"@id":"https:\/\/www.nettali.com\/#\/schema\/person\/3317e0bb3aa1da309fbf7b2780901bf4"},"breadcrumb":{"@id":"https:\/\/www.nettali.com\/2023\/12\/24\/necrologie-boubacar-diop-trajectoire-dun-journaliste-atypique\/#breadcrumb"},"inLanguage":"fr-FR","potentialAction":[{"@type":"ReadAction","target":["https:\/\/www.nettali.com\/2023\/12\/24\/necrologie-boubacar-diop-trajectoire-dun-journaliste-atypique\/"]}]},{"@type":"BreadcrumbList","@id":"https:\/\/www.nettali.com\/2023\/12\/24\/necrologie-boubacar-diop-trajectoire-dun-journaliste-atypique\/#breadcrumb","itemListElement":[{"@type":"ListItem","position":1,"name":"Accueil","item":"https:\/\/www.nettali.com\/"},{"@type":"ListItem","position":2,"name":"NECROLOGIE - Boubacar Diop, trajectoire d\u2019un journaliste atypique..."}]},{"@type":"Person","@id":"https:\/\/www.nettali.com\/#\/schema\/person\/3317e0bb3aa1da309fbf7b2780901bf4","name":"Daouda","image":{"@type":"ImageObject","@id":"https:\/\/www.nettali.com\/#personlogo","inLanguage":"fr-FR","url":"https:\/\/secure.gravatar.com\/avatar\/8d143b5a49345098ddcfee1c49c2f47c?s=96&d=mm&r=g","contentUrl":"https:\/\/secure.gravatar.com\/avatar\/8d143b5a49345098ddcfee1c49c2f47c?s=96&d=mm&r=g","caption":"Daouda"},"sameAs":["https:\/\/www.nettali.com"]}]}},"_links":{"self":[{"href":"https:\/\/www.nettali.com\/rest\/wp\/v2\/posts\/124218"}],"collection":[{"href":"https:\/\/www.nettali.com\/rest\/wp\/v2\/posts"}],"about":[{"href":"https:\/\/www.nettali.com\/rest\/wp\/v2\/types\/post"}],"author":[{"embeddable":true,"href":"https:\/\/www.nettali.com\/rest\/wp\/v2\/users\/4"}],"replies":[{"embeddable":true,"href":"https:\/\/www.nettali.com\/rest\/wp\/v2\/comments?post=124218"}],"version-history":[{"count":1,"href":"https:\/\/www.nettali.com\/rest\/wp\/v2\/posts\/124218\/revisions"}],"predecessor-version":[{"id":124220,"href":"https:\/\/www.nettali.com\/rest\/wp\/v2\/posts\/124218\/revisions\/124220"}],"wp:featuredmedia":[{"embeddable":true,"href":"https:\/\/www.nettali.com\/rest\/wp\/v2\/media\/124219"}],"wp:attachment":[{"href":"https:\/\/www.nettali.com\/rest\/wp\/v2\/media?parent=124218"}],"wp:term":[{"taxonomy":"category","embeddable":true,"href":"https:\/\/www.nettali.com\/rest\/wp\/v2\/categories?post=124218"},{"taxonomy":"post_tag","embeddable":true,"href":"https:\/\/www.nettali.com\/rest\/wp\/v2\/tags?post=124218"}],"curies":[{"name":"wp","href":"https:\/\/api.w.org\/{rel}","templated":true}]}}