{"id":124211,"date":"2023-12-24T14:11:18","date_gmt":"2023-12-24T14:11:18","guid":{"rendered":"https:\/\/www.nettali.com\/?p=124211"},"modified":"2023-12-24T22:38:29","modified_gmt":"2023-12-24T22:38:29","slug":"transport-aerien-vol-inaugural-de-la-liaison-dakar-caire-ce-samedi","status":"publish","type":"post","link":"https:\/\/www.nettali.com\/2023\/12\/24\/transport-aerien-vol-inaugural-de-la-liaison-dakar-caire-ce-samedi\/","title":{"rendered":"TRANSPORT AERIEN -  Vol inaugural de la liaison Dakar-Le Caire, ce samedi"},"content":{"rendered":"<p><strong>NETTALI.COM - Gr\u00e2ce \u00e0 la Compagnie Air Cairo, Dakar est maintenant connect\u00e9 au Caire. Le premier vol a eu lieu ce samedi 23 d\u00e9cembre 2023. Cette nouvelle ligne a \u00e9t\u00e9 une demande croissante de voyageurs d\u2019affaires et de loisirs<\/strong><\/p>\n<p><em>\u00ab\u00a0Elle traduit l\u2019excellence des relations entre nos deux pays, entre le Pr\u00e9sident Macky Sall et Son excellence\u00a0 Abdel Fatah Al Sissi. C\u2019est aussi un pont entre l\u2019Atlantique et le Nil, une porte vers l\u2019Asie et le Moyen Orient\u00a0\u00bb<\/em>, a d\u00e9clar\u00e9 Oumar Khassimou Dia, le Directeur des transports a\u00e9riens.<\/p>\n<p>Pour la premi\u00e8re phase, il s\u2019agit de vols qui op\u00e8rent les mercredis et samedis avec comme objectif dix mille passagers, une ligne qui va permettre de renforcer nos relations touristiques, commerciales et culturelles avec l\u2019\u00c9gypte.<\/p>\n<div class='share-to-whatsapp-wrapper'><div class='share-on-whsp'>PARTAGER SUR : <\/div><a data-text='TRANSPORT AERIEN -  Vol inaugural de la liaison Dakar-Le Caire, ce samedi' data-link='https:\/\/www.nettali.com\/2023\/12\/24\/transport-aerien-vol-inaugural-de-la-liaison-dakar-caire-ce-samedi\/' class='whatsapp-button whatsapp-share'>WhatsApp<\/a><div class='clear '><\/div><\/div>","protected":false},"excerpt":{"rendered":"<p>NETTALI.COM - Gr\u00e2ce \u00e0 la Compagnie Air Cairo, Dakar est maintenant connect\u00e9 au Caire. Le premier vol a eu lieu ce samedi 23 d\u00e9cembre 2023. Cette nouvelle ligne a \u00e9t\u00e9 une demande croissante de voyageurs d\u2019affaires et de loisirs \u00ab\u00a0Elle traduit l\u2019excellence des relations entre nos deux pays, entre le Pr\u00e9sident Macky Sall et Son [&hellip;]<\/p>\n","protected":false},"author":4,"featured_media":124212,"comment_status":"open","ping_status":"open","sticky":false,"template":"","format":"standard","meta":{"_et_pb_use_builder":"","_et_pb_old_content":""},"categories":[3],"tags":[],"yoast_head":"<!-- This site is optimized with the Yoast SEO Premium plugin v17.8 (Yoast SEO v17.8) - https:\/\/yoast.com\/wordpress\/plugins\/seo\/ -->\n<title>TRANSPORT AERIEN - Vol inaugural de la liaison Dakar-Le Caire, ce samedi | Nettali.com<\/title>\n<meta name=\"robots\" content=\"index, follow, max-snippet:-1, max-image-preview:large, max-video-preview:-1\" \/>\n<link rel=\"canonical\" href=\"https:\/\/www.nettali.com\/2023\/12\/24\/transport-aerien-vol-inaugural-de-la-liaison-dakar-caire-ce-samedi\/\" \/>\n<meta property=\"og:locale\" content=\"fr_FR\" \/>\n<meta property=\"og:type\" content=\"article\" \/>\n<meta property=\"og:title\" content=\"TRANSPORT AERIEN - Vol inaugural de la liaison Dakar-Le Caire, ce samedi\" \/>\n<meta property=\"og:description\" content=\"NETTALI.COM - Gr\u00e2ce \u00e0 la Compagnie Air Cairo, Dakar est maintenant connect\u00e9 au Caire. Le premier vol a eu lieu ce samedi 23 d\u00e9cembre 2023. Cette nouvelle ligne a \u00e9t\u00e9 une demande croissante de voyageurs d\u2019affaires et de loisirs \u00ab\u00a0Elle traduit l\u2019excellence des relations entre nos deux pays, entre le Pr\u00e9sident Macky Sall et Son [&hellip;]\" \/>\n<meta property=\"og:url\" content=\"https:\/\/www.nettali.com\/2023\/12\/24\/transport-aerien-vol-inaugural-de-la-liaison-dakar-caire-ce-samedi\/\" \/>\n<meta property=\"og:site_name\" content=\"Nettali.com\" \/>\n<meta property=\"article:publisher\" content=\"https:\/\/www.facebook.com\/nettalicom\" \/>\n<meta property=\"article:published_time\" content=\"2023-12-24T14:11:18+00:00\" \/>\n<meta property=\"article:modified_time\" content=\"2023-12-24T22:38:29+00:00\" \/>\n<meta property=\"og:image\" content=\"https:\/\/www.nettali.com\/wp-content\/uploads\/2023\/12\/AIR-CAIRO-755-750x375-1.jpeg\" \/>\n\t<meta property=\"og:image:width\" content=\"750\" \/>\n\t<meta property=\"og:image:height\" content=\"375\" \/>\n<meta name=\"twitter:card\" content=\"summary_large_image\" \/>\n<meta name=\"twitter:label1\" content=\"\u00c9crit par\" \/>\n\t<meta name=\"twitter:data1\" content=\"Daouda\" \/>\n\t<meta name=\"twitter:label2\" content=\"Dur\u00e9e de lecture estim\u00e9e\" \/>\n\t<meta name=\"twitter:data2\" content=\"1 minute\" \/>\n<script type=\"application\/ld+json\" class=\"yoast-schema-graph\">{\"@context\":\"https:\/\/schema.org\",\"@graph\":[{\"@type\":\"WebSite\",\"@id\":\"https:\/\/www.nettali.com\/#website\",\"url\":\"https:\/\/www.nettali.com\/\",\"name\":\"Nettali.com\",\"description\":\"Le rendez-vous critique du Net\",\"potentialAction\":[{\"@type\":\"SearchAction\",\"target\":{\"@type\":\"EntryPoint\",\"urlTemplate\":\"https:\/\/www.nettali.com\/?s={search_term_string}\"},\"query-input\":\"required name=search_term_string\"}],\"inLanguage\":\"fr-FR\"},{\"@type\":\"ImageObject\",\"@id\":\"https:\/\/www.nettali.com\/2023\/12\/24\/transport-aerien-vol-inaugural-de-la-liaison-dakar-caire-ce-samedi\/#primaryimage\",\"inLanguage\":\"fr-FR\",\"url\":\"https:\/\/www.nettali.com\/wp-content\/uploads\/2023\/12\/AIR-CAIRO-755-750x375-1.jpeg\",\"contentUrl\":\"https:\/\/www.nettali.com\/wp-content\/uploads\/2023\/12\/AIR-CAIRO-755-750x375-1.jpeg\",\"width\":750,\"height\":375},{\"@type\":\"WebPage\",\"@id\":\"https:\/\/www.nettali.com\/2023\/12\/24\/transport-aerien-vol-inaugural-de-la-liaison-dakar-caire-ce-samedi\/#webpage\",\"url\":\"https:\/\/www.nettali.com\/2023\/12\/24\/transport-aerien-vol-inaugural-de-la-liaison-dakar-caire-ce-samedi\/\",\"name\":\"TRANSPORT AERIEN - Vol inaugural de la liaison Dakar-Le Caire, ce samedi | Nettali.com\",\"isPartOf\":{\"@id\":\"https:\/\/www.nettali.com\/#website\"},\"primaryImageOfPage\":{\"@id\":\"https:\/\/www.nettali.com\/2023\/12\/24\/transport-aerien-vol-inaugural-de-la-liaison-dakar-caire-ce-samedi\/#primaryimage\"},\"datePublished\":\"2023-12-24T14:11:18+00:00\",\"dateModified\":\"2023-12-24T22:38:29+00:00\",\"author\":{\"@id\":\"https:\/\/www.nettali.com\/#\/schema\/person\/3317e0bb3aa1da309fbf7b2780901bf4\"},\"breadcrumb\":{\"@id\":\"https:\/\/www.nettali.com\/2023\/12\/24\/transport-aerien-vol-inaugural-de-la-liaison-dakar-caire-ce-samedi\/#breadcrumb\"},\"inLanguage\":\"fr-FR\",\"potentialAction\":[{\"@type\":\"ReadAction\",\"target\":[\"https:\/\/www.nettali.com\/2023\/12\/24\/transport-aerien-vol-inaugural-de-la-liaison-dakar-caire-ce-samedi\/\"]}]},{\"@type\":\"BreadcrumbList\",\"@id\":\"https:\/\/www.nettali.com\/2023\/12\/24\/transport-aerien-vol-inaugural-de-la-liaison-dakar-caire-ce-samedi\/#breadcrumb\",\"itemListElement\":[{\"@type\":\"ListItem\",\"position\":1,\"name\":\"Accueil\",\"item\":\"https:\/\/www.nettali.com\/\"},{\"@type\":\"ListItem\",\"position\":2,\"name\":\"TRANSPORT AERIEN - Vol inaugural de la liaison Dakar-Le Caire, ce samedi\"}]},{\"@type\":\"Person\",\"@id\":\"https:\/\/www.nettali.com\/#\/schema\/person\/3317e0bb3aa1da309fbf7b2780901bf4\",\"name\":\"Daouda\",\"image\":{\"@type\":\"ImageObject\",\"@id\":\"https:\/\/www.nettali.com\/#personlogo\",\"inLanguage\":\"fr-FR\",\"url\":\"https:\/\/secure.gravatar.com\/avatar\/8d143b5a49345098ddcfee1c49c2f47c?s=96&d=mm&r=g\",\"contentUrl\":\"https:\/\/secure.gravatar.com\/avatar\/8d143b5a49345098ddcfee1c49c2f47c?s=96&d=mm&r=g\",\"caption\":\"Daouda\"},\"sameAs\":[\"https:\/\/www.nettali.com\"]}]}<\/script>\n<!-- \/ Yoast SEO Premium plugin. -->","yoast_head_json":{"title":"TRANSPORT AERIEN - Vol inaugural de la liaison Dakar-Le Caire, ce samedi | Nettali.com","robots":{"index":"index","follow":"follow","max-snippet":"max-snippet:-1","max-image-preview":"max-image-preview:large","max-video-preview":"max-video-preview:-1"},"canonical":"https:\/\/www.nettali.com\/2023\/12\/24\/transport-aerien-vol-inaugural-de-la-liaison-dakar-caire-ce-samedi\/","og_locale":"fr_FR","og_type":"article","og_title":"TRANSPORT AERIEN - Vol inaugural de la liaison Dakar-Le Caire, ce samedi","og_description":"NETTALI.COM - Gr\u00e2ce \u00e0 la Compagnie Air Cairo, Dakar est maintenant connect\u00e9 au Caire. Le premier vol a eu lieu ce samedi 23 d\u00e9cembre 2023. Cette nouvelle ligne a \u00e9t\u00e9 une demande croissante de voyageurs d\u2019affaires et de loisirs \u00ab\u00a0Elle traduit l\u2019excellence des relations entre nos deux pays, entre le Pr\u00e9sident Macky Sall et Son [&hellip;]","og_url":"https:\/\/www.nettali.com\/2023\/12\/24\/transport-aerien-vol-inaugural-de-la-liaison-dakar-caire-ce-samedi\/","og_site_name":"Nettali.com","article_publisher":"https:\/\/www.facebook.com\/nettalicom","article_published_time":"2023-12-24T14:11:18+00:00","article_modified_time":"2023-12-24T22:38:29+00:00","og_image":[{"width":750,"height":375,"url":"https:\/\/www.nettali.com\/wp-content\/uploads\/2023\/12\/AIR-CAIRO-755-750x375-1.jpeg","type":"image\/jpeg"}],"twitter_card":"summary_large_image","twitter_misc":{"\u00c9crit par":"Daouda","Dur\u00e9e de lecture estim\u00e9e":"1 minute"},"schema":{"@context":"https:\/\/schema.org","@graph":[{"@type":"WebSite","@id":"https:\/\/www.nettali.com\/#website","url":"https:\/\/www.nettali.com\/","name":"Nettali.com","description":"Le rendez-vous critique du Net","potentialAction":[{"@type":"SearchAction","target":{"@type":"EntryPoint","urlTemplate":"https:\/\/www.nettali.com\/?s={search_term_string}"},"query-input":"required name=search_term_string"}],"inLanguage":"fr-FR"},{"@type":"ImageObject","@id":"https:\/\/www.nettali.com\/2023\/12\/24\/transport-aerien-vol-inaugural-de-la-liaison-dakar-caire-ce-samedi\/#primaryimage","inLanguage":"fr-FR","url":"https:\/\/www.nettali.com\/wp-content\/uploads\/2023\/12\/AIR-CAIRO-755-750x375-1.jpeg","contentUrl":"https:\/\/www.nettali.com\/wp-content\/uploads\/2023\/12\/AIR-CAIRO-755-750x375-1.jpeg","width":750,"height":375},{"@type":"WebPage","@id":"https:\/\/www.nettali.com\/2023\/12\/24\/transport-aerien-vol-inaugural-de-la-liaison-dakar-caire-ce-samedi\/#webpage","url":"https:\/\/www.nettali.com\/2023\/12\/24\/transport-aerien-vol-inaugural-de-la-liaison-dakar-caire-ce-samedi\/","name":"TRANSPORT AERIEN - Vol inaugural de la liaison Dakar-Le Caire, ce samedi | Nettali.com","isPartOf":{"@id":"https:\/\/www.nettali.com\/#website"},"primaryImageOfPage":{"@id":"https:\/\/www.nettali.com\/2023\/12\/24\/transport-aerien-vol-inaugural-de-la-liaison-dakar-caire-ce-samedi\/#primaryimage"},"datePublished":"2023-12-24T14:11:18+00:00","dateModified":"2023-12-24T22:38:29+00:00","author":{"@id":"https:\/\/www.nettali.com\/#\/schema\/person\/3317e0bb3aa1da309fbf7b2780901bf4"},"breadcrumb":{"@id":"https:\/\/www.nettali.com\/2023\/12\/24\/transport-aerien-vol-inaugural-de-la-liaison-dakar-caire-ce-samedi\/#breadcrumb"},"inLanguage":"fr-FR","potentialAction":[{"@type":"ReadAction","target":["https:\/\/www.nettali.com\/2023\/12\/24\/transport-aerien-vol-inaugural-de-la-liaison-dakar-caire-ce-samedi\/"]}]},{"@type":"BreadcrumbList","@id":"https:\/\/www.nettali.com\/2023\/12\/24\/transport-aerien-vol-inaugural-de-la-liaison-dakar-caire-ce-samedi\/#breadcrumb","itemListElement":[{"@type":"ListItem","position":1,"name":"Accueil","item":"https:\/\/www.nettali.com\/"},{"@type":"ListItem","position":2,"name":"TRANSPORT AERIEN - Vol inaugural de la liaison Dakar-Le Caire, ce samedi"}]},{"@type":"Person","@id":"https:\/\/www.nettali.com\/#\/schema\/person\/3317e0bb3aa1da309fbf7b2780901bf4","name":"Daouda","image":{"@type":"ImageObject","@id":"https:\/\/www.nettali.com\/#personlogo","inLanguage":"fr-FR","url":"https:\/\/secure.gravatar.com\/avatar\/8d143b5a49345098ddcfee1c49c2f47c?s=96&d=mm&r=g","contentUrl":"https:\/\/secure.gravatar.com\/avatar\/8d143b5a49345098ddcfee1c49c2f47c?s=96&d=mm&r=g","caption":"Daouda"},"sameAs":["https:\/\/www.nettali.com"]}]}},"_links":{"self":[{"href":"https:\/\/www.nettali.com\/rest\/wp\/v2\/posts\/124211"}],"collection":[{"href":"https:\/\/www.nettali.com\/rest\/wp\/v2\/posts"}],"about":[{"href":"https:\/\/www.nettali.com\/rest\/wp\/v2\/types\/post"}],"author":[{"embeddable":true,"href":"https:\/\/www.nettali.com\/rest\/wp\/v2\/users\/4"}],"replies":[{"embeddable":true,"href":"https:\/\/www.nettali.com\/rest\/wp\/v2\/comments?post=124211"}],"version-history":[{"count":3,"href":"https:\/\/www.nettali.com\/rest\/wp\/v2\/posts\/124211\/revisions"}],"predecessor-version":[{"id":124223,"href":"https:\/\/www.nettali.com\/rest\/wp\/v2\/posts\/124211\/revisions\/124223"}],"wp:featuredmedia":[{"embeddable":true,"href":"https:\/\/www.nettali.com\/rest\/wp\/v2\/media\/124212"}],"wp:attachment":[{"href":"https:\/\/www.nettali.com\/rest\/wp\/v2\/media?parent=124211"}],"wp:term":[{"taxonomy":"category","embeddable":true,"href":"https:\/\/www.nettali.com\/rest\/wp\/v2\/categories?post=124211"},{"taxonomy":"post_tag","embeddable":true,"href":"https:\/\/www.nettali.com\/rest\/wp\/v2\/tags?post=124211"}],"curies":[{"name":"wp","href":"https:\/\/api.w.org\/{rel}","templated":true}]}}