{"id":124198,"date":"2023-12-24T13:23:42","date_gmt":"2023-12-24T13:23:42","guid":{"rendered":"https:\/\/www.nettali.com\/?p=124198"},"modified":"2023-12-24T13:23:42","modified_gmt":"2023-12-24T13:23:42","slug":"en-coulisses-victor-osimhen-lie-a-naples-jusquen-2026","status":"publish","type":"post","link":"https:\/\/www.nettali.com\/2023\/12\/24\/en-coulisses-victor-osimhen-lie-a-naples-jusquen-2026\/","title":{"rendered":"EN COULISSES - Victor Osimhen li\u00e9 \u00e0 Naples jusqu'en 2026"},"content":{"rendered":"<p><strong>NETTALI.COM - Apr\u00e8s des semaines de n\u00e9gociations, Victor Osimhen vient de prolonger son contrat avec Naples. Le Ballon d'or africain 2023 est d\u00e9sormais li\u00e9 au champion d'Italie jusqu'en 2026.<\/strong><\/p>\n<p>C'\u00e9tait dans les tuyaux depuis plusieurs jours, et c'est d\u00e9sormais officiel : Victor Osimhen (24 ans)\u00a0prolonge avec Naples. Arriv\u00e9 en 2020 en provenance de Lille pour 75 millions d'euros, le Nig\u00e9rian a connu une trajectoire fulgurante dans le sud de l'Italie, pour remporter l'an dernier le sacre en Serie A et s'imposer comme le meilleur buteur du championnat.<\/p>\n<p>Cet \u00e9t\u00e9, de nombreux clubs ont tent\u00e9 de le recruter, en vain. Et aujourd'hui, son \u00e9curie vient d'annoncer officiellement la prolongation de son contrat jusqu'en 2026 ! Et selon les informations du journaliste italien Fabrizio Romano, une clause existerait avec un prix fix\u00e9 \u00e0 130 millions d'euros. De quoi \u00e9veiller \u00e0 nouveau des int\u00e9r\u00eats.<\/p>\n<div class='share-to-whatsapp-wrapper'><div class='share-on-whsp'>PARTAGER SUR : <\/div><a data-text='EN COULISSES - Victor Osimhen li\u00e9 \u00e0 Naples jusqu'en 2026' data-link='https:\/\/www.nettali.com\/2023\/12\/24\/en-coulisses-victor-osimhen-lie-a-naples-jusquen-2026\/' class='whatsapp-button whatsapp-share'>WhatsApp<\/a><div class='clear '><\/div><\/div>","protected":false},"excerpt":{"rendered":"<p>NETTALI.COM - Apr\u00e8s des semaines de n\u00e9gociations, Victor Osimhen vient de prolonger son contrat avec Naples. Le Ballon d'or africain 2023 est d\u00e9sormais li\u00e9 au champion d'Italie jusqu'en 2026. C'\u00e9tait dans les tuyaux depuis plusieurs jours, et c'est d\u00e9sormais officiel : Victor Osimhen (24 ans)\u00a0prolonge avec Naples. Arriv\u00e9 en 2020 en provenance de Lille pour [&hellip;]<\/p>\n","protected":false},"author":5,"featured_media":124200,"comment_status":"open","ping_status":"open","sticky":false,"template":"","format":"standard","meta":{"_et_pb_use_builder":"","_et_pb_old_content":""},"categories":[6],"tags":[],"yoast_head":"<!-- This site is optimized with the Yoast SEO Premium plugin v17.8 (Yoast SEO v17.8) - https:\/\/yoast.com\/wordpress\/plugins\/seo\/ -->\n<title>EN COULISSES - Victor Osimhen li\u00e9 \u00e0 Naples jusqu&#039;en 2026 | Nettali.com<\/title>\n<meta name=\"robots\" content=\"index, follow, max-snippet:-1, max-image-preview:large, max-video-preview:-1\" \/>\n<link rel=\"canonical\" href=\"https:\/\/www.nettali.com\/2023\/12\/24\/en-coulisses-victor-osimhen-lie-a-naples-jusquen-2026\/\" \/>\n<meta property=\"og:locale\" content=\"fr_FR\" \/>\n<meta property=\"og:type\" content=\"article\" \/>\n<meta property=\"og:title\" content=\"EN COULISSES - Victor Osimhen li\u00e9 \u00e0 Naples jusqu&#039;en 2026\" \/>\n<meta property=\"og:description\" content=\"NETTALI.COM - Apr\u00e8s des semaines de n\u00e9gociations, Victor Osimhen vient de prolonger son contrat avec Naples. Le Ballon d&#039;or africain 2023 est d\u00e9sormais li\u00e9 au champion d&#039;Italie jusqu&#039;en 2026. C&#039;\u00e9tait dans les tuyaux depuis plusieurs jours, et c&#039;est d\u00e9sormais officiel : Victor Osimhen (24 ans)\u00a0prolonge avec Naples. Arriv\u00e9 en 2020 en provenance de Lille pour [&hellip;]\" \/>\n<meta property=\"og:url\" content=\"https:\/\/www.nettali.com\/2023\/12\/24\/en-coulisses-victor-osimhen-lie-a-naples-jusquen-2026\/\" \/>\n<meta property=\"og:site_name\" content=\"Nettali.com\" \/>\n<meta property=\"article:publisher\" content=\"https:\/\/www.facebook.com\/nettalicom\" \/>\n<meta property=\"article:published_time\" content=\"2023-12-24T13:23:42+00:00\" \/>\n<meta property=\"og:image\" content=\"https:\/\/www.nettali.com\/wp-content\/uploads\/2023\/12\/1703343602531_ec5cea7b-d92a-4d8d-b23e-482e4f08f4aa.jpg\" \/>\n\t<meta property=\"og:image:width\" content=\"1920\" \/>\n\t<meta property=\"og:image:height\" content=\"1080\" \/>\n<meta name=\"twitter:card\" content=\"summary_large_image\" \/>\n<meta name=\"twitter:label1\" content=\"\u00c9crit par\" \/>\n\t<meta name=\"twitter:data1\" content=\"Ibrahima\" \/>\n\t<meta name=\"twitter:label2\" content=\"Dur\u00e9e de lecture estim\u00e9e\" \/>\n\t<meta name=\"twitter:data2\" content=\"1 minute\" \/>\n<script type=\"application\/ld+json\" class=\"yoast-schema-graph\">{\"@context\":\"https:\/\/schema.org\",\"@graph\":[{\"@type\":\"WebSite\",\"@id\":\"https:\/\/www.nettali.com\/#website\",\"url\":\"https:\/\/www.nettali.com\/\",\"name\":\"Nettali.com\",\"description\":\"Le rendez-vous critique du Net\",\"potentialAction\":[{\"@type\":\"SearchAction\",\"target\":{\"@type\":\"EntryPoint\",\"urlTemplate\":\"https:\/\/www.nettali.com\/?s={search_term_string}\"},\"query-input\":\"required name=search_term_string\"}],\"inLanguage\":\"fr-FR\"},{\"@type\":\"ImageObject\",\"@id\":\"https:\/\/www.nettali.com\/2023\/12\/24\/en-coulisses-victor-osimhen-lie-a-naples-jusquen-2026\/#primaryimage\",\"inLanguage\":\"fr-FR\",\"url\":\"https:\/\/www.nettali.com\/wp-content\/uploads\/2023\/12\/1703343602531_ec5cea7b-d92a-4d8d-b23e-482e4f08f4aa.jpg\",\"contentUrl\":\"https:\/\/www.nettali.com\/wp-content\/uploads\/2023\/12\/1703343602531_ec5cea7b-d92a-4d8d-b23e-482e4f08f4aa.jpg\",\"width\":1920,\"height\":1080},{\"@type\":\"WebPage\",\"@id\":\"https:\/\/www.nettali.com\/2023\/12\/24\/en-coulisses-victor-osimhen-lie-a-naples-jusquen-2026\/#webpage\",\"url\":\"https:\/\/www.nettali.com\/2023\/12\/24\/en-coulisses-victor-osimhen-lie-a-naples-jusquen-2026\/\",\"name\":\"EN COULISSES - Victor Osimhen li\\u00e9 \\u00e0 Naples jusqu'en 2026 | Nettali.com\",\"isPartOf\":{\"@id\":\"https:\/\/www.nettali.com\/#website\"},\"primaryImageOfPage\":{\"@id\":\"https:\/\/www.nettali.com\/2023\/12\/24\/en-coulisses-victor-osimhen-lie-a-naples-jusquen-2026\/#primaryimage\"},\"datePublished\":\"2023-12-24T13:23:42+00:00\",\"dateModified\":\"2023-12-24T13:23:42+00:00\",\"author\":{\"@id\":\"https:\/\/www.nettali.com\/#\/schema\/person\/bb147657c2986240405a608162b9bb23\"},\"breadcrumb\":{\"@id\":\"https:\/\/www.nettali.com\/2023\/12\/24\/en-coulisses-victor-osimhen-lie-a-naples-jusquen-2026\/#breadcrumb\"},\"inLanguage\":\"fr-FR\",\"potentialAction\":[{\"@type\":\"ReadAction\",\"target\":[\"https:\/\/www.nettali.com\/2023\/12\/24\/en-coulisses-victor-osimhen-lie-a-naples-jusquen-2026\/\"]}]},{\"@type\":\"BreadcrumbList\",\"@id\":\"https:\/\/www.nettali.com\/2023\/12\/24\/en-coulisses-victor-osimhen-lie-a-naples-jusquen-2026\/#breadcrumb\",\"itemListElement\":[{\"@type\":\"ListItem\",\"position\":1,\"name\":\"Accueil\",\"item\":\"https:\/\/www.nettali.com\/\"},{\"@type\":\"ListItem\",\"position\":2,\"name\":\"EN COULISSES - Victor Osimhen li\\u00e9 \\u00e0 Naples jusqu'en 2026\"}]},{\"@type\":\"Person\",\"@id\":\"https:\/\/www.nettali.com\/#\/schema\/person\/bb147657c2986240405a608162b9bb23\",\"name\":\"Ibrahima\",\"image\":{\"@type\":\"ImageObject\",\"@id\":\"https:\/\/www.nettali.com\/#personlogo\",\"inLanguage\":\"fr-FR\",\"url\":\"https:\/\/secure.gravatar.com\/avatar\/26a8a81f09f0dd7624c9d5c36c9ba3a2?s=96&d=mm&r=g\",\"contentUrl\":\"https:\/\/secure.gravatar.com\/avatar\/26a8a81f09f0dd7624c9d5c36c9ba3a2?s=96&d=mm&r=g\",\"caption\":\"Ibrahima\"},\"sameAs\":[\"https:\/\/www.nettali.com\"]}]}<\/script>\n<!-- \/ Yoast SEO Premium plugin. -->","yoast_head_json":{"title":"EN COULISSES - Victor Osimhen li\u00e9 \u00e0 Naples jusqu'en 2026 | Nettali.com","robots":{"index":"index","follow":"follow","max-snippet":"max-snippet:-1","max-image-preview":"max-image-preview:large","max-video-preview":"max-video-preview:-1"},"canonical":"https:\/\/www.nettali.com\/2023\/12\/24\/en-coulisses-victor-osimhen-lie-a-naples-jusquen-2026\/","og_locale":"fr_FR","og_type":"article","og_title":"EN COULISSES - Victor Osimhen li\u00e9 \u00e0 Naples jusqu'en 2026","og_description":"NETTALI.COM - Apr\u00e8s des semaines de n\u00e9gociations, Victor Osimhen vient de prolonger son contrat avec Naples. Le Ballon d'or africain 2023 est d\u00e9sormais li\u00e9 au champion d'Italie jusqu'en 2026. C'\u00e9tait dans les tuyaux depuis plusieurs jours, et c'est d\u00e9sormais officiel : Victor Osimhen (24 ans)\u00a0prolonge avec Naples. Arriv\u00e9 en 2020 en provenance de Lille pour [&hellip;]","og_url":"https:\/\/www.nettali.com\/2023\/12\/24\/en-coulisses-victor-osimhen-lie-a-naples-jusquen-2026\/","og_site_name":"Nettali.com","article_publisher":"https:\/\/www.facebook.com\/nettalicom","article_published_time":"2023-12-24T13:23:42+00:00","og_image":[{"width":1920,"height":1080,"url":"https:\/\/www.nettali.com\/wp-content\/uploads\/2023\/12\/1703343602531_ec5cea7b-d92a-4d8d-b23e-482e4f08f4aa.jpg","type":"image\/jpeg"}],"twitter_card":"summary_large_image","twitter_misc":{"\u00c9crit par":"Ibrahima","Dur\u00e9e de lecture estim\u00e9e":"1 minute"},"schema":{"@context":"https:\/\/schema.org","@graph":[{"@type":"WebSite","@id":"https:\/\/www.nettali.com\/#website","url":"https:\/\/www.nettali.com\/","name":"Nettali.com","description":"Le rendez-vous critique du Net","potentialAction":[{"@type":"SearchAction","target":{"@type":"EntryPoint","urlTemplate":"https:\/\/www.nettali.com\/?s={search_term_string}"},"query-input":"required name=search_term_string"}],"inLanguage":"fr-FR"},{"@type":"ImageObject","@id":"https:\/\/www.nettali.com\/2023\/12\/24\/en-coulisses-victor-osimhen-lie-a-naples-jusquen-2026\/#primaryimage","inLanguage":"fr-FR","url":"https:\/\/www.nettali.com\/wp-content\/uploads\/2023\/12\/1703343602531_ec5cea7b-d92a-4d8d-b23e-482e4f08f4aa.jpg","contentUrl":"https:\/\/www.nettali.com\/wp-content\/uploads\/2023\/12\/1703343602531_ec5cea7b-d92a-4d8d-b23e-482e4f08f4aa.jpg","width":1920,"height":1080},{"@type":"WebPage","@id":"https:\/\/www.nettali.com\/2023\/12\/24\/en-coulisses-victor-osimhen-lie-a-naples-jusquen-2026\/#webpage","url":"https:\/\/www.nettali.com\/2023\/12\/24\/en-coulisses-victor-osimhen-lie-a-naples-jusquen-2026\/","name":"EN COULISSES - Victor Osimhen li\u00e9 \u00e0 Naples jusqu'en 2026 | Nettali.com","isPartOf":{"@id":"https:\/\/www.nettali.com\/#website"},"primaryImageOfPage":{"@id":"https:\/\/www.nettali.com\/2023\/12\/24\/en-coulisses-victor-osimhen-lie-a-naples-jusquen-2026\/#primaryimage"},"datePublished":"2023-12-24T13:23:42+00:00","dateModified":"2023-12-24T13:23:42+00:00","author":{"@id":"https:\/\/www.nettali.com\/#\/schema\/person\/bb147657c2986240405a608162b9bb23"},"breadcrumb":{"@id":"https:\/\/www.nettali.com\/2023\/12\/24\/en-coulisses-victor-osimhen-lie-a-naples-jusquen-2026\/#breadcrumb"},"inLanguage":"fr-FR","potentialAction":[{"@type":"ReadAction","target":["https:\/\/www.nettali.com\/2023\/12\/24\/en-coulisses-victor-osimhen-lie-a-naples-jusquen-2026\/"]}]},{"@type":"BreadcrumbList","@id":"https:\/\/www.nettali.com\/2023\/12\/24\/en-coulisses-victor-osimhen-lie-a-naples-jusquen-2026\/#breadcrumb","itemListElement":[{"@type":"ListItem","position":1,"name":"Accueil","item":"https:\/\/www.nettali.com\/"},{"@type":"ListItem","position":2,"name":"EN COULISSES - Victor Osimhen li\u00e9 \u00e0 Naples jusqu'en 2026"}]},{"@type":"Person","@id":"https:\/\/www.nettali.com\/#\/schema\/person\/bb147657c2986240405a608162b9bb23","name":"Ibrahima","image":{"@type":"ImageObject","@id":"https:\/\/www.nettali.com\/#personlogo","inLanguage":"fr-FR","url":"https:\/\/secure.gravatar.com\/avatar\/26a8a81f09f0dd7624c9d5c36c9ba3a2?s=96&d=mm&r=g","contentUrl":"https:\/\/secure.gravatar.com\/avatar\/26a8a81f09f0dd7624c9d5c36c9ba3a2?s=96&d=mm&r=g","caption":"Ibrahima"},"sameAs":["https:\/\/www.nettali.com"]}]}},"_links":{"self":[{"href":"https:\/\/www.nettali.com\/rest\/wp\/v2\/posts\/124198"}],"collection":[{"href":"https:\/\/www.nettali.com\/rest\/wp\/v2\/posts"}],"about":[{"href":"https:\/\/www.nettali.com\/rest\/wp\/v2\/types\/post"}],"author":[{"embeddable":true,"href":"https:\/\/www.nettali.com\/rest\/wp\/v2\/users\/5"}],"replies":[{"embeddable":true,"href":"https:\/\/www.nettali.com\/rest\/wp\/v2\/comments?post=124198"}],"version-history":[{"count":1,"href":"https:\/\/www.nettali.com\/rest\/wp\/v2\/posts\/124198\/revisions"}],"predecessor-version":[{"id":124199,"href":"https:\/\/www.nettali.com\/rest\/wp\/v2\/posts\/124198\/revisions\/124199"}],"wp:featuredmedia":[{"embeddable":true,"href":"https:\/\/www.nettali.com\/rest\/wp\/v2\/media\/124200"}],"wp:attachment":[{"href":"https:\/\/www.nettali.com\/rest\/wp\/v2\/media?parent=124198"}],"wp:term":[{"taxonomy":"category","embeddable":true,"href":"https:\/\/www.nettali.com\/rest\/wp\/v2\/categories?post=124198"},{"taxonomy":"post_tag","embeddable":true,"href":"https:\/\/www.nettali.com\/rest\/wp\/v2\/tags?post=124198"}],"curies":[{"name":"wp","href":"https:\/\/api.w.org\/{rel}","templated":true}]}}