{"id":124061,"date":"2023-12-21T17:23:09","date_gmt":"2023-12-21T17:23:09","guid":{"rendered":"https:\/\/www.nettali.com\/?p=124061"},"modified":"2023-12-22T15:18:10","modified_gmt":"2023-12-22T15:18:10","slug":"maltraitance-denfants-ndella-madior-diouf-cueillie-par-la-surete-urbaine","status":"publish","type":"post","link":"https:\/\/www.nettali.com\/2023\/12\/21\/maltraitance-denfants-ndella-madior-diouf-cueillie-par-la-surete-urbaine\/","title":{"rendered":"MALTRAITANCE D'ENFANTS - Ndella Madior Diouf, cueillie par la S\u00fbret\u00e9 Urbaine"},"content":{"rendered":"<p><strong>NETTALI.COM - La Brigade des moeurs et de protection des enfants, une entit\u00e9 de la S\u00fbret\u00e9 urbaine (Su) de Dakar s'est auto-saisie apr\u00e8s les accusations de maltraitance visant la pouponni\u00e8re de Ndella Madior Diop. Cette derni\u00e8re a \u00e9t\u00e9 cueillie et se trouve pr\u00e9sentement au commissariat central de Dakar.<\/strong><\/p>\n<p>L\u2019affaire de la pouponni\u00e8re de Ndella Madior Diouf, d\u00e9fraie la chronique ces derniers temps. Dans une vid\u00e9o devenue virale sur les r\u00e9seaux sociaux, des images d\u00e9solantes de la pouponni\u00e8re indignent les S\u00e9n\u00e9galais. Une nourrice, auteure de la vid\u00e9o pol\u00e9mique qui montre un b\u00e9b\u00e9 tr\u00e8s malade, signale que la prise en charge de ces enfants ne respecte pas les normes d\u2019hygi\u00e8ne et que leur environnement n\u2019est pas ad\u00e9quat.<\/p>\n<p>Pour toute r\u00e9ponse face \u00e0 ces accusations, Ndella Madior Diouf a d\u00e9clar\u00e9 que des militants de Pastef ont infiltr\u00e9 sa pouponni\u00e8re et tentent de la discr\u00e9diter aux yeux de l'opinion.<\/p>\n<p>Toutefois, ces images choquantes ont pouss\u00e9 la Brigade des moeurs et de protection des enfants, une entit\u00e9 de la S\u00fbret\u00e9 urbaine (Su) de Dakar, \u00e0 s'auto-saisir pour \u00e9lucider cette affaire. Dans le cadre de cette enqu\u00eate ouverte avec l'aval du Procureur de la R\u00e9publique du Tribunal de grande instance hors classe de Dakar, Ndella Madior Diouf a \u00e9t\u00e9 cueillie par des \u00e9l\u00e9ments de la Brigade de recherches et d'interpellation de la S\u00fbret\u00e9 urbaine.<\/p>\n<p>&nbsp;<\/p>\n<p>&nbsp;<\/p>\n<div class='share-to-whatsapp-wrapper'><div class='share-on-whsp'>PARTAGER SUR : <\/div><a data-text='MALTRAITANCE D'ENFANTS - Ndella Madior Diouf, cueillie par la S\u00fbret\u00e9 Urbaine' data-link='https:\/\/www.nettali.com\/2023\/12\/21\/maltraitance-denfants-ndella-madior-diouf-cueillie-par-la-surete-urbaine\/' class='whatsapp-button whatsapp-share'>WhatsApp<\/a><div class='clear '><\/div><\/div>","protected":false},"excerpt":{"rendered":"<p>NETTALI.COM - La Brigade des moeurs et de protection des enfants, une entit\u00e9 de la S\u00fbret\u00e9 urbaine (Su) de Dakar s'est auto-saisie apr\u00e8s les accusations de maltraitance visant la pouponni\u00e8re de Ndella Madior Diop. Cette derni\u00e8re a \u00e9t\u00e9 cueillie et se trouve pr\u00e9sentement au commissariat central de Dakar. L\u2019affaire de la pouponni\u00e8re de Ndella Madior [&hellip;]<\/p>\n","protected":false},"author":4,"featured_media":88463,"comment_status":"open","ping_status":"open","sticky":false,"template":"","format":"standard","meta":{"_et_pb_use_builder":"","_et_pb_old_content":""},"categories":[3],"tags":[],"yoast_head":"<!-- This site is optimized with the Yoast SEO Premium plugin v17.8 (Yoast SEO v17.8) - https:\/\/yoast.com\/wordpress\/plugins\/seo\/ -->\n<title>MALTRAITANCE D&#039;ENFANTS - Ndella Madior Diouf, cueillie par la S\u00fbret\u00e9 Urbaine | Nettali.com<\/title>\n<meta name=\"robots\" content=\"index, follow, max-snippet:-1, max-image-preview:large, max-video-preview:-1\" \/>\n<link rel=\"canonical\" href=\"https:\/\/www.nettali.com\/2023\/12\/21\/maltraitance-denfants-ndella-madior-diouf-cueillie-par-la-surete-urbaine\/\" \/>\n<meta property=\"og:locale\" content=\"fr_FR\" \/>\n<meta property=\"og:type\" content=\"article\" \/>\n<meta property=\"og:title\" content=\"MALTRAITANCE D&#039;ENFANTS - Ndella Madior Diouf, cueillie par la S\u00fbret\u00e9 Urbaine\" \/>\n<meta property=\"og:description\" content=\"NETTALI.COM - La Brigade des moeurs et de protection des enfants, une entit\u00e9 de la S\u00fbret\u00e9 urbaine (Su) de Dakar s&#039;est auto-saisie apr\u00e8s les accusations de maltraitance visant la pouponni\u00e8re de Ndella Madior Diop. Cette derni\u00e8re a \u00e9t\u00e9 cueillie et se trouve pr\u00e9sentement au commissariat central de Dakar. L\u2019affaire de la pouponni\u00e8re de Ndella Madior [&hellip;]\" \/>\n<meta property=\"og:url\" content=\"https:\/\/www.nettali.com\/2023\/12\/21\/maltraitance-denfants-ndella-madior-diouf-cueillie-par-la-surete-urbaine\/\" \/>\n<meta property=\"og:site_name\" content=\"Nettali.com\" \/>\n<meta property=\"article:publisher\" content=\"https:\/\/www.facebook.com\/nettalicom\" \/>\n<meta property=\"article:published_time\" content=\"2023-12-21T17:23:09+00:00\" \/>\n<meta property=\"article:modified_time\" content=\"2023-12-22T15:18:10+00:00\" \/>\n<meta property=\"og:image\" content=\"https:\/\/www.nettali.com\/wp-content\/uploads\/2022\/06\/ndella-madior-diouf.jpg\" \/>\n\t<meta property=\"og:image:width\" content=\"866\" \/>\n\t<meta property=\"og:image:height\" content=\"514\" \/>\n<meta name=\"twitter:card\" content=\"summary_large_image\" \/>\n<meta name=\"twitter:label1\" content=\"\u00c9crit par\" \/>\n\t<meta name=\"twitter:data1\" content=\"Daouda\" \/>\n\t<meta name=\"twitter:label2\" content=\"Dur\u00e9e de lecture estim\u00e9e\" \/>\n\t<meta name=\"twitter:data2\" content=\"2 minutes\" \/>\n<script type=\"application\/ld+json\" class=\"yoast-schema-graph\">{\"@context\":\"https:\/\/schema.org\",\"@graph\":[{\"@type\":\"WebSite\",\"@id\":\"https:\/\/www.nettali.com\/#website\",\"url\":\"https:\/\/www.nettali.com\/\",\"name\":\"Nettali.com\",\"description\":\"Le rendez-vous critique du Net\",\"potentialAction\":[{\"@type\":\"SearchAction\",\"target\":{\"@type\":\"EntryPoint\",\"urlTemplate\":\"https:\/\/www.nettali.com\/?s={search_term_string}\"},\"query-input\":\"required name=search_term_string\"}],\"inLanguage\":\"fr-FR\"},{\"@type\":\"ImageObject\",\"@id\":\"https:\/\/www.nettali.com\/2023\/12\/21\/maltraitance-denfants-ndella-madior-diouf-cueillie-par-la-surete-urbaine\/#primaryimage\",\"inLanguage\":\"fr-FR\",\"url\":\"https:\/\/www.nettali.com\/wp-content\/uploads\/2022\/06\/ndella-madior-diouf.jpg\",\"contentUrl\":\"https:\/\/www.nettali.com\/wp-content\/uploads\/2022\/06\/ndella-madior-diouf.jpg\",\"width\":866,\"height\":514},{\"@type\":\"WebPage\",\"@id\":\"https:\/\/www.nettali.com\/2023\/12\/21\/maltraitance-denfants-ndella-madior-diouf-cueillie-par-la-surete-urbaine\/#webpage\",\"url\":\"https:\/\/www.nettali.com\/2023\/12\/21\/maltraitance-denfants-ndella-madior-diouf-cueillie-par-la-surete-urbaine\/\",\"name\":\"MALTRAITANCE D'ENFANTS - Ndella Madior Diouf, cueillie par la S\\u00fbret\\u00e9 Urbaine | Nettali.com\",\"isPartOf\":{\"@id\":\"https:\/\/www.nettali.com\/#website\"},\"primaryImageOfPage\":{\"@id\":\"https:\/\/www.nettali.com\/2023\/12\/21\/maltraitance-denfants-ndella-madior-diouf-cueillie-par-la-surete-urbaine\/#primaryimage\"},\"datePublished\":\"2023-12-21T17:23:09+00:00\",\"dateModified\":\"2023-12-22T15:18:10+00:00\",\"author\":{\"@id\":\"https:\/\/www.nettali.com\/#\/schema\/person\/3317e0bb3aa1da309fbf7b2780901bf4\"},\"breadcrumb\":{\"@id\":\"https:\/\/www.nettali.com\/2023\/12\/21\/maltraitance-denfants-ndella-madior-diouf-cueillie-par-la-surete-urbaine\/#breadcrumb\"},\"inLanguage\":\"fr-FR\",\"potentialAction\":[{\"@type\":\"ReadAction\",\"target\":[\"https:\/\/www.nettali.com\/2023\/12\/21\/maltraitance-denfants-ndella-madior-diouf-cueillie-par-la-surete-urbaine\/\"]}]},{\"@type\":\"BreadcrumbList\",\"@id\":\"https:\/\/www.nettali.com\/2023\/12\/21\/maltraitance-denfants-ndella-madior-diouf-cueillie-par-la-surete-urbaine\/#breadcrumb\",\"itemListElement\":[{\"@type\":\"ListItem\",\"position\":1,\"name\":\"Accueil\",\"item\":\"https:\/\/www.nettali.com\/\"},{\"@type\":\"ListItem\",\"position\":2,\"name\":\"MALTRAITANCE D'ENFANTS - Ndella Madior Diouf, cueillie par la S\\u00fbret\\u00e9 Urbaine\"}]},{\"@type\":\"Person\",\"@id\":\"https:\/\/www.nettali.com\/#\/schema\/person\/3317e0bb3aa1da309fbf7b2780901bf4\",\"name\":\"Daouda\",\"image\":{\"@type\":\"ImageObject\",\"@id\":\"https:\/\/www.nettali.com\/#personlogo\",\"inLanguage\":\"fr-FR\",\"url\":\"https:\/\/secure.gravatar.com\/avatar\/8d143b5a49345098ddcfee1c49c2f47c?s=96&d=mm&r=g\",\"contentUrl\":\"https:\/\/secure.gravatar.com\/avatar\/8d143b5a49345098ddcfee1c49c2f47c?s=96&d=mm&r=g\",\"caption\":\"Daouda\"},\"sameAs\":[\"https:\/\/www.nettali.com\"]}]}<\/script>\n<!-- \/ Yoast SEO Premium plugin. -->","yoast_head_json":{"title":"MALTRAITANCE D'ENFANTS - Ndella Madior Diouf, cueillie par la S\u00fbret\u00e9 Urbaine | Nettali.com","robots":{"index":"index","follow":"follow","max-snippet":"max-snippet:-1","max-image-preview":"max-image-preview:large","max-video-preview":"max-video-preview:-1"},"canonical":"https:\/\/www.nettali.com\/2023\/12\/21\/maltraitance-denfants-ndella-madior-diouf-cueillie-par-la-surete-urbaine\/","og_locale":"fr_FR","og_type":"article","og_title":"MALTRAITANCE D'ENFANTS - Ndella Madior Diouf, cueillie par la S\u00fbret\u00e9 Urbaine","og_description":"NETTALI.COM - La Brigade des moeurs et de protection des enfants, une entit\u00e9 de la S\u00fbret\u00e9 urbaine (Su) de Dakar s'est auto-saisie apr\u00e8s les accusations de maltraitance visant la pouponni\u00e8re de Ndella Madior Diop. Cette derni\u00e8re a \u00e9t\u00e9 cueillie et se trouve pr\u00e9sentement au commissariat central de Dakar. L\u2019affaire de la pouponni\u00e8re de Ndella Madior [&hellip;]","og_url":"https:\/\/www.nettali.com\/2023\/12\/21\/maltraitance-denfants-ndella-madior-diouf-cueillie-par-la-surete-urbaine\/","og_site_name":"Nettali.com","article_publisher":"https:\/\/www.facebook.com\/nettalicom","article_published_time":"2023-12-21T17:23:09+00:00","article_modified_time":"2023-12-22T15:18:10+00:00","og_image":[{"width":866,"height":514,"url":"https:\/\/www.nettali.com\/wp-content\/uploads\/2022\/06\/ndella-madior-diouf.jpg","type":"image\/jpeg"}],"twitter_card":"summary_large_image","twitter_misc":{"\u00c9crit par":"Daouda","Dur\u00e9e de lecture estim\u00e9e":"2 minutes"},"schema":{"@context":"https:\/\/schema.org","@graph":[{"@type":"WebSite","@id":"https:\/\/www.nettali.com\/#website","url":"https:\/\/www.nettali.com\/","name":"Nettali.com","description":"Le rendez-vous critique du Net","potentialAction":[{"@type":"SearchAction","target":{"@type":"EntryPoint","urlTemplate":"https:\/\/www.nettali.com\/?s={search_term_string}"},"query-input":"required name=search_term_string"}],"inLanguage":"fr-FR"},{"@type":"ImageObject","@id":"https:\/\/www.nettali.com\/2023\/12\/21\/maltraitance-denfants-ndella-madior-diouf-cueillie-par-la-surete-urbaine\/#primaryimage","inLanguage":"fr-FR","url":"https:\/\/www.nettali.com\/wp-content\/uploads\/2022\/06\/ndella-madior-diouf.jpg","contentUrl":"https:\/\/www.nettali.com\/wp-content\/uploads\/2022\/06\/ndella-madior-diouf.jpg","width":866,"height":514},{"@type":"WebPage","@id":"https:\/\/www.nettali.com\/2023\/12\/21\/maltraitance-denfants-ndella-madior-diouf-cueillie-par-la-surete-urbaine\/#webpage","url":"https:\/\/www.nettali.com\/2023\/12\/21\/maltraitance-denfants-ndella-madior-diouf-cueillie-par-la-surete-urbaine\/","name":"MALTRAITANCE D'ENFANTS - Ndella Madior Diouf, cueillie par la S\u00fbret\u00e9 Urbaine | Nettali.com","isPartOf":{"@id":"https:\/\/www.nettali.com\/#website"},"primaryImageOfPage":{"@id":"https:\/\/www.nettali.com\/2023\/12\/21\/maltraitance-denfants-ndella-madior-diouf-cueillie-par-la-surete-urbaine\/#primaryimage"},"datePublished":"2023-12-21T17:23:09+00:00","dateModified":"2023-12-22T15:18:10+00:00","author":{"@id":"https:\/\/www.nettali.com\/#\/schema\/person\/3317e0bb3aa1da309fbf7b2780901bf4"},"breadcrumb":{"@id":"https:\/\/www.nettali.com\/2023\/12\/21\/maltraitance-denfants-ndella-madior-diouf-cueillie-par-la-surete-urbaine\/#breadcrumb"},"inLanguage":"fr-FR","potentialAction":[{"@type":"ReadAction","target":["https:\/\/www.nettali.com\/2023\/12\/21\/maltraitance-denfants-ndella-madior-diouf-cueillie-par-la-surete-urbaine\/"]}]},{"@type":"BreadcrumbList","@id":"https:\/\/www.nettali.com\/2023\/12\/21\/maltraitance-denfants-ndella-madior-diouf-cueillie-par-la-surete-urbaine\/#breadcrumb","itemListElement":[{"@type":"ListItem","position":1,"name":"Accueil","item":"https:\/\/www.nettali.com\/"},{"@type":"ListItem","position":2,"name":"MALTRAITANCE D'ENFANTS - Ndella Madior Diouf, cueillie par la S\u00fbret\u00e9 Urbaine"}]},{"@type":"Person","@id":"https:\/\/www.nettali.com\/#\/schema\/person\/3317e0bb3aa1da309fbf7b2780901bf4","name":"Daouda","image":{"@type":"ImageObject","@id":"https:\/\/www.nettali.com\/#personlogo","inLanguage":"fr-FR","url":"https:\/\/secure.gravatar.com\/avatar\/8d143b5a49345098ddcfee1c49c2f47c?s=96&d=mm&r=g","contentUrl":"https:\/\/secure.gravatar.com\/avatar\/8d143b5a49345098ddcfee1c49c2f47c?s=96&d=mm&r=g","caption":"Daouda"},"sameAs":["https:\/\/www.nettali.com"]}]}},"_links":{"self":[{"href":"https:\/\/www.nettali.com\/rest\/wp\/v2\/posts\/124061"}],"collection":[{"href":"https:\/\/www.nettali.com\/rest\/wp\/v2\/posts"}],"about":[{"href":"https:\/\/www.nettali.com\/rest\/wp\/v2\/types\/post"}],"author":[{"embeddable":true,"href":"https:\/\/www.nettali.com\/rest\/wp\/v2\/users\/4"}],"replies":[{"embeddable":true,"href":"https:\/\/www.nettali.com\/rest\/wp\/v2\/comments?post=124061"}],"version-history":[{"count":5,"href":"https:\/\/www.nettali.com\/rest\/wp\/v2\/posts\/124061\/revisions"}],"predecessor-version":[{"id":124067,"href":"https:\/\/www.nettali.com\/rest\/wp\/v2\/posts\/124061\/revisions\/124067"}],"wp:featuredmedia":[{"embeddable":true,"href":"https:\/\/www.nettali.com\/rest\/wp\/v2\/media\/88463"}],"wp:attachment":[{"href":"https:\/\/www.nettali.com\/rest\/wp\/v2\/media?parent=124061"}],"wp:term":[{"taxonomy":"category","embeddable":true,"href":"https:\/\/www.nettali.com\/rest\/wp\/v2\/categories?post=124061"},{"taxonomy":"post_tag","embeddable":true,"href":"https:\/\/www.nettali.com\/rest\/wp\/v2\/tags?post=124061"}],"curies":[{"name":"wp","href":"https:\/\/api.w.org\/{rel}","templated":true}]}}