{"id":123803,"date":"2023-12-17T13:11:52","date_gmt":"2023-12-17T13:11:52","guid":{"rendered":"https:\/\/www.nettali.com\/?p=123803"},"modified":"2023-12-17T13:11:52","modified_gmt":"2023-12-17T13:11:52","slug":"france-jean-michel-aulas-elu-vice-president-de-la-fff","status":"publish","type":"post","link":"https:\/\/www.nettali.com\/2023\/12\/17\/france-jean-michel-aulas-elu-vice-president-de-la-fff\/","title":{"rendered":"FRANCE - Jean-Michel Aulas \u00e9lu vice-pr\u00e9sident de la FFF"},"content":{"rendered":"<p><strong>NETTALI.COM - D\u00e9j\u00e0 membre du comit\u00e9 ex\u00e9cutif de la F\u00e9d\u00e9ration fran\u00e7aise de football, l\u2019ancien patron historique de l\u2019Olympique lyonnais a \u00e9t\u00e9 \u00e9lu \u00e0 pr\u00e8s de 80 % des voix.<\/strong><\/p>\n<p>\"<em>Vous connaissez son exp\u00e9rience, sa comp\u00e9tence et sa contribution qu'il a apport\u00e9es au foot fran\u00e7ais<\/em>\", a d\u00e9clar\u00e9 avant le vote le pr\u00e9sident de la F\u00e9d\u00e9ration fran\u00e7aise de\u00a0football\u00a0Philippe Diallo. Jean-Michel Aulas,\u00a0ancien patron historique de l'Olympique lyonnais\u00a0et d\u00e9j\u00e0 membre du comit\u00e9 ex\u00e9cutif de la FFF depuis 2017, a ainsi \u00e9t\u00e9 \u00e9lu ce samedi 16\u00a0d\u00e9cembre vice-pr\u00e9sident de la FFF lors de son assembl\u00e9e g\u00e9n\u00e9rale. Celui qui est \u00e9galement pr\u00e9sident de la commission du haut niveau f\u00e9minin \u00e0 la F\u00e9d\u00e9ration a \u00e9t\u00e9 \u00e9lu \u00e0 \"<em>pr\u00e8s de 80\u00a0% des voix<\/em>\", soit 78,58\u00a0% des suffrages<\/p>\n<p>\"<em>8\/10 c'est bien mais il faut \u00eatre attentif \u00e0 ceux qui pensent qu'il faudrait faire diff\u00e9remment [\u2026], \u00e0 moi de convaincre les 20\u00a0% restants<\/em>\", a r\u00e9agi l'ancien dirigeant lyonnais devant plusieurs m\u00e9dias apr\u00e8s son \u00e9lection, alors qu'il repr\u00e9sente davantage le secteur professionnel que le monde amateur.<br \/>\n\"<em>Je n'ai pas \u00e9t\u00e9 footballeur de m\u00e9tier, j'\u00e9tais entrepreneur, j'ai \u00e9t\u00e9 dirigeant d'un grand club europ\u00e9en et qui a lanc\u00e9 le football f\u00e9minin<\/em>\", a-t-il ajout\u00e9.<\/p>\n<p>Philippe Diallo, ancien patron du syndicat des clubs professionnels, occupait ce poste de vice-pr\u00e9sident de la FFF depuis d\u00e9cembre\u00a02021 avant d'en devenir pr\u00e9sident par int\u00e9rim \u00e0 la d\u00e9mission de No\u00ebl Le\u00a0Gra\u00ebt pr\u00e9sent samedi lors de l'AG fin f\u00e9vrier, puis d'en \u00eatre \u00e9lu en juin jusqu'en 2024.<\/p>\n<p>Jean-Michel Aulas a dirig\u00e9 l'Olympique lyonnais pendant 36\u00a0ans \u00e0 partir de 1987, avant de revendre le club au groupe am\u00e9ricain Eagle Football en d\u00e9cembre\u00a02022. Il a ensuite \u00e9t\u00e9 \u00e9vinc\u00e9 pr\u00e9cipitamment de la pr\u00e9sidence de l'OL en juin dernier par l'homme d'affaires am\u00e9ricain John Textor, nouveau propri\u00e9taire. L'ex-dirigeant \u00e2g\u00e9 de 74\u00a0ans a \u00e9galement indiqu\u00e9 avoir \"des engagements aussi tourn\u00e9s vers le football f\u00e9minin\" : \"<em>Nous voulons faire \u00e9voluer le nombre de licenci\u00e9es, notre ambition sur cinq ans est d'avoir 500\u00a0000 licenci\u00e9es<\/em>.\"<\/p>\n<p>\"<em>Nous avons l'ambition d'\u00eatre les premiers<\/em>\" dans le football professionnel f\u00e9minin mondial\u00a0: \"<em>on sait que le football pro est exigeant, quand les pays europ\u00e9ens se projettent rapidement, il est difficile de rattraper le retard dans l'\u00e9conomie et la valorisation des droits, et nous avons l'ambition d'\u00eatre les premiers<\/em>\", a-t-il par ailleurs d\u00e9clar\u00e9.<\/p>\n<div class='share-to-whatsapp-wrapper'><div class='share-on-whsp'>PARTAGER SUR : <\/div><a data-text='FRANCE - Jean-Michel Aulas \u00e9lu vice-pr\u00e9sident de la FFF' data-link='https:\/\/www.nettali.com\/2023\/12\/17\/france-jean-michel-aulas-elu-vice-president-de-la-fff\/' class='whatsapp-button whatsapp-share'>WhatsApp<\/a><div class='clear '><\/div><\/div>","protected":false},"excerpt":{"rendered":"<p>NETTALI.COM - D\u00e9j\u00e0 membre du comit\u00e9 ex\u00e9cutif de la F\u00e9d\u00e9ration fran\u00e7aise de football, l\u2019ancien patron historique de l\u2019Olympique lyonnais a \u00e9t\u00e9 \u00e9lu \u00e0 pr\u00e8s de 80 % des voix. \"Vous connaissez son exp\u00e9rience, sa comp\u00e9tence et sa contribution qu'il a apport\u00e9es au foot fran\u00e7ais\", a d\u00e9clar\u00e9 avant le vote le pr\u00e9sident de la F\u00e9d\u00e9ration fran\u00e7aise [&hellip;]<\/p>\n","protected":false},"author":5,"featured_media":123804,"comment_status":"open","ping_status":"open","sticky":false,"template":"","format":"standard","meta":{"_et_pb_use_builder":"","_et_pb_old_content":""},"categories":[6],"tags":[],"yoast_head":"<!-- This site is optimized with the Yoast SEO Premium plugin v17.8 (Yoast SEO v17.8) - https:\/\/yoast.com\/wordpress\/plugins\/seo\/ -->\n<title>FRANCE - Jean-Michel Aulas \u00e9lu vice-pr\u00e9sident de la FFF | Nettali.com<\/title>\n<meta name=\"robots\" content=\"index, follow, max-snippet:-1, max-image-preview:large, max-video-preview:-1\" \/>\n<link rel=\"canonical\" href=\"https:\/\/www.nettali.com\/2023\/12\/17\/france-jean-michel-aulas-elu-vice-president-de-la-fff\/\" \/>\n<meta property=\"og:locale\" content=\"fr_FR\" \/>\n<meta property=\"og:type\" content=\"article\" \/>\n<meta property=\"og:title\" content=\"FRANCE - Jean-Michel Aulas \u00e9lu vice-pr\u00e9sident de la FFF\" \/>\n<meta property=\"og:description\" content=\"NETTALI.COM - D\u00e9j\u00e0 membre du comit\u00e9 ex\u00e9cutif de la F\u00e9d\u00e9ration fran\u00e7aise de football, l\u2019ancien patron historique de l\u2019Olympique lyonnais a \u00e9t\u00e9 \u00e9lu \u00e0 pr\u00e8s de 80 % des voix. &quot;Vous connaissez son exp\u00e9rience, sa comp\u00e9tence et sa contribution qu&#039;il a apport\u00e9es au foot fran\u00e7ais&quot;, a d\u00e9clar\u00e9 avant le vote le pr\u00e9sident de la F\u00e9d\u00e9ration fran\u00e7aise [&hellip;]\" \/>\n<meta property=\"og:url\" content=\"https:\/\/www.nettali.com\/2023\/12\/17\/france-jean-michel-aulas-elu-vice-president-de-la-fff\/\" \/>\n<meta property=\"og:site_name\" content=\"Nettali.com\" \/>\n<meta property=\"article:publisher\" content=\"https:\/\/www.facebook.com\/nettalicom\" \/>\n<meta property=\"article:published_time\" content=\"2023-12-17T13:11:52+00:00\" \/>\n<meta property=\"og:image\" content=\"https:\/\/www.nettali.com\/wp-content\/uploads\/2023\/12\/l-ol-plus-fort-que-l-om-aulas-se-regale-icon_dib_7517-364252.jpg\" \/>\n\t<meta property=\"og:image:width\" content=\"1200\" \/>\n\t<meta property=\"og:image:height\" content=\"800\" \/>\n<meta name=\"twitter:card\" content=\"summary_large_image\" \/>\n<meta name=\"twitter:label1\" content=\"\u00c9crit par\" \/>\n\t<meta name=\"twitter:data1\" content=\"Ibrahima\" \/>\n\t<meta name=\"twitter:label2\" content=\"Dur\u00e9e de lecture estim\u00e9e\" \/>\n\t<meta name=\"twitter:data2\" content=\"2 minutes\" \/>\n<script type=\"application\/ld+json\" class=\"yoast-schema-graph\">{\"@context\":\"https:\/\/schema.org\",\"@graph\":[{\"@type\":\"WebSite\",\"@id\":\"https:\/\/www.nettali.com\/#website\",\"url\":\"https:\/\/www.nettali.com\/\",\"name\":\"Nettali.com\",\"description\":\"Le rendez-vous critique du Net\",\"potentialAction\":[{\"@type\":\"SearchAction\",\"target\":{\"@type\":\"EntryPoint\",\"urlTemplate\":\"https:\/\/www.nettali.com\/?s={search_term_string}\"},\"query-input\":\"required name=search_term_string\"}],\"inLanguage\":\"fr-FR\"},{\"@type\":\"ImageObject\",\"@id\":\"https:\/\/www.nettali.com\/2023\/12\/17\/france-jean-michel-aulas-elu-vice-president-de-la-fff\/#primaryimage\",\"inLanguage\":\"fr-FR\",\"url\":\"https:\/\/www.nettali.com\/wp-content\/uploads\/2023\/12\/l-ol-plus-fort-que-l-om-aulas-se-regale-icon_dib_7517-364252.jpg\",\"contentUrl\":\"https:\/\/www.nettali.com\/wp-content\/uploads\/2023\/12\/l-ol-plus-fort-que-l-om-aulas-se-regale-icon_dib_7517-364252.jpg\",\"width\":1200,\"height\":800},{\"@type\":\"WebPage\",\"@id\":\"https:\/\/www.nettali.com\/2023\/12\/17\/france-jean-michel-aulas-elu-vice-president-de-la-fff\/#webpage\",\"url\":\"https:\/\/www.nettali.com\/2023\/12\/17\/france-jean-michel-aulas-elu-vice-president-de-la-fff\/\",\"name\":\"FRANCE - Jean-Michel Aulas \\u00e9lu vice-pr\\u00e9sident de la FFF | Nettali.com\",\"isPartOf\":{\"@id\":\"https:\/\/www.nettali.com\/#website\"},\"primaryImageOfPage\":{\"@id\":\"https:\/\/www.nettali.com\/2023\/12\/17\/france-jean-michel-aulas-elu-vice-president-de-la-fff\/#primaryimage\"},\"datePublished\":\"2023-12-17T13:11:52+00:00\",\"dateModified\":\"2023-12-17T13:11:52+00:00\",\"author\":{\"@id\":\"https:\/\/www.nettali.com\/#\/schema\/person\/bb147657c2986240405a608162b9bb23\"},\"breadcrumb\":{\"@id\":\"https:\/\/www.nettali.com\/2023\/12\/17\/france-jean-michel-aulas-elu-vice-president-de-la-fff\/#breadcrumb\"},\"inLanguage\":\"fr-FR\",\"potentialAction\":[{\"@type\":\"ReadAction\",\"target\":[\"https:\/\/www.nettali.com\/2023\/12\/17\/france-jean-michel-aulas-elu-vice-president-de-la-fff\/\"]}]},{\"@type\":\"BreadcrumbList\",\"@id\":\"https:\/\/www.nettali.com\/2023\/12\/17\/france-jean-michel-aulas-elu-vice-president-de-la-fff\/#breadcrumb\",\"itemListElement\":[{\"@type\":\"ListItem\",\"position\":1,\"name\":\"Accueil\",\"item\":\"https:\/\/www.nettali.com\/\"},{\"@type\":\"ListItem\",\"position\":2,\"name\":\"FRANCE - Jean-Michel Aulas \\u00e9lu vice-pr\\u00e9sident de la FFF\"}]},{\"@type\":\"Person\",\"@id\":\"https:\/\/www.nettali.com\/#\/schema\/person\/bb147657c2986240405a608162b9bb23\",\"name\":\"Ibrahima\",\"image\":{\"@type\":\"ImageObject\",\"@id\":\"https:\/\/www.nettali.com\/#personlogo\",\"inLanguage\":\"fr-FR\",\"url\":\"https:\/\/secure.gravatar.com\/avatar\/26a8a81f09f0dd7624c9d5c36c9ba3a2?s=96&d=mm&r=g\",\"contentUrl\":\"https:\/\/secure.gravatar.com\/avatar\/26a8a81f09f0dd7624c9d5c36c9ba3a2?s=96&d=mm&r=g\",\"caption\":\"Ibrahima\"},\"sameAs\":[\"https:\/\/www.nettali.com\"]}]}<\/script>\n<!-- \/ Yoast SEO Premium plugin. -->","yoast_head_json":{"title":"FRANCE - Jean-Michel Aulas \u00e9lu vice-pr\u00e9sident de la FFF | Nettali.com","robots":{"index":"index","follow":"follow","max-snippet":"max-snippet:-1","max-image-preview":"max-image-preview:large","max-video-preview":"max-video-preview:-1"},"canonical":"https:\/\/www.nettali.com\/2023\/12\/17\/france-jean-michel-aulas-elu-vice-president-de-la-fff\/","og_locale":"fr_FR","og_type":"article","og_title":"FRANCE - Jean-Michel Aulas \u00e9lu vice-pr\u00e9sident de la FFF","og_description":"NETTALI.COM - D\u00e9j\u00e0 membre du comit\u00e9 ex\u00e9cutif de la F\u00e9d\u00e9ration fran\u00e7aise de football, l\u2019ancien patron historique de l\u2019Olympique lyonnais a \u00e9t\u00e9 \u00e9lu \u00e0 pr\u00e8s de 80 % des voix. \"Vous connaissez son exp\u00e9rience, sa comp\u00e9tence et sa contribution qu'il a apport\u00e9es au foot fran\u00e7ais\", a d\u00e9clar\u00e9 avant le vote le pr\u00e9sident de la F\u00e9d\u00e9ration fran\u00e7aise [&hellip;]","og_url":"https:\/\/www.nettali.com\/2023\/12\/17\/france-jean-michel-aulas-elu-vice-president-de-la-fff\/","og_site_name":"Nettali.com","article_publisher":"https:\/\/www.facebook.com\/nettalicom","article_published_time":"2023-12-17T13:11:52+00:00","og_image":[{"width":1200,"height":800,"url":"https:\/\/www.nettali.com\/wp-content\/uploads\/2023\/12\/l-ol-plus-fort-que-l-om-aulas-se-regale-icon_dib_7517-364252.jpg","type":"image\/jpeg"}],"twitter_card":"summary_large_image","twitter_misc":{"\u00c9crit par":"Ibrahima","Dur\u00e9e de lecture estim\u00e9e":"2 minutes"},"schema":{"@context":"https:\/\/schema.org","@graph":[{"@type":"WebSite","@id":"https:\/\/www.nettali.com\/#website","url":"https:\/\/www.nettali.com\/","name":"Nettali.com","description":"Le rendez-vous critique du Net","potentialAction":[{"@type":"SearchAction","target":{"@type":"EntryPoint","urlTemplate":"https:\/\/www.nettali.com\/?s={search_term_string}"},"query-input":"required name=search_term_string"}],"inLanguage":"fr-FR"},{"@type":"ImageObject","@id":"https:\/\/www.nettali.com\/2023\/12\/17\/france-jean-michel-aulas-elu-vice-president-de-la-fff\/#primaryimage","inLanguage":"fr-FR","url":"https:\/\/www.nettali.com\/wp-content\/uploads\/2023\/12\/l-ol-plus-fort-que-l-om-aulas-se-regale-icon_dib_7517-364252.jpg","contentUrl":"https:\/\/www.nettali.com\/wp-content\/uploads\/2023\/12\/l-ol-plus-fort-que-l-om-aulas-se-regale-icon_dib_7517-364252.jpg","width":1200,"height":800},{"@type":"WebPage","@id":"https:\/\/www.nettali.com\/2023\/12\/17\/france-jean-michel-aulas-elu-vice-president-de-la-fff\/#webpage","url":"https:\/\/www.nettali.com\/2023\/12\/17\/france-jean-michel-aulas-elu-vice-president-de-la-fff\/","name":"FRANCE - Jean-Michel Aulas \u00e9lu vice-pr\u00e9sident de la FFF | Nettali.com","isPartOf":{"@id":"https:\/\/www.nettali.com\/#website"},"primaryImageOfPage":{"@id":"https:\/\/www.nettali.com\/2023\/12\/17\/france-jean-michel-aulas-elu-vice-president-de-la-fff\/#primaryimage"},"datePublished":"2023-12-17T13:11:52+00:00","dateModified":"2023-12-17T13:11:52+00:00","author":{"@id":"https:\/\/www.nettali.com\/#\/schema\/person\/bb147657c2986240405a608162b9bb23"},"breadcrumb":{"@id":"https:\/\/www.nettali.com\/2023\/12\/17\/france-jean-michel-aulas-elu-vice-president-de-la-fff\/#breadcrumb"},"inLanguage":"fr-FR","potentialAction":[{"@type":"ReadAction","target":["https:\/\/www.nettali.com\/2023\/12\/17\/france-jean-michel-aulas-elu-vice-president-de-la-fff\/"]}]},{"@type":"BreadcrumbList","@id":"https:\/\/www.nettali.com\/2023\/12\/17\/france-jean-michel-aulas-elu-vice-president-de-la-fff\/#breadcrumb","itemListElement":[{"@type":"ListItem","position":1,"name":"Accueil","item":"https:\/\/www.nettali.com\/"},{"@type":"ListItem","position":2,"name":"FRANCE - Jean-Michel Aulas \u00e9lu vice-pr\u00e9sident de la FFF"}]},{"@type":"Person","@id":"https:\/\/www.nettali.com\/#\/schema\/person\/bb147657c2986240405a608162b9bb23","name":"Ibrahima","image":{"@type":"ImageObject","@id":"https:\/\/www.nettali.com\/#personlogo","inLanguage":"fr-FR","url":"https:\/\/secure.gravatar.com\/avatar\/26a8a81f09f0dd7624c9d5c36c9ba3a2?s=96&d=mm&r=g","contentUrl":"https:\/\/secure.gravatar.com\/avatar\/26a8a81f09f0dd7624c9d5c36c9ba3a2?s=96&d=mm&r=g","caption":"Ibrahima"},"sameAs":["https:\/\/www.nettali.com"]}]}},"_links":{"self":[{"href":"https:\/\/www.nettali.com\/rest\/wp\/v2\/posts\/123803"}],"collection":[{"href":"https:\/\/www.nettali.com\/rest\/wp\/v2\/posts"}],"about":[{"href":"https:\/\/www.nettali.com\/rest\/wp\/v2\/types\/post"}],"author":[{"embeddable":true,"href":"https:\/\/www.nettali.com\/rest\/wp\/v2\/users\/5"}],"replies":[{"embeddable":true,"href":"https:\/\/www.nettali.com\/rest\/wp\/v2\/comments?post=123803"}],"version-history":[{"count":1,"href":"https:\/\/www.nettali.com\/rest\/wp\/v2\/posts\/123803\/revisions"}],"predecessor-version":[{"id":123805,"href":"https:\/\/www.nettali.com\/rest\/wp\/v2\/posts\/123803\/revisions\/123805"}],"wp:featuredmedia":[{"embeddable":true,"href":"https:\/\/www.nettali.com\/rest\/wp\/v2\/media\/123804"}],"wp:attachment":[{"href":"https:\/\/www.nettali.com\/rest\/wp\/v2\/media?parent=123803"}],"wp:term":[{"taxonomy":"category","embeddable":true,"href":"https:\/\/www.nettali.com\/rest\/wp\/v2\/categories?post=123803"},{"taxonomy":"post_tag","embeddable":true,"href":"https:\/\/www.nettali.com\/rest\/wp\/v2\/tags?post=123803"}],"curies":[{"name":"wp","href":"https:\/\/api.w.org\/{rel}","templated":true}]}}