{"id":123680,"date":"2023-12-14T15:52:22","date_gmt":"2023-12-14T15:52:22","guid":{"rendered":"https:\/\/www.nettali.com\/?p=123680"},"modified":"2023-12-14T15:52:22","modified_gmt":"2023-12-14T15:52:22","slug":"can-2024-noussair-mazraoui-forfait","status":"publish","type":"post","link":"https:\/\/www.nettali.com\/2023\/12\/14\/can-2024-noussair-mazraoui-forfait\/","title":{"rendered":"CAN 2024 - Noussair Mazraoui forfait"},"content":{"rendered":"<p style=\"text-align: left;\"><strong>NETTALI.COM - Gros coup dur pour Noussair Mazraoui et l\u2019\u00e9quipe du Maroc. Selon les derni\u00e8res informations de la presse allemande, le lat\u00e9ral droit de 26 ans va manquer plusieurs semaines de comp\u00e9tition, dont la CAN 2023, sauf miracle\u2026<\/strong><\/p>\n<p>Touch\u00e9 au mollet mardi soir sur la pelouse de Manchester United, lors de la sixi\u00e8me et derni\u00e8re journ\u00e9e de la phase de groupes de la Ligue des champions (0-1), Noussair Mazraoui a c\u00e9d\u00e9 sa place \u00e0 la mi-temps par l\u2019entra\u00eeneur du Bayern, Thomas Tuchel. Les examens effectu\u00e9s ce mercredi 23 d\u00e9cembre \u00e0 Munich ont r\u00e9v\u00e9l\u00e9 une d\u00e9chirure d\u2019 \"<em>un faisceau musculaire au mollet gauche<\/em>\", comme indiqu\u00e9 par le club bavarois en milieu d\u2019apr\u00e8s-midi sur son site officiel.<\/p>\n<p><strong>Forfait \u00e0 un mois de la CAN<\/strong><\/p>\n<p>Selon les informations publi\u00e9es par le quotidien germanique\u00a0Bild\u00a0en d\u00e9but de soir\u00e9e, l\u2019international marocain (27 capes, 2 buts) sera absent\u00a0\"<em>pendant au moins six semaines<\/em>\". Ce qui signifie qu\u2019il ne rejouera plus cette ann\u00e9e, et pis, qu\u2019il est d\u2019ores et d\u00e9j\u00e0 indisponible pour la CAN 2023 dont le coup d\u2019envoi est fix\u00e9 dans un mois jour pour jour, \u00e0 savoir le 13 janvier 2024.<\/p>\n<p>Une terrible nouvelle pour l\u2019\u00e9quipe du Maroc et le s\u00e9lectionneur Walid Regragui qui avait d\u00e9voil\u00e9 quelques heures plus t\u00f4t le\u00a0programme de pr\u00e9paration des Lions de l\u2019Atlas\u00a0en perspective de la grand-messe en C\u00f4te d\u2019Ivoire. Align\u00e9 par le technicien sur le c\u00f4t\u00e9 gauche de la d\u00e9fense, \u00e0 l\u2019inverse de Thomas Tuchel qui le positionne sur son c\u00f4t\u00e9 pr\u00e9f\u00e9rentiel droit, Mazraoui fait en effet partie des ind\u00e9boulonnables depuis septembre 2022 et l\u2019avant-Coupe du monde au Qatar. Ses 15 titularisations cons\u00e9cutives en attestent.<\/p>\n<p>Son forfait chamboule les plans de l\u2019ancien coach du Wydad et ouvre une br\u00e8che pour la concurrence et Yahia Attiat-Allah (Wydad Casablanca), qui l'avait d\u00e9j\u00e0 suppl\u00e9\u00e9 avec succ\u00e8s pendant plusieurs matchs au Qatar. La liste de Regragui pour la CAN 2023 sera par cons\u00e9quent scrut\u00e9e de pr\u00e8s au poste de lat\u00e9ral gauche.<\/p>\n<div class='share-to-whatsapp-wrapper'><div class='share-on-whsp'>PARTAGER SUR : <\/div><a data-text='CAN 2024 - Noussair Mazraoui forfait' data-link='https:\/\/www.nettali.com\/2023\/12\/14\/can-2024-noussair-mazraoui-forfait\/' class='whatsapp-button whatsapp-share'>WhatsApp<\/a><div class='clear '><\/div><\/div>","protected":false},"excerpt":{"rendered":"<p>NETTALI.COM - Gros coup dur pour Noussair Mazraoui et l\u2019\u00e9quipe du Maroc. Selon les derni\u00e8res informations de la presse allemande, le lat\u00e9ral droit de 26 ans va manquer plusieurs semaines de comp\u00e9tition, dont la CAN 2023, sauf miracle\u2026 Touch\u00e9 au mollet mardi soir sur la pelouse de Manchester United, lors de la sixi\u00e8me et derni\u00e8re [&hellip;]<\/p>\n","protected":false},"author":5,"featured_media":123681,"comment_status":"open","ping_status":"open","sticky":false,"template":"","format":"standard","meta":{"_et_pb_use_builder":"","_et_pb_old_content":""},"categories":[6],"tags":[],"yoast_head":"<!-- This site is optimized with the Yoast SEO Premium plugin v17.8 (Yoast SEO v17.8) - https:\/\/yoast.com\/wordpress\/plugins\/seo\/ -->\n<title>CAN 2024 - Noussair Mazraoui forfait | Nettali.com<\/title>\n<meta name=\"robots\" content=\"index, follow, max-snippet:-1, max-image-preview:large, max-video-preview:-1\" \/>\n<link rel=\"canonical\" href=\"https:\/\/www.nettali.com\/2023\/12\/14\/can-2024-noussair-mazraoui-forfait\/\" \/>\n<meta property=\"og:locale\" content=\"fr_FR\" \/>\n<meta property=\"og:type\" content=\"article\" \/>\n<meta property=\"og:title\" content=\"CAN 2024 - Noussair Mazraoui forfait\" \/>\n<meta property=\"og:description\" content=\"NETTALI.COM - Gros coup dur pour Noussair Mazraoui et l\u2019\u00e9quipe du Maroc. Selon les derni\u00e8res informations de la presse allemande, le lat\u00e9ral droit de 26 ans va manquer plusieurs semaines de comp\u00e9tition, dont la CAN 2023, sauf miracle\u2026 Touch\u00e9 au mollet mardi soir sur la pelouse de Manchester United, lors de la sixi\u00e8me et derni\u00e8re [&hellip;]\" \/>\n<meta property=\"og:url\" content=\"https:\/\/www.nettali.com\/2023\/12\/14\/can-2024-noussair-mazraoui-forfait\/\" \/>\n<meta property=\"og:site_name\" content=\"Nettali.com\" \/>\n<meta property=\"article:publisher\" content=\"https:\/\/www.facebook.com\/nettalicom\" \/>\n<meta property=\"article:published_time\" content=\"2023-12-14T15:52:22+00:00\" \/>\n<meta property=\"og:image\" content=\"https:\/\/www.nettali.com\/wp-content\/uploads\/2023\/12\/3VJG_e13Rqs_l.jpg\" \/>\n\t<meta property=\"og:image:width\" content=\"1024\" \/>\n\t<meta property=\"og:image:height\" content=\"576\" \/>\n<meta name=\"twitter:card\" content=\"summary_large_image\" \/>\n<meta name=\"twitter:label1\" content=\"\u00c9crit par\" \/>\n\t<meta name=\"twitter:data1\" content=\"Ibrahima\" \/>\n\t<meta name=\"twitter:label2\" content=\"Dur\u00e9e de lecture estim\u00e9e\" \/>\n\t<meta name=\"twitter:data2\" content=\"2 minutes\" \/>\n<script type=\"application\/ld+json\" class=\"yoast-schema-graph\">{\"@context\":\"https:\/\/schema.org\",\"@graph\":[{\"@type\":\"WebSite\",\"@id\":\"https:\/\/www.nettali.com\/#website\",\"url\":\"https:\/\/www.nettali.com\/\",\"name\":\"Nettali.com\",\"description\":\"Le rendez-vous critique du Net\",\"potentialAction\":[{\"@type\":\"SearchAction\",\"target\":{\"@type\":\"EntryPoint\",\"urlTemplate\":\"https:\/\/www.nettali.com\/?s={search_term_string}\"},\"query-input\":\"required name=search_term_string\"}],\"inLanguage\":\"fr-FR\"},{\"@type\":\"ImageObject\",\"@id\":\"https:\/\/www.nettali.com\/2023\/12\/14\/can-2024-noussair-mazraoui-forfait\/#primaryimage\",\"inLanguage\":\"fr-FR\",\"url\":\"https:\/\/www.nettali.com\/wp-content\/uploads\/2023\/12\/3VJG_e13Rqs_l.jpg\",\"contentUrl\":\"https:\/\/www.nettali.com\/wp-content\/uploads\/2023\/12\/3VJG_e13Rqs_l.jpg\",\"width\":1024,\"height\":576},{\"@type\":\"WebPage\",\"@id\":\"https:\/\/www.nettali.com\/2023\/12\/14\/can-2024-noussair-mazraoui-forfait\/#webpage\",\"url\":\"https:\/\/www.nettali.com\/2023\/12\/14\/can-2024-noussair-mazraoui-forfait\/\",\"name\":\"CAN 2024 - Noussair Mazraoui forfait | Nettali.com\",\"isPartOf\":{\"@id\":\"https:\/\/www.nettali.com\/#website\"},\"primaryImageOfPage\":{\"@id\":\"https:\/\/www.nettali.com\/2023\/12\/14\/can-2024-noussair-mazraoui-forfait\/#primaryimage\"},\"datePublished\":\"2023-12-14T15:52:22+00:00\",\"dateModified\":\"2023-12-14T15:52:22+00:00\",\"author\":{\"@id\":\"https:\/\/www.nettali.com\/#\/schema\/person\/bb147657c2986240405a608162b9bb23\"},\"breadcrumb\":{\"@id\":\"https:\/\/www.nettali.com\/2023\/12\/14\/can-2024-noussair-mazraoui-forfait\/#breadcrumb\"},\"inLanguage\":\"fr-FR\",\"potentialAction\":[{\"@type\":\"ReadAction\",\"target\":[\"https:\/\/www.nettali.com\/2023\/12\/14\/can-2024-noussair-mazraoui-forfait\/\"]}]},{\"@type\":\"BreadcrumbList\",\"@id\":\"https:\/\/www.nettali.com\/2023\/12\/14\/can-2024-noussair-mazraoui-forfait\/#breadcrumb\",\"itemListElement\":[{\"@type\":\"ListItem\",\"position\":1,\"name\":\"Accueil\",\"item\":\"https:\/\/www.nettali.com\/\"},{\"@type\":\"ListItem\",\"position\":2,\"name\":\"CAN 2024 - Noussair Mazraoui forfait\"}]},{\"@type\":\"Person\",\"@id\":\"https:\/\/www.nettali.com\/#\/schema\/person\/bb147657c2986240405a608162b9bb23\",\"name\":\"Ibrahima\",\"image\":{\"@type\":\"ImageObject\",\"@id\":\"https:\/\/www.nettali.com\/#personlogo\",\"inLanguage\":\"fr-FR\",\"url\":\"https:\/\/secure.gravatar.com\/avatar\/26a8a81f09f0dd7624c9d5c36c9ba3a2?s=96&d=mm&r=g\",\"contentUrl\":\"https:\/\/secure.gravatar.com\/avatar\/26a8a81f09f0dd7624c9d5c36c9ba3a2?s=96&d=mm&r=g\",\"caption\":\"Ibrahima\"},\"sameAs\":[\"https:\/\/www.nettali.com\"]}]}<\/script>\n<!-- \/ Yoast SEO Premium plugin. -->","yoast_head_json":{"title":"CAN 2024 - Noussair Mazraoui forfait | Nettali.com","robots":{"index":"index","follow":"follow","max-snippet":"max-snippet:-1","max-image-preview":"max-image-preview:large","max-video-preview":"max-video-preview:-1"},"canonical":"https:\/\/www.nettali.com\/2023\/12\/14\/can-2024-noussair-mazraoui-forfait\/","og_locale":"fr_FR","og_type":"article","og_title":"CAN 2024 - Noussair Mazraoui forfait","og_description":"NETTALI.COM - Gros coup dur pour Noussair Mazraoui et l\u2019\u00e9quipe du Maroc. Selon les derni\u00e8res informations de la presse allemande, le lat\u00e9ral droit de 26 ans va manquer plusieurs semaines de comp\u00e9tition, dont la CAN 2023, sauf miracle\u2026 Touch\u00e9 au mollet mardi soir sur la pelouse de Manchester United, lors de la sixi\u00e8me et derni\u00e8re [&hellip;]","og_url":"https:\/\/www.nettali.com\/2023\/12\/14\/can-2024-noussair-mazraoui-forfait\/","og_site_name":"Nettali.com","article_publisher":"https:\/\/www.facebook.com\/nettalicom","article_published_time":"2023-12-14T15:52:22+00:00","og_image":[{"width":1024,"height":576,"url":"https:\/\/www.nettali.com\/wp-content\/uploads\/2023\/12\/3VJG_e13Rqs_l.jpg","type":"image\/jpeg"}],"twitter_card":"summary_large_image","twitter_misc":{"\u00c9crit par":"Ibrahima","Dur\u00e9e de lecture estim\u00e9e":"2 minutes"},"schema":{"@context":"https:\/\/schema.org","@graph":[{"@type":"WebSite","@id":"https:\/\/www.nettali.com\/#website","url":"https:\/\/www.nettali.com\/","name":"Nettali.com","description":"Le rendez-vous critique du Net","potentialAction":[{"@type":"SearchAction","target":{"@type":"EntryPoint","urlTemplate":"https:\/\/www.nettali.com\/?s={search_term_string}"},"query-input":"required name=search_term_string"}],"inLanguage":"fr-FR"},{"@type":"ImageObject","@id":"https:\/\/www.nettali.com\/2023\/12\/14\/can-2024-noussair-mazraoui-forfait\/#primaryimage","inLanguage":"fr-FR","url":"https:\/\/www.nettali.com\/wp-content\/uploads\/2023\/12\/3VJG_e13Rqs_l.jpg","contentUrl":"https:\/\/www.nettali.com\/wp-content\/uploads\/2023\/12\/3VJG_e13Rqs_l.jpg","width":1024,"height":576},{"@type":"WebPage","@id":"https:\/\/www.nettali.com\/2023\/12\/14\/can-2024-noussair-mazraoui-forfait\/#webpage","url":"https:\/\/www.nettali.com\/2023\/12\/14\/can-2024-noussair-mazraoui-forfait\/","name":"CAN 2024 - Noussair Mazraoui forfait | Nettali.com","isPartOf":{"@id":"https:\/\/www.nettali.com\/#website"},"primaryImageOfPage":{"@id":"https:\/\/www.nettali.com\/2023\/12\/14\/can-2024-noussair-mazraoui-forfait\/#primaryimage"},"datePublished":"2023-12-14T15:52:22+00:00","dateModified":"2023-12-14T15:52:22+00:00","author":{"@id":"https:\/\/www.nettali.com\/#\/schema\/person\/bb147657c2986240405a608162b9bb23"},"breadcrumb":{"@id":"https:\/\/www.nettali.com\/2023\/12\/14\/can-2024-noussair-mazraoui-forfait\/#breadcrumb"},"inLanguage":"fr-FR","potentialAction":[{"@type":"ReadAction","target":["https:\/\/www.nettali.com\/2023\/12\/14\/can-2024-noussair-mazraoui-forfait\/"]}]},{"@type":"BreadcrumbList","@id":"https:\/\/www.nettali.com\/2023\/12\/14\/can-2024-noussair-mazraoui-forfait\/#breadcrumb","itemListElement":[{"@type":"ListItem","position":1,"name":"Accueil","item":"https:\/\/www.nettali.com\/"},{"@type":"ListItem","position":2,"name":"CAN 2024 - Noussair Mazraoui forfait"}]},{"@type":"Person","@id":"https:\/\/www.nettali.com\/#\/schema\/person\/bb147657c2986240405a608162b9bb23","name":"Ibrahima","image":{"@type":"ImageObject","@id":"https:\/\/www.nettali.com\/#personlogo","inLanguage":"fr-FR","url":"https:\/\/secure.gravatar.com\/avatar\/26a8a81f09f0dd7624c9d5c36c9ba3a2?s=96&d=mm&r=g","contentUrl":"https:\/\/secure.gravatar.com\/avatar\/26a8a81f09f0dd7624c9d5c36c9ba3a2?s=96&d=mm&r=g","caption":"Ibrahima"},"sameAs":["https:\/\/www.nettali.com"]}]}},"_links":{"self":[{"href":"https:\/\/www.nettali.com\/rest\/wp\/v2\/posts\/123680"}],"collection":[{"href":"https:\/\/www.nettali.com\/rest\/wp\/v2\/posts"}],"about":[{"href":"https:\/\/www.nettali.com\/rest\/wp\/v2\/types\/post"}],"author":[{"embeddable":true,"href":"https:\/\/www.nettali.com\/rest\/wp\/v2\/users\/5"}],"replies":[{"embeddable":true,"href":"https:\/\/www.nettali.com\/rest\/wp\/v2\/comments?post=123680"}],"version-history":[{"count":2,"href":"https:\/\/www.nettali.com\/rest\/wp\/v2\/posts\/123680\/revisions"}],"predecessor-version":[{"id":123687,"href":"https:\/\/www.nettali.com\/rest\/wp\/v2\/posts\/123680\/revisions\/123687"}],"wp:featuredmedia":[{"embeddable":true,"href":"https:\/\/www.nettali.com\/rest\/wp\/v2\/media\/123681"}],"wp:attachment":[{"href":"https:\/\/www.nettali.com\/rest\/wp\/v2\/media?parent=123680"}],"wp:term":[{"taxonomy":"category","embeddable":true,"href":"https:\/\/www.nettali.com\/rest\/wp\/v2\/categories?post=123680"},{"taxonomy":"post_tag","embeddable":true,"href":"https:\/\/www.nettali.com\/rest\/wp\/v2\/tags?post=123680"}],"curies":[{"name":"wp","href":"https:\/\/api.w.org\/{rel}","templated":true}]}}