{"id":123676,"date":"2023-12-14T17:12:55","date_gmt":"2023-12-14T17:12:55","guid":{"rendered":"https:\/\/www.nettali.com\/?p=123676"},"modified":"2023-12-14T19:23:19","modified_gmt":"2023-12-14T19:23:19","slug":"victoire-de-ousmane-sonko-au-ti-de-dakar-la-reaction-de-la-classe-politique","status":"publish","type":"post","link":"https:\/\/www.nettali.com\/2023\/12\/14\/victoire-de-ousmane-sonko-au-ti-de-dakar-la-reaction-de-la-classe-politique\/","title":{"rendered":"VICTOIRE DE SONKO AU TI DE DAKAR - La r\u00e9action de la classe politique"},"content":{"rendered":"<p><strong>NETTALI.COM- Le verdict est tomb\u00e9 ce matin. Le maire de Ziguinchor va \u00eatre r\u00e9int\u00e9gr\u00e9 dans le fichier \u00e9lectoral. La\u00a0 d\u00e9cision est diversement appr\u00e9ci\u00e9e par la classe politique et de Babacar B\u00e2 du Forum du justiciable. <\/strong><\/p>\n<p><strong>Ayib Daff\u00e9, Secr\u00e9taire g\u00e9n\u00e9ral par int\u00e9rim de l'ex-Pastef <\/strong><\/p>\n<p><strong>\u00ab Nous devons nous rendre \u00e0 la Dge le plut\u00f4t possible. \u00a0\u00bb\u00a0<\/strong><\/p>\n<p>\u00ab C\u2019est une r\u00e9action de satisfaction que nous avons pour nous f\u00e9liciter de cette d\u00e9cision qui nous conforte dans notre position. La radiation du candidat Ousmane Sonko \u00e9tait pr\u00e9cipit\u00e9e, arbitraire, ill\u00e9gale, irr\u00e9guli\u00e8re et sans motif. C\u2019\u00e9tait simplement une radiation politique mais qui n\u2019\u00e9tait pas fond\u00e9e sur le droit. L\u00e0, je pense que nous \u00e9tions convaincus et le juge Sabassy Faye l\u2019avait d\u00e9j\u00e0 d\u00e9montr\u00e9. En principe, nous devons nous rendre \u00e0 la Dge le plut\u00f4t possible. Maintenant nous sommes \u00e0 l\u2019\u00e9coute du mandat c\u2019est-\u00e0-dire le Pr\u00e9sident Ousmane Sonko et de ses conseils qui vont lui rendre compte imm\u00e9diatement. Nous demandons \u00e0 l\u2019administration de faire preuve d\u2019esprit r\u00e9publicain, de faire preuve de respect de la l\u00e9galit\u00e9 et d\u2019appliquer les d\u00e9cisions de justice que ce soit le minist\u00e8re de l\u2019Int\u00e9rieur,\u00a0 que ce soit la Direction G\u00e9n\u00e9rale des \u00e9lections, la Cena et acteurs qui encadrent la supervision de ce processus \u00e9lectoral afin d\u2019\u00e9viter de se m\u00ealer des affaires politiques et d\u2019appliquer les d\u00e9cisions de justice. Ce qui devait \u00eatre \u00e0 mon \u00e9gard une banalit\u00e9 \u00bb.<\/p>\n<p><strong>Cheikh Tidiane Di\u00e8ye, membre de la coalition Yewwi Askan wi : <\/strong><strong>\u00ab <\/strong><strong>Ce juge qui s\u2019est prononc\u00e9 favorablement \u00e0 Ousmane Sonko n\u2019est pas dans le complot \u00bb\u00a0<\/strong><\/p>\n<p>\u00ab Le peuple s\u00e9n\u00e9galais s\u2019est prononc\u00e9 aujourd\u2019hui, par la bouche d\u2019un juge comme le peuple l\u2019a fait \u00e0 Ziguinchor il y\u2019a quelques semaines. Nous sommes tr\u00e8s fiers de ce peuple s\u00e9n\u00e9galais, qui n\u2019a jamais dout\u00e9 et qui n\u2019a jamais renonc\u00e9 et qui a continu\u00e9 \u00e0 soutenir Ousmane Sonko. L\u2019homme que ce peuple a choisi celui que la majorit\u00e9 a choisi pour le repr\u00e9senter, pour \u00eatre son Pr\u00e9sident de la R\u00e9publique. Les S\u00e9n\u00e9galais ne l\u2019ont jamais l\u00e2ch\u00e9 malgr\u00e9 les difficult\u00e9s du moment. Malgr\u00e9 les brimades, la pers\u00e9cution, les arrestations, la violence et les assassinats, le peuple s\u00e9n\u00e9galais a continu\u00e9 \u00e0 tenir debout et \u00e0 \u00eatre aux cot\u00e9s de Sonko pour le prot\u00e9ger, pour l\u2019encadrer, pour l\u2019amener de l\u2019avant afin qu\u2019il puisse accomplir son destin. C\u2019est ce peuple l\u00e0 qui a aujourd\u2019hui gagn\u00e9 face \u00e0 la toute-puissance d\u2019un Etat. Ce n\u2019est pas l\u2019\u00c9tat du S\u00e9n\u00e9gal qui a attaqu\u00e9 Ousmane Sonko, c\u2019est quelques hommes et femmes tapis dans l\u2019Etat qui ont instrumentalis\u00e9 l\u2019Etat, qui se sont arrog\u00e9s le droit d\u2019\u00eatre l\u2019\u00c9tat. Le Pr\u00e9sident n\u2019est pas l\u2019Etat. Le Pr\u00e9sident c\u2019est le chef de l\u2019Etat. C\u2019est diff\u00e9rent. C\u2019est pourquoi m\u00eame c\u2019est un abus de langage quand on dit Etat du S\u00e9n\u00e9gal contre Ousmane Sonko. Ce juge qui s\u2019est prononc\u00e9 favorablement \u00e0 Ousmane Sonko est un acteur de l\u2019Etat et donc il n\u2019est pas dans le complot. Il a dit le droit. Ceux qui ont voulu ensevelir Ousmane Sonko ne sont pas l\u2019Etat, ils ont utilis\u00e9 l\u2019Etat et ses leviers pour d\u00e9truire un opposant politique. Aujourd\u2019hui la justice a dit non parce que le peuple a dit non. Nous sommes fiers et rassur\u00e9s. Nous sommes apais\u00e9s et l\u2019histoire renait \u00bb.<\/p>\n<p><strong>Amina Tour\u00e9, Pr\u00e9sidente de la coalition \u00ab Mimi 2024 \u00bb<\/strong><\/p>\n<p>\u00ab <strong>C\u2019est un pas vers la r\u00e9conciliation du peuple s\u00e9n\u00e9galais avec sa justice\u00a0\u00bb\u00a0<\/strong><\/p>\n<p>\u00ab Bravo au Juge du Tribunal d\u2019Instance de Dakar! Un excellent pas vers la r\u00e9conciliation du Peuple s\u00e9n\u00e9galais avec sa Justice. Que les juges du Conseil Constitutionnel en fassent de m\u00eame. Nous allons vers une \u00e9lection pr\u00e9sidentielle inclusive avec la participation de tous les candidats y compris Ousmane Sonko \u00bb.<\/p>\n<p><strong>Pape Mahawa Diouf, porte-parole de la coalition benno bokk Yaakar <\/strong><\/p>\n<p><strong>\u00ab Cette d\u00e9cision prouve \u00e0 suffisance l\u2019ind\u00e9pendance de la justice S\u00e9n\u00e9galaise\u00a0 \u00bb\u00a0<\/strong><\/p>\n<p>\u00ab C\u2019est une d\u00e9cision de justice \u00e0 laquelle nous nous soumettons comme \u00e0 l\u2019accoutum\u00e9e. Le premier constat que nous faisons et que tout le monde a fait est que la justice s\u00e9n\u00e9galaise est une justice libre qui dit le droit et est l\u00e0 pour tout le monde. L\u2019opposition a toujours tendance \u00e0 dire \u00e0 chaque fois la justice tranche de son c\u00f4t\u00e9 que nous avons une justice libre. Et \u00e0 chaque fois que la justice leur donne tort, qu\u2019ils disent que c\u2019est une justice \u00e0 deux balles qu\u2019elle appartient \u00e0 Macky Sall. Ce d\u00e9bat-l\u00e0 ne doit plus avoir lieu. Le pouvoir judiciaire est un pouvoir souverain. Maintenant l\u2019Etat a la possibilit\u00e9 de se pourvoir en cassation. Mais nous ne savons pas exactement qu\u2019elle va \u00eatre l\u2019attitude de la Dge. Ensuite, ce que nous saluons avec forte conviction c\u2019est le fait que nous sommes dans un pays o\u00f9, c\u2019est le droit qui r\u00e9git les relations entre politique, les relations entre civils, les relations entre citoyens. On ne peut pas demander une chose et son contraire. Demander \u00e0 la justice de dire le droit en m\u00eame demander \u00e0 ce que le droit ne soit pas dit. Il faut savoir ce que l\u2019on veut. Si l\u2019Etat se pourvoit en cassation, le pourvoi ne serait peut \u00eatre pas suspensif mais son effet est que la d\u00e9cision du tribunal n\u2019est pas d\u00e9cisive. La Dge peut avoir le droit de maintenir la m\u00eame position en refusant de d\u00e9livrer les fiches de parrainage \u00e0 Sonko. Mais cela, je vise bien le conditionnel, n\u2019est pas de notre ressort, c\u2019est du ressort des institutions, de l\u2019administration et de l\u2019Etat \u00bb.<\/p>\n<p><strong>Babacar Ba, forum du justiciable\u00a0<\/strong><\/p>\n<p><strong>\u00ab Le probl\u00e8me, ce n\u2019est pas la magistrature, ce sont les acteurs politiques \u00bb\u00a0<\/strong><\/p>\n<p>\u00ab J\u2019ai toujours fait partie de ceux qui croient que nous sommes dans un \u00c9tat de droit. La justice s\u00e9n\u00e9galaise quels que puissent \u00eatre les faits, est une justice \u00e9quitable, ind\u00e9pendante. Nous avons une justice opulente, forte. Partout dans le monde, il n\u2019existe pas de justice parfait. Il y\u2019a toujours des manquements qu\u2019il faut ajuster en droit. C\u2019est pourquoi de temps \u00e0 autres, des reformes judiciaires sont initi\u00e9es. Mais, nous avons de tr\u00e8s bons magistrats tr\u00e8s bien form\u00e9s et int\u00e8gres. Le probl\u00e8me ce sont les acteurs politiques. C\u2019est eux qui veulent orienter la justice selon leurs humeurs changeantes. Aujourd\u2019hui, ils vont applaudir parce que la d\u00e9cision rendue leur est favorable mais demain, ils vont se mettre \u00e0 insulter la justice parce que tout simplement la justice rendue ne les arrange pas. Le probl\u00e8me ne r\u00e9side pas au niveau de la magistrature mais au niveau des hommes politiques \u00bb.<\/p>\n<div class='share-to-whatsapp-wrapper'><div class='share-on-whsp'>PARTAGER SUR : <\/div><a data-text='VICTOIRE DE SONKO AU TI DE DAKAR - La r\u00e9action de la classe politique' data-link='https:\/\/www.nettali.com\/2023\/12\/14\/victoire-de-ousmane-sonko-au-ti-de-dakar-la-reaction-de-la-classe-politique\/' class='whatsapp-button whatsapp-share'>WhatsApp<\/a><div class='clear '><\/div><\/div>","protected":false},"excerpt":{"rendered":"<p>NETTALI.COM- Le verdict est tomb\u00e9 ce matin. Le maire de Ziguinchor va \u00eatre r\u00e9int\u00e9gr\u00e9 dans le fichier \u00e9lectoral. La\u00a0 d\u00e9cision est diversement appr\u00e9ci\u00e9e par la classe politique et de Babacar B\u00e2 du Forum du justiciable. Ayib Daff\u00e9, Secr\u00e9taire g\u00e9n\u00e9ral par int\u00e9rim de l'ex-Pastef \u00ab Nous devons nous rendre \u00e0 la Dge le plut\u00f4t possible. \u00a0\u00bb\u00a0 [&hellip;]<\/p>\n","protected":false},"author":6,"featured_media":123646,"comment_status":"open","ping_status":"open","sticky":false,"template":"","format":"standard","meta":{"_et_pb_use_builder":"","_et_pb_old_content":""},"categories":[2],"tags":[],"yoast_head":"<!-- This site is optimized with the Yoast SEO Premium plugin v17.8 (Yoast SEO v17.8) - https:\/\/yoast.com\/wordpress\/plugins\/seo\/ -->\n<title>VICTOIRE DE SONKO AU TI DE DAKAR - La r\u00e9action de la classe politique | Nettali.com<\/title>\n<meta name=\"robots\" content=\"index, follow, max-snippet:-1, max-image-preview:large, max-video-preview:-1\" \/>\n<link rel=\"canonical\" href=\"https:\/\/www.nettali.com\/2023\/12\/14\/victoire-de-ousmane-sonko-au-ti-de-dakar-la-reaction-de-la-classe-politique\/\" \/>\n<meta property=\"og:locale\" content=\"fr_FR\" \/>\n<meta property=\"og:type\" content=\"article\" \/>\n<meta property=\"og:title\" content=\"VICTOIRE DE SONKO AU TI DE DAKAR - La r\u00e9action de la classe politique\" \/>\n<meta property=\"og:description\" content=\"NETTALI.COM- Le verdict est tomb\u00e9 ce matin. Le maire de Ziguinchor va \u00eatre r\u00e9int\u00e9gr\u00e9 dans le fichier \u00e9lectoral. La\u00a0 d\u00e9cision est diversement appr\u00e9ci\u00e9e par la classe politique et de Babacar B\u00e2 du Forum du justiciable. Ayib Daff\u00e9, Secr\u00e9taire g\u00e9n\u00e9ral par int\u00e9rim de l&#039;ex-Pastef \u00ab Nous devons nous rendre \u00e0 la Dge le plut\u00f4t possible. \u00a0\u00bb\u00a0 [&hellip;]\" \/>\n<meta property=\"og:url\" content=\"https:\/\/www.nettali.com\/2023\/12\/14\/victoire-de-ousmane-sonko-au-ti-de-dakar-la-reaction-de-la-classe-politique\/\" \/>\n<meta property=\"og:site_name\" content=\"Nettali.com\" \/>\n<meta property=\"article:publisher\" content=\"https:\/\/www.facebook.com\/nettalicom\" \/>\n<meta property=\"article:published_time\" content=\"2023-12-14T17:12:55+00:00\" \/>\n<meta property=\"article:modified_time\" content=\"2023-12-14T19:23:19+00:00\" \/>\n<meta property=\"og:image\" content=\"https:\/\/www.nettali.com\/wp-content\/uploads\/2023\/12\/AP23304769075573.jpg\" \/>\n\t<meta property=\"og:image:width\" content=\"980\" \/>\n\t<meta property=\"og:image:height\" content=\"551\" \/>\n<meta name=\"twitter:card\" content=\"summary_large_image\" \/>\n<meta name=\"twitter:label1\" content=\"\u00c9crit par\" \/>\n\t<meta name=\"twitter:data1\" content=\"Fatou\" \/>\n\t<meta name=\"twitter:label2\" content=\"Dur\u00e9e de lecture estim\u00e9e\" \/>\n\t<meta name=\"twitter:data2\" content=\"6 minutes\" \/>\n<script type=\"application\/ld+json\" class=\"yoast-schema-graph\">{\"@context\":\"https:\/\/schema.org\",\"@graph\":[{\"@type\":\"WebSite\",\"@id\":\"https:\/\/www.nettali.com\/#website\",\"url\":\"https:\/\/www.nettali.com\/\",\"name\":\"Nettali.com\",\"description\":\"Le rendez-vous critique du Net\",\"potentialAction\":[{\"@type\":\"SearchAction\",\"target\":{\"@type\":\"EntryPoint\",\"urlTemplate\":\"https:\/\/www.nettali.com\/?s={search_term_string}\"},\"query-input\":\"required name=search_term_string\"}],\"inLanguage\":\"fr-FR\"},{\"@type\":\"ImageObject\",\"@id\":\"https:\/\/www.nettali.com\/2023\/12\/14\/victoire-de-ousmane-sonko-au-ti-de-dakar-la-reaction-de-la-classe-politique\/#primaryimage\",\"inLanguage\":\"fr-FR\",\"url\":\"https:\/\/www.nettali.com\/wp-content\/uploads\/2023\/12\/AP23304769075573.jpg\",\"contentUrl\":\"https:\/\/www.nettali.com\/wp-content\/uploads\/2023\/12\/AP23304769075573.jpg\",\"width\":980,\"height\":551},{\"@type\":\"WebPage\",\"@id\":\"https:\/\/www.nettali.com\/2023\/12\/14\/victoire-de-ousmane-sonko-au-ti-de-dakar-la-reaction-de-la-classe-politique\/#webpage\",\"url\":\"https:\/\/www.nettali.com\/2023\/12\/14\/victoire-de-ousmane-sonko-au-ti-de-dakar-la-reaction-de-la-classe-politique\/\",\"name\":\"VICTOIRE DE SONKO AU TI DE DAKAR - La r\\u00e9action de la classe politique | Nettali.com\",\"isPartOf\":{\"@id\":\"https:\/\/www.nettali.com\/#website\"},\"primaryImageOfPage\":{\"@id\":\"https:\/\/www.nettali.com\/2023\/12\/14\/victoire-de-ousmane-sonko-au-ti-de-dakar-la-reaction-de-la-classe-politique\/#primaryimage\"},\"datePublished\":\"2023-12-14T17:12:55+00:00\",\"dateModified\":\"2023-12-14T19:23:19+00:00\",\"author\":{\"@id\":\"https:\/\/www.nettali.com\/#\/schema\/person\/418274a86bdf87caff7a3ef476bd0bbf\"},\"breadcrumb\":{\"@id\":\"https:\/\/www.nettali.com\/2023\/12\/14\/victoire-de-ousmane-sonko-au-ti-de-dakar-la-reaction-de-la-classe-politique\/#breadcrumb\"},\"inLanguage\":\"fr-FR\",\"potentialAction\":[{\"@type\":\"ReadAction\",\"target\":[\"https:\/\/www.nettali.com\/2023\/12\/14\/victoire-de-ousmane-sonko-au-ti-de-dakar-la-reaction-de-la-classe-politique\/\"]}]},{\"@type\":\"BreadcrumbList\",\"@id\":\"https:\/\/www.nettali.com\/2023\/12\/14\/victoire-de-ousmane-sonko-au-ti-de-dakar-la-reaction-de-la-classe-politique\/#breadcrumb\",\"itemListElement\":[{\"@type\":\"ListItem\",\"position\":1,\"name\":\"Accueil\",\"item\":\"https:\/\/www.nettali.com\/\"},{\"@type\":\"ListItem\",\"position\":2,\"name\":\"VICTOIRE DE SONKO AU TI DE DAKAR - La r\\u00e9action de la classe politique\"}]},{\"@type\":\"Person\",\"@id\":\"https:\/\/www.nettali.com\/#\/schema\/person\/418274a86bdf87caff7a3ef476bd0bbf\",\"name\":\"Fatou\",\"image\":{\"@type\":\"ImageObject\",\"@id\":\"https:\/\/www.nettali.com\/#personlogo\",\"inLanguage\":\"fr-FR\",\"url\":\"https:\/\/secure.gravatar.com\/avatar\/5a9442a2bee7b4dcf167cab035858e9a?s=96&d=mm&r=g\",\"contentUrl\":\"https:\/\/secure.gravatar.com\/avatar\/5a9442a2bee7b4dcf167cab035858e9a?s=96&d=mm&r=g\",\"caption\":\"Fatou\"},\"sameAs\":[\"https:\/\/www.nettali.com\"]}]}<\/script>\n<!-- \/ Yoast SEO Premium plugin. -->","yoast_head_json":{"title":"VICTOIRE DE SONKO AU TI DE DAKAR - La r\u00e9action de la classe politique | Nettali.com","robots":{"index":"index","follow":"follow","max-snippet":"max-snippet:-1","max-image-preview":"max-image-preview:large","max-video-preview":"max-video-preview:-1"},"canonical":"https:\/\/www.nettali.com\/2023\/12\/14\/victoire-de-ousmane-sonko-au-ti-de-dakar-la-reaction-de-la-classe-politique\/","og_locale":"fr_FR","og_type":"article","og_title":"VICTOIRE DE SONKO AU TI DE DAKAR - La r\u00e9action de la classe politique","og_description":"NETTALI.COM- Le verdict est tomb\u00e9 ce matin. Le maire de Ziguinchor va \u00eatre r\u00e9int\u00e9gr\u00e9 dans le fichier \u00e9lectoral. La\u00a0 d\u00e9cision est diversement appr\u00e9ci\u00e9e par la classe politique et de Babacar B\u00e2 du Forum du justiciable. Ayib Daff\u00e9, Secr\u00e9taire g\u00e9n\u00e9ral par int\u00e9rim de l'ex-Pastef \u00ab Nous devons nous rendre \u00e0 la Dge le plut\u00f4t possible. \u00a0\u00bb\u00a0 [&hellip;]","og_url":"https:\/\/www.nettali.com\/2023\/12\/14\/victoire-de-ousmane-sonko-au-ti-de-dakar-la-reaction-de-la-classe-politique\/","og_site_name":"Nettali.com","article_publisher":"https:\/\/www.facebook.com\/nettalicom","article_published_time":"2023-12-14T17:12:55+00:00","article_modified_time":"2023-12-14T19:23:19+00:00","og_image":[{"width":980,"height":551,"url":"https:\/\/www.nettali.com\/wp-content\/uploads\/2023\/12\/AP23304769075573.jpg","type":"image\/jpeg"}],"twitter_card":"summary_large_image","twitter_misc":{"\u00c9crit par":"Fatou","Dur\u00e9e de lecture estim\u00e9e":"6 minutes"},"schema":{"@context":"https:\/\/schema.org","@graph":[{"@type":"WebSite","@id":"https:\/\/www.nettali.com\/#website","url":"https:\/\/www.nettali.com\/","name":"Nettali.com","description":"Le rendez-vous critique du Net","potentialAction":[{"@type":"SearchAction","target":{"@type":"EntryPoint","urlTemplate":"https:\/\/www.nettali.com\/?s={search_term_string}"},"query-input":"required name=search_term_string"}],"inLanguage":"fr-FR"},{"@type":"ImageObject","@id":"https:\/\/www.nettali.com\/2023\/12\/14\/victoire-de-ousmane-sonko-au-ti-de-dakar-la-reaction-de-la-classe-politique\/#primaryimage","inLanguage":"fr-FR","url":"https:\/\/www.nettali.com\/wp-content\/uploads\/2023\/12\/AP23304769075573.jpg","contentUrl":"https:\/\/www.nettali.com\/wp-content\/uploads\/2023\/12\/AP23304769075573.jpg","width":980,"height":551},{"@type":"WebPage","@id":"https:\/\/www.nettali.com\/2023\/12\/14\/victoire-de-ousmane-sonko-au-ti-de-dakar-la-reaction-de-la-classe-politique\/#webpage","url":"https:\/\/www.nettali.com\/2023\/12\/14\/victoire-de-ousmane-sonko-au-ti-de-dakar-la-reaction-de-la-classe-politique\/","name":"VICTOIRE DE SONKO AU TI DE DAKAR - La r\u00e9action de la classe politique | Nettali.com","isPartOf":{"@id":"https:\/\/www.nettali.com\/#website"},"primaryImageOfPage":{"@id":"https:\/\/www.nettali.com\/2023\/12\/14\/victoire-de-ousmane-sonko-au-ti-de-dakar-la-reaction-de-la-classe-politique\/#primaryimage"},"datePublished":"2023-12-14T17:12:55+00:00","dateModified":"2023-12-14T19:23:19+00:00","author":{"@id":"https:\/\/www.nettali.com\/#\/schema\/person\/418274a86bdf87caff7a3ef476bd0bbf"},"breadcrumb":{"@id":"https:\/\/www.nettali.com\/2023\/12\/14\/victoire-de-ousmane-sonko-au-ti-de-dakar-la-reaction-de-la-classe-politique\/#breadcrumb"},"inLanguage":"fr-FR","potentialAction":[{"@type":"ReadAction","target":["https:\/\/www.nettali.com\/2023\/12\/14\/victoire-de-ousmane-sonko-au-ti-de-dakar-la-reaction-de-la-classe-politique\/"]}]},{"@type":"BreadcrumbList","@id":"https:\/\/www.nettali.com\/2023\/12\/14\/victoire-de-ousmane-sonko-au-ti-de-dakar-la-reaction-de-la-classe-politique\/#breadcrumb","itemListElement":[{"@type":"ListItem","position":1,"name":"Accueil","item":"https:\/\/www.nettali.com\/"},{"@type":"ListItem","position":2,"name":"VICTOIRE DE SONKO AU TI DE DAKAR - La r\u00e9action de la classe politique"}]},{"@type":"Person","@id":"https:\/\/www.nettali.com\/#\/schema\/person\/418274a86bdf87caff7a3ef476bd0bbf","name":"Fatou","image":{"@type":"ImageObject","@id":"https:\/\/www.nettali.com\/#personlogo","inLanguage":"fr-FR","url":"https:\/\/secure.gravatar.com\/avatar\/5a9442a2bee7b4dcf167cab035858e9a?s=96&d=mm&r=g","contentUrl":"https:\/\/secure.gravatar.com\/avatar\/5a9442a2bee7b4dcf167cab035858e9a?s=96&d=mm&r=g","caption":"Fatou"},"sameAs":["https:\/\/www.nettali.com"]}]}},"_links":{"self":[{"href":"https:\/\/www.nettali.com\/rest\/wp\/v2\/posts\/123676"}],"collection":[{"href":"https:\/\/www.nettali.com\/rest\/wp\/v2\/posts"}],"about":[{"href":"https:\/\/www.nettali.com\/rest\/wp\/v2\/types\/post"}],"author":[{"embeddable":true,"href":"https:\/\/www.nettali.com\/rest\/wp\/v2\/users\/6"}],"replies":[{"embeddable":true,"href":"https:\/\/www.nettali.com\/rest\/wp\/v2\/comments?post=123676"}],"version-history":[{"count":4,"href":"https:\/\/www.nettali.com\/rest\/wp\/v2\/posts\/123676\/revisions"}],"predecessor-version":[{"id":123693,"href":"https:\/\/www.nettali.com\/rest\/wp\/v2\/posts\/123676\/revisions\/123693"}],"wp:featuredmedia":[{"embeddable":true,"href":"https:\/\/www.nettali.com\/rest\/wp\/v2\/media\/123646"}],"wp:attachment":[{"href":"https:\/\/www.nettali.com\/rest\/wp\/v2\/media?parent=123676"}],"wp:term":[{"taxonomy":"category","embeddable":true,"href":"https:\/\/www.nettali.com\/rest\/wp\/v2\/categories?post=123676"},{"taxonomy":"post_tag","embeddable":true,"href":"https:\/\/www.nettali.com\/rest\/wp\/v2\/tags?post=123676"}],"curies":[{"name":"wp","href":"https:\/\/api.w.org\/{rel}","templated":true}]}}