{"id":123670,"date":"2023-12-14T11:50:17","date_gmt":"2023-12-14T11:50:17","guid":{"rendered":"https:\/\/www.nettali.com\/?p=123670"},"modified":"2023-12-14T11:51:55","modified_gmt":"2023-12-14T11:51:55","slug":"me-bamba-cisse-cette-decision-est-tres-bonne-pour-tout-le-monde","status":"publish","type":"post","link":"https:\/\/www.nettali.com\/2023\/12\/14\/me-bamba-cisse-cette-decision-est-tres-bonne-pour-tout-le-monde\/","title":{"rendered":"Me BAMBA CISSE : \"Cette d\u00e9cision est tr\u00e8s bonne pour tout le monde\""},"content":{"rendered":"<p><strong>NETTALI.COM - Avocat d'Ousmane Sonko, Me Bamba Ciss\u00e9 est tr\u00e8s satisfait de la d\u00e9cision rendue ce jeudi par le Tribunal d'instance de Dakar annulant la radiation de son client des listes \u00e9lectorales. Selon lui, personne n'a perdu, seule le peuple s\u00e9n\u00e9galais a gagn\u00e9.<\/strong><\/p>\n<p>\"<em>Le juge a tout simple annul\u00e9 la mesure de radiation qui avait \u00e9t\u00e9 prise par l'Etat du S\u00e9n\u00e9gal contre Ousmane Sonko. Et le juge a ordonn\u00e9 la r\u00e9int\u00e9gration d'Ousmane Sonko dans le ficihier \u00e9lectoral<\/em>\", commente Me Bamba Ciss\u00e9 \u00e0 sa sortie du palais de justice ce jeudi. Le juge Ousmane Racine Thione venait juste de rendre sa d\u00e9cision demandant la r\u00e9int\u00e9gration d'Ousmane Sonko dans le fichier \u00e9lectoral. Et pour Me Bamba Ciss\u00e9, cette d\u00e9cision est la victoire du peuple s\u00e9n\u00e9galais. \"<em>Nous remercions le peuple s\u00e9n\u00e9galais, l'ensemble des patriotes. Patriotes au sens large du terme, c'est-\u00e0-dire tous ceux qui se sont mobilis\u00e9s pour la justice, pour des \u00e9lections inclusives et pour le respect du droit de vote. Les S\u00e9n\u00e9galais veulent voter pour un candidat de leur choix et chosir librement leur pr\u00e9sident en vertu du droit des peuples \u00e0 disposer d'eux-m\u00eames<\/em>\", soutient l'avocat.<\/p>\n<p>De l'avis de Me Ciss\u00e9, personne n'a gagn\u00e9 dans cette affaire. \"<em>Pour moi, c'est le peuple au sens large du terme qui a gagn\u00e9. C'est pourquoi j'estime que cette d\u00e9cision est tr\u00e8s bonne pour tout le monde. C'est un vent de d\u00e9mocratie et de libert\u00e9 qui a souffl\u00e9 aujourd'hui. On doit accompagner ce processus dans le calme<\/em>\", dit-il. Avant de poursuivre: \"<em>Et je pense que l'Etat du S\u00e9n\u00e9gal ne devrait pas se pourvoir en cassation. C'est le peuple qui a d\u00e9cid\u00e9 puisque la justice est rendue au nom du peuple. Nous sommes tr\u00e8s satisfaits de la d\u00e9cision. Et nous saluons la r\u00e9int\u00e9gration de M. Ousmane Sonko qui va participer \u00e0 la pr\u00e9sidentielle de 2024.<\/em>\"<\/p>\n<div class='share-to-whatsapp-wrapper'><div class='share-on-whsp'>PARTAGER SUR : <\/div><a data-text='Me BAMBA CISSE : \"Cette d\u00e9cision est tr\u00e8s bonne pour tout le monde\"' data-link='https:\/\/www.nettali.com\/2023\/12\/14\/me-bamba-cisse-cette-decision-est-tres-bonne-pour-tout-le-monde\/' class='whatsapp-button whatsapp-share'>WhatsApp<\/a><div class='clear '><\/div><\/div>","protected":false},"excerpt":{"rendered":"<p>NETTALI.COM - Avocat d'Ousmane Sonko, Me Bamba Ciss\u00e9 est tr\u00e8s satisfait de la d\u00e9cision rendue ce jeudi par le Tribunal d'instance de Dakar annulant la radiation de son client des listes \u00e9lectorales. Selon lui, personne n'a perdu, seule le peuple s\u00e9n\u00e9galais a gagn\u00e9. \"Le juge a tout simple annul\u00e9 la mesure de radiation qui avait [&hellip;]<\/p>\n","protected":false},"author":3,"featured_media":123673,"comment_status":"open","ping_status":"open","sticky":false,"template":"","format":"standard","meta":{"_et_pb_use_builder":"","_et_pb_old_content":""},"categories":[2],"tags":[],"yoast_head":"<!-- This site is optimized with the Yoast SEO Premium plugin v17.8 (Yoast SEO v17.8) - https:\/\/yoast.com\/wordpress\/plugins\/seo\/ -->\n<title>Me BAMBA CISSE : &quot;Cette d\u00e9cision est tr\u00e8s bonne pour tout le monde&quot; | Nettali.com<\/title>\n<meta name=\"robots\" content=\"index, follow, max-snippet:-1, max-image-preview:large, max-video-preview:-1\" \/>\n<link rel=\"canonical\" href=\"https:\/\/www.nettali.com\/2023\/12\/14\/me-bamba-cisse-cette-decision-est-tres-bonne-pour-tout-le-monde\/\" \/>\n<meta property=\"og:locale\" content=\"fr_FR\" \/>\n<meta property=\"og:type\" content=\"article\" \/>\n<meta property=\"og:title\" content=\"Me BAMBA CISSE : &quot;Cette d\u00e9cision est tr\u00e8s bonne pour tout le monde&quot;\" \/>\n<meta property=\"og:description\" content=\"NETTALI.COM - Avocat d&#039;Ousmane Sonko, Me Bamba Ciss\u00e9 est tr\u00e8s satisfait de la d\u00e9cision rendue ce jeudi par le Tribunal d&#039;instance de Dakar annulant la radiation de son client des listes \u00e9lectorales. Selon lui, personne n&#039;a perdu, seule le peuple s\u00e9n\u00e9galais a gagn\u00e9. &quot;Le juge a tout simple annul\u00e9 la mesure de radiation qui avait [&hellip;]\" \/>\n<meta property=\"og:url\" content=\"https:\/\/www.nettali.com\/2023\/12\/14\/me-bamba-cisse-cette-decision-est-tres-bonne-pour-tout-le-monde\/\" \/>\n<meta property=\"og:site_name\" content=\"Nettali.com\" \/>\n<meta property=\"article:publisher\" content=\"https:\/\/www.facebook.com\/nettalicom\" \/>\n<meta property=\"article:published_time\" content=\"2023-12-14T11:50:17+00:00\" \/>\n<meta property=\"article:modified_time\" content=\"2023-12-14T11:51:55+00:00\" \/>\n<meta property=\"og:image\" content=\"https:\/\/www.nettali.com\/wp-content\/uploads\/2023\/12\/bamba-cisse.jpg\" \/>\n\t<meta property=\"og:image:width\" content=\"1280\" \/>\n\t<meta property=\"og:image:height\" content=\"720\" \/>\n<meta name=\"twitter:card\" content=\"summary_large_image\" \/>\n<meta name=\"twitter:label1\" content=\"\u00c9crit par\" \/>\n\t<meta name=\"twitter:data1\" content=\"Moustapha\" \/>\n\t<meta name=\"twitter:label2\" content=\"Dur\u00e9e de lecture estim\u00e9e\" \/>\n\t<meta name=\"twitter:data2\" content=\"2 minutes\" \/>\n<script type=\"application\/ld+json\" class=\"yoast-schema-graph\">{\"@context\":\"https:\/\/schema.org\",\"@graph\":[{\"@type\":\"WebSite\",\"@id\":\"https:\/\/www.nettali.com\/#website\",\"url\":\"https:\/\/www.nettali.com\/\",\"name\":\"Nettali.com\",\"description\":\"Le rendez-vous critique du Net\",\"potentialAction\":[{\"@type\":\"SearchAction\",\"target\":{\"@type\":\"EntryPoint\",\"urlTemplate\":\"https:\/\/www.nettali.com\/?s={search_term_string}\"},\"query-input\":\"required name=search_term_string\"}],\"inLanguage\":\"fr-FR\"},{\"@type\":\"ImageObject\",\"@id\":\"https:\/\/www.nettali.com\/2023\/12\/14\/me-bamba-cisse-cette-decision-est-tres-bonne-pour-tout-le-monde\/#primaryimage\",\"inLanguage\":\"fr-FR\",\"url\":\"https:\/\/www.nettali.com\/wp-content\/uploads\/2023\/12\/bamba-cisse.jpg\",\"contentUrl\":\"https:\/\/www.nettali.com\/wp-content\/uploads\/2023\/12\/bamba-cisse.jpg\",\"width\":1280,\"height\":720},{\"@type\":\"WebPage\",\"@id\":\"https:\/\/www.nettali.com\/2023\/12\/14\/me-bamba-cisse-cette-decision-est-tres-bonne-pour-tout-le-monde\/#webpage\",\"url\":\"https:\/\/www.nettali.com\/2023\/12\/14\/me-bamba-cisse-cette-decision-est-tres-bonne-pour-tout-le-monde\/\",\"name\":\"Me BAMBA CISSE : \\\"Cette d\\u00e9cision est tr\\u00e8s bonne pour tout le monde\\\" | Nettali.com\",\"isPartOf\":{\"@id\":\"https:\/\/www.nettali.com\/#website\"},\"primaryImageOfPage\":{\"@id\":\"https:\/\/www.nettali.com\/2023\/12\/14\/me-bamba-cisse-cette-decision-est-tres-bonne-pour-tout-le-monde\/#primaryimage\"},\"datePublished\":\"2023-12-14T11:50:17+00:00\",\"dateModified\":\"2023-12-14T11:51:55+00:00\",\"author\":{\"@id\":\"https:\/\/www.nettali.com\/#\/schema\/person\/7962a12a6e0267f88f0ffa544c36469a\"},\"breadcrumb\":{\"@id\":\"https:\/\/www.nettali.com\/2023\/12\/14\/me-bamba-cisse-cette-decision-est-tres-bonne-pour-tout-le-monde\/#breadcrumb\"},\"inLanguage\":\"fr-FR\",\"potentialAction\":[{\"@type\":\"ReadAction\",\"target\":[\"https:\/\/www.nettali.com\/2023\/12\/14\/me-bamba-cisse-cette-decision-est-tres-bonne-pour-tout-le-monde\/\"]}]},{\"@type\":\"BreadcrumbList\",\"@id\":\"https:\/\/www.nettali.com\/2023\/12\/14\/me-bamba-cisse-cette-decision-est-tres-bonne-pour-tout-le-monde\/#breadcrumb\",\"itemListElement\":[{\"@type\":\"ListItem\",\"position\":1,\"name\":\"Accueil\",\"item\":\"https:\/\/www.nettali.com\/\"},{\"@type\":\"ListItem\",\"position\":2,\"name\":\"Me BAMBA CISSE : \\\"Cette d\\u00e9cision est tr\\u00e8s bonne pour tout le monde\\\"\"}]},{\"@type\":\"Person\",\"@id\":\"https:\/\/www.nettali.com\/#\/schema\/person\/7962a12a6e0267f88f0ffa544c36469a\",\"name\":\"Moustapha\",\"image\":{\"@type\":\"ImageObject\",\"@id\":\"https:\/\/www.nettali.com\/#personlogo\",\"inLanguage\":\"fr-FR\",\"url\":\"https:\/\/secure.gravatar.com\/avatar\/10fdf6a071cccdcf374e3dbe45159590?s=96&d=mm&r=g\",\"contentUrl\":\"https:\/\/secure.gravatar.com\/avatar\/10fdf6a071cccdcf374e3dbe45159590?s=96&d=mm&r=g\",\"caption\":\"Moustapha\"},\"sameAs\":[\"https:\/\/www.nettali.com\"]}]}<\/script>\n<!-- \/ Yoast SEO Premium plugin. -->","yoast_head_json":{"title":"Me BAMBA CISSE : \"Cette d\u00e9cision est tr\u00e8s bonne pour tout le monde\" | Nettali.com","robots":{"index":"index","follow":"follow","max-snippet":"max-snippet:-1","max-image-preview":"max-image-preview:large","max-video-preview":"max-video-preview:-1"},"canonical":"https:\/\/www.nettali.com\/2023\/12\/14\/me-bamba-cisse-cette-decision-est-tres-bonne-pour-tout-le-monde\/","og_locale":"fr_FR","og_type":"article","og_title":"Me BAMBA CISSE : \"Cette d\u00e9cision est tr\u00e8s bonne pour tout le monde\"","og_description":"NETTALI.COM - Avocat d'Ousmane Sonko, Me Bamba Ciss\u00e9 est tr\u00e8s satisfait de la d\u00e9cision rendue ce jeudi par le Tribunal d'instance de Dakar annulant la radiation de son client des listes \u00e9lectorales. Selon lui, personne n'a perdu, seule le peuple s\u00e9n\u00e9galais a gagn\u00e9. \"Le juge a tout simple annul\u00e9 la mesure de radiation qui avait [&hellip;]","og_url":"https:\/\/www.nettali.com\/2023\/12\/14\/me-bamba-cisse-cette-decision-est-tres-bonne-pour-tout-le-monde\/","og_site_name":"Nettali.com","article_publisher":"https:\/\/www.facebook.com\/nettalicom","article_published_time":"2023-12-14T11:50:17+00:00","article_modified_time":"2023-12-14T11:51:55+00:00","og_image":[{"width":1280,"height":720,"url":"https:\/\/www.nettali.com\/wp-content\/uploads\/2023\/12\/bamba-cisse.jpg","type":"image\/jpeg"}],"twitter_card":"summary_large_image","twitter_misc":{"\u00c9crit par":"Moustapha","Dur\u00e9e de lecture estim\u00e9e":"2 minutes"},"schema":{"@context":"https:\/\/schema.org","@graph":[{"@type":"WebSite","@id":"https:\/\/www.nettali.com\/#website","url":"https:\/\/www.nettali.com\/","name":"Nettali.com","description":"Le rendez-vous critique du Net","potentialAction":[{"@type":"SearchAction","target":{"@type":"EntryPoint","urlTemplate":"https:\/\/www.nettali.com\/?s={search_term_string}"},"query-input":"required name=search_term_string"}],"inLanguage":"fr-FR"},{"@type":"ImageObject","@id":"https:\/\/www.nettali.com\/2023\/12\/14\/me-bamba-cisse-cette-decision-est-tres-bonne-pour-tout-le-monde\/#primaryimage","inLanguage":"fr-FR","url":"https:\/\/www.nettali.com\/wp-content\/uploads\/2023\/12\/bamba-cisse.jpg","contentUrl":"https:\/\/www.nettali.com\/wp-content\/uploads\/2023\/12\/bamba-cisse.jpg","width":1280,"height":720},{"@type":"WebPage","@id":"https:\/\/www.nettali.com\/2023\/12\/14\/me-bamba-cisse-cette-decision-est-tres-bonne-pour-tout-le-monde\/#webpage","url":"https:\/\/www.nettali.com\/2023\/12\/14\/me-bamba-cisse-cette-decision-est-tres-bonne-pour-tout-le-monde\/","name":"Me BAMBA CISSE : \"Cette d\u00e9cision est tr\u00e8s bonne pour tout le monde\" | Nettali.com","isPartOf":{"@id":"https:\/\/www.nettali.com\/#website"},"primaryImageOfPage":{"@id":"https:\/\/www.nettali.com\/2023\/12\/14\/me-bamba-cisse-cette-decision-est-tres-bonne-pour-tout-le-monde\/#primaryimage"},"datePublished":"2023-12-14T11:50:17+00:00","dateModified":"2023-12-14T11:51:55+00:00","author":{"@id":"https:\/\/www.nettali.com\/#\/schema\/person\/7962a12a6e0267f88f0ffa544c36469a"},"breadcrumb":{"@id":"https:\/\/www.nettali.com\/2023\/12\/14\/me-bamba-cisse-cette-decision-est-tres-bonne-pour-tout-le-monde\/#breadcrumb"},"inLanguage":"fr-FR","potentialAction":[{"@type":"ReadAction","target":["https:\/\/www.nettali.com\/2023\/12\/14\/me-bamba-cisse-cette-decision-est-tres-bonne-pour-tout-le-monde\/"]}]},{"@type":"BreadcrumbList","@id":"https:\/\/www.nettali.com\/2023\/12\/14\/me-bamba-cisse-cette-decision-est-tres-bonne-pour-tout-le-monde\/#breadcrumb","itemListElement":[{"@type":"ListItem","position":1,"name":"Accueil","item":"https:\/\/www.nettali.com\/"},{"@type":"ListItem","position":2,"name":"Me BAMBA CISSE : \"Cette d\u00e9cision est tr\u00e8s bonne pour tout le monde\""}]},{"@type":"Person","@id":"https:\/\/www.nettali.com\/#\/schema\/person\/7962a12a6e0267f88f0ffa544c36469a","name":"Moustapha","image":{"@type":"ImageObject","@id":"https:\/\/www.nettali.com\/#personlogo","inLanguage":"fr-FR","url":"https:\/\/secure.gravatar.com\/avatar\/10fdf6a071cccdcf374e3dbe45159590?s=96&d=mm&r=g","contentUrl":"https:\/\/secure.gravatar.com\/avatar\/10fdf6a071cccdcf374e3dbe45159590?s=96&d=mm&r=g","caption":"Moustapha"},"sameAs":["https:\/\/www.nettali.com"]}]}},"_links":{"self":[{"href":"https:\/\/www.nettali.com\/rest\/wp\/v2\/posts\/123670"}],"collection":[{"href":"https:\/\/www.nettali.com\/rest\/wp\/v2\/posts"}],"about":[{"href":"https:\/\/www.nettali.com\/rest\/wp\/v2\/types\/post"}],"author":[{"embeddable":true,"href":"https:\/\/www.nettali.com\/rest\/wp\/v2\/users\/3"}],"replies":[{"embeddable":true,"href":"https:\/\/www.nettali.com\/rest\/wp\/v2\/comments?post=123670"}],"version-history":[{"count":1,"href":"https:\/\/www.nettali.com\/rest\/wp\/v2\/posts\/123670\/revisions"}],"predecessor-version":[{"id":123672,"href":"https:\/\/www.nettali.com\/rest\/wp\/v2\/posts\/123670\/revisions\/123672"}],"wp:featuredmedia":[{"embeddable":true,"href":"https:\/\/www.nettali.com\/rest\/wp\/v2\/media\/123673"}],"wp:attachment":[{"href":"https:\/\/www.nettali.com\/rest\/wp\/v2\/media?parent=123670"}],"wp:term":[{"taxonomy":"category","embeddable":true,"href":"https:\/\/www.nettali.com\/rest\/wp\/v2\/categories?post=123670"},{"taxonomy":"post_tag","embeddable":true,"href":"https:\/\/www.nettali.com\/rest\/wp\/v2\/tags?post=123670"}],"curies":[{"name":"wp","href":"https:\/\/api.w.org\/{rel}","templated":true}]}}