{"id":123662,"date":"2023-12-14T09:37:30","date_gmt":"2023-12-14T09:37:30","guid":{"rendered":"https:\/\/www.nettali.com\/?p=123662"},"modified":"2023-12-15T09:17:49","modified_gmt":"2023-12-15T09:17:49","slug":"tribunal-de-dakar-le-juge-ordonne-la-reintegration-de-sonko-sur-les-listes-electorales","status":"publish","type":"post","link":"https:\/\/www.nettali.com\/2023\/12\/14\/tribunal-de-dakar-le-juge-ordonne-la-reintegration-de-sonko-sur-les-listes-electorales\/","title":{"rendered":"TRIBUNAL DE DAKAR - Le Juge ordonne la r\u00e9int\u00e9gration de Sonko sur les listes \u00e9lectorales"},"content":{"rendered":"<p class=\"summary_label\"><strong>NETTALI.COM - Le pr\u00e9sident du tribunal d'instance de Dakar, Ousmane Racine Thione, vient de rendre sa d\u00e9cision. Il a ordonn\u00e9 la r\u00e9int\u00e9gration d'Ousmane Sonko dans les listes \u00e9lectorales, jugeant que sa radiation d'office d\u00e9cid\u00e9e par les autorit\u00e9s, n'est pas conforme au droit.\u00a0<\/strong><\/p>\n<p><em>\u00abLe juge a prononc\u00e9 son d\u00e9lib\u00e9r\u00e9. Il a demand\u00e9 \u00e0 ce qu'Ousmane Sonko soit r\u00e9tabli dans ses droits en ordonnant sa r\u00e9int\u00e9gration sur les listes \u00e9lectorales\u00bb<\/em>, a annonc\u00e9 l'avocat du leader de Patriotes, Me Abdoulaye Tall.<\/p>\n<div id=\"printable\" class=\"text_body\">\n<p>Le Conseil de Sonko d\u00e9clare que cette d\u00e9cision est ex\u00e9cutoire. Et il a tenu \u00e0 lancer un message \u00e0\u00a0 l'endroit de l'Etat du S\u00e9n\u00e9gal.\u00a0 <em>\"Je demanderai \u00e0 l'Etat du S\u00e9n\u00e9gal, notamment \u00e0 la Dge, cette fois-ci, d'essayer de respecter la loi en ex\u00e9cutant cette d\u00e9cision qui vient de tomber. Je rappelle que cette d\u00e9cision est ex\u00e9cutoire. M\u00eame si recours il y a, ce recours n'a pas un caract\u00e8re suspensif. Je demande \u00e0 l'Etat du S\u00e9n\u00e9gal d'\u00eatre \u00e9l\u00e9gant envers cette justice et envers cette d\u00e9cision qui vient de tomber. Non seulement il doit r\u00e9tablir Sonko, mais \u00e9galement il doit remettre la fiche de parrainage \u00e0 son mandataire\"<\/em>, a-t-il ajout\u00e9.<\/p>\n<\/div>\n<div class='share-to-whatsapp-wrapper'><div class='share-on-whsp'>PARTAGER SUR : <\/div><a data-text='TRIBUNAL DE DAKAR - Le Juge ordonne la r\u00e9int\u00e9gration de Sonko sur les listes \u00e9lectorales' data-link='https:\/\/www.nettali.com\/2023\/12\/14\/tribunal-de-dakar-le-juge-ordonne-la-reintegration-de-sonko-sur-les-listes-electorales\/' class='whatsapp-button whatsapp-share'>WhatsApp<\/a><div class='clear '><\/div><\/div>","protected":false},"excerpt":{"rendered":"<p>NETTALI.COM - Le pr\u00e9sident du tribunal d'instance de Dakar, Ousmane Racine Thione, vient de rendre sa d\u00e9cision. Il a ordonn\u00e9 la r\u00e9int\u00e9gration d'Ousmane Sonko dans les listes \u00e9lectorales, jugeant que sa radiation d'office d\u00e9cid\u00e9e par les autorit\u00e9s, n'est pas conforme au droit.\u00a0 \u00abLe juge a prononc\u00e9 son d\u00e9lib\u00e9r\u00e9. Il a demand\u00e9 \u00e0 ce qu'Ousmane Sonko [&hellip;]<\/p>\n","protected":false},"author":4,"featured_media":115681,"comment_status":"open","ping_status":"open","sticky":false,"template":"","format":"standard","meta":{"_et_pb_use_builder":"","_et_pb_old_content":""},"categories":[3],"tags":[],"yoast_head":"<!-- This site is optimized with the Yoast SEO Premium plugin v17.8 (Yoast SEO v17.8) - https:\/\/yoast.com\/wordpress\/plugins\/seo\/ -->\n<title>TRIBUNAL DE DAKAR - Le Juge ordonne la r\u00e9int\u00e9gration de Sonko sur les listes \u00e9lectorales | Nettali.com<\/title>\n<meta name=\"robots\" content=\"index, follow, max-snippet:-1, max-image-preview:large, max-video-preview:-1\" \/>\n<link rel=\"canonical\" href=\"https:\/\/www.nettali.com\/2023\/12\/14\/tribunal-de-dakar-le-juge-ordonne-la-reintegration-de-sonko-sur-les-listes-electorales\/\" \/>\n<meta property=\"og:locale\" content=\"fr_FR\" \/>\n<meta property=\"og:type\" content=\"article\" \/>\n<meta property=\"og:title\" content=\"TRIBUNAL DE DAKAR - Le Juge ordonne la r\u00e9int\u00e9gration de Sonko sur les listes \u00e9lectorales\" \/>\n<meta property=\"og:description\" content=\"NETTALI.COM - Le pr\u00e9sident du tribunal d&#039;instance de Dakar, Ousmane Racine Thione, vient de rendre sa d\u00e9cision. Il a ordonn\u00e9 la r\u00e9int\u00e9gration d&#039;Ousmane Sonko dans les listes \u00e9lectorales, jugeant que sa radiation d&#039;office d\u00e9cid\u00e9e par les autorit\u00e9s, n&#039;est pas conforme au droit.\u00a0 \u00abLe juge a prononc\u00e9 son d\u00e9lib\u00e9r\u00e9. Il a demand\u00e9 \u00e0 ce qu&#039;Ousmane Sonko [&hellip;]\" \/>\n<meta property=\"og:url\" content=\"https:\/\/www.nettali.com\/2023\/12\/14\/tribunal-de-dakar-le-juge-ordonne-la-reintegration-de-sonko-sur-les-listes-electorales\/\" \/>\n<meta property=\"og:site_name\" content=\"Nettali.com\" \/>\n<meta property=\"article:publisher\" content=\"https:\/\/www.facebook.com\/nettalicom\" \/>\n<meta property=\"article:published_time\" content=\"2023-12-14T09:37:30+00:00\" \/>\n<meta property=\"article:modified_time\" content=\"2023-12-15T09:17:49+00:00\" \/>\n<meta property=\"og:image\" content=\"https:\/\/www.nettali.com\/wp-content\/uploads\/2023\/08\/Ousmane-sonko.jpeg\" \/>\n\t<meta property=\"og:image:width\" content=\"720\" \/>\n\t<meta property=\"og:image:height\" content=\"480\" \/>\n<meta name=\"twitter:card\" content=\"summary_large_image\" \/>\n<meta name=\"twitter:label1\" content=\"\u00c9crit par\" \/>\n\t<meta name=\"twitter:data1\" content=\"Daouda\" \/>\n\t<meta name=\"twitter:label2\" content=\"Dur\u00e9e de lecture estim\u00e9e\" \/>\n\t<meta name=\"twitter:data2\" content=\"1 minute\" \/>\n<script type=\"application\/ld+json\" class=\"yoast-schema-graph\">{\"@context\":\"https:\/\/schema.org\",\"@graph\":[{\"@type\":\"WebSite\",\"@id\":\"https:\/\/www.nettali.com\/#website\",\"url\":\"https:\/\/www.nettali.com\/\",\"name\":\"Nettali.com\",\"description\":\"Le rendez-vous critique du Net\",\"potentialAction\":[{\"@type\":\"SearchAction\",\"target\":{\"@type\":\"EntryPoint\",\"urlTemplate\":\"https:\/\/www.nettali.com\/?s={search_term_string}\"},\"query-input\":\"required name=search_term_string\"}],\"inLanguage\":\"fr-FR\"},{\"@type\":\"ImageObject\",\"@id\":\"https:\/\/www.nettali.com\/2023\/12\/14\/tribunal-de-dakar-le-juge-ordonne-la-reintegration-de-sonko-sur-les-listes-electorales\/#primaryimage\",\"inLanguage\":\"fr-FR\",\"url\":\"https:\/\/www.nettali.com\/wp-content\/uploads\/2023\/08\/Ousmane-sonko.jpeg\",\"contentUrl\":\"https:\/\/www.nettali.com\/wp-content\/uploads\/2023\/08\/Ousmane-sonko.jpeg\",\"width\":720,\"height\":480},{\"@type\":\"WebPage\",\"@id\":\"https:\/\/www.nettali.com\/2023\/12\/14\/tribunal-de-dakar-le-juge-ordonne-la-reintegration-de-sonko-sur-les-listes-electorales\/#webpage\",\"url\":\"https:\/\/www.nettali.com\/2023\/12\/14\/tribunal-de-dakar-le-juge-ordonne-la-reintegration-de-sonko-sur-les-listes-electorales\/\",\"name\":\"TRIBUNAL DE DAKAR - Le Juge ordonne la r\\u00e9int\\u00e9gration de Sonko sur les listes \\u00e9lectorales | Nettali.com\",\"isPartOf\":{\"@id\":\"https:\/\/www.nettali.com\/#website\"},\"primaryImageOfPage\":{\"@id\":\"https:\/\/www.nettali.com\/2023\/12\/14\/tribunal-de-dakar-le-juge-ordonne-la-reintegration-de-sonko-sur-les-listes-electorales\/#primaryimage\"},\"datePublished\":\"2023-12-14T09:37:30+00:00\",\"dateModified\":\"2023-12-15T09:17:49+00:00\",\"author\":{\"@id\":\"https:\/\/www.nettali.com\/#\/schema\/person\/3317e0bb3aa1da309fbf7b2780901bf4\"},\"breadcrumb\":{\"@id\":\"https:\/\/www.nettali.com\/2023\/12\/14\/tribunal-de-dakar-le-juge-ordonne-la-reintegration-de-sonko-sur-les-listes-electorales\/#breadcrumb\"},\"inLanguage\":\"fr-FR\",\"potentialAction\":[{\"@type\":\"ReadAction\",\"target\":[\"https:\/\/www.nettali.com\/2023\/12\/14\/tribunal-de-dakar-le-juge-ordonne-la-reintegration-de-sonko-sur-les-listes-electorales\/\"]}]},{\"@type\":\"BreadcrumbList\",\"@id\":\"https:\/\/www.nettali.com\/2023\/12\/14\/tribunal-de-dakar-le-juge-ordonne-la-reintegration-de-sonko-sur-les-listes-electorales\/#breadcrumb\",\"itemListElement\":[{\"@type\":\"ListItem\",\"position\":1,\"name\":\"Accueil\",\"item\":\"https:\/\/www.nettali.com\/\"},{\"@type\":\"ListItem\",\"position\":2,\"name\":\"TRIBUNAL DE DAKAR - Le Juge ordonne la r\\u00e9int\\u00e9gration de Sonko sur les listes \\u00e9lectorales\"}]},{\"@type\":\"Person\",\"@id\":\"https:\/\/www.nettali.com\/#\/schema\/person\/3317e0bb3aa1da309fbf7b2780901bf4\",\"name\":\"Daouda\",\"image\":{\"@type\":\"ImageObject\",\"@id\":\"https:\/\/www.nettali.com\/#personlogo\",\"inLanguage\":\"fr-FR\",\"url\":\"https:\/\/secure.gravatar.com\/avatar\/8d143b5a49345098ddcfee1c49c2f47c?s=96&d=mm&r=g\",\"contentUrl\":\"https:\/\/secure.gravatar.com\/avatar\/8d143b5a49345098ddcfee1c49c2f47c?s=96&d=mm&r=g\",\"caption\":\"Daouda\"},\"sameAs\":[\"https:\/\/www.nettali.com\"]}]}<\/script>\n<!-- \/ Yoast SEO Premium plugin. -->","yoast_head_json":{"title":"TRIBUNAL DE DAKAR - Le Juge ordonne la r\u00e9int\u00e9gration de Sonko sur les listes \u00e9lectorales | Nettali.com","robots":{"index":"index","follow":"follow","max-snippet":"max-snippet:-1","max-image-preview":"max-image-preview:large","max-video-preview":"max-video-preview:-1"},"canonical":"https:\/\/www.nettali.com\/2023\/12\/14\/tribunal-de-dakar-le-juge-ordonne-la-reintegration-de-sonko-sur-les-listes-electorales\/","og_locale":"fr_FR","og_type":"article","og_title":"TRIBUNAL DE DAKAR - Le Juge ordonne la r\u00e9int\u00e9gration de Sonko sur les listes \u00e9lectorales","og_description":"NETTALI.COM - Le pr\u00e9sident du tribunal d'instance de Dakar, Ousmane Racine Thione, vient de rendre sa d\u00e9cision. Il a ordonn\u00e9 la r\u00e9int\u00e9gration d'Ousmane Sonko dans les listes \u00e9lectorales, jugeant que sa radiation d'office d\u00e9cid\u00e9e par les autorit\u00e9s, n'est pas conforme au droit.\u00a0 \u00abLe juge a prononc\u00e9 son d\u00e9lib\u00e9r\u00e9. Il a demand\u00e9 \u00e0 ce qu'Ousmane Sonko [&hellip;]","og_url":"https:\/\/www.nettali.com\/2023\/12\/14\/tribunal-de-dakar-le-juge-ordonne-la-reintegration-de-sonko-sur-les-listes-electorales\/","og_site_name":"Nettali.com","article_publisher":"https:\/\/www.facebook.com\/nettalicom","article_published_time":"2023-12-14T09:37:30+00:00","article_modified_time":"2023-12-15T09:17:49+00:00","og_image":[{"width":720,"height":480,"url":"https:\/\/www.nettali.com\/wp-content\/uploads\/2023\/08\/Ousmane-sonko.jpeg","type":"image\/jpeg"}],"twitter_card":"summary_large_image","twitter_misc":{"\u00c9crit par":"Daouda","Dur\u00e9e de lecture estim\u00e9e":"1 minute"},"schema":{"@context":"https:\/\/schema.org","@graph":[{"@type":"WebSite","@id":"https:\/\/www.nettali.com\/#website","url":"https:\/\/www.nettali.com\/","name":"Nettali.com","description":"Le rendez-vous critique du Net","potentialAction":[{"@type":"SearchAction","target":{"@type":"EntryPoint","urlTemplate":"https:\/\/www.nettali.com\/?s={search_term_string}"},"query-input":"required name=search_term_string"}],"inLanguage":"fr-FR"},{"@type":"ImageObject","@id":"https:\/\/www.nettali.com\/2023\/12\/14\/tribunal-de-dakar-le-juge-ordonne-la-reintegration-de-sonko-sur-les-listes-electorales\/#primaryimage","inLanguage":"fr-FR","url":"https:\/\/www.nettali.com\/wp-content\/uploads\/2023\/08\/Ousmane-sonko.jpeg","contentUrl":"https:\/\/www.nettali.com\/wp-content\/uploads\/2023\/08\/Ousmane-sonko.jpeg","width":720,"height":480},{"@type":"WebPage","@id":"https:\/\/www.nettali.com\/2023\/12\/14\/tribunal-de-dakar-le-juge-ordonne-la-reintegration-de-sonko-sur-les-listes-electorales\/#webpage","url":"https:\/\/www.nettali.com\/2023\/12\/14\/tribunal-de-dakar-le-juge-ordonne-la-reintegration-de-sonko-sur-les-listes-electorales\/","name":"TRIBUNAL DE DAKAR - Le Juge ordonne la r\u00e9int\u00e9gration de Sonko sur les listes \u00e9lectorales | Nettali.com","isPartOf":{"@id":"https:\/\/www.nettali.com\/#website"},"primaryImageOfPage":{"@id":"https:\/\/www.nettali.com\/2023\/12\/14\/tribunal-de-dakar-le-juge-ordonne-la-reintegration-de-sonko-sur-les-listes-electorales\/#primaryimage"},"datePublished":"2023-12-14T09:37:30+00:00","dateModified":"2023-12-15T09:17:49+00:00","author":{"@id":"https:\/\/www.nettali.com\/#\/schema\/person\/3317e0bb3aa1da309fbf7b2780901bf4"},"breadcrumb":{"@id":"https:\/\/www.nettali.com\/2023\/12\/14\/tribunal-de-dakar-le-juge-ordonne-la-reintegration-de-sonko-sur-les-listes-electorales\/#breadcrumb"},"inLanguage":"fr-FR","potentialAction":[{"@type":"ReadAction","target":["https:\/\/www.nettali.com\/2023\/12\/14\/tribunal-de-dakar-le-juge-ordonne-la-reintegration-de-sonko-sur-les-listes-electorales\/"]}]},{"@type":"BreadcrumbList","@id":"https:\/\/www.nettali.com\/2023\/12\/14\/tribunal-de-dakar-le-juge-ordonne-la-reintegration-de-sonko-sur-les-listes-electorales\/#breadcrumb","itemListElement":[{"@type":"ListItem","position":1,"name":"Accueil","item":"https:\/\/www.nettali.com\/"},{"@type":"ListItem","position":2,"name":"TRIBUNAL DE DAKAR - Le Juge ordonne la r\u00e9int\u00e9gration de Sonko sur les listes \u00e9lectorales"}]},{"@type":"Person","@id":"https:\/\/www.nettali.com\/#\/schema\/person\/3317e0bb3aa1da309fbf7b2780901bf4","name":"Daouda","image":{"@type":"ImageObject","@id":"https:\/\/www.nettali.com\/#personlogo","inLanguage":"fr-FR","url":"https:\/\/secure.gravatar.com\/avatar\/8d143b5a49345098ddcfee1c49c2f47c?s=96&d=mm&r=g","contentUrl":"https:\/\/secure.gravatar.com\/avatar\/8d143b5a49345098ddcfee1c49c2f47c?s=96&d=mm&r=g","caption":"Daouda"},"sameAs":["https:\/\/www.nettali.com"]}]}},"_links":{"self":[{"href":"https:\/\/www.nettali.com\/rest\/wp\/v2\/posts\/123662"}],"collection":[{"href":"https:\/\/www.nettali.com\/rest\/wp\/v2\/posts"}],"about":[{"href":"https:\/\/www.nettali.com\/rest\/wp\/v2\/types\/post"}],"author":[{"embeddable":true,"href":"https:\/\/www.nettali.com\/rest\/wp\/v2\/users\/4"}],"replies":[{"embeddable":true,"href":"https:\/\/www.nettali.com\/rest\/wp\/v2\/comments?post=123662"}],"version-history":[{"count":3,"href":"https:\/\/www.nettali.com\/rest\/wp\/v2\/posts\/123662\/revisions"}],"predecessor-version":[{"id":123669,"href":"https:\/\/www.nettali.com\/rest\/wp\/v2\/posts\/123662\/revisions\/123669"}],"wp:featuredmedia":[{"embeddable":true,"href":"https:\/\/www.nettali.com\/rest\/wp\/v2\/media\/115681"}],"wp:attachment":[{"href":"https:\/\/www.nettali.com\/rest\/wp\/v2\/media?parent=123662"}],"wp:term":[{"taxonomy":"category","embeddable":true,"href":"https:\/\/www.nettali.com\/rest\/wp\/v2\/categories?post=123662"},{"taxonomy":"post_tag","embeddable":true,"href":"https:\/\/www.nettali.com\/rest\/wp\/v2\/tags?post=123662"}],"curies":[{"name":"wp","href":"https:\/\/api.w.org\/{rel}","templated":true}]}}