{"id":123660,"date":"2023-12-14T08:59:05","date_gmt":"2023-12-14T08:59:05","guid":{"rendered":"https:\/\/www.nettali.com\/?p=123660"},"modified":"2023-12-14T08:59:05","modified_gmt":"2023-12-14T08:59:05","slug":"etats-unis-le-congres-ouvre-formellement-une-enquete-en-destitution-de-biden","status":"publish","type":"post","link":"https:\/\/www.nettali.com\/2023\/12\/14\/etats-unis-le-congres-ouvre-formellement-une-enquete-en-destitution-de-biden\/","title":{"rendered":"ETATS-UNIS - Le Congr\u00e8s ouvre formellement une enqu\u00eate en destitution de Biden"},"content":{"rendered":"<p><strong>NETTALI.COM - Le Congr\u00e8s am\u00e9ricain a approuv\u00e9 mercredi l'ouverture formelle d'une enqu\u00eate en destitution de Joe Biden, motiv\u00e9e par les affaires controvers\u00e9es de son fils \u00e0 l'\u00e9tranger, et qualifi\u00e9e de \"combine politique sans fondement\" par le pr\u00e9sident.<\/strong><\/p>\n<p>Cette proc\u00e9dure n'a quasiment aucune chance d'aboutir, mais pourrait se transformer en casse-t\u00eate pour la Maison Blanche avant la pr\u00e9sidentielle de novembre 2024, \u00e0 laquelle Joe Biden est candidat.<\/p>\n<p>Les conservateurs, majoritaires \u00e0 la Chambre des repr\u00e9sentants depuis janvier, accusent le dirigeant d\u00e9mocrate d'avoir us\u00e9 de son influence lorsqu'il \u00e9tait vice-pr\u00e9sident de Barack Obama (2009-2017) pour permettre \u00e0 son fils de faire des affaires douteuses en Chine et en Ukraine.<\/p>\n<p><em>\"Joe Biden a menti de fa\u00e7on r\u00e9p\u00e9t\u00e9e au peuple am\u00e9ricain\"<\/em>, a accus\u00e9 le chef de la commission d'enqu\u00eate de la Chambre, James Comer, depuis l'h\u00e9micycle.<\/p>\n<p>Le pr\u00e9sident, les d\u00e9mocrates, et son fils nient ces accusations en bloc.<\/p>\n<p>Les r\u00e9publicains \"choisissent de perdre leur temps avec une combine politique sans fondement\" a accus\u00e9 Joe Biden apr\u00e8s le vote. \"Au lieu de travailler \u00e0 rendre meilleure la vie des Am\u00e9ricains, leur priorit\u00e9 est de m'attaquer avec des mensonges\", a-t-il d\u00e9clar\u00e9 dans un communiqu\u00e9.<\/p>\n<p><b>- \"Erreurs\" -<\/b><\/p>\n<p><em>\"Mon p\u00e8re n'a jamais \u00e9t\u00e9 impliqu\u00e9 financi\u00e8rement dans mes affaires\"<\/em>, avait d\u00e9j\u00e0 balay\u00e9 Hunter Biden, devenu une cible privil\u00e9gi\u00e9e de la droite, lors d'une rare conf\u00e9rence de presse mercredi matin.<\/p>\n<p>Pr\u00e9sent devant le Congr\u00e8s am\u00e9ricain, le quinquag\u00e9naire, au pass\u00e9 marqu\u00e9 par les addictions et inculp\u00e9 dans deux dossiers par la justice, a reconnu avoir fait \"des erreurs\" dans sa vie.<\/p>\n<p>Mais il a accus\u00e9 \"les trumpistes\" d'avoir tent\u00e9 de le \"d\u00e9shumaniser\", pour \"nuire\" \u00e0 son p\u00e8re. Il a refus\u00e9 pour cette raison de participer \u00e0 une audition \u00e0 huis clos organis\u00e9e par les r\u00e9publicains, qui l'avaient assign\u00e9 \u00e0 compara\u00eetre au Capitole.<\/p>\n<p>Le pr\u00e9sident de 81 ans a toujours soutenu publiquement Hunter Biden, r\u00e9p\u00e9tant souvent \u00eatre \"fier\" de lui.<\/p>\n<p><b>- \"R\u00e9ponses au peuple am\u00e9ricain\" -<\/b><\/p>\n<p>Une enqu\u00eate en destitution, r\u00e9clam\u00e9e de longue date par les \u00e9lus proches de Donald Trump face \u00e0 qui Joe Biden pourrait \u00eatre oppos\u00e9 en 2024, avait d\u00e9j\u00e0 \u00e9t\u00e9 ouverte contre le pr\u00e9sident d\u00e9mocrate \u00e0 l'\u00e9t\u00e9.<\/p>\n<p>Une premi\u00e8re audition parlementaire avait m\u00eame \u00e9t\u00e9 organis\u00e9e sur le sujet fin septembre, lors de laquelle les experts interrog\u00e9s s'\u00e9taient accord\u00e9s \u00e0 dire que rien ne permettait pour l'heure de justifier une mise en accusation du pr\u00e9sident Biden.<\/p>\n<p><em>\"Il n'y a aucune preuve que le pr\u00e9sident Biden ait commis un quelconque acte r\u00e9pr\u00e9hensible\"<\/em>, a rench\u00e9ri mercredi le chef d\u00e9mocrate \u00e0 la Chambre, Hakeem Jeffries.<\/p>\n<p>Les r\u00e9publicains estiment toutefois que l'ouverture formelle de l'enqu\u00eate, adopt\u00e9e par leurs seules voix, leur offrira des pouvoirs suppl\u00e9mentaires, et donc de nouvelles possibilit\u00e9s d'incriminer le dirigeant d\u00e9mocrate.<\/p>\n<p><em>\"Le moment est venu d'apporter des r\u00e9ponses au peuple am\u00e9ricain\"<\/em>, a lanc\u00e9 mercredi le pr\u00e9sident de la Chambre, le r\u00e9publicain Mike Johnson \u00e0 l'issue du vote, assurant ne pas prendre cette enqu\u00eate \"\u00e0 la l\u00e9g\u00e8re\".<\/p>\n<p><b>- Trump mis en accusation deux fois -<\/b><\/p>\n<p>La Constitution am\u00e9ricaine pr\u00e9voit que le Congr\u00e8s puisse destituer le pr\u00e9sident en cas de \"trahison, corruption ou autres crimes et d\u00e9lits majeurs\".<\/p>\n<p>La proc\u00e9dure se d\u00e9roule en deux \u00e9tapes.<\/p>\n<p>Apr\u00e8s avoir men\u00e9 son enqu\u00eate, la Chambre des repr\u00e9sentants vote, \u00e0 une majorit\u00e9 simple, des articles de mise en accusation d\u00e9taillant les faits reproch\u00e9s au pr\u00e9sident: c'est ce qui s'appelle \"impeachment\" en anglais.<\/p>\n<p>Si la mise en accusation venait \u00e0 \u00eatre vot\u00e9e, le S\u00e9nat, chambre haute du Congr\u00e8s, ferait alors le proc\u00e8s du pr\u00e9sident. Il serait toutefois tr\u00e8s probablement acquitt\u00e9, le parti de Joe Biden \u00e9tant majoritaire dans cette chambre.<\/p>\n<p>Jamais un pr\u00e9sident n'a \u00e9t\u00e9 destitu\u00e9 dans l'histoire am\u00e9ricaine. Trois ont \u00e9t\u00e9 mis en accusation: Andrew Johnson en 1868, Bill Clinton en 1998 et Donald Trump en 2019 et en 2021. Mais tous ont \u00e9t\u00e9 finalement acquitt\u00e9s.<\/p>\n<p>Richard Nixon a pr\u00e9f\u00e9r\u00e9 d\u00e9missionner en 1974 pour \u00e9viter une destitution certaine par le Congr\u00e8s en raison du scandale du Watergate.<\/p>\n<p><strong>AFP<\/strong><\/p>\n<div class='share-to-whatsapp-wrapper'><div class='share-on-whsp'>PARTAGER SUR : <\/div><a data-text='ETATS-UNIS - Le Congr\u00e8s ouvre formellement une enqu\u00eate en destitution de Biden' data-link='https:\/\/www.nettali.com\/2023\/12\/14\/etats-unis-le-congres-ouvre-formellement-une-enquete-en-destitution-de-biden\/' class='whatsapp-button whatsapp-share'>WhatsApp<\/a><div class='clear '><\/div><\/div>","protected":false},"excerpt":{"rendered":"<p>NETTALI.COM - Le Congr\u00e8s am\u00e9ricain a approuv\u00e9 mercredi l'ouverture formelle d'une enqu\u00eate en destitution de Joe Biden, motiv\u00e9e par les affaires controvers\u00e9es de son fils \u00e0 l'\u00e9tranger, et qualifi\u00e9e de \"combine politique sans fondement\" par le pr\u00e9sident. Cette proc\u00e9dure n'a quasiment aucune chance d'aboutir, mais pourrait se transformer en casse-t\u00eate pour la Maison Blanche avant [&hellip;]<\/p>\n","protected":false},"author":4,"featured_media":83407,"comment_status":"open","ping_status":"open","sticky":false,"template":"","format":"standard","meta":{"_et_pb_use_builder":"","_et_pb_old_content":""},"categories":[8],"tags":[],"yoast_head":"<!-- This site is optimized with the Yoast SEO Premium plugin v17.8 (Yoast SEO v17.8) - https:\/\/yoast.com\/wordpress\/plugins\/seo\/ -->\n<title>ETATS-UNIS - Le Congr\u00e8s ouvre formellement une enqu\u00eate en destitution de Biden | Nettali.com<\/title>\n<meta name=\"robots\" content=\"index, follow, max-snippet:-1, max-image-preview:large, max-video-preview:-1\" \/>\n<link rel=\"canonical\" href=\"https:\/\/www.nettali.com\/2023\/12\/14\/etats-unis-le-congres-ouvre-formellement-une-enquete-en-destitution-de-biden\/\" \/>\n<meta property=\"og:locale\" content=\"fr_FR\" \/>\n<meta property=\"og:type\" content=\"article\" \/>\n<meta property=\"og:title\" content=\"ETATS-UNIS - Le Congr\u00e8s ouvre formellement une enqu\u00eate en destitution de Biden\" \/>\n<meta property=\"og:description\" content=\"NETTALI.COM - Le Congr\u00e8s am\u00e9ricain a approuv\u00e9 mercredi l&#039;ouverture formelle d&#039;une enqu\u00eate en destitution de Joe Biden, motiv\u00e9e par les affaires controvers\u00e9es de son fils \u00e0 l&#039;\u00e9tranger, et qualifi\u00e9e de &quot;combine politique sans fondement&quot; par le pr\u00e9sident. Cette proc\u00e9dure n&#039;a quasiment aucune chance d&#039;aboutir, mais pourrait se transformer en casse-t\u00eate pour la Maison Blanche avant [&hellip;]\" \/>\n<meta property=\"og:url\" content=\"https:\/\/www.nettali.com\/2023\/12\/14\/etats-unis-le-congres-ouvre-formellement-une-enquete-en-destitution-de-biden\/\" \/>\n<meta property=\"og:site_name\" content=\"Nettali.com\" \/>\n<meta property=\"article:publisher\" content=\"https:\/\/www.facebook.com\/nettalicom\" \/>\n<meta property=\"article:published_time\" content=\"2023-12-14T08:59:05+00:00\" \/>\n<meta property=\"og:image\" content=\"https:\/\/www.nettali.com\/wp-content\/uploads\/2022\/03\/joe-biden.jpg\" \/>\n\t<meta property=\"og:image:width\" content=\"1000\" \/>\n\t<meta property=\"og:image:height\" content=\"750\" \/>\n<meta name=\"twitter:card\" content=\"summary_large_image\" \/>\n<meta name=\"twitter:label1\" content=\"\u00c9crit par\" \/>\n\t<meta name=\"twitter:data1\" content=\"Daouda\" \/>\n\t<meta name=\"twitter:label2\" content=\"Dur\u00e9e de lecture estim\u00e9e\" \/>\n\t<meta name=\"twitter:data2\" content=\"4 minutes\" \/>\n<script type=\"application\/ld+json\" class=\"yoast-schema-graph\">{\"@context\":\"https:\/\/schema.org\",\"@graph\":[{\"@type\":\"WebSite\",\"@id\":\"https:\/\/www.nettali.com\/#website\",\"url\":\"https:\/\/www.nettali.com\/\",\"name\":\"Nettali.com\",\"description\":\"Le rendez-vous critique du Net\",\"potentialAction\":[{\"@type\":\"SearchAction\",\"target\":{\"@type\":\"EntryPoint\",\"urlTemplate\":\"https:\/\/www.nettali.com\/?s={search_term_string}\"},\"query-input\":\"required name=search_term_string\"}],\"inLanguage\":\"fr-FR\"},{\"@type\":\"ImageObject\",\"@id\":\"https:\/\/www.nettali.com\/2023\/12\/14\/etats-unis-le-congres-ouvre-formellement-une-enquete-en-destitution-de-biden\/#primaryimage\",\"inLanguage\":\"fr-FR\",\"url\":\"https:\/\/www.nettali.com\/wp-content\/uploads\/2022\/03\/joe-biden.jpg\",\"contentUrl\":\"https:\/\/www.nettali.com\/wp-content\/uploads\/2022\/03\/joe-biden.jpg\",\"width\":1000,\"height\":750},{\"@type\":\"WebPage\",\"@id\":\"https:\/\/www.nettali.com\/2023\/12\/14\/etats-unis-le-congres-ouvre-formellement-une-enquete-en-destitution-de-biden\/#webpage\",\"url\":\"https:\/\/www.nettali.com\/2023\/12\/14\/etats-unis-le-congres-ouvre-formellement-une-enquete-en-destitution-de-biden\/\",\"name\":\"ETATS-UNIS - Le Congr\\u00e8s ouvre formellement une enqu\\u00eate en destitution de Biden | Nettali.com\",\"isPartOf\":{\"@id\":\"https:\/\/www.nettali.com\/#website\"},\"primaryImageOfPage\":{\"@id\":\"https:\/\/www.nettali.com\/2023\/12\/14\/etats-unis-le-congres-ouvre-formellement-une-enquete-en-destitution-de-biden\/#primaryimage\"},\"datePublished\":\"2023-12-14T08:59:05+00:00\",\"dateModified\":\"2023-12-14T08:59:05+00:00\",\"author\":{\"@id\":\"https:\/\/www.nettali.com\/#\/schema\/person\/3317e0bb3aa1da309fbf7b2780901bf4\"},\"breadcrumb\":{\"@id\":\"https:\/\/www.nettali.com\/2023\/12\/14\/etats-unis-le-congres-ouvre-formellement-une-enquete-en-destitution-de-biden\/#breadcrumb\"},\"inLanguage\":\"fr-FR\",\"potentialAction\":[{\"@type\":\"ReadAction\",\"target\":[\"https:\/\/www.nettali.com\/2023\/12\/14\/etats-unis-le-congres-ouvre-formellement-une-enquete-en-destitution-de-biden\/\"]}]},{\"@type\":\"BreadcrumbList\",\"@id\":\"https:\/\/www.nettali.com\/2023\/12\/14\/etats-unis-le-congres-ouvre-formellement-une-enquete-en-destitution-de-biden\/#breadcrumb\",\"itemListElement\":[{\"@type\":\"ListItem\",\"position\":1,\"name\":\"Accueil\",\"item\":\"https:\/\/www.nettali.com\/\"},{\"@type\":\"ListItem\",\"position\":2,\"name\":\"ETATS-UNIS - Le Congr\\u00e8s ouvre formellement une enqu\\u00eate en destitution de Biden\"}]},{\"@type\":\"Person\",\"@id\":\"https:\/\/www.nettali.com\/#\/schema\/person\/3317e0bb3aa1da309fbf7b2780901bf4\",\"name\":\"Daouda\",\"image\":{\"@type\":\"ImageObject\",\"@id\":\"https:\/\/www.nettali.com\/#personlogo\",\"inLanguage\":\"fr-FR\",\"url\":\"https:\/\/secure.gravatar.com\/avatar\/8d143b5a49345098ddcfee1c49c2f47c?s=96&d=mm&r=g\",\"contentUrl\":\"https:\/\/secure.gravatar.com\/avatar\/8d143b5a49345098ddcfee1c49c2f47c?s=96&d=mm&r=g\",\"caption\":\"Daouda\"},\"sameAs\":[\"https:\/\/www.nettali.com\"]}]}<\/script>\n<!-- \/ Yoast SEO Premium plugin. -->","yoast_head_json":{"title":"ETATS-UNIS - Le Congr\u00e8s ouvre formellement une enqu\u00eate en destitution de Biden | Nettali.com","robots":{"index":"index","follow":"follow","max-snippet":"max-snippet:-1","max-image-preview":"max-image-preview:large","max-video-preview":"max-video-preview:-1"},"canonical":"https:\/\/www.nettali.com\/2023\/12\/14\/etats-unis-le-congres-ouvre-formellement-une-enquete-en-destitution-de-biden\/","og_locale":"fr_FR","og_type":"article","og_title":"ETATS-UNIS - Le Congr\u00e8s ouvre formellement une enqu\u00eate en destitution de Biden","og_description":"NETTALI.COM - Le Congr\u00e8s am\u00e9ricain a approuv\u00e9 mercredi l'ouverture formelle d'une enqu\u00eate en destitution de Joe Biden, motiv\u00e9e par les affaires controvers\u00e9es de son fils \u00e0 l'\u00e9tranger, et qualifi\u00e9e de \"combine politique sans fondement\" par le pr\u00e9sident. Cette proc\u00e9dure n'a quasiment aucune chance d'aboutir, mais pourrait se transformer en casse-t\u00eate pour la Maison Blanche avant [&hellip;]","og_url":"https:\/\/www.nettali.com\/2023\/12\/14\/etats-unis-le-congres-ouvre-formellement-une-enquete-en-destitution-de-biden\/","og_site_name":"Nettali.com","article_publisher":"https:\/\/www.facebook.com\/nettalicom","article_published_time":"2023-12-14T08:59:05+00:00","og_image":[{"width":1000,"height":750,"url":"https:\/\/www.nettali.com\/wp-content\/uploads\/2022\/03\/joe-biden.jpg","type":"image\/jpeg"}],"twitter_card":"summary_large_image","twitter_misc":{"\u00c9crit par":"Daouda","Dur\u00e9e de lecture estim\u00e9e":"4 minutes"},"schema":{"@context":"https:\/\/schema.org","@graph":[{"@type":"WebSite","@id":"https:\/\/www.nettali.com\/#website","url":"https:\/\/www.nettali.com\/","name":"Nettali.com","description":"Le rendez-vous critique du Net","potentialAction":[{"@type":"SearchAction","target":{"@type":"EntryPoint","urlTemplate":"https:\/\/www.nettali.com\/?s={search_term_string}"},"query-input":"required name=search_term_string"}],"inLanguage":"fr-FR"},{"@type":"ImageObject","@id":"https:\/\/www.nettali.com\/2023\/12\/14\/etats-unis-le-congres-ouvre-formellement-une-enquete-en-destitution-de-biden\/#primaryimage","inLanguage":"fr-FR","url":"https:\/\/www.nettali.com\/wp-content\/uploads\/2022\/03\/joe-biden.jpg","contentUrl":"https:\/\/www.nettali.com\/wp-content\/uploads\/2022\/03\/joe-biden.jpg","width":1000,"height":750},{"@type":"WebPage","@id":"https:\/\/www.nettali.com\/2023\/12\/14\/etats-unis-le-congres-ouvre-formellement-une-enquete-en-destitution-de-biden\/#webpage","url":"https:\/\/www.nettali.com\/2023\/12\/14\/etats-unis-le-congres-ouvre-formellement-une-enquete-en-destitution-de-biden\/","name":"ETATS-UNIS - Le Congr\u00e8s ouvre formellement une enqu\u00eate en destitution de Biden | Nettali.com","isPartOf":{"@id":"https:\/\/www.nettali.com\/#website"},"primaryImageOfPage":{"@id":"https:\/\/www.nettali.com\/2023\/12\/14\/etats-unis-le-congres-ouvre-formellement-une-enquete-en-destitution-de-biden\/#primaryimage"},"datePublished":"2023-12-14T08:59:05+00:00","dateModified":"2023-12-14T08:59:05+00:00","author":{"@id":"https:\/\/www.nettali.com\/#\/schema\/person\/3317e0bb3aa1da309fbf7b2780901bf4"},"breadcrumb":{"@id":"https:\/\/www.nettali.com\/2023\/12\/14\/etats-unis-le-congres-ouvre-formellement-une-enquete-en-destitution-de-biden\/#breadcrumb"},"inLanguage":"fr-FR","potentialAction":[{"@type":"ReadAction","target":["https:\/\/www.nettali.com\/2023\/12\/14\/etats-unis-le-congres-ouvre-formellement-une-enquete-en-destitution-de-biden\/"]}]},{"@type":"BreadcrumbList","@id":"https:\/\/www.nettali.com\/2023\/12\/14\/etats-unis-le-congres-ouvre-formellement-une-enquete-en-destitution-de-biden\/#breadcrumb","itemListElement":[{"@type":"ListItem","position":1,"name":"Accueil","item":"https:\/\/www.nettali.com\/"},{"@type":"ListItem","position":2,"name":"ETATS-UNIS - Le Congr\u00e8s ouvre formellement une enqu\u00eate en destitution de Biden"}]},{"@type":"Person","@id":"https:\/\/www.nettali.com\/#\/schema\/person\/3317e0bb3aa1da309fbf7b2780901bf4","name":"Daouda","image":{"@type":"ImageObject","@id":"https:\/\/www.nettali.com\/#personlogo","inLanguage":"fr-FR","url":"https:\/\/secure.gravatar.com\/avatar\/8d143b5a49345098ddcfee1c49c2f47c?s=96&d=mm&r=g","contentUrl":"https:\/\/secure.gravatar.com\/avatar\/8d143b5a49345098ddcfee1c49c2f47c?s=96&d=mm&r=g","caption":"Daouda"},"sameAs":["https:\/\/www.nettali.com"]}]}},"_links":{"self":[{"href":"https:\/\/www.nettali.com\/rest\/wp\/v2\/posts\/123660"}],"collection":[{"href":"https:\/\/www.nettali.com\/rest\/wp\/v2\/posts"}],"about":[{"href":"https:\/\/www.nettali.com\/rest\/wp\/v2\/types\/post"}],"author":[{"embeddable":true,"href":"https:\/\/www.nettali.com\/rest\/wp\/v2\/users\/4"}],"replies":[{"embeddable":true,"href":"https:\/\/www.nettali.com\/rest\/wp\/v2\/comments?post=123660"}],"version-history":[{"count":1,"href":"https:\/\/www.nettali.com\/rest\/wp\/v2\/posts\/123660\/revisions"}],"predecessor-version":[{"id":123661,"href":"https:\/\/www.nettali.com\/rest\/wp\/v2\/posts\/123660\/revisions\/123661"}],"wp:featuredmedia":[{"embeddable":true,"href":"https:\/\/www.nettali.com\/rest\/wp\/v2\/media\/83407"}],"wp:attachment":[{"href":"https:\/\/www.nettali.com\/rest\/wp\/v2\/media?parent=123660"}],"wp:term":[{"taxonomy":"category","embeddable":true,"href":"https:\/\/www.nettali.com\/rest\/wp\/v2\/categories?post=123660"},{"taxonomy":"post_tag","embeddable":true,"href":"https:\/\/www.nettali.com\/rest\/wp\/v2\/tags?post=123660"}],"curies":[{"name":"wp","href":"https:\/\/api.w.org\/{rel}","templated":true}]}}