{"id":123647,"date":"2023-12-14T07:20:11","date_gmt":"2023-12-14T07:20:11","guid":{"rendered":"https:\/\/www.nettali.com\/?p=123647"},"modified":"2023-12-14T07:20:11","modified_gmt":"2023-12-14T07:20:11","slug":"en-coulisses-amadou-ba-mamoudou-ibra-kane","status":"publish","type":"post","link":"https:\/\/www.nettali.com\/2023\/12\/14\/en-coulisses-amadou-ba-mamoudou-ibra-kane\/","title":{"rendered":"EN COULISSES - Amadou Ba-Mamoudou Ibra Kane"},"content":{"rendered":"<div class=\"page\" title=\"Page 2\">\n<div class=\"layoutArea\">\n<div class=\"column\">\n<p><strong>NETTALI.COM -<\/strong> Le candidat de la coalition Benno Bokk Yaakaar, Amadou Ba\u0302 et le leader du mouvement \"<em>Demain c\u2019est maintenant<\/em>\", Mamoudou Ibra Kane, se sont rencontre\u0301s a\u0300 Paris.<\/p>\n<p>M. Kane \"<em>a rec\u0327u mandat de discuter avec tous les acteurs du processus e\u0301lectoral<\/em>\", d\u2019apre\u0300s un communique\u0301 rec\u0327u a\u0300 \"Nettali.com\".<\/p>\n<p>\"<em>Les deux hommes politiques ont e\u0301change\u0301 sur la perspective d'une alliance en vue de l'e\u0301lection pre\u0301sidentielle du 25 fe\u0301vrier 2024 avec une large convergence de vues et conforme\u0301ment a\u0300 la vision de DCM base\u0301e sur la co-construction et la citoyennete\u0301. L'entretien s'est de\u0301roule\u0301 en pre\u0301sence de certains membres de DCM\/France<\/em>\", d\u2019apre\u0300s la note.<\/p>\n<p>\"<em>Rappelons que DCM a de\u0301ja\u0300 rencontre\u0301 d\u2019autres candidats a\u0300 l\u2019e\u0301lection pre\u0301sidentielle re\u0301cemment a\u0300 Dakar, au nom de l'esprit d'ouverture et du principe d'autonomie de pense\u0301e et d'action de notre mouvement. Pour rappel, le leader de DCM a retire\u0301 sa candidature le 3 novembre dernier. Toutefois, le mouvement citoyen \"Demain c\u2019est maintenant\" reste acteur et actif pour apporter sa contribution a\u0300 la paix, la stabilite\u0301, la consolidation de la de\u0301mocratie et de l'E\u0301tat de droit, la promotion de la bonne gouvernance et au progre\u0300s du Se\u0301ne\u0301gal. Dans les prochains jours, DCM fera une importante communication\"<\/em>, annonce le document.<\/p>\n<\/div>\n<\/div>\n<\/div>\n<div class='share-to-whatsapp-wrapper'><div class='share-on-whsp'>PARTAGER SUR : <\/div><a data-text='EN COULISSES - Amadou Ba-Mamoudou Ibra Kane' data-link='https:\/\/www.nettali.com\/2023\/12\/14\/en-coulisses-amadou-ba-mamoudou-ibra-kane\/' class='whatsapp-button whatsapp-share'>WhatsApp<\/a><div class='clear '><\/div><\/div>","protected":false},"excerpt":{"rendered":"<p>NETTALI.COM - Le candidat de la coalition Benno Bokk Yaakaar, Amadou Ba\u0302 et le leader du mouvement \"Demain c\u2019est maintenant\", Mamoudou Ibra Kane, se sont rencontre\u0301s a\u0300 Paris. M. Kane \"a rec\u0327u mandat de discuter avec tous les acteurs du processus e\u0301lectoral\", d\u2019apre\u0300s un communique\u0301 rec\u0327u a\u0300 \"Nettali.com\". \"Les deux hommes politiques ont e\u0301change\u0301 sur [&hellip;]<\/p>\n","protected":false},"author":2,"featured_media":123650,"comment_status":"open","ping_status":"open","sticky":false,"template":"","format":"standard","meta":{"_et_pb_use_builder":"","_et_pb_old_content":""},"categories":[34945],"tags":[],"yoast_head":"<!-- This site is optimized with the Yoast SEO Premium plugin v17.8 (Yoast SEO v17.8) - https:\/\/yoast.com\/wordpress\/plugins\/seo\/ -->\n<title>EN COULISSES - Amadou Ba-Mamoudou Ibra Kane | Nettali.com<\/title>\n<meta name=\"robots\" content=\"index, follow, max-snippet:-1, max-image-preview:large, max-video-preview:-1\" \/>\n<link rel=\"canonical\" href=\"https:\/\/www.nettali.com\/2023\/12\/14\/en-coulisses-amadou-ba-mamoudou-ibra-kane\/\" \/>\n<meta property=\"og:locale\" content=\"fr_FR\" \/>\n<meta property=\"og:type\" content=\"article\" \/>\n<meta property=\"og:title\" content=\"EN COULISSES - Amadou Ba-Mamoudou Ibra Kane\" \/>\n<meta property=\"og:description\" content=\"NETTALI.COM - Le candidat de la coalition Benno Bokk Yaakaar, Amadou Ba\u0302 et le leader du mouvement &quot;Demain c\u2019est maintenant&quot;, Mamoudou Ibra Kane, se sont rencontre\u0301s a\u0300 Paris. M. Kane &quot;a rec\u0327u mandat de discuter avec tous les acteurs du processus e\u0301lectoral&quot;, d\u2019apre\u0300s un communique\u0301 rec\u0327u a\u0300 &quot;Nettali.com&quot;. &quot;Les deux hommes politiques ont e\u0301change\u0301 sur [&hellip;]\" \/>\n<meta property=\"og:url\" content=\"https:\/\/www.nettali.com\/2023\/12\/14\/en-coulisses-amadou-ba-mamoudou-ibra-kane\/\" \/>\n<meta property=\"og:site_name\" content=\"Nettali.com\" \/>\n<meta property=\"article:publisher\" content=\"https:\/\/www.facebook.com\/nettalicom\" \/>\n<meta property=\"article:published_time\" content=\"2023-12-14T07:20:11+00:00\" \/>\n<meta property=\"og:image\" content=\"https:\/\/www.nettali.com\/wp-content\/uploads\/2023\/12\/PHOTO-2023-12-13-21-41-32.jpg\" \/>\n\t<meta property=\"og:image:width\" content=\"843\" \/>\n\t<meta property=\"og:image:height\" content=\"1124\" \/>\n<meta name=\"twitter:card\" content=\"summary_large_image\" \/>\n<meta name=\"twitter:label1\" content=\"\u00c9crit par\" \/>\n\t<meta name=\"twitter:data1\" content=\"CK\" \/>\n\t<meta name=\"twitter:label2\" content=\"Dur\u00e9e de lecture estim\u00e9e\" \/>\n\t<meta name=\"twitter:data2\" content=\"2 minutes\" \/>\n<script type=\"application\/ld+json\" class=\"yoast-schema-graph\">{\"@context\":\"https:\/\/schema.org\",\"@graph\":[{\"@type\":\"WebSite\",\"@id\":\"https:\/\/www.nettali.com\/#website\",\"url\":\"https:\/\/www.nettali.com\/\",\"name\":\"Nettali.com\",\"description\":\"Le rendez-vous critique du Net\",\"potentialAction\":[{\"@type\":\"SearchAction\",\"target\":{\"@type\":\"EntryPoint\",\"urlTemplate\":\"https:\/\/www.nettali.com\/?s={search_term_string}\"},\"query-input\":\"required name=search_term_string\"}],\"inLanguage\":\"fr-FR\"},{\"@type\":\"ImageObject\",\"@id\":\"https:\/\/www.nettali.com\/2023\/12\/14\/en-coulisses-amadou-ba-mamoudou-ibra-kane\/#primaryimage\",\"inLanguage\":\"fr-FR\",\"url\":\"https:\/\/www.nettali.com\/wp-content\/uploads\/2023\/12\/PHOTO-2023-12-13-21-41-32.jpg\",\"contentUrl\":\"https:\/\/www.nettali.com\/wp-content\/uploads\/2023\/12\/PHOTO-2023-12-13-21-41-32.jpg\",\"width\":843,\"height\":1124},{\"@type\":\"WebPage\",\"@id\":\"https:\/\/www.nettali.com\/2023\/12\/14\/en-coulisses-amadou-ba-mamoudou-ibra-kane\/#webpage\",\"url\":\"https:\/\/www.nettali.com\/2023\/12\/14\/en-coulisses-amadou-ba-mamoudou-ibra-kane\/\",\"name\":\"EN COULISSES - Amadou Ba-Mamoudou Ibra Kane | Nettali.com\",\"isPartOf\":{\"@id\":\"https:\/\/www.nettali.com\/#website\"},\"primaryImageOfPage\":{\"@id\":\"https:\/\/www.nettali.com\/2023\/12\/14\/en-coulisses-amadou-ba-mamoudou-ibra-kane\/#primaryimage\"},\"datePublished\":\"2023-12-14T07:20:11+00:00\",\"dateModified\":\"2023-12-14T07:20:11+00:00\",\"author\":{\"@id\":\"https:\/\/www.nettali.com\/#\/schema\/person\/d8ac7b7e27ddad43f1c0d2ef090d7f71\"},\"breadcrumb\":{\"@id\":\"https:\/\/www.nettali.com\/2023\/12\/14\/en-coulisses-amadou-ba-mamoudou-ibra-kane\/#breadcrumb\"},\"inLanguage\":\"fr-FR\",\"potentialAction\":[{\"@type\":\"ReadAction\",\"target\":[\"https:\/\/www.nettali.com\/2023\/12\/14\/en-coulisses-amadou-ba-mamoudou-ibra-kane\/\"]}]},{\"@type\":\"BreadcrumbList\",\"@id\":\"https:\/\/www.nettali.com\/2023\/12\/14\/en-coulisses-amadou-ba-mamoudou-ibra-kane\/#breadcrumb\",\"itemListElement\":[{\"@type\":\"ListItem\",\"position\":1,\"name\":\"Accueil\",\"item\":\"https:\/\/www.nettali.com\/\"},{\"@type\":\"ListItem\",\"position\":2,\"name\":\"EN COULISSES - Amadou Ba-Mamoudou Ibra Kane\"}]},{\"@type\":\"Person\",\"@id\":\"https:\/\/www.nettali.com\/#\/schema\/person\/d8ac7b7e27ddad43f1c0d2ef090d7f71\",\"name\":\"CK\",\"image\":{\"@type\":\"ImageObject\",\"@id\":\"https:\/\/www.nettali.com\/#personlogo\",\"inLanguage\":\"fr-FR\",\"url\":\"https:\/\/secure.gravatar.com\/avatar\/1d8d5118b9327d94da7cd4ce7f17fec2?s=96&d=mm&r=g\",\"contentUrl\":\"https:\/\/secure.gravatar.com\/avatar\/1d8d5118b9327d94da7cd4ce7f17fec2?s=96&d=mm&r=g\",\"caption\":\"CK\"},\"sameAs\":[\"https:\/\/www.nettali.com\"]}]}<\/script>\n<!-- \/ Yoast SEO Premium plugin. -->","yoast_head_json":{"title":"EN COULISSES - Amadou Ba-Mamoudou Ibra Kane | Nettali.com","robots":{"index":"index","follow":"follow","max-snippet":"max-snippet:-1","max-image-preview":"max-image-preview:large","max-video-preview":"max-video-preview:-1"},"canonical":"https:\/\/www.nettali.com\/2023\/12\/14\/en-coulisses-amadou-ba-mamoudou-ibra-kane\/","og_locale":"fr_FR","og_type":"article","og_title":"EN COULISSES - Amadou Ba-Mamoudou Ibra Kane","og_description":"NETTALI.COM - Le candidat de la coalition Benno Bokk Yaakaar, Amadou Ba\u0302 et le leader du mouvement \"Demain c\u2019est maintenant\", Mamoudou Ibra Kane, se sont rencontre\u0301s a\u0300 Paris. M. Kane \"a rec\u0327u mandat de discuter avec tous les acteurs du processus e\u0301lectoral\", d\u2019apre\u0300s un communique\u0301 rec\u0327u a\u0300 \"Nettali.com\". \"Les deux hommes politiques ont e\u0301change\u0301 sur [&hellip;]","og_url":"https:\/\/www.nettali.com\/2023\/12\/14\/en-coulisses-amadou-ba-mamoudou-ibra-kane\/","og_site_name":"Nettali.com","article_publisher":"https:\/\/www.facebook.com\/nettalicom","article_published_time":"2023-12-14T07:20:11+00:00","og_image":[{"width":843,"height":1124,"url":"https:\/\/www.nettali.com\/wp-content\/uploads\/2023\/12\/PHOTO-2023-12-13-21-41-32.jpg","type":"image\/jpeg"}],"twitter_card":"summary_large_image","twitter_misc":{"\u00c9crit par":"CK","Dur\u00e9e de lecture estim\u00e9e":"2 minutes"},"schema":{"@context":"https:\/\/schema.org","@graph":[{"@type":"WebSite","@id":"https:\/\/www.nettali.com\/#website","url":"https:\/\/www.nettali.com\/","name":"Nettali.com","description":"Le rendez-vous critique du Net","potentialAction":[{"@type":"SearchAction","target":{"@type":"EntryPoint","urlTemplate":"https:\/\/www.nettali.com\/?s={search_term_string}"},"query-input":"required name=search_term_string"}],"inLanguage":"fr-FR"},{"@type":"ImageObject","@id":"https:\/\/www.nettali.com\/2023\/12\/14\/en-coulisses-amadou-ba-mamoudou-ibra-kane\/#primaryimage","inLanguage":"fr-FR","url":"https:\/\/www.nettali.com\/wp-content\/uploads\/2023\/12\/PHOTO-2023-12-13-21-41-32.jpg","contentUrl":"https:\/\/www.nettali.com\/wp-content\/uploads\/2023\/12\/PHOTO-2023-12-13-21-41-32.jpg","width":843,"height":1124},{"@type":"WebPage","@id":"https:\/\/www.nettali.com\/2023\/12\/14\/en-coulisses-amadou-ba-mamoudou-ibra-kane\/#webpage","url":"https:\/\/www.nettali.com\/2023\/12\/14\/en-coulisses-amadou-ba-mamoudou-ibra-kane\/","name":"EN COULISSES - Amadou Ba-Mamoudou Ibra Kane | Nettali.com","isPartOf":{"@id":"https:\/\/www.nettali.com\/#website"},"primaryImageOfPage":{"@id":"https:\/\/www.nettali.com\/2023\/12\/14\/en-coulisses-amadou-ba-mamoudou-ibra-kane\/#primaryimage"},"datePublished":"2023-12-14T07:20:11+00:00","dateModified":"2023-12-14T07:20:11+00:00","author":{"@id":"https:\/\/www.nettali.com\/#\/schema\/person\/d8ac7b7e27ddad43f1c0d2ef090d7f71"},"breadcrumb":{"@id":"https:\/\/www.nettali.com\/2023\/12\/14\/en-coulisses-amadou-ba-mamoudou-ibra-kane\/#breadcrumb"},"inLanguage":"fr-FR","potentialAction":[{"@type":"ReadAction","target":["https:\/\/www.nettali.com\/2023\/12\/14\/en-coulisses-amadou-ba-mamoudou-ibra-kane\/"]}]},{"@type":"BreadcrumbList","@id":"https:\/\/www.nettali.com\/2023\/12\/14\/en-coulisses-amadou-ba-mamoudou-ibra-kane\/#breadcrumb","itemListElement":[{"@type":"ListItem","position":1,"name":"Accueil","item":"https:\/\/www.nettali.com\/"},{"@type":"ListItem","position":2,"name":"EN COULISSES - Amadou Ba-Mamoudou Ibra Kane"}]},{"@type":"Person","@id":"https:\/\/www.nettali.com\/#\/schema\/person\/d8ac7b7e27ddad43f1c0d2ef090d7f71","name":"CK","image":{"@type":"ImageObject","@id":"https:\/\/www.nettali.com\/#personlogo","inLanguage":"fr-FR","url":"https:\/\/secure.gravatar.com\/avatar\/1d8d5118b9327d94da7cd4ce7f17fec2?s=96&d=mm&r=g","contentUrl":"https:\/\/secure.gravatar.com\/avatar\/1d8d5118b9327d94da7cd4ce7f17fec2?s=96&d=mm&r=g","caption":"CK"},"sameAs":["https:\/\/www.nettali.com"]}]}},"_links":{"self":[{"href":"https:\/\/www.nettali.com\/rest\/wp\/v2\/posts\/123647"}],"collection":[{"href":"https:\/\/www.nettali.com\/rest\/wp\/v2\/posts"}],"about":[{"href":"https:\/\/www.nettali.com\/rest\/wp\/v2\/types\/post"}],"author":[{"embeddable":true,"href":"https:\/\/www.nettali.com\/rest\/wp\/v2\/users\/2"}],"replies":[{"embeddable":true,"href":"https:\/\/www.nettali.com\/rest\/wp\/v2\/comments?post=123647"}],"version-history":[{"count":2,"href":"https:\/\/www.nettali.com\/rest\/wp\/v2\/posts\/123647\/revisions"}],"predecessor-version":[{"id":123649,"href":"https:\/\/www.nettali.com\/rest\/wp\/v2\/posts\/123647\/revisions\/123649"}],"wp:featuredmedia":[{"embeddable":true,"href":"https:\/\/www.nettali.com\/rest\/wp\/v2\/media\/123650"}],"wp:attachment":[{"href":"https:\/\/www.nettali.com\/rest\/wp\/v2\/media?parent=123647"}],"wp:term":[{"taxonomy":"category","embeddable":true,"href":"https:\/\/www.nettali.com\/rest\/wp\/v2\/categories?post=123647"},{"taxonomy":"post_tag","embeddable":true,"href":"https:\/\/www.nettali.com\/rest\/wp\/v2\/tags?post=123647"}],"curies":[{"name":"wp","href":"https:\/\/api.w.org\/{rel}","templated":true}]}}