{"id":123643,"date":"2023-12-14T07:06:12","date_gmt":"2023-12-14T07:06:12","guid":{"rendered":"https:\/\/www.nettali.com\/?p=123643"},"modified":"2023-12-14T07:06:12","modified_gmt":"2023-12-14T07:06:12","slug":"en-coulisses-delibere-affaire-ousmane-sonko","status":"publish","type":"post","link":"https:\/\/www.nettali.com\/2023\/12\/14\/en-coulisses-delibere-affaire-ousmane-sonko\/","title":{"rendered":"EN COULISSES - D\u00e9lib\u00e9r\u00e9 affaire Ousmane Sonko"},"content":{"rendered":"<div class=\"page\" title=\"Page 2\">\n<div class=\"layoutArea\">\n<div class=\"column\">\n<p><strong>NETTALI.COM -<\/strong> Ce jeudi 14 d\u00e9cembre aura lieu le d\u00e9lib\u00e9r\u00e9 dans l'affaire de radiation des listes \u00e9lectorales du leader du Pastef, suite a\u0300 l\u2019audience spe\u0301ciale du mardi 12 d\u00e9cembre du tribunal d'instance de Dakar. L\u2019opposant se\u0301ne\u0301galais conteste sa radiation des listes e\u0301lectorales, suite a\u0300 sa condamnation dans le proce\u0300s l\u2019opposant a\u0300 l\u2019employ\u00e9e de salon de beaut\u00e9 Adji Sarr. Proc\u00e8s au cours duquel, il avait essuye\u0301 un revers devant la Cour supre\u0302me, le 17 novembre dernier.<\/p>\n<p>En effet, cette juridiction a e\u0301te\u0301 saisie par l'agent judiciaire de l\u2019E\u0301tat d\u2019un recours, pour casser le jugement du tribunal d'instance de Ziguinchor.<\/p>\n<p>Pour rappel, ce dernier avait \"<em>re\u0301tabli Ousmane Sonko dans ses droits<\/em>\" et lui redonnait des chances de participer a\u0300 l\u2019e\u0301lection pre\u0301sidentielle du 25 fe\u0301vrier 2024.<\/p>\n<p>La Cour supre\u0302me, dans son arr\u00eat, avait toutefois estime\u0301 que l\u2019affaire devait e\u0302tre rejuge\u0301e devant le tribunal d'instance de Dakar.<\/p>\n<p>Par la suite, une proce\u0301dure acce\u0301le\u0301re\u0301e du rabat d'arre\u0302t, introduite par les conseils d'Ousmane Sonko devant la Cour supre\u0302me, avait \u00e9t\u00e9 rejete\u0301e.<\/p>\n<p>A noter que l'une des parties au proc\u00e8s, pourra toujours introduire un pourvoi devant la Cour supr\u00eame, si elle venait \u00e0 ne pas \u00eatre satisfaite de la d\u00e9cision.<\/p>\n<\/div>\n<\/div>\n<\/div>\n<div class='share-to-whatsapp-wrapper'><div class='share-on-whsp'>PARTAGER SUR : <\/div><a data-text='EN COULISSES - D\u00e9lib\u00e9r\u00e9 affaire Ousmane Sonko' data-link='https:\/\/www.nettali.com\/2023\/12\/14\/en-coulisses-delibere-affaire-ousmane-sonko\/' class='whatsapp-button whatsapp-share'>WhatsApp<\/a><div class='clear '><\/div><\/div>","protected":false},"excerpt":{"rendered":"<p>NETTALI.COM - Ce jeudi 14 d\u00e9cembre aura lieu le d\u00e9lib\u00e9r\u00e9 dans l'affaire de radiation des listes \u00e9lectorales du leader du Pastef, suite a\u0300 l\u2019audience spe\u0301ciale du mardi 12 d\u00e9cembre du tribunal d'instance de Dakar. L\u2019opposant se\u0301ne\u0301galais conteste sa radiation des listes e\u0301lectorales, suite a\u0300 sa condamnation dans le proce\u0300s l\u2019opposant a\u0300 l\u2019employ\u00e9e de salon de [&hellip;]<\/p>\n","protected":false},"author":2,"featured_media":123646,"comment_status":"open","ping_status":"open","sticky":false,"template":"","format":"standard","meta":{"_et_pb_use_builder":"","_et_pb_old_content":""},"categories":[34945],"tags":[],"yoast_head":"<!-- This site is optimized with the Yoast SEO Premium plugin v17.8 (Yoast SEO v17.8) - https:\/\/yoast.com\/wordpress\/plugins\/seo\/ -->\n<title>EN COULISSES - D\u00e9lib\u00e9r\u00e9 affaire Ousmane Sonko | Nettali.com<\/title>\n<meta name=\"robots\" content=\"index, follow, max-snippet:-1, max-image-preview:large, max-video-preview:-1\" \/>\n<link rel=\"canonical\" href=\"https:\/\/www.nettali.com\/2023\/12\/14\/en-coulisses-delibere-affaire-ousmane-sonko\/\" \/>\n<meta property=\"og:locale\" content=\"fr_FR\" \/>\n<meta property=\"og:type\" content=\"article\" \/>\n<meta property=\"og:title\" content=\"EN COULISSES - D\u00e9lib\u00e9r\u00e9 affaire Ousmane Sonko\" \/>\n<meta property=\"og:description\" content=\"NETTALI.COM - Ce jeudi 14 d\u00e9cembre aura lieu le d\u00e9lib\u00e9r\u00e9 dans l&#039;affaire de radiation des listes \u00e9lectorales du leader du Pastef, suite a\u0300 l\u2019audience spe\u0301ciale du mardi 12 d\u00e9cembre du tribunal d&#039;instance de Dakar. L\u2019opposant se\u0301ne\u0301galais conteste sa radiation des listes e\u0301lectorales, suite a\u0300 sa condamnation dans le proce\u0300s l\u2019opposant a\u0300 l\u2019employ\u00e9e de salon de [&hellip;]\" \/>\n<meta property=\"og:url\" content=\"https:\/\/www.nettali.com\/2023\/12\/14\/en-coulisses-delibere-affaire-ousmane-sonko\/\" \/>\n<meta property=\"og:site_name\" content=\"Nettali.com\" \/>\n<meta property=\"article:publisher\" content=\"https:\/\/www.facebook.com\/nettalicom\" \/>\n<meta property=\"article:published_time\" content=\"2023-12-14T07:06:12+00:00\" \/>\n<meta property=\"og:image\" content=\"https:\/\/www.nettali.com\/wp-content\/uploads\/2023\/12\/AP23304769075573.jpg\" \/>\n\t<meta property=\"og:image:width\" content=\"980\" \/>\n\t<meta property=\"og:image:height\" content=\"551\" \/>\n<meta name=\"twitter:card\" content=\"summary_large_image\" \/>\n<meta name=\"twitter:label1\" content=\"\u00c9crit par\" \/>\n\t<meta name=\"twitter:data1\" content=\"CK\" \/>\n\t<meta name=\"twitter:label2\" content=\"Dur\u00e9e de lecture estim\u00e9e\" \/>\n\t<meta name=\"twitter:data2\" content=\"1 minute\" \/>\n<script type=\"application\/ld+json\" class=\"yoast-schema-graph\">{\"@context\":\"https:\/\/schema.org\",\"@graph\":[{\"@type\":\"WebSite\",\"@id\":\"https:\/\/www.nettali.com\/#website\",\"url\":\"https:\/\/www.nettali.com\/\",\"name\":\"Nettali.com\",\"description\":\"Le rendez-vous critique du Net\",\"potentialAction\":[{\"@type\":\"SearchAction\",\"target\":{\"@type\":\"EntryPoint\",\"urlTemplate\":\"https:\/\/www.nettali.com\/?s={search_term_string}\"},\"query-input\":\"required name=search_term_string\"}],\"inLanguage\":\"fr-FR\"},{\"@type\":\"ImageObject\",\"@id\":\"https:\/\/www.nettali.com\/2023\/12\/14\/en-coulisses-delibere-affaire-ousmane-sonko\/#primaryimage\",\"inLanguage\":\"fr-FR\",\"url\":\"https:\/\/www.nettali.com\/wp-content\/uploads\/2023\/12\/AP23304769075573.jpg\",\"contentUrl\":\"https:\/\/www.nettali.com\/wp-content\/uploads\/2023\/12\/AP23304769075573.jpg\",\"width\":980,\"height\":551},{\"@type\":\"WebPage\",\"@id\":\"https:\/\/www.nettali.com\/2023\/12\/14\/en-coulisses-delibere-affaire-ousmane-sonko\/#webpage\",\"url\":\"https:\/\/www.nettali.com\/2023\/12\/14\/en-coulisses-delibere-affaire-ousmane-sonko\/\",\"name\":\"EN COULISSES - D\\u00e9lib\\u00e9r\\u00e9 affaire Ousmane Sonko | Nettali.com\",\"isPartOf\":{\"@id\":\"https:\/\/www.nettali.com\/#website\"},\"primaryImageOfPage\":{\"@id\":\"https:\/\/www.nettali.com\/2023\/12\/14\/en-coulisses-delibere-affaire-ousmane-sonko\/#primaryimage\"},\"datePublished\":\"2023-12-14T07:06:12+00:00\",\"dateModified\":\"2023-12-14T07:06:12+00:00\",\"author\":{\"@id\":\"https:\/\/www.nettali.com\/#\/schema\/person\/d8ac7b7e27ddad43f1c0d2ef090d7f71\"},\"breadcrumb\":{\"@id\":\"https:\/\/www.nettali.com\/2023\/12\/14\/en-coulisses-delibere-affaire-ousmane-sonko\/#breadcrumb\"},\"inLanguage\":\"fr-FR\",\"potentialAction\":[{\"@type\":\"ReadAction\",\"target\":[\"https:\/\/www.nettali.com\/2023\/12\/14\/en-coulisses-delibere-affaire-ousmane-sonko\/\"]}]},{\"@type\":\"BreadcrumbList\",\"@id\":\"https:\/\/www.nettali.com\/2023\/12\/14\/en-coulisses-delibere-affaire-ousmane-sonko\/#breadcrumb\",\"itemListElement\":[{\"@type\":\"ListItem\",\"position\":1,\"name\":\"Accueil\",\"item\":\"https:\/\/www.nettali.com\/\"},{\"@type\":\"ListItem\",\"position\":2,\"name\":\"EN COULISSES - D\\u00e9lib\\u00e9r\\u00e9 affaire Ousmane Sonko\"}]},{\"@type\":\"Person\",\"@id\":\"https:\/\/www.nettali.com\/#\/schema\/person\/d8ac7b7e27ddad43f1c0d2ef090d7f71\",\"name\":\"CK\",\"image\":{\"@type\":\"ImageObject\",\"@id\":\"https:\/\/www.nettali.com\/#personlogo\",\"inLanguage\":\"fr-FR\",\"url\":\"https:\/\/secure.gravatar.com\/avatar\/1d8d5118b9327d94da7cd4ce7f17fec2?s=96&d=mm&r=g\",\"contentUrl\":\"https:\/\/secure.gravatar.com\/avatar\/1d8d5118b9327d94da7cd4ce7f17fec2?s=96&d=mm&r=g\",\"caption\":\"CK\"},\"sameAs\":[\"https:\/\/www.nettali.com\"]}]}<\/script>\n<!-- \/ Yoast SEO Premium plugin. -->","yoast_head_json":{"title":"EN COULISSES - D\u00e9lib\u00e9r\u00e9 affaire Ousmane Sonko | Nettali.com","robots":{"index":"index","follow":"follow","max-snippet":"max-snippet:-1","max-image-preview":"max-image-preview:large","max-video-preview":"max-video-preview:-1"},"canonical":"https:\/\/www.nettali.com\/2023\/12\/14\/en-coulisses-delibere-affaire-ousmane-sonko\/","og_locale":"fr_FR","og_type":"article","og_title":"EN COULISSES - D\u00e9lib\u00e9r\u00e9 affaire Ousmane Sonko","og_description":"NETTALI.COM - Ce jeudi 14 d\u00e9cembre aura lieu le d\u00e9lib\u00e9r\u00e9 dans l'affaire de radiation des listes \u00e9lectorales du leader du Pastef, suite a\u0300 l\u2019audience spe\u0301ciale du mardi 12 d\u00e9cembre du tribunal d'instance de Dakar. L\u2019opposant se\u0301ne\u0301galais conteste sa radiation des listes e\u0301lectorales, suite a\u0300 sa condamnation dans le proce\u0300s l\u2019opposant a\u0300 l\u2019employ\u00e9e de salon de [&hellip;]","og_url":"https:\/\/www.nettali.com\/2023\/12\/14\/en-coulisses-delibere-affaire-ousmane-sonko\/","og_site_name":"Nettali.com","article_publisher":"https:\/\/www.facebook.com\/nettalicom","article_published_time":"2023-12-14T07:06:12+00:00","og_image":[{"width":980,"height":551,"url":"https:\/\/www.nettali.com\/wp-content\/uploads\/2023\/12\/AP23304769075573.jpg","type":"image\/jpeg"}],"twitter_card":"summary_large_image","twitter_misc":{"\u00c9crit par":"CK","Dur\u00e9e de lecture estim\u00e9e":"1 minute"},"schema":{"@context":"https:\/\/schema.org","@graph":[{"@type":"WebSite","@id":"https:\/\/www.nettali.com\/#website","url":"https:\/\/www.nettali.com\/","name":"Nettali.com","description":"Le rendez-vous critique du Net","potentialAction":[{"@type":"SearchAction","target":{"@type":"EntryPoint","urlTemplate":"https:\/\/www.nettali.com\/?s={search_term_string}"},"query-input":"required name=search_term_string"}],"inLanguage":"fr-FR"},{"@type":"ImageObject","@id":"https:\/\/www.nettali.com\/2023\/12\/14\/en-coulisses-delibere-affaire-ousmane-sonko\/#primaryimage","inLanguage":"fr-FR","url":"https:\/\/www.nettali.com\/wp-content\/uploads\/2023\/12\/AP23304769075573.jpg","contentUrl":"https:\/\/www.nettali.com\/wp-content\/uploads\/2023\/12\/AP23304769075573.jpg","width":980,"height":551},{"@type":"WebPage","@id":"https:\/\/www.nettali.com\/2023\/12\/14\/en-coulisses-delibere-affaire-ousmane-sonko\/#webpage","url":"https:\/\/www.nettali.com\/2023\/12\/14\/en-coulisses-delibere-affaire-ousmane-sonko\/","name":"EN COULISSES - D\u00e9lib\u00e9r\u00e9 affaire Ousmane Sonko | Nettali.com","isPartOf":{"@id":"https:\/\/www.nettali.com\/#website"},"primaryImageOfPage":{"@id":"https:\/\/www.nettali.com\/2023\/12\/14\/en-coulisses-delibere-affaire-ousmane-sonko\/#primaryimage"},"datePublished":"2023-12-14T07:06:12+00:00","dateModified":"2023-12-14T07:06:12+00:00","author":{"@id":"https:\/\/www.nettali.com\/#\/schema\/person\/d8ac7b7e27ddad43f1c0d2ef090d7f71"},"breadcrumb":{"@id":"https:\/\/www.nettali.com\/2023\/12\/14\/en-coulisses-delibere-affaire-ousmane-sonko\/#breadcrumb"},"inLanguage":"fr-FR","potentialAction":[{"@type":"ReadAction","target":["https:\/\/www.nettali.com\/2023\/12\/14\/en-coulisses-delibere-affaire-ousmane-sonko\/"]}]},{"@type":"BreadcrumbList","@id":"https:\/\/www.nettali.com\/2023\/12\/14\/en-coulisses-delibere-affaire-ousmane-sonko\/#breadcrumb","itemListElement":[{"@type":"ListItem","position":1,"name":"Accueil","item":"https:\/\/www.nettali.com\/"},{"@type":"ListItem","position":2,"name":"EN COULISSES - D\u00e9lib\u00e9r\u00e9 affaire Ousmane Sonko"}]},{"@type":"Person","@id":"https:\/\/www.nettali.com\/#\/schema\/person\/d8ac7b7e27ddad43f1c0d2ef090d7f71","name":"CK","image":{"@type":"ImageObject","@id":"https:\/\/www.nettali.com\/#personlogo","inLanguage":"fr-FR","url":"https:\/\/secure.gravatar.com\/avatar\/1d8d5118b9327d94da7cd4ce7f17fec2?s=96&d=mm&r=g","contentUrl":"https:\/\/secure.gravatar.com\/avatar\/1d8d5118b9327d94da7cd4ce7f17fec2?s=96&d=mm&r=g","caption":"CK"},"sameAs":["https:\/\/www.nettali.com"]}]}},"_links":{"self":[{"href":"https:\/\/www.nettali.com\/rest\/wp\/v2\/posts\/123643"}],"collection":[{"href":"https:\/\/www.nettali.com\/rest\/wp\/v2\/posts"}],"about":[{"href":"https:\/\/www.nettali.com\/rest\/wp\/v2\/types\/post"}],"author":[{"embeddable":true,"href":"https:\/\/www.nettali.com\/rest\/wp\/v2\/users\/2"}],"replies":[{"embeddable":true,"href":"https:\/\/www.nettali.com\/rest\/wp\/v2\/comments?post=123643"}],"version-history":[{"count":2,"href":"https:\/\/www.nettali.com\/rest\/wp\/v2\/posts\/123643\/revisions"}],"predecessor-version":[{"id":123645,"href":"https:\/\/www.nettali.com\/rest\/wp\/v2\/posts\/123643\/revisions\/123645"}],"wp:featuredmedia":[{"embeddable":true,"href":"https:\/\/www.nettali.com\/rest\/wp\/v2\/media\/123646"}],"wp:attachment":[{"href":"https:\/\/www.nettali.com\/rest\/wp\/v2\/media?parent=123643"}],"wp:term":[{"taxonomy":"category","embeddable":true,"href":"https:\/\/www.nettali.com\/rest\/wp\/v2\/categories?post=123643"},{"taxonomy":"post_tag","embeddable":true,"href":"https:\/\/www.nettali.com\/rest\/wp\/v2\/tags?post=123643"}],"curies":[{"name":"wp","href":"https:\/\/api.w.org\/{rel}","templated":true}]}}