{"id":123633,"date":"2023-12-13T19:19:23","date_gmt":"2023-12-13T19:19:23","guid":{"rendered":"https:\/\/www.nettali.com\/?p=123633"},"modified":"2023-12-13T20:51:44","modified_gmt":"2023-12-13T20:51:44","slug":"elections-de-representativitesyndicales-les-premieres-tendances-favorable-a-la-cnts-a-la-cnts-fc-a-lunsas-et-a-la-csa","status":"publish","type":"post","link":"https:\/\/www.nettali.com\/2023\/12\/13\/elections-de-representativitesyndicales-les-premieres-tendances-favorable-a-la-cnts-a-la-cnts-fc-a-lunsas-et-a-la-csa\/","title":{"rendered":"\u00c9LECTIONS DE REPR\u00c9SENTATIVIT\u00c9SYNDICALES - Les premi\u00e8res tendances favorables \u00e0 la Cnts \u00e0 la Cnts\/Fc, \u00e0 L\u2019Unsas et \u00e0 la Csa\u00a0"},"content":{"rendered":"<p><strong>NETTALI.COM - Les premiers r\u00e9sultats des \u00e9lections de repr\u00e9sentativit\u00e9 des centrales syndicales commencent \u00e0 tomber. Des tendances plut\u00f4t favorables \u00e0 la Cnts, \u00e0 la Cnts\/Fc, \u00e0 l\u2019Unsas et \u00e0 la Csa, selon\u00a0 l\u2019inspecteur du travail, Alioune Fall. Toutefois, il estime que d\u2019autres centrales on fait une perc\u00e9e.\u00a0<\/strong><\/p>\n<p>Les \u00e9lections g\u00e9n\u00e9rales de repr\u00e9sentativit\u00e9 des centrales syndicales ont eu lieu, ce 12 d\u00e9cembre 2023. Le taux de participation est favorable, selon Alioune Fall, inspecteur du travail. Il varie entre 30 et 55%. \u00ab <em>Ce que nous avons pu recevoir en termes de r\u00e9sultats donnent des taux de participation qui vont de 55% \u00e0 30%. Ce qui est un taux appr\u00e9ciable compte tenu du fait qu\u2019en 2017, on avait un taux qui tournait autour de 28%<\/em> \u00bb, dit-il.<\/p>\n<p>Les premi\u00e8res tendances sont favorables aux centrales qui \u00e9taient repr\u00e9sentatives depuis 2017. C\u2019est la Cnts, la Cnts\/Fc, l\u2019Unsas et la Csa. Toutefois M. Fall attire l\u2019attention. \u00ab<em> Ce sont des r\u00e9sultats qui peuvent changer \u00e0 tout moment avec le reste des bureaux de vote. Dakar, Rufisque qui ont des bureaux de vote assez important peuvent donner des r\u00e9sultats qui influenceront la suite des choses en termes des taux de participation et d\u2019autres r\u00e9sultats. Nous sommes en train d\u2019attendre les r\u00e9sultats des autres d\u00e9partements. La suite, c\u2019est la commission \u00e9lectorale nationale qui va \u00eatre convoqu\u00e9e dans les jours \u00e0 venir avec les r\u00e9sultats. Mais depuis, hier, jusqu\u2019\u00e0 aujourd\u2019hui, il y\u2019a des commissions qui se r\u00e9unissent. Il faut qu\u2019on soit prudent parce il y\u2019a des bureaux de vote assez importants qui doivent r\u00e9v\u00e9ler leur r\u00e9sultat et \u00e7a risque d\u2019influencer les choses<\/em> \u00bb, dit-il.<\/p>\n<div class='share-to-whatsapp-wrapper'><div class='share-on-whsp'>PARTAGER SUR : <\/div><a data-text='\u00c9LECTIONS DE REPR\u00c9SENTATIVIT\u00c9SYNDICALES - Les premi\u00e8res tendances favorables \u00e0 la Cnts \u00e0 la Cnts\/Fc, \u00e0 L\u2019Unsas et \u00e0 la Csa\u00a0' data-link='https:\/\/www.nettali.com\/2023\/12\/13\/elections-de-representativitesyndicales-les-premieres-tendances-favorable-a-la-cnts-a-la-cnts-fc-a-lunsas-et-a-la-csa\/' class='whatsapp-button whatsapp-share'>WhatsApp<\/a><div class='clear '><\/div><\/div>","protected":false},"excerpt":{"rendered":"<p>NETTALI.COM - Les premiers r\u00e9sultats des \u00e9lections de repr\u00e9sentativit\u00e9 des centrales syndicales commencent \u00e0 tomber. Des tendances plut\u00f4t favorables \u00e0 la Cnts, \u00e0 la Cnts\/Fc, \u00e0 l\u2019Unsas et \u00e0 la Csa, selon\u00a0 l\u2019inspecteur du travail, Alioune Fall. Toutefois, il estime que d\u2019autres centrales on fait une perc\u00e9e.\u00a0 Les \u00e9lections g\u00e9n\u00e9rales de repr\u00e9sentativit\u00e9 des centrales syndicales [&hellip;]<\/p>\n","protected":false},"author":6,"featured_media":63094,"comment_status":"open","ping_status":"open","sticky":false,"template":"","format":"standard","meta":{"_et_pb_use_builder":"","_et_pb_old_content":""},"categories":[3],"tags":[],"yoast_head":"<!-- This site is optimized with the Yoast SEO Premium plugin v17.8 (Yoast SEO v17.8) - https:\/\/yoast.com\/wordpress\/plugins\/seo\/ -->\n<title>\u00c9LECTIONS DE REPR\u00c9SENTATIVIT\u00c9SYNDICALES - Les premi\u00e8res tendances favorables \u00e0 la Cnts \u00e0 la Cnts\/Fc, \u00e0 L\u2019Unsas et \u00e0 la Csa\u00a0 | Nettali.com<\/title>\n<meta name=\"robots\" content=\"index, follow, max-snippet:-1, max-image-preview:large, max-video-preview:-1\" \/>\n<link rel=\"canonical\" href=\"https:\/\/www.nettali.com\/2023\/12\/13\/elections-de-representativitesyndicales-les-premieres-tendances-favorable-a-la-cnts-a-la-cnts-fc-a-lunsas-et-a-la-csa\/\" \/>\n<meta property=\"og:locale\" content=\"fr_FR\" \/>\n<meta property=\"og:type\" content=\"article\" \/>\n<meta property=\"og:title\" content=\"\u00c9LECTIONS DE REPR\u00c9SENTATIVIT\u00c9SYNDICALES - Les premi\u00e8res tendances favorables \u00e0 la Cnts \u00e0 la Cnts\/Fc, \u00e0 L\u2019Unsas et \u00e0 la Csa\u00a0\" \/>\n<meta property=\"og:description\" content=\"NETTALI.COM - Les premiers r\u00e9sultats des \u00e9lections de repr\u00e9sentativit\u00e9 des centrales syndicales commencent \u00e0 tomber. Des tendances plut\u00f4t favorables \u00e0 la Cnts, \u00e0 la Cnts\/Fc, \u00e0 l\u2019Unsas et \u00e0 la Csa, selon\u00a0 l\u2019inspecteur du travail, Alioune Fall. Toutefois, il estime que d\u2019autres centrales on fait une perc\u00e9e.\u00a0 Les \u00e9lections g\u00e9n\u00e9rales de repr\u00e9sentativit\u00e9 des centrales syndicales [&hellip;]\" \/>\n<meta property=\"og:url\" content=\"https:\/\/www.nettali.com\/2023\/12\/13\/elections-de-representativitesyndicales-les-premieres-tendances-favorable-a-la-cnts-a-la-cnts-fc-a-lunsas-et-a-la-csa\/\" \/>\n<meta property=\"og:site_name\" content=\"Nettali.com\" \/>\n<meta property=\"article:publisher\" content=\"https:\/\/www.facebook.com\/nettalicom\" \/>\n<meta property=\"article:published_time\" content=\"2023-12-13T19:19:23+00:00\" \/>\n<meta property=\"article:modified_time\" content=\"2023-12-13T20:51:44+00:00\" \/>\n<meta property=\"og:image\" content=\"https:\/\/www.nettali.com\/wp-content\/uploads\/2021\/05\/cheikh-diop-3.jpg\" \/>\n\t<meta property=\"og:image:width\" content=\"1151\" \/>\n\t<meta property=\"og:image:height\" content=\"768\" \/>\n<meta name=\"twitter:card\" content=\"summary_large_image\" \/>\n<meta name=\"twitter:label1\" content=\"\u00c9crit par\" \/>\n\t<meta name=\"twitter:data1\" content=\"Fatou\" \/>\n\t<meta name=\"twitter:label2\" content=\"Dur\u00e9e de lecture estim\u00e9e\" \/>\n\t<meta name=\"twitter:data2\" content=\"2 minutes\" \/>\n<script type=\"application\/ld+json\" class=\"yoast-schema-graph\">{\"@context\":\"https:\/\/schema.org\",\"@graph\":[{\"@type\":\"WebSite\",\"@id\":\"https:\/\/www.nettali.com\/#website\",\"url\":\"https:\/\/www.nettali.com\/\",\"name\":\"Nettali.com\",\"description\":\"Le rendez-vous critique du Net\",\"potentialAction\":[{\"@type\":\"SearchAction\",\"target\":{\"@type\":\"EntryPoint\",\"urlTemplate\":\"https:\/\/www.nettali.com\/?s={search_term_string}\"},\"query-input\":\"required name=search_term_string\"}],\"inLanguage\":\"fr-FR\"},{\"@type\":\"ImageObject\",\"@id\":\"https:\/\/www.nettali.com\/2023\/12\/13\/elections-de-representativitesyndicales-les-premieres-tendances-favorable-a-la-cnts-a-la-cnts-fc-a-lunsas-et-a-la-csa\/#primaryimage\",\"inLanguage\":\"fr-FR\",\"url\":\"https:\/\/www.nettali.com\/wp-content\/uploads\/2021\/05\/cheikh-diop-3.jpg\",\"contentUrl\":\"https:\/\/www.nettali.com\/wp-content\/uploads\/2021\/05\/cheikh-diop-3.jpg\",\"width\":1151,\"height\":768},{\"@type\":\"WebPage\",\"@id\":\"https:\/\/www.nettali.com\/2023\/12\/13\/elections-de-representativitesyndicales-les-premieres-tendances-favorable-a-la-cnts-a-la-cnts-fc-a-lunsas-et-a-la-csa\/#webpage\",\"url\":\"https:\/\/www.nettali.com\/2023\/12\/13\/elections-de-representativitesyndicales-les-premieres-tendances-favorable-a-la-cnts-a-la-cnts-fc-a-lunsas-et-a-la-csa\/\",\"name\":\"\\u00c9LECTIONS DE REPR\\u00c9SENTATIVIT\\u00c9SYNDICALES - Les premi\\u00e8res tendances favorables \\u00e0 la Cnts \\u00e0 la Cnts\/Fc, \\u00e0 L\\u2019Unsas et \\u00e0 la Csa\\u00a0 | Nettali.com\",\"isPartOf\":{\"@id\":\"https:\/\/www.nettali.com\/#website\"},\"primaryImageOfPage\":{\"@id\":\"https:\/\/www.nettali.com\/2023\/12\/13\/elections-de-representativitesyndicales-les-premieres-tendances-favorable-a-la-cnts-a-la-cnts-fc-a-lunsas-et-a-la-csa\/#primaryimage\"},\"datePublished\":\"2023-12-13T19:19:23+00:00\",\"dateModified\":\"2023-12-13T20:51:44+00:00\",\"author\":{\"@id\":\"https:\/\/www.nettali.com\/#\/schema\/person\/418274a86bdf87caff7a3ef476bd0bbf\"},\"breadcrumb\":{\"@id\":\"https:\/\/www.nettali.com\/2023\/12\/13\/elections-de-representativitesyndicales-les-premieres-tendances-favorable-a-la-cnts-a-la-cnts-fc-a-lunsas-et-a-la-csa\/#breadcrumb\"},\"inLanguage\":\"fr-FR\",\"potentialAction\":[{\"@type\":\"ReadAction\",\"target\":[\"https:\/\/www.nettali.com\/2023\/12\/13\/elections-de-representativitesyndicales-les-premieres-tendances-favorable-a-la-cnts-a-la-cnts-fc-a-lunsas-et-a-la-csa\/\"]}]},{\"@type\":\"BreadcrumbList\",\"@id\":\"https:\/\/www.nettali.com\/2023\/12\/13\/elections-de-representativitesyndicales-les-premieres-tendances-favorable-a-la-cnts-a-la-cnts-fc-a-lunsas-et-a-la-csa\/#breadcrumb\",\"itemListElement\":[{\"@type\":\"ListItem\",\"position\":1,\"name\":\"Accueil\",\"item\":\"https:\/\/www.nettali.com\/\"},{\"@type\":\"ListItem\",\"position\":2,\"name\":\"\\u00c9LECTIONS DE REPR\\u00c9SENTATIVIT\\u00c9SYNDICALES - Les premi\\u00e8res tendances favorables \\u00e0 la Cnts \\u00e0 la Cnts\/Fc, \\u00e0 L\\u2019Unsas et \\u00e0 la Csa\\u00a0\"}]},{\"@type\":\"Person\",\"@id\":\"https:\/\/www.nettali.com\/#\/schema\/person\/418274a86bdf87caff7a3ef476bd0bbf\",\"name\":\"Fatou\",\"image\":{\"@type\":\"ImageObject\",\"@id\":\"https:\/\/www.nettali.com\/#personlogo\",\"inLanguage\":\"fr-FR\",\"url\":\"https:\/\/secure.gravatar.com\/avatar\/5a9442a2bee7b4dcf167cab035858e9a?s=96&d=mm&r=g\",\"contentUrl\":\"https:\/\/secure.gravatar.com\/avatar\/5a9442a2bee7b4dcf167cab035858e9a?s=96&d=mm&r=g\",\"caption\":\"Fatou\"},\"sameAs\":[\"https:\/\/www.nettali.com\"]}]}<\/script>\n<!-- \/ Yoast SEO Premium plugin. -->","yoast_head_json":{"title":"\u00c9LECTIONS DE REPR\u00c9SENTATIVIT\u00c9SYNDICALES - Les premi\u00e8res tendances favorables \u00e0 la Cnts \u00e0 la Cnts\/Fc, \u00e0 L\u2019Unsas et \u00e0 la Csa\u00a0 | Nettali.com","robots":{"index":"index","follow":"follow","max-snippet":"max-snippet:-1","max-image-preview":"max-image-preview:large","max-video-preview":"max-video-preview:-1"},"canonical":"https:\/\/www.nettali.com\/2023\/12\/13\/elections-de-representativitesyndicales-les-premieres-tendances-favorable-a-la-cnts-a-la-cnts-fc-a-lunsas-et-a-la-csa\/","og_locale":"fr_FR","og_type":"article","og_title":"\u00c9LECTIONS DE REPR\u00c9SENTATIVIT\u00c9SYNDICALES - Les premi\u00e8res tendances favorables \u00e0 la Cnts \u00e0 la Cnts\/Fc, \u00e0 L\u2019Unsas et \u00e0 la Csa\u00a0","og_description":"NETTALI.COM - Les premiers r\u00e9sultats des \u00e9lections de repr\u00e9sentativit\u00e9 des centrales syndicales commencent \u00e0 tomber. Des tendances plut\u00f4t favorables \u00e0 la Cnts, \u00e0 la Cnts\/Fc, \u00e0 l\u2019Unsas et \u00e0 la Csa, selon\u00a0 l\u2019inspecteur du travail, Alioune Fall. Toutefois, il estime que d\u2019autres centrales on fait une perc\u00e9e.\u00a0 Les \u00e9lections g\u00e9n\u00e9rales de repr\u00e9sentativit\u00e9 des centrales syndicales [&hellip;]","og_url":"https:\/\/www.nettali.com\/2023\/12\/13\/elections-de-representativitesyndicales-les-premieres-tendances-favorable-a-la-cnts-a-la-cnts-fc-a-lunsas-et-a-la-csa\/","og_site_name":"Nettali.com","article_publisher":"https:\/\/www.facebook.com\/nettalicom","article_published_time":"2023-12-13T19:19:23+00:00","article_modified_time":"2023-12-13T20:51:44+00:00","og_image":[{"width":1151,"height":768,"url":"https:\/\/www.nettali.com\/wp-content\/uploads\/2021\/05\/cheikh-diop-3.jpg","type":"image\/jpeg"}],"twitter_card":"summary_large_image","twitter_misc":{"\u00c9crit par":"Fatou","Dur\u00e9e de lecture estim\u00e9e":"2 minutes"},"schema":{"@context":"https:\/\/schema.org","@graph":[{"@type":"WebSite","@id":"https:\/\/www.nettali.com\/#website","url":"https:\/\/www.nettali.com\/","name":"Nettali.com","description":"Le rendez-vous critique du Net","potentialAction":[{"@type":"SearchAction","target":{"@type":"EntryPoint","urlTemplate":"https:\/\/www.nettali.com\/?s={search_term_string}"},"query-input":"required name=search_term_string"}],"inLanguage":"fr-FR"},{"@type":"ImageObject","@id":"https:\/\/www.nettali.com\/2023\/12\/13\/elections-de-representativitesyndicales-les-premieres-tendances-favorable-a-la-cnts-a-la-cnts-fc-a-lunsas-et-a-la-csa\/#primaryimage","inLanguage":"fr-FR","url":"https:\/\/www.nettali.com\/wp-content\/uploads\/2021\/05\/cheikh-diop-3.jpg","contentUrl":"https:\/\/www.nettali.com\/wp-content\/uploads\/2021\/05\/cheikh-diop-3.jpg","width":1151,"height":768},{"@type":"WebPage","@id":"https:\/\/www.nettali.com\/2023\/12\/13\/elections-de-representativitesyndicales-les-premieres-tendances-favorable-a-la-cnts-a-la-cnts-fc-a-lunsas-et-a-la-csa\/#webpage","url":"https:\/\/www.nettali.com\/2023\/12\/13\/elections-de-representativitesyndicales-les-premieres-tendances-favorable-a-la-cnts-a-la-cnts-fc-a-lunsas-et-a-la-csa\/","name":"\u00c9LECTIONS DE REPR\u00c9SENTATIVIT\u00c9SYNDICALES - Les premi\u00e8res tendances favorables \u00e0 la Cnts \u00e0 la Cnts\/Fc, \u00e0 L\u2019Unsas et \u00e0 la Csa\u00a0 | Nettali.com","isPartOf":{"@id":"https:\/\/www.nettali.com\/#website"},"primaryImageOfPage":{"@id":"https:\/\/www.nettali.com\/2023\/12\/13\/elections-de-representativitesyndicales-les-premieres-tendances-favorable-a-la-cnts-a-la-cnts-fc-a-lunsas-et-a-la-csa\/#primaryimage"},"datePublished":"2023-12-13T19:19:23+00:00","dateModified":"2023-12-13T20:51:44+00:00","author":{"@id":"https:\/\/www.nettali.com\/#\/schema\/person\/418274a86bdf87caff7a3ef476bd0bbf"},"breadcrumb":{"@id":"https:\/\/www.nettali.com\/2023\/12\/13\/elections-de-representativitesyndicales-les-premieres-tendances-favorable-a-la-cnts-a-la-cnts-fc-a-lunsas-et-a-la-csa\/#breadcrumb"},"inLanguage":"fr-FR","potentialAction":[{"@type":"ReadAction","target":["https:\/\/www.nettali.com\/2023\/12\/13\/elections-de-representativitesyndicales-les-premieres-tendances-favorable-a-la-cnts-a-la-cnts-fc-a-lunsas-et-a-la-csa\/"]}]},{"@type":"BreadcrumbList","@id":"https:\/\/www.nettali.com\/2023\/12\/13\/elections-de-representativitesyndicales-les-premieres-tendances-favorable-a-la-cnts-a-la-cnts-fc-a-lunsas-et-a-la-csa\/#breadcrumb","itemListElement":[{"@type":"ListItem","position":1,"name":"Accueil","item":"https:\/\/www.nettali.com\/"},{"@type":"ListItem","position":2,"name":"\u00c9LECTIONS DE REPR\u00c9SENTATIVIT\u00c9SYNDICALES - Les premi\u00e8res tendances favorables \u00e0 la Cnts \u00e0 la Cnts\/Fc, \u00e0 L\u2019Unsas et \u00e0 la Csa\u00a0"}]},{"@type":"Person","@id":"https:\/\/www.nettali.com\/#\/schema\/person\/418274a86bdf87caff7a3ef476bd0bbf","name":"Fatou","image":{"@type":"ImageObject","@id":"https:\/\/www.nettali.com\/#personlogo","inLanguage":"fr-FR","url":"https:\/\/secure.gravatar.com\/avatar\/5a9442a2bee7b4dcf167cab035858e9a?s=96&d=mm&r=g","contentUrl":"https:\/\/secure.gravatar.com\/avatar\/5a9442a2bee7b4dcf167cab035858e9a?s=96&d=mm&r=g","caption":"Fatou"},"sameAs":["https:\/\/www.nettali.com"]}]}},"_links":{"self":[{"href":"https:\/\/www.nettali.com\/rest\/wp\/v2\/posts\/123633"}],"collection":[{"href":"https:\/\/www.nettali.com\/rest\/wp\/v2\/posts"}],"about":[{"href":"https:\/\/www.nettali.com\/rest\/wp\/v2\/types\/post"}],"author":[{"embeddable":true,"href":"https:\/\/www.nettali.com\/rest\/wp\/v2\/users\/6"}],"replies":[{"embeddable":true,"href":"https:\/\/www.nettali.com\/rest\/wp\/v2\/comments?post=123633"}],"version-history":[{"count":4,"href":"https:\/\/www.nettali.com\/rest\/wp\/v2\/posts\/123633\/revisions"}],"predecessor-version":[{"id":123640,"href":"https:\/\/www.nettali.com\/rest\/wp\/v2\/posts\/123633\/revisions\/123640"}],"wp:featuredmedia":[{"embeddable":true,"href":"https:\/\/www.nettali.com\/rest\/wp\/v2\/media\/63094"}],"wp:attachment":[{"href":"https:\/\/www.nettali.com\/rest\/wp\/v2\/media?parent=123633"}],"wp:term":[{"taxonomy":"category","embeddable":true,"href":"https:\/\/www.nettali.com\/rest\/wp\/v2\/categories?post=123633"},{"taxonomy":"post_tag","embeddable":true,"href":"https:\/\/www.nettali.com\/rest\/wp\/v2\/tags?post=123633"}],"curies":[{"name":"wp","href":"https:\/\/api.w.org\/{rel}","templated":true}]}}