{"id":123625,"date":"2023-12-13T16:16:58","date_gmt":"2023-12-13T16:16:58","guid":{"rendered":"https:\/\/www.nettali.com\/?p=123625"},"modified":"2023-12-13T16:16:58","modified_gmt":"2023-12-13T16:16:58","slug":"jeanne-darc-badara-sarr-quitte-le-banc","status":"publish","type":"post","link":"https:\/\/www.nettali.com\/2023\/12\/13\/jeanne-darc-badara-sarr-quitte-le-banc\/","title":{"rendered":"JEANNE D'ARC - Badara Sarr quitte le banc"},"content":{"rendered":"<p><strong>NETTALI.COM - Badara Sarr n'est le coach de la Jeanne d\u2019Arc de Dakar. Apr\u00e8s une saison et demie pass\u00e9e sur le banc de la Vieille Dame, l'ancien entra\u00eeneur du Casa Sports a rendu le tablier.<\/strong><\/p>\n<p>Badara Sarr n\u2019est pas all\u00e9 de la 4\u00e8me journ\u00e9e du National 1 au sortir de laquelle la JA est class\u00e9e 10\u00e8me de la poule B. C\u2019est l\u2019ancien milieu de terrain de la JA, Pape Niokhor Fall, qui va assurer l\u2019int\u00e9rim avant l\u2019arriv\u00e9e d\u2019un nouvel entra\u00eeneur sur le banc. Il sera assist\u00e9 par Amath Ibriga lui aussi ancien soci\u00e9taire des Bleu-Blanc.<\/p>\n<p>Vivant un d\u00e9but de saison un peu compliqu\u00e9, la Jeanne d\u2019Arc n\u2019a pas encore gagn\u00e9 le moindre match en National 1. En 4 sorties, la JA n\u2019a r\u00e9colt\u00e9 que 2 points soit 2 d\u00e9faites et 2 nuls.<br \/>\nApr\u00e8s un nouveau revers conc\u00e9d\u00e9 lundi dernier face au Port (1-0), Badara Sarr a donc d\u00e9missionn\u00e9 de son poste d\u2019entra\u00eeneur. Pass\u00e9 par l\u2019AS Douanes, le Casa Sports, Mbour PC, le technicien qui avait pourtant rat\u00e9 de peu la mont\u00e9e en Ligue 2 la saison derni\u00e8re s\u2019en va sans pr\u00e9cision sur sa destination prochaine.<\/p>\n<p>Une d\u00e9mission qui aura cr\u00e9\u00e9 une pol\u00e9mique dans le Comit\u00e9 ex\u00e9cutif du club. En effet, pour pallier le d\u00e9part de Badara Sarr, le pr\u00e9sident, Pr Issa Lo, aurait \u00e9mis le souhait d\u2019installer l\u2019ancien entra\u00eeneur de Dial Diop, Daouda Niang, sur le banc de l\u2019\u00e9quipe. Ce que plusieurs membres du club n\u2019auraient pas accept\u00e9. C\u2019est finalement l\u2019ancien milieu de terrain international s\u00e9n\u00e9galais et de la JA, Pape Niakhor Fall, qui a \u00e9t\u00e9 choisi comme entra\u00eeneur int\u00e9rimaire du club en attendant que le club trouve le rempla\u00e7ant de Badara Sarr.<\/p>\n<p>Class\u00e9e \u00e0 une modeste 10\u00e8me place, la Vieille Dame devra rapidement se reprendre pour ne pas \u00eatre distanc\u00e9e par les \u00e9quipes du haut du tableau.<\/p>\n<div class='share-to-whatsapp-wrapper'><div class='share-on-whsp'>PARTAGER SUR : <\/div><a data-text='JEANNE D'ARC - Badara Sarr quitte le banc' data-link='https:\/\/www.nettali.com\/2023\/12\/13\/jeanne-darc-badara-sarr-quitte-le-banc\/' class='whatsapp-button whatsapp-share'>WhatsApp<\/a><div class='clear '><\/div><\/div>","protected":false},"excerpt":{"rendered":"<p>NETTALI.COM - Badara Sarr n'est le coach de la Jeanne d\u2019Arc de Dakar. Apr\u00e8s une saison et demie pass\u00e9e sur le banc de la Vieille Dame, l'ancien entra\u00eeneur du Casa Sports a rendu le tablier. Badara Sarr n\u2019est pas all\u00e9 de la 4\u00e8me journ\u00e9e du National 1 au sortir de laquelle la JA est class\u00e9e [&hellip;]<\/p>\n","protected":false},"author":5,"featured_media":123626,"comment_status":"open","ping_status":"open","sticky":false,"template":"","format":"standard","meta":{"_et_pb_use_builder":"","_et_pb_old_content":""},"categories":[6],"tags":[],"yoast_head":"<!-- This site is optimized with the Yoast SEO Premium plugin v17.8 (Yoast SEO v17.8) - https:\/\/yoast.com\/wordpress\/plugins\/seo\/ -->\n<title>JEANNE D&#039;ARC - Badara Sarr quitte le banc | Nettali.com<\/title>\n<meta name=\"robots\" content=\"index, follow, max-snippet:-1, max-image-preview:large, max-video-preview:-1\" \/>\n<link rel=\"canonical\" href=\"https:\/\/www.nettali.com\/2023\/12\/13\/jeanne-darc-badara-sarr-quitte-le-banc\/\" \/>\n<meta property=\"og:locale\" content=\"fr_FR\" \/>\n<meta property=\"og:type\" content=\"article\" \/>\n<meta property=\"og:title\" content=\"JEANNE D&#039;ARC - Badara Sarr quitte le banc\" \/>\n<meta property=\"og:description\" content=\"NETTALI.COM - Badara Sarr n&#039;est le coach de la Jeanne d\u2019Arc de Dakar. Apr\u00e8s une saison et demie pass\u00e9e sur le banc de la Vieille Dame, l&#039;ancien entra\u00eeneur du Casa Sports a rendu le tablier. Badara Sarr n\u2019est pas all\u00e9 de la 4\u00e8me journ\u00e9e du National 1 au sortir de laquelle la JA est class\u00e9e [&hellip;]\" \/>\n<meta property=\"og:url\" content=\"https:\/\/www.nettali.com\/2023\/12\/13\/jeanne-darc-badara-sarr-quitte-le-banc\/\" \/>\n<meta property=\"og:site_name\" content=\"Nettali.com\" \/>\n<meta property=\"article:publisher\" content=\"https:\/\/www.facebook.com\/nettalicom\" \/>\n<meta property=\"article:published_time\" content=\"2023-12-13T16:16:58+00:00\" \/>\n<meta property=\"og:image\" content=\"https:\/\/www.nettali.com\/wp-content\/uploads\/2023\/12\/badara-sarr.jpg\" \/>\n\t<meta property=\"og:image:width\" content=\"475\" \/>\n\t<meta property=\"og:image:height\" content=\"279\" \/>\n<meta name=\"twitter:card\" content=\"summary_large_image\" \/>\n<meta name=\"twitter:label1\" content=\"\u00c9crit par\" \/>\n\t<meta name=\"twitter:data1\" content=\"Ibrahima\" \/>\n\t<meta name=\"twitter:label2\" content=\"Dur\u00e9e de lecture estim\u00e9e\" \/>\n\t<meta name=\"twitter:data2\" content=\"2 minutes\" \/>\n<script type=\"application\/ld+json\" class=\"yoast-schema-graph\">{\"@context\":\"https:\/\/schema.org\",\"@graph\":[{\"@type\":\"WebSite\",\"@id\":\"https:\/\/www.nettali.com\/#website\",\"url\":\"https:\/\/www.nettali.com\/\",\"name\":\"Nettali.com\",\"description\":\"Le rendez-vous critique du Net\",\"potentialAction\":[{\"@type\":\"SearchAction\",\"target\":{\"@type\":\"EntryPoint\",\"urlTemplate\":\"https:\/\/www.nettali.com\/?s={search_term_string}\"},\"query-input\":\"required name=search_term_string\"}],\"inLanguage\":\"fr-FR\"},{\"@type\":\"ImageObject\",\"@id\":\"https:\/\/www.nettali.com\/2023\/12\/13\/jeanne-darc-badara-sarr-quitte-le-banc\/#primaryimage\",\"inLanguage\":\"fr-FR\",\"url\":\"https:\/\/www.nettali.com\/wp-content\/uploads\/2023\/12\/badara-sarr.jpg\",\"contentUrl\":\"https:\/\/www.nettali.com\/wp-content\/uploads\/2023\/12\/badara-sarr.jpg\",\"width\":475,\"height\":279},{\"@type\":\"WebPage\",\"@id\":\"https:\/\/www.nettali.com\/2023\/12\/13\/jeanne-darc-badara-sarr-quitte-le-banc\/#webpage\",\"url\":\"https:\/\/www.nettali.com\/2023\/12\/13\/jeanne-darc-badara-sarr-quitte-le-banc\/\",\"name\":\"JEANNE D'ARC - Badara Sarr quitte le banc | Nettali.com\",\"isPartOf\":{\"@id\":\"https:\/\/www.nettali.com\/#website\"},\"primaryImageOfPage\":{\"@id\":\"https:\/\/www.nettali.com\/2023\/12\/13\/jeanne-darc-badara-sarr-quitte-le-banc\/#primaryimage\"},\"datePublished\":\"2023-12-13T16:16:58+00:00\",\"dateModified\":\"2023-12-13T16:16:58+00:00\",\"author\":{\"@id\":\"https:\/\/www.nettali.com\/#\/schema\/person\/bb147657c2986240405a608162b9bb23\"},\"breadcrumb\":{\"@id\":\"https:\/\/www.nettali.com\/2023\/12\/13\/jeanne-darc-badara-sarr-quitte-le-banc\/#breadcrumb\"},\"inLanguage\":\"fr-FR\",\"potentialAction\":[{\"@type\":\"ReadAction\",\"target\":[\"https:\/\/www.nettali.com\/2023\/12\/13\/jeanne-darc-badara-sarr-quitte-le-banc\/\"]}]},{\"@type\":\"BreadcrumbList\",\"@id\":\"https:\/\/www.nettali.com\/2023\/12\/13\/jeanne-darc-badara-sarr-quitte-le-banc\/#breadcrumb\",\"itemListElement\":[{\"@type\":\"ListItem\",\"position\":1,\"name\":\"Accueil\",\"item\":\"https:\/\/www.nettali.com\/\"},{\"@type\":\"ListItem\",\"position\":2,\"name\":\"JEANNE D'ARC - Badara Sarr quitte le banc\"}]},{\"@type\":\"Person\",\"@id\":\"https:\/\/www.nettali.com\/#\/schema\/person\/bb147657c2986240405a608162b9bb23\",\"name\":\"Ibrahima\",\"image\":{\"@type\":\"ImageObject\",\"@id\":\"https:\/\/www.nettali.com\/#personlogo\",\"inLanguage\":\"fr-FR\",\"url\":\"https:\/\/secure.gravatar.com\/avatar\/26a8a81f09f0dd7624c9d5c36c9ba3a2?s=96&d=mm&r=g\",\"contentUrl\":\"https:\/\/secure.gravatar.com\/avatar\/26a8a81f09f0dd7624c9d5c36c9ba3a2?s=96&d=mm&r=g\",\"caption\":\"Ibrahima\"},\"sameAs\":[\"https:\/\/www.nettali.com\"]}]}<\/script>\n<!-- \/ Yoast SEO Premium plugin. -->","yoast_head_json":{"title":"JEANNE D'ARC - Badara Sarr quitte le banc | Nettali.com","robots":{"index":"index","follow":"follow","max-snippet":"max-snippet:-1","max-image-preview":"max-image-preview:large","max-video-preview":"max-video-preview:-1"},"canonical":"https:\/\/www.nettali.com\/2023\/12\/13\/jeanne-darc-badara-sarr-quitte-le-banc\/","og_locale":"fr_FR","og_type":"article","og_title":"JEANNE D'ARC - Badara Sarr quitte le banc","og_description":"NETTALI.COM - Badara Sarr n'est le coach de la Jeanne d\u2019Arc de Dakar. Apr\u00e8s une saison et demie pass\u00e9e sur le banc de la Vieille Dame, l'ancien entra\u00eeneur du Casa Sports a rendu le tablier. Badara Sarr n\u2019est pas all\u00e9 de la 4\u00e8me journ\u00e9e du National 1 au sortir de laquelle la JA est class\u00e9e [&hellip;]","og_url":"https:\/\/www.nettali.com\/2023\/12\/13\/jeanne-darc-badara-sarr-quitte-le-banc\/","og_site_name":"Nettali.com","article_publisher":"https:\/\/www.facebook.com\/nettalicom","article_published_time":"2023-12-13T16:16:58+00:00","og_image":[{"width":475,"height":279,"url":"https:\/\/www.nettali.com\/wp-content\/uploads\/2023\/12\/badara-sarr.jpg","type":"image\/jpeg"}],"twitter_card":"summary_large_image","twitter_misc":{"\u00c9crit par":"Ibrahima","Dur\u00e9e de lecture estim\u00e9e":"2 minutes"},"schema":{"@context":"https:\/\/schema.org","@graph":[{"@type":"WebSite","@id":"https:\/\/www.nettali.com\/#website","url":"https:\/\/www.nettali.com\/","name":"Nettali.com","description":"Le rendez-vous critique du Net","potentialAction":[{"@type":"SearchAction","target":{"@type":"EntryPoint","urlTemplate":"https:\/\/www.nettali.com\/?s={search_term_string}"},"query-input":"required name=search_term_string"}],"inLanguage":"fr-FR"},{"@type":"ImageObject","@id":"https:\/\/www.nettali.com\/2023\/12\/13\/jeanne-darc-badara-sarr-quitte-le-banc\/#primaryimage","inLanguage":"fr-FR","url":"https:\/\/www.nettali.com\/wp-content\/uploads\/2023\/12\/badara-sarr.jpg","contentUrl":"https:\/\/www.nettali.com\/wp-content\/uploads\/2023\/12\/badara-sarr.jpg","width":475,"height":279},{"@type":"WebPage","@id":"https:\/\/www.nettali.com\/2023\/12\/13\/jeanne-darc-badara-sarr-quitte-le-banc\/#webpage","url":"https:\/\/www.nettali.com\/2023\/12\/13\/jeanne-darc-badara-sarr-quitte-le-banc\/","name":"JEANNE D'ARC - Badara Sarr quitte le banc | Nettali.com","isPartOf":{"@id":"https:\/\/www.nettali.com\/#website"},"primaryImageOfPage":{"@id":"https:\/\/www.nettali.com\/2023\/12\/13\/jeanne-darc-badara-sarr-quitte-le-banc\/#primaryimage"},"datePublished":"2023-12-13T16:16:58+00:00","dateModified":"2023-12-13T16:16:58+00:00","author":{"@id":"https:\/\/www.nettali.com\/#\/schema\/person\/bb147657c2986240405a608162b9bb23"},"breadcrumb":{"@id":"https:\/\/www.nettali.com\/2023\/12\/13\/jeanne-darc-badara-sarr-quitte-le-banc\/#breadcrumb"},"inLanguage":"fr-FR","potentialAction":[{"@type":"ReadAction","target":["https:\/\/www.nettali.com\/2023\/12\/13\/jeanne-darc-badara-sarr-quitte-le-banc\/"]}]},{"@type":"BreadcrumbList","@id":"https:\/\/www.nettali.com\/2023\/12\/13\/jeanne-darc-badara-sarr-quitte-le-banc\/#breadcrumb","itemListElement":[{"@type":"ListItem","position":1,"name":"Accueil","item":"https:\/\/www.nettali.com\/"},{"@type":"ListItem","position":2,"name":"JEANNE D'ARC - Badara Sarr quitte le banc"}]},{"@type":"Person","@id":"https:\/\/www.nettali.com\/#\/schema\/person\/bb147657c2986240405a608162b9bb23","name":"Ibrahima","image":{"@type":"ImageObject","@id":"https:\/\/www.nettali.com\/#personlogo","inLanguage":"fr-FR","url":"https:\/\/secure.gravatar.com\/avatar\/26a8a81f09f0dd7624c9d5c36c9ba3a2?s=96&d=mm&r=g","contentUrl":"https:\/\/secure.gravatar.com\/avatar\/26a8a81f09f0dd7624c9d5c36c9ba3a2?s=96&d=mm&r=g","caption":"Ibrahima"},"sameAs":["https:\/\/www.nettali.com"]}]}},"_links":{"self":[{"href":"https:\/\/www.nettali.com\/rest\/wp\/v2\/posts\/123625"}],"collection":[{"href":"https:\/\/www.nettali.com\/rest\/wp\/v2\/posts"}],"about":[{"href":"https:\/\/www.nettali.com\/rest\/wp\/v2\/types\/post"}],"author":[{"embeddable":true,"href":"https:\/\/www.nettali.com\/rest\/wp\/v2\/users\/5"}],"replies":[{"embeddable":true,"href":"https:\/\/www.nettali.com\/rest\/wp\/v2\/comments?post=123625"}],"version-history":[{"count":4,"href":"https:\/\/www.nettali.com\/rest\/wp\/v2\/posts\/123625\/revisions"}],"predecessor-version":[{"id":123632,"href":"https:\/\/www.nettali.com\/rest\/wp\/v2\/posts\/123625\/revisions\/123632"}],"wp:featuredmedia":[{"embeddable":true,"href":"https:\/\/www.nettali.com\/rest\/wp\/v2\/media\/123626"}],"wp:attachment":[{"href":"https:\/\/www.nettali.com\/rest\/wp\/v2\/media?parent=123625"}],"wp:term":[{"taxonomy":"category","embeddable":true,"href":"https:\/\/www.nettali.com\/rest\/wp\/v2\/categories?post=123625"},{"taxonomy":"post_tag","embeddable":true,"href":"https:\/\/www.nettali.com\/rest\/wp\/v2\/tags?post=123625"}],"curies":[{"name":"wp","href":"https:\/\/api.w.org\/{rel}","templated":true}]}}