{"id":123620,"date":"2023-12-13T16:05:57","date_gmt":"2023-12-13T16:05:57","guid":{"rendered":"https:\/\/www.nettali.com\/?p=123620"},"modified":"2023-12-14T06:48:53","modified_gmt":"2023-12-14T06:48:53","slug":"atteinte-a-la-surete-de-letat-le-tribunal-relaxe-yarga-sy-et-ses-co-prevenus","status":"publish","type":"post","link":"https:\/\/www.nettali.com\/2023\/12\/13\/atteinte-a-la-surete-de-letat-le-tribunal-relaxe-yarga-sy-et-ses-co-prevenus\/","title":{"rendered":"ATTEINTE \u00c0 LA S\u00dbRET\u00c9 DE L'\u00c9TAT- 16 manifestants relax\u00e9s, Yarga Sy reste en prison"},"content":{"rendered":"<p><strong>NETTALI.COM- Arr\u00eat\u00e9s lors des manifestations non autoris\u00e9es du 16 mars 2023, occasionn\u00e9 par le proc\u00e8s opposant Mame Mbaye Niang et l\u2019opposant Ousmane Sonko, 16 manifestants ont \u00e9t\u00e9 renvoy\u00e9s des fins par les juges du tribunal correctionnel de Dakar en m\u00eame temps que Yarga Sy.\u00a0 Seulement ce dernier reste en prison pour cause d'un second mandat de d\u00e9p\u00f4t d\u00e9livr\u00e9 par le juge du 2\u00e8me cabinet.\u00a0<\/strong><\/p>\n<p>Renvoi des fins de la poursuite. C'est la d\u00e9cision\u00a0 rendue ce mercredi 13 d\u00e9cembre 2023 par le tribunal correctionnel de Dakar \u00e0\u00a0 l'endroit des 16 suppos\u00e9s membres de l'ex-Pastef et Yarga Sy, arr\u00eat\u00e9s le 16 mars 2023. Les juges ont estim\u00e9 que les faits d'atteinte \u00e0 la s\u00fbret\u00e9 de l'Etat ne sont pas \u00e9tablis. Ainsi tous les mis en cause sont lib\u00e9r\u00e9s \u00e0 l'exception de Yarga Sy, l'homme qui avait \u00e9t\u00e9 accus\u00e9 d\u00e8s les premi\u00e8res heures des arrestations de tentative d'assassinat sur la personne de Ousmane Sonko, sont libres ainsi que ses co-pr\u00e9venus. Il est en effet sous le coup d'un second mandat de d\u00e9p\u00f4t du juge du 2\u00e8me cabinet.<\/p>\n<p>Lors du proc\u00e8s tenu le mercredi 22 novembre 2023, le parquet avait requis une peine ferme d'un an contre trois pr\u00e9venus seulement. Il s'agit de El Hadji Path\u00e9 Mbaye, Ousseynou Ndiaye et Ibrahima Lo. Pour les 14 pr\u00e9venus qui restent, le procureur s'\u00e9tait rapport\u00e9 \u00e0 la sagesse du tribunal.<\/p>\n<p>Les pr\u00e9venus, dont des gardes du corps de Ousmane Sonko, ont tous ni\u00e9 les faits d'actes et de man\u0153uvres \u00e0 compromettre la s\u00e9curit\u00e9 publique et \u00e0 occasionner des troubles politiques graves ou \u00e0 enfreindre les lois du pays ont plaid\u00e9 non coupable. Ils ont ni\u00e9 leur participation aux manifestations survenues le 16 mars 2023, jour du proc\u00e8s pour diffamation entre Mame Mbaye Niang et Ousmane Sonko.<\/p>\n<div class='share-to-whatsapp-wrapper'><div class='share-on-whsp'>PARTAGER SUR : <\/div><a data-text='ATTEINTE \u00c0 LA S\u00dbRET\u00c9 DE L'\u00c9TAT- 16 manifestants relax\u00e9s, Yarga Sy reste en prison' data-link='https:\/\/www.nettali.com\/2023\/12\/13\/atteinte-a-la-surete-de-letat-le-tribunal-relaxe-yarga-sy-et-ses-co-prevenus\/' class='whatsapp-button whatsapp-share'>WhatsApp<\/a><div class='clear '><\/div><\/div>","protected":false},"excerpt":{"rendered":"<p>NETTALI.COM- Arr\u00eat\u00e9s lors des manifestations non autoris\u00e9es du 16 mars 2023, occasionn\u00e9 par le proc\u00e8s opposant Mame Mbaye Niang et l\u2019opposant Ousmane Sonko, 16 manifestants ont \u00e9t\u00e9 renvoy\u00e9s des fins par les juges du tribunal correctionnel de Dakar en m\u00eame temps que Yarga Sy.\u00a0 Seulement ce dernier reste en prison pour cause d'un second mandat [&hellip;]<\/p>\n","protected":false},"author":6,"featured_media":107117,"comment_status":"open","ping_status":"open","sticky":false,"template":"","format":"standard","meta":{"_et_pb_use_builder":"","_et_pb_old_content":""},"categories":[3],"tags":[],"yoast_head":"<!-- This site is optimized with the Yoast SEO Premium plugin v17.8 (Yoast SEO v17.8) - https:\/\/yoast.com\/wordpress\/plugins\/seo\/ -->\n<title>ATTEINTE \u00c0 LA S\u00dbRET\u00c9 DE L&#039;\u00c9TAT- 16 manifestants relax\u00e9s, Yarga Sy reste en prison | Nettali.com<\/title>\n<meta name=\"robots\" content=\"index, follow, max-snippet:-1, max-image-preview:large, max-video-preview:-1\" \/>\n<link rel=\"canonical\" href=\"https:\/\/www.nettali.com\/2023\/12\/13\/atteinte-a-la-surete-de-letat-le-tribunal-relaxe-yarga-sy-et-ses-co-prevenus\/\" \/>\n<meta property=\"og:locale\" content=\"fr_FR\" \/>\n<meta property=\"og:type\" content=\"article\" \/>\n<meta property=\"og:title\" content=\"ATTEINTE \u00c0 LA S\u00dbRET\u00c9 DE L&#039;\u00c9TAT- 16 manifestants relax\u00e9s, Yarga Sy reste en prison\" \/>\n<meta property=\"og:description\" content=\"NETTALI.COM- Arr\u00eat\u00e9s lors des manifestations non autoris\u00e9es du 16 mars 2023, occasionn\u00e9 par le proc\u00e8s opposant Mame Mbaye Niang et l\u2019opposant Ousmane Sonko, 16 manifestants ont \u00e9t\u00e9 renvoy\u00e9s des fins par les juges du tribunal correctionnel de Dakar en m\u00eame temps que Yarga Sy.\u00a0 Seulement ce dernier reste en prison pour cause d&#039;un second mandat [&hellip;]\" \/>\n<meta property=\"og:url\" content=\"https:\/\/www.nettali.com\/2023\/12\/13\/atteinte-a-la-surete-de-letat-le-tribunal-relaxe-yarga-sy-et-ses-co-prevenus\/\" \/>\n<meta property=\"og:site_name\" content=\"Nettali.com\" \/>\n<meta property=\"article:publisher\" content=\"https:\/\/www.facebook.com\/nettalicom\" \/>\n<meta property=\"article:published_time\" content=\"2023-12-13T16:05:57+00:00\" \/>\n<meta property=\"article:modified_time\" content=\"2023-12-14T06:48:53+00:00\" \/>\n<meta property=\"og:image\" content=\"https:\/\/www.nettali.com\/wp-content\/uploads\/2023\/03\/yarga-sy.jpeg\" \/>\n\t<meta property=\"og:image:width\" content=\"1280\" \/>\n\t<meta property=\"og:image:height\" content=\"720\" \/>\n<meta name=\"twitter:card\" content=\"summary_large_image\" \/>\n<meta name=\"twitter:label1\" content=\"\u00c9crit par\" \/>\n\t<meta name=\"twitter:data1\" content=\"Fatou\" \/>\n\t<meta name=\"twitter:label2\" content=\"Dur\u00e9e de lecture estim\u00e9e\" \/>\n\t<meta name=\"twitter:data2\" content=\"2 minutes\" \/>\n<script type=\"application\/ld+json\" class=\"yoast-schema-graph\">{\"@context\":\"https:\/\/schema.org\",\"@graph\":[{\"@type\":\"WebSite\",\"@id\":\"https:\/\/www.nettali.com\/#website\",\"url\":\"https:\/\/www.nettali.com\/\",\"name\":\"Nettali.com\",\"description\":\"Le rendez-vous critique du Net\",\"potentialAction\":[{\"@type\":\"SearchAction\",\"target\":{\"@type\":\"EntryPoint\",\"urlTemplate\":\"https:\/\/www.nettali.com\/?s={search_term_string}\"},\"query-input\":\"required name=search_term_string\"}],\"inLanguage\":\"fr-FR\"},{\"@type\":\"ImageObject\",\"@id\":\"https:\/\/www.nettali.com\/2023\/12\/13\/atteinte-a-la-surete-de-letat-le-tribunal-relaxe-yarga-sy-et-ses-co-prevenus\/#primaryimage\",\"inLanguage\":\"fr-FR\",\"url\":\"https:\/\/www.nettali.com\/wp-content\/uploads\/2023\/03\/yarga-sy.jpeg\",\"contentUrl\":\"https:\/\/www.nettali.com\/wp-content\/uploads\/2023\/03\/yarga-sy.jpeg\",\"width\":1280,\"height\":720},{\"@type\":\"WebPage\",\"@id\":\"https:\/\/www.nettali.com\/2023\/12\/13\/atteinte-a-la-surete-de-letat-le-tribunal-relaxe-yarga-sy-et-ses-co-prevenus\/#webpage\",\"url\":\"https:\/\/www.nettali.com\/2023\/12\/13\/atteinte-a-la-surete-de-letat-le-tribunal-relaxe-yarga-sy-et-ses-co-prevenus\/\",\"name\":\"ATTEINTE \\u00c0 LA S\\u00dbRET\\u00c9 DE L'\\u00c9TAT- 16 manifestants relax\\u00e9s, Yarga Sy reste en prison | Nettali.com\",\"isPartOf\":{\"@id\":\"https:\/\/www.nettali.com\/#website\"},\"primaryImageOfPage\":{\"@id\":\"https:\/\/www.nettali.com\/2023\/12\/13\/atteinte-a-la-surete-de-letat-le-tribunal-relaxe-yarga-sy-et-ses-co-prevenus\/#primaryimage\"},\"datePublished\":\"2023-12-13T16:05:57+00:00\",\"dateModified\":\"2023-12-14T06:48:53+00:00\",\"author\":{\"@id\":\"https:\/\/www.nettali.com\/#\/schema\/person\/418274a86bdf87caff7a3ef476bd0bbf\"},\"breadcrumb\":{\"@id\":\"https:\/\/www.nettali.com\/2023\/12\/13\/atteinte-a-la-surete-de-letat-le-tribunal-relaxe-yarga-sy-et-ses-co-prevenus\/#breadcrumb\"},\"inLanguage\":\"fr-FR\",\"potentialAction\":[{\"@type\":\"ReadAction\",\"target\":[\"https:\/\/www.nettali.com\/2023\/12\/13\/atteinte-a-la-surete-de-letat-le-tribunal-relaxe-yarga-sy-et-ses-co-prevenus\/\"]}]},{\"@type\":\"BreadcrumbList\",\"@id\":\"https:\/\/www.nettali.com\/2023\/12\/13\/atteinte-a-la-surete-de-letat-le-tribunal-relaxe-yarga-sy-et-ses-co-prevenus\/#breadcrumb\",\"itemListElement\":[{\"@type\":\"ListItem\",\"position\":1,\"name\":\"Accueil\",\"item\":\"https:\/\/www.nettali.com\/\"},{\"@type\":\"ListItem\",\"position\":2,\"name\":\"ATTEINTE \\u00c0 LA S\\u00dbRET\\u00c9 DE L'\\u00c9TAT- 16 manifestants relax\\u00e9s, Yarga Sy reste en prison\"}]},{\"@type\":\"Person\",\"@id\":\"https:\/\/www.nettali.com\/#\/schema\/person\/418274a86bdf87caff7a3ef476bd0bbf\",\"name\":\"Fatou\",\"image\":{\"@type\":\"ImageObject\",\"@id\":\"https:\/\/www.nettali.com\/#personlogo\",\"inLanguage\":\"fr-FR\",\"url\":\"https:\/\/secure.gravatar.com\/avatar\/5a9442a2bee7b4dcf167cab035858e9a?s=96&d=mm&r=g\",\"contentUrl\":\"https:\/\/secure.gravatar.com\/avatar\/5a9442a2bee7b4dcf167cab035858e9a?s=96&d=mm&r=g\",\"caption\":\"Fatou\"},\"sameAs\":[\"https:\/\/www.nettali.com\"]}]}<\/script>\n<!-- \/ Yoast SEO Premium plugin. -->","yoast_head_json":{"title":"ATTEINTE \u00c0 LA S\u00dbRET\u00c9 DE L'\u00c9TAT- 16 manifestants relax\u00e9s, Yarga Sy reste en prison | Nettali.com","robots":{"index":"index","follow":"follow","max-snippet":"max-snippet:-1","max-image-preview":"max-image-preview:large","max-video-preview":"max-video-preview:-1"},"canonical":"https:\/\/www.nettali.com\/2023\/12\/13\/atteinte-a-la-surete-de-letat-le-tribunal-relaxe-yarga-sy-et-ses-co-prevenus\/","og_locale":"fr_FR","og_type":"article","og_title":"ATTEINTE \u00c0 LA S\u00dbRET\u00c9 DE L'\u00c9TAT- 16 manifestants relax\u00e9s, Yarga Sy reste en prison","og_description":"NETTALI.COM- Arr\u00eat\u00e9s lors des manifestations non autoris\u00e9es du 16 mars 2023, occasionn\u00e9 par le proc\u00e8s opposant Mame Mbaye Niang et l\u2019opposant Ousmane Sonko, 16 manifestants ont \u00e9t\u00e9 renvoy\u00e9s des fins par les juges du tribunal correctionnel de Dakar en m\u00eame temps que Yarga Sy.\u00a0 Seulement ce dernier reste en prison pour cause d'un second mandat [&hellip;]","og_url":"https:\/\/www.nettali.com\/2023\/12\/13\/atteinte-a-la-surete-de-letat-le-tribunal-relaxe-yarga-sy-et-ses-co-prevenus\/","og_site_name":"Nettali.com","article_publisher":"https:\/\/www.facebook.com\/nettalicom","article_published_time":"2023-12-13T16:05:57+00:00","article_modified_time":"2023-12-14T06:48:53+00:00","og_image":[{"width":1280,"height":720,"url":"https:\/\/www.nettali.com\/wp-content\/uploads\/2023\/03\/yarga-sy.jpeg","type":"image\/jpeg"}],"twitter_card":"summary_large_image","twitter_misc":{"\u00c9crit par":"Fatou","Dur\u00e9e de lecture estim\u00e9e":"2 minutes"},"schema":{"@context":"https:\/\/schema.org","@graph":[{"@type":"WebSite","@id":"https:\/\/www.nettali.com\/#website","url":"https:\/\/www.nettali.com\/","name":"Nettali.com","description":"Le rendez-vous critique du Net","potentialAction":[{"@type":"SearchAction","target":{"@type":"EntryPoint","urlTemplate":"https:\/\/www.nettali.com\/?s={search_term_string}"},"query-input":"required name=search_term_string"}],"inLanguage":"fr-FR"},{"@type":"ImageObject","@id":"https:\/\/www.nettali.com\/2023\/12\/13\/atteinte-a-la-surete-de-letat-le-tribunal-relaxe-yarga-sy-et-ses-co-prevenus\/#primaryimage","inLanguage":"fr-FR","url":"https:\/\/www.nettali.com\/wp-content\/uploads\/2023\/03\/yarga-sy.jpeg","contentUrl":"https:\/\/www.nettali.com\/wp-content\/uploads\/2023\/03\/yarga-sy.jpeg","width":1280,"height":720},{"@type":"WebPage","@id":"https:\/\/www.nettali.com\/2023\/12\/13\/atteinte-a-la-surete-de-letat-le-tribunal-relaxe-yarga-sy-et-ses-co-prevenus\/#webpage","url":"https:\/\/www.nettali.com\/2023\/12\/13\/atteinte-a-la-surete-de-letat-le-tribunal-relaxe-yarga-sy-et-ses-co-prevenus\/","name":"ATTEINTE \u00c0 LA S\u00dbRET\u00c9 DE L'\u00c9TAT- 16 manifestants relax\u00e9s, Yarga Sy reste en prison | Nettali.com","isPartOf":{"@id":"https:\/\/www.nettali.com\/#website"},"primaryImageOfPage":{"@id":"https:\/\/www.nettali.com\/2023\/12\/13\/atteinte-a-la-surete-de-letat-le-tribunal-relaxe-yarga-sy-et-ses-co-prevenus\/#primaryimage"},"datePublished":"2023-12-13T16:05:57+00:00","dateModified":"2023-12-14T06:48:53+00:00","author":{"@id":"https:\/\/www.nettali.com\/#\/schema\/person\/418274a86bdf87caff7a3ef476bd0bbf"},"breadcrumb":{"@id":"https:\/\/www.nettali.com\/2023\/12\/13\/atteinte-a-la-surete-de-letat-le-tribunal-relaxe-yarga-sy-et-ses-co-prevenus\/#breadcrumb"},"inLanguage":"fr-FR","potentialAction":[{"@type":"ReadAction","target":["https:\/\/www.nettali.com\/2023\/12\/13\/atteinte-a-la-surete-de-letat-le-tribunal-relaxe-yarga-sy-et-ses-co-prevenus\/"]}]},{"@type":"BreadcrumbList","@id":"https:\/\/www.nettali.com\/2023\/12\/13\/atteinte-a-la-surete-de-letat-le-tribunal-relaxe-yarga-sy-et-ses-co-prevenus\/#breadcrumb","itemListElement":[{"@type":"ListItem","position":1,"name":"Accueil","item":"https:\/\/www.nettali.com\/"},{"@type":"ListItem","position":2,"name":"ATTEINTE \u00c0 LA S\u00dbRET\u00c9 DE L'\u00c9TAT- 16 manifestants relax\u00e9s, Yarga Sy reste en prison"}]},{"@type":"Person","@id":"https:\/\/www.nettali.com\/#\/schema\/person\/418274a86bdf87caff7a3ef476bd0bbf","name":"Fatou","image":{"@type":"ImageObject","@id":"https:\/\/www.nettali.com\/#personlogo","inLanguage":"fr-FR","url":"https:\/\/secure.gravatar.com\/avatar\/5a9442a2bee7b4dcf167cab035858e9a?s=96&d=mm&r=g","contentUrl":"https:\/\/secure.gravatar.com\/avatar\/5a9442a2bee7b4dcf167cab035858e9a?s=96&d=mm&r=g","caption":"Fatou"},"sameAs":["https:\/\/www.nettali.com"]}]}},"_links":{"self":[{"href":"https:\/\/www.nettali.com\/rest\/wp\/v2\/posts\/123620"}],"collection":[{"href":"https:\/\/www.nettali.com\/rest\/wp\/v2\/posts"}],"about":[{"href":"https:\/\/www.nettali.com\/rest\/wp\/v2\/types\/post"}],"author":[{"embeddable":true,"href":"https:\/\/www.nettali.com\/rest\/wp\/v2\/users\/6"}],"replies":[{"embeddable":true,"href":"https:\/\/www.nettali.com\/rest\/wp\/v2\/comments?post=123620"}],"version-history":[{"count":7,"href":"https:\/\/www.nettali.com\/rest\/wp\/v2\/posts\/123620\/revisions"}],"predecessor-version":[{"id":123642,"href":"https:\/\/www.nettali.com\/rest\/wp\/v2\/posts\/123620\/revisions\/123642"}],"wp:featuredmedia":[{"embeddable":true,"href":"https:\/\/www.nettali.com\/rest\/wp\/v2\/media\/107117"}],"wp:attachment":[{"href":"https:\/\/www.nettali.com\/rest\/wp\/v2\/media?parent=123620"}],"wp:term":[{"taxonomy":"category","embeddable":true,"href":"https:\/\/www.nettali.com\/rest\/wp\/v2\/categories?post=123620"},{"taxonomy":"post_tag","embeddable":true,"href":"https:\/\/www.nettali.com\/rest\/wp\/v2\/tags?post=123620"}],"curies":[{"name":"wp","href":"https:\/\/api.w.org\/{rel}","templated":true}]}}