{"id":123615,"date":"2023-12-13T09:30:09","date_gmt":"2023-12-13T09:30:09","guid":{"rendered":"https:\/\/www.nettali.com\/?p=123615"},"modified":"2023-12-13T09:30:09","modified_gmt":"2023-12-13T09:30:09","slug":"en-coulisses-le-cadeau-de-macky-aux-militaires-invalides-a-la-retraite","status":"publish","type":"post","link":"https:\/\/www.nettali.com\/2023\/12\/13\/en-coulisses-le-cadeau-de-macky-aux-militaires-invalides-a-la-retraite\/","title":{"rendered":"EN COULISSES - Le cadeau de Macky aux militaires invalides \u00e0 la retraite"},"content":{"rendered":"<p class=\"summary_label\">NETTALI.COM - L'information est rendue publique par la Direction de l'information et des relations publiques des arm\u00e9es (Dirpa). En effet, le pr\u00e9sident de la R\u00e9publique, Macky Sall, a \u00e9t\u00e9 d\u00e9cid\u00e9 d\u2019allouer une indemnit\u00e9 sp\u00e9ciale aux militaires invalides \u00e0 la retraite.<\/p>\n<div id=\"printable\" class=\"text_body\">\n<p>\"Sur instruction du Chef de l'\u00c9tat, une indemnit\u00e9 forfaitaire sp\u00e9ciale est accord\u00e9e aux militaires invalides \u00e0 la retraite\", a annonc\u00e9 la Dirpa. Les montants allou\u00e9s varient selon le taux d'invalidit\u00e9, entre 5.000.000 et 2.000.000 de francs CFA, renseigne la m\u00eame source. Ce sont 2238 personnes qui vont b\u00e9n\u00e9ficier de cette mesure. Le paiement a d\u00e9but\u00e9 et se poursuit, informe la Dirpa.<\/p>\n<\/div>\n<div class='share-to-whatsapp-wrapper'><div class='share-on-whsp'>PARTAGER SUR : <\/div><a data-text='EN COULISSES - Le cadeau de Macky aux militaires invalides \u00e0 la retraite' data-link='https:\/\/www.nettali.com\/2023\/12\/13\/en-coulisses-le-cadeau-de-macky-aux-militaires-invalides-a-la-retraite\/' class='whatsapp-button whatsapp-share'>WhatsApp<\/a><div class='clear '><\/div><\/div>","protected":false},"excerpt":{"rendered":"<p>NETTALI.COM - L'information est rendue publique par la Direction de l'information et des relations publiques des arm\u00e9es (Dirpa). En effet, le pr\u00e9sident de la R\u00e9publique, Macky Sall, a \u00e9t\u00e9 d\u00e9cid\u00e9 d\u2019allouer une indemnit\u00e9 sp\u00e9ciale aux militaires invalides \u00e0 la retraite. \"Sur instruction du Chef de l'\u00c9tat, une indemnit\u00e9 forfaitaire sp\u00e9ciale est accord\u00e9e aux militaires invalides [&hellip;]<\/p>\n","protected":false},"author":4,"featured_media":121437,"comment_status":"open","ping_status":"open","sticky":false,"template":"","format":"standard","meta":{"_et_pb_use_builder":"","_et_pb_old_content":""},"categories":[3],"tags":[],"yoast_head":"<!-- This site is optimized with the Yoast SEO Premium plugin v17.8 (Yoast SEO v17.8) - https:\/\/yoast.com\/wordpress\/plugins\/seo\/ -->\n<title>EN COULISSES - Le cadeau de Macky aux militaires invalides \u00e0 la retraite | Nettali.com<\/title>\n<meta name=\"robots\" content=\"index, follow, max-snippet:-1, max-image-preview:large, max-video-preview:-1\" \/>\n<link rel=\"canonical\" href=\"https:\/\/www.nettali.com\/2023\/12\/13\/en-coulisses-le-cadeau-de-macky-aux-militaires-invalides-a-la-retraite\/\" \/>\n<meta property=\"og:locale\" content=\"fr_FR\" \/>\n<meta property=\"og:type\" content=\"article\" \/>\n<meta property=\"og:title\" content=\"EN COULISSES - Le cadeau de Macky aux militaires invalides \u00e0 la retraite\" \/>\n<meta property=\"og:description\" content=\"NETTALI.COM - L&#039;information est rendue publique par la Direction de l&#039;information et des relations publiques des arm\u00e9es (Dirpa). En effet, le pr\u00e9sident de la R\u00e9publique, Macky Sall, a \u00e9t\u00e9 d\u00e9cid\u00e9 d\u2019allouer une indemnit\u00e9 sp\u00e9ciale aux militaires invalides \u00e0 la retraite. &quot;Sur instruction du Chef de l&#039;\u00c9tat, une indemnit\u00e9 forfaitaire sp\u00e9ciale est accord\u00e9e aux militaires invalides [&hellip;]\" \/>\n<meta property=\"og:url\" content=\"https:\/\/www.nettali.com\/2023\/12\/13\/en-coulisses-le-cadeau-de-macky-aux-militaires-invalides-a-la-retraite\/\" \/>\n<meta property=\"og:site_name\" content=\"Nettali.com\" \/>\n<meta property=\"article:publisher\" content=\"https:\/\/www.facebook.com\/nettalicom\" \/>\n<meta property=\"article:published_time\" content=\"2023-12-13T09:30:09+00:00\" \/>\n<meta property=\"og:image\" content=\"https:\/\/www.nettali.com\/wp-content\/uploads\/2023\/11\/armee.jpg\" \/>\n\t<meta property=\"og:image:width\" content=\"1280\" \/>\n\t<meta property=\"og:image:height\" content=\"771\" \/>\n<meta name=\"twitter:card\" content=\"summary_large_image\" \/>\n<meta name=\"twitter:label1\" content=\"\u00c9crit par\" \/>\n\t<meta name=\"twitter:data1\" content=\"Daouda\" \/>\n\t<meta name=\"twitter:label2\" content=\"Dur\u00e9e de lecture estim\u00e9e\" \/>\n\t<meta name=\"twitter:data2\" content=\"1 minute\" \/>\n<script type=\"application\/ld+json\" class=\"yoast-schema-graph\">{\"@context\":\"https:\/\/schema.org\",\"@graph\":[{\"@type\":\"WebSite\",\"@id\":\"https:\/\/www.nettali.com\/#website\",\"url\":\"https:\/\/www.nettali.com\/\",\"name\":\"Nettali.com\",\"description\":\"Le rendez-vous critique du Net\",\"potentialAction\":[{\"@type\":\"SearchAction\",\"target\":{\"@type\":\"EntryPoint\",\"urlTemplate\":\"https:\/\/www.nettali.com\/?s={search_term_string}\"},\"query-input\":\"required name=search_term_string\"}],\"inLanguage\":\"fr-FR\"},{\"@type\":\"ImageObject\",\"@id\":\"https:\/\/www.nettali.com\/2023\/12\/13\/en-coulisses-le-cadeau-de-macky-aux-militaires-invalides-a-la-retraite\/#primaryimage\",\"inLanguage\":\"fr-FR\",\"url\":\"https:\/\/www.nettali.com\/wp-content\/uploads\/2023\/11\/armee.jpg\",\"contentUrl\":\"https:\/\/www.nettali.com\/wp-content\/uploads\/2023\/11\/armee.jpg\",\"width\":1280,\"height\":771},{\"@type\":\"WebPage\",\"@id\":\"https:\/\/www.nettali.com\/2023\/12\/13\/en-coulisses-le-cadeau-de-macky-aux-militaires-invalides-a-la-retraite\/#webpage\",\"url\":\"https:\/\/www.nettali.com\/2023\/12\/13\/en-coulisses-le-cadeau-de-macky-aux-militaires-invalides-a-la-retraite\/\",\"name\":\"EN COULISSES - Le cadeau de Macky aux militaires invalides \\u00e0 la retraite | Nettali.com\",\"isPartOf\":{\"@id\":\"https:\/\/www.nettali.com\/#website\"},\"primaryImageOfPage\":{\"@id\":\"https:\/\/www.nettali.com\/2023\/12\/13\/en-coulisses-le-cadeau-de-macky-aux-militaires-invalides-a-la-retraite\/#primaryimage\"},\"datePublished\":\"2023-12-13T09:30:09+00:00\",\"dateModified\":\"2023-12-13T09:30:09+00:00\",\"author\":{\"@id\":\"https:\/\/www.nettali.com\/#\/schema\/person\/3317e0bb3aa1da309fbf7b2780901bf4\"},\"breadcrumb\":{\"@id\":\"https:\/\/www.nettali.com\/2023\/12\/13\/en-coulisses-le-cadeau-de-macky-aux-militaires-invalides-a-la-retraite\/#breadcrumb\"},\"inLanguage\":\"fr-FR\",\"potentialAction\":[{\"@type\":\"ReadAction\",\"target\":[\"https:\/\/www.nettali.com\/2023\/12\/13\/en-coulisses-le-cadeau-de-macky-aux-militaires-invalides-a-la-retraite\/\"]}]},{\"@type\":\"BreadcrumbList\",\"@id\":\"https:\/\/www.nettali.com\/2023\/12\/13\/en-coulisses-le-cadeau-de-macky-aux-militaires-invalides-a-la-retraite\/#breadcrumb\",\"itemListElement\":[{\"@type\":\"ListItem\",\"position\":1,\"name\":\"Accueil\",\"item\":\"https:\/\/www.nettali.com\/\"},{\"@type\":\"ListItem\",\"position\":2,\"name\":\"EN COULISSES - Le cadeau de Macky aux militaires invalides \\u00e0 la retraite\"}]},{\"@type\":\"Person\",\"@id\":\"https:\/\/www.nettali.com\/#\/schema\/person\/3317e0bb3aa1da309fbf7b2780901bf4\",\"name\":\"Daouda\",\"image\":{\"@type\":\"ImageObject\",\"@id\":\"https:\/\/www.nettali.com\/#personlogo\",\"inLanguage\":\"fr-FR\",\"url\":\"https:\/\/secure.gravatar.com\/avatar\/8d143b5a49345098ddcfee1c49c2f47c?s=96&d=mm&r=g\",\"contentUrl\":\"https:\/\/secure.gravatar.com\/avatar\/8d143b5a49345098ddcfee1c49c2f47c?s=96&d=mm&r=g\",\"caption\":\"Daouda\"},\"sameAs\":[\"https:\/\/www.nettali.com\"]}]}<\/script>\n<!-- \/ Yoast SEO Premium plugin. -->","yoast_head_json":{"title":"EN COULISSES - Le cadeau de Macky aux militaires invalides \u00e0 la retraite | Nettali.com","robots":{"index":"index","follow":"follow","max-snippet":"max-snippet:-1","max-image-preview":"max-image-preview:large","max-video-preview":"max-video-preview:-1"},"canonical":"https:\/\/www.nettali.com\/2023\/12\/13\/en-coulisses-le-cadeau-de-macky-aux-militaires-invalides-a-la-retraite\/","og_locale":"fr_FR","og_type":"article","og_title":"EN COULISSES - Le cadeau de Macky aux militaires invalides \u00e0 la retraite","og_description":"NETTALI.COM - L'information est rendue publique par la Direction de l'information et des relations publiques des arm\u00e9es (Dirpa). En effet, le pr\u00e9sident de la R\u00e9publique, Macky Sall, a \u00e9t\u00e9 d\u00e9cid\u00e9 d\u2019allouer une indemnit\u00e9 sp\u00e9ciale aux militaires invalides \u00e0 la retraite. \"Sur instruction du Chef de l'\u00c9tat, une indemnit\u00e9 forfaitaire sp\u00e9ciale est accord\u00e9e aux militaires invalides [&hellip;]","og_url":"https:\/\/www.nettali.com\/2023\/12\/13\/en-coulisses-le-cadeau-de-macky-aux-militaires-invalides-a-la-retraite\/","og_site_name":"Nettali.com","article_publisher":"https:\/\/www.facebook.com\/nettalicom","article_published_time":"2023-12-13T09:30:09+00:00","og_image":[{"width":1280,"height":771,"url":"https:\/\/www.nettali.com\/wp-content\/uploads\/2023\/11\/armee.jpg","type":"image\/jpeg"}],"twitter_card":"summary_large_image","twitter_misc":{"\u00c9crit par":"Daouda","Dur\u00e9e de lecture estim\u00e9e":"1 minute"},"schema":{"@context":"https:\/\/schema.org","@graph":[{"@type":"WebSite","@id":"https:\/\/www.nettali.com\/#website","url":"https:\/\/www.nettali.com\/","name":"Nettali.com","description":"Le rendez-vous critique du Net","potentialAction":[{"@type":"SearchAction","target":{"@type":"EntryPoint","urlTemplate":"https:\/\/www.nettali.com\/?s={search_term_string}"},"query-input":"required name=search_term_string"}],"inLanguage":"fr-FR"},{"@type":"ImageObject","@id":"https:\/\/www.nettali.com\/2023\/12\/13\/en-coulisses-le-cadeau-de-macky-aux-militaires-invalides-a-la-retraite\/#primaryimage","inLanguage":"fr-FR","url":"https:\/\/www.nettali.com\/wp-content\/uploads\/2023\/11\/armee.jpg","contentUrl":"https:\/\/www.nettali.com\/wp-content\/uploads\/2023\/11\/armee.jpg","width":1280,"height":771},{"@type":"WebPage","@id":"https:\/\/www.nettali.com\/2023\/12\/13\/en-coulisses-le-cadeau-de-macky-aux-militaires-invalides-a-la-retraite\/#webpage","url":"https:\/\/www.nettali.com\/2023\/12\/13\/en-coulisses-le-cadeau-de-macky-aux-militaires-invalides-a-la-retraite\/","name":"EN COULISSES - Le cadeau de Macky aux militaires invalides \u00e0 la retraite | Nettali.com","isPartOf":{"@id":"https:\/\/www.nettali.com\/#website"},"primaryImageOfPage":{"@id":"https:\/\/www.nettali.com\/2023\/12\/13\/en-coulisses-le-cadeau-de-macky-aux-militaires-invalides-a-la-retraite\/#primaryimage"},"datePublished":"2023-12-13T09:30:09+00:00","dateModified":"2023-12-13T09:30:09+00:00","author":{"@id":"https:\/\/www.nettali.com\/#\/schema\/person\/3317e0bb3aa1da309fbf7b2780901bf4"},"breadcrumb":{"@id":"https:\/\/www.nettali.com\/2023\/12\/13\/en-coulisses-le-cadeau-de-macky-aux-militaires-invalides-a-la-retraite\/#breadcrumb"},"inLanguage":"fr-FR","potentialAction":[{"@type":"ReadAction","target":["https:\/\/www.nettali.com\/2023\/12\/13\/en-coulisses-le-cadeau-de-macky-aux-militaires-invalides-a-la-retraite\/"]}]},{"@type":"BreadcrumbList","@id":"https:\/\/www.nettali.com\/2023\/12\/13\/en-coulisses-le-cadeau-de-macky-aux-militaires-invalides-a-la-retraite\/#breadcrumb","itemListElement":[{"@type":"ListItem","position":1,"name":"Accueil","item":"https:\/\/www.nettali.com\/"},{"@type":"ListItem","position":2,"name":"EN COULISSES - Le cadeau de Macky aux militaires invalides \u00e0 la retraite"}]},{"@type":"Person","@id":"https:\/\/www.nettali.com\/#\/schema\/person\/3317e0bb3aa1da309fbf7b2780901bf4","name":"Daouda","image":{"@type":"ImageObject","@id":"https:\/\/www.nettali.com\/#personlogo","inLanguage":"fr-FR","url":"https:\/\/secure.gravatar.com\/avatar\/8d143b5a49345098ddcfee1c49c2f47c?s=96&d=mm&r=g","contentUrl":"https:\/\/secure.gravatar.com\/avatar\/8d143b5a49345098ddcfee1c49c2f47c?s=96&d=mm&r=g","caption":"Daouda"},"sameAs":["https:\/\/www.nettali.com"]}]}},"_links":{"self":[{"href":"https:\/\/www.nettali.com\/rest\/wp\/v2\/posts\/123615"}],"collection":[{"href":"https:\/\/www.nettali.com\/rest\/wp\/v2\/posts"}],"about":[{"href":"https:\/\/www.nettali.com\/rest\/wp\/v2\/types\/post"}],"author":[{"embeddable":true,"href":"https:\/\/www.nettali.com\/rest\/wp\/v2\/users\/4"}],"replies":[{"embeddable":true,"href":"https:\/\/www.nettali.com\/rest\/wp\/v2\/comments?post=123615"}],"version-history":[{"count":1,"href":"https:\/\/www.nettali.com\/rest\/wp\/v2\/posts\/123615\/revisions"}],"predecessor-version":[{"id":123616,"href":"https:\/\/www.nettali.com\/rest\/wp\/v2\/posts\/123615\/revisions\/123616"}],"wp:featuredmedia":[{"embeddable":true,"href":"https:\/\/www.nettali.com\/rest\/wp\/v2\/media\/121437"}],"wp:attachment":[{"href":"https:\/\/www.nettali.com\/rest\/wp\/v2\/media?parent=123615"}],"wp:term":[{"taxonomy":"category","embeddable":true,"href":"https:\/\/www.nettali.com\/rest\/wp\/v2\/categories?post=123615"},{"taxonomy":"post_tag","embeddable":true,"href":"https:\/\/www.nettali.com\/rest\/wp\/v2\/tags?post=123615"}],"curies":[{"name":"wp","href":"https:\/\/api.w.org\/{rel}","templated":true}]}}