{"id":123604,"date":"2023-12-13T08:28:13","date_gmt":"2023-12-13T08:28:13","guid":{"rendered":"https:\/\/www.nettali.com\/?p=123604"},"modified":"2023-12-13T08:28:43","modified_gmt":"2023-12-13T08:28:43","slug":"radiation-dousmane-sonko-des-listes-electorales-retour-sur-une-audience-bien-chaude","status":"publish","type":"post","link":"https:\/\/www.nettali.com\/2023\/12\/13\/radiation-dousmane-sonko-des-listes-electorales-retour-sur-une-audience-bien-chaude\/","title":{"rendered":"RADIATION D'OUSMANE SONKO DES LISTES ELECTORALES - Retour sur une audience bien chaude"},"content":{"rendered":"<div class=\"page\" title=\"Page 3\">\n<div class=\"layoutArea\">\n<div class=\"column\">\n<p><strong>NETTALI.COM - Mardi 12 d\u00e9cembre, lors de l\u2019audience du proce\u0300s opposant Ousmane Sonko a\u0300 l\u2019E\u0301tat autour de sa radiation des listes e\u0301lectorales au tribunal d'instance de Dakar, les plaidoiries ont e\u0301te\u0301 a\u0302pres entre les avocats de l\u2019E\u0301tat du Se\u0301ne\u0301gal et ceux d\u2019Ousmane Sonko . Au terme d\u2019une journe\u0301e charge\u0301e, le juge a de\u0301cide\u0301 de rendre publique sa de\u0301cision le 14 de\u0301cembre 2023.<\/strong><\/p>\n<p>Avant me\u0302me le de\u0301but des plaidoiries, une dispute a e\u0301clate\u0301 entre les deux parties sur le temps imparti pour plaider. Au nombre de 35, les repre\u0301sentants de l\u2019opposant ont vu d\u2019un mauvais \u0153il que le juge accorde le me\u0302me temps de parole (4 heures) a\u0300 toutes les parties, au moment ou\u0300 les avocats de l\u2019E\u0301tat sont au nombre de 5. D\u2019ailleurs, l\u2019un d\u2019entre eux a accuse\u0301 le juge de prendre parti. Ce a\u0300 quoi ce dernier a re\u0301pondu : \"J<em>e ne vous permets pas de dire que j'ai pris parti. Vous ne me connaissez pas. Retirez ces propos !<\/em>\"<\/p>\n<\/div>\n<div class=\"column\">\n<p>C\u2019est Me Ousseynou Fall qui a lance\u0301 les premie\u0300res hostilite\u0301s pour le compte de la plaidoirie des avocats d\u2019Ousmane Sonko. Il a fait remarquer : \"<em>la premie\u0300re entorse a\u0300 la de\u0301fense, c'est de limiter les droits du pre\u0301venu afin qu'il ne soit pas de\u0301fendu comme il le faut. L'E\u0301tat qui s'oppose a\u0300 ce droit le\u0301gitime n'a pas sa place ici, ni l'agent judiciaire qui le repre\u0301sente. Pour exercer une action en justice, il faut avoir l'inte\u0301re\u0302t a\u0300 agir. Quel est le grief que l'E\u0301tat peut nous opposer ? Ici, c'est l'esprit de Macky Sall qui n'a pas dige\u0301re\u0301 que sa troisie\u0300me candidature soit e\u0301carte\u0301e et il a jure\u0301 d'e\u0301carter Ousmane Sonko. Il s'acharne sur lui en cre\u0301ant toutes sortes de proble\u0300mes et comme il n\u2019y arrive pas, il a rendu juridiques les choses.<\/em>\"<\/p>\n<\/div>\n<div class=\"column\">\n<p>Il sera conforte\u0301 par Me Ndoumbe\u0301 Wane qui estime qu\"<em>il n\u2019y a pas eu d\u2019acte de notification. Ce qui veut dire que l\u2019E\u0301tat agit comme il le veut. Sonko a e\u0301te\u0301 informe\u0301 de sa radiation par son mandataire Ayib Daffe\u0301. Vous aviez une de\u0301cision de contumax ; il faut le faire comme le dicte la loi. Il a e\u0301te\u0301 arre\u0302te\u0301 avant les de\u0301lais. Ce qui a ane\u0301anti les de\u0301cisions de contumax<\/em>\".<\/p>\n<p>C\u2019est sur ces arguments que s\u2019est base\u0301 Me Sai\u0308d Larifou, septie\u0300me avocat de Sonko. Selon lui, l\u2019opposant n\u2019est pas en conflit avec l\u2019E\u0301tat du Se\u0301ne\u0301gal, mais avec certains agents de l'E\u0301tat qui utilisent tous les moyens pour le de\u0301molir. \"<em>Certains agents du Se\u0301ne\u0301gal sont en train de de\u0301molir la de\u0301mocratie du pays. Il n\u2019y a pas eu de de\u0301cision de radiation. Sonko est vic- time d\u2019un abus de pouvoir par des agents de l\u2019E\u0301tat. Ce qui me choque et qui me re\u0301volte, c\u2019est la pre\u0301cipitation des proce\u0301dures et diligences pour arriver a\u0300 leur fin. C\u2019est malsain comme proce\u0301dure et c\u0327a n'honore pas du tout le Se\u0301ne\u0301gal. La de\u0301cision de radiation n'existe pas. La signification n'a pas e\u0301te\u0301 faite. Monsieur le Pre\u0301sident, la dimension juridique doit l\u2019emporter sur le dossier et vous avez la matie\u0300re pour le faire<\/em>\u201d.<\/p>\n<\/div>\n<div class=\"column\">\n<p>Un autre moment fort de la plaidoirie des avocats du maire de Ziguinchor fut l\u2019intervention de Me Massokhna Kane qui a demande\u0301 au juge de de\u0301clarer nulle la radiation de Sonko. Car l\u2019Administration, pour l\u2019e\u0301liminer, s\u2019est acharne\u0301e sur Ousmane Sonko a\u0300 travers combines et magouilles. \"<em>Il y a de faux PV qui ont e\u0301te\u0301 produits et fabrique\u0301s par la police, mais ils ont e\u0301te\u0301 de\u0301mentis le 30 septembre par l\u2019huissier qui est parti et qui est revenu dire qu\u2019il n\u2019y a pas eu d\u2019affichage. C\u2019est tellement grossier. Il n'y a absolument aucune de\u0301cision de radiation et il n\u2019y a pas eu d\u2019acte de notification de radiation. Ce qu\u2019on peut dire, c\u2019est qu\u2019il y a eu un acte abusif et irre\u0301gulier de la part de la DGE envers Sonko. Qu\u2019il pleuve ou qu\u2019il neige, Ousmane Sonko sera candidat<\/em>\".<\/p>\n<p>Lors du jugement du 12 octobre au tribunal de Ziguinchor, le juge Sabassy Faye avait souleve\u0301 un vice de proce\u0301dure pour e\u0301carter la radiation administrative d\u2019Ousmane Sonko qui, selon lui, n\u2019a pas respecte\u0301 l\u2019article 311 du Code de proce\u0301dure pe\u0301nale (CPP). Constatant qu'en l'espe\u0300ce, aucune preuve des formalite\u0301s qui permettent d'appliquer la de\u0301che\u0301ance n'a e\u0301te\u0301 verse\u0301e a\u0300 la proce\u0301dure, le pre\u0301sident du tribunal d\u2019instance de Ziguinchor avait juge\u0301 que la demande du reque\u0301rant est juste et fonde\u0301e, et que la mesure de radiation du nom de Ousmane Sonko des listes e\u0301lectorales est irre\u0301gulie\u0300re.<\/p>\n<\/div>\n<div class=\"column\">\n<p>Par contre, les avocats de l\u2019E\u0301tat ont cite\u0301 les articles 622 et 623 du Code proce\u0301dure pe\u0301nale qui ne citent pas l\u2019impe\u0301ratif de notifier directement a\u0300 Ousmane Sonko l\u2019acte de sa radiation, tout en soutenant que l\u2019huissier a use\u0301 d\u2019autres moyens indique\u0301s par la loi pour faire parvenir l\u2019acte a\u0300 qui de droit. Ils ont e\u0301galement indique\u0301 que M. Sonko, de par les documents produits par ses avocats pour argumenter leur recours devant certaines juridictions comme la Cour de la CEDEAO, a prouve\u0301 qu\u2019il e\u0301tait bien au courant de sa radiation par voie de presse, citant notamment des articles de presse du quotidien \u201c<em>Yoor-Yoor<\/em>\u201d et du magazine \u201c<em>Jeune Afrique<\/em>\u201d (l\u2019entretien avec Ismai\u0308la Madior Fall, ministre des Affaires e\u0301trange\u0300res parlant de contumace).<\/p>\n<p>Pour re\u0301pondre aux arguments des avocats de Sonko selon lesquels la contumace a ane\u0301anti son jugement de\u0300s son arrestation, les avocats de l\u2019E\u0301tat ont insiste\u0301 sur le fait que le juge du tribunal d\u2019instance de Dakar n\u2019avait pas compe\u0301tence a\u0300 se prononcer sur l\u2019effectivite\u0301 de la contumace.<\/p>\n<p>Estimant que l\u2019Administration a respecte\u0301 les formes dans la proce\u0301dure de radiation du chef de l\u2019oppo- sition, la de\u0301fense de l\u2019E\u0301tat a mise\u0301 sur la forclusion de la demande faite par Ousmane Sonko qui n\u2019aurait pas respecte\u0301 les de\u0301lais. Ainsi, estiment-ils, \"<em>entre le 19 et le 24 aou\u0302t, aucun acte de recours n\u2019a e\u0301te\u0301 fait. L\u2019huissier a fait son ro\u0302le. Donc, nous conside\u0301rons qu\u2019il y a forclusion. Monsieur Sonko avait un de\u0301lai pour agir, il ne l\u2019a pas fait. Son inactivite\u0301 a eu des conse\u0301quences et il a e\u0301te\u0301 sanctionne\u0301 par la loi. L\u2019autorite\u0301 qui a radie\u0301 Sonko s\u2019est conforme\u0301e aux re\u0300gles. Sonko n\u2019a pas justifie\u0301 de moyens se\u0301rieux pour sa retraite des listes e\u0301lectorales. Toutes ses tentatives vont e\u0301chouer, parce qu'elles sont mal fonde\u0301es<\/em>\".<\/p>\n<p>Illustration : image d'archives<\/p>\n<\/div>\n<\/div>\n<\/div>\n<div class='share-to-whatsapp-wrapper'><div class='share-on-whsp'>PARTAGER SUR : <\/div><a data-text='RADIATION D'OUSMANE SONKO DES LISTES ELECTORALES - Retour sur une audience bien chaude' data-link='https:\/\/www.nettali.com\/2023\/12\/13\/radiation-dousmane-sonko-des-listes-electorales-retour-sur-une-audience-bien-chaude\/' class='whatsapp-button whatsapp-share'>WhatsApp<\/a><div class='clear '><\/div><\/div>","protected":false},"excerpt":{"rendered":"<p>NETTALI.COM - Mardi 12 d\u00e9cembre, lors de l\u2019audience du proce\u0300s opposant Ousmane Sonko a\u0300 l\u2019E\u0301tat autour de sa radiation des listes e\u0301lectorales au tribunal d'instance de Dakar, les plaidoiries ont e\u0301te\u0301 a\u0302pres entre les avocats de l\u2019E\u0301tat du Se\u0301ne\u0301gal et ceux d\u2019Ousmane Sonko . Au terme d\u2019une journe\u0301e charge\u0301e, le juge a de\u0301cide\u0301 de rendre [&hellip;]<\/p>\n","protected":false},"author":2,"featured_media":123606,"comment_status":"open","ping_status":"open","sticky":false,"template":"","format":"standard","meta":{"_et_pb_use_builder":"","_et_pb_old_content":""},"categories":[2],"tags":[],"yoast_head":"<!-- This site is optimized with the Yoast SEO Premium plugin v17.8 (Yoast SEO v17.8) - https:\/\/yoast.com\/wordpress\/plugins\/seo\/ -->\n<title>RADIATION D&#039;OUSMANE SONKO DES LISTES ELECTORALES - Retour sur une audience bien chaude | Nettali.com<\/title>\n<meta name=\"robots\" content=\"index, follow, max-snippet:-1, max-image-preview:large, max-video-preview:-1\" \/>\n<link rel=\"canonical\" href=\"https:\/\/www.nettali.com\/2023\/12\/13\/radiation-dousmane-sonko-des-listes-electorales-retour-sur-une-audience-bien-chaude\/\" \/>\n<meta property=\"og:locale\" content=\"fr_FR\" \/>\n<meta property=\"og:type\" content=\"article\" \/>\n<meta property=\"og:title\" content=\"RADIATION D&#039;OUSMANE SONKO DES LISTES ELECTORALES - Retour sur une audience bien chaude\" \/>\n<meta property=\"og:description\" content=\"NETTALI.COM - Mardi 12 d\u00e9cembre, lors de l\u2019audience du proce\u0300s opposant Ousmane Sonko a\u0300 l\u2019E\u0301tat autour de sa radiation des listes e\u0301lectorales au tribunal d&#039;instance de Dakar, les plaidoiries ont e\u0301te\u0301 a\u0302pres entre les avocats de l\u2019E\u0301tat du Se\u0301ne\u0301gal et ceux d\u2019Ousmane Sonko . Au terme d\u2019une journe\u0301e charge\u0301e, le juge a de\u0301cide\u0301 de rendre [&hellip;]\" \/>\n<meta property=\"og:url\" content=\"https:\/\/www.nettali.com\/2023\/12\/13\/radiation-dousmane-sonko-des-listes-electorales-retour-sur-une-audience-bien-chaude\/\" \/>\n<meta property=\"og:site_name\" content=\"Nettali.com\" \/>\n<meta property=\"article:publisher\" content=\"https:\/\/www.facebook.com\/nettalicom\" \/>\n<meta property=\"article:published_time\" content=\"2023-12-13T08:28:13+00:00\" \/>\n<meta property=\"article:modified_time\" content=\"2023-12-13T08:28:43+00:00\" \/>\n<meta property=\"og:image\" content=\"https:\/\/www.nettali.com\/wp-content\/uploads\/2023\/12\/106206455_senegaljustice.jpg\" \/>\n\t<meta property=\"og:image:width\" content=\"976\" \/>\n\t<meta property=\"og:image:height\" content=\"549\" \/>\n<meta name=\"twitter:card\" content=\"summary_large_image\" \/>\n<meta name=\"twitter:label1\" content=\"\u00c9crit par\" \/>\n\t<meta name=\"twitter:data1\" content=\"CK\" \/>\n\t<meta name=\"twitter:label2\" content=\"Dur\u00e9e de lecture estim\u00e9e\" \/>\n\t<meta name=\"twitter:data2\" content=\"6 minutes\" \/>\n<script type=\"application\/ld+json\" class=\"yoast-schema-graph\">{\"@context\":\"https:\/\/schema.org\",\"@graph\":[{\"@type\":\"WebSite\",\"@id\":\"https:\/\/www.nettali.com\/#website\",\"url\":\"https:\/\/www.nettali.com\/\",\"name\":\"Nettali.com\",\"description\":\"Le rendez-vous critique du Net\",\"potentialAction\":[{\"@type\":\"SearchAction\",\"target\":{\"@type\":\"EntryPoint\",\"urlTemplate\":\"https:\/\/www.nettali.com\/?s={search_term_string}\"},\"query-input\":\"required name=search_term_string\"}],\"inLanguage\":\"fr-FR\"},{\"@type\":\"ImageObject\",\"@id\":\"https:\/\/www.nettali.com\/2023\/12\/13\/radiation-dousmane-sonko-des-listes-electorales-retour-sur-une-audience-bien-chaude\/#primaryimage\",\"inLanguage\":\"fr-FR\",\"url\":\"https:\/\/www.nettali.com\/wp-content\/uploads\/2023\/12\/106206455_senegaljustice.jpg\",\"contentUrl\":\"https:\/\/www.nettali.com\/wp-content\/uploads\/2023\/12\/106206455_senegaljustice.jpg\",\"width\":976,\"height\":549},{\"@type\":\"WebPage\",\"@id\":\"https:\/\/www.nettali.com\/2023\/12\/13\/radiation-dousmane-sonko-des-listes-electorales-retour-sur-une-audience-bien-chaude\/#webpage\",\"url\":\"https:\/\/www.nettali.com\/2023\/12\/13\/radiation-dousmane-sonko-des-listes-electorales-retour-sur-une-audience-bien-chaude\/\",\"name\":\"RADIATION D'OUSMANE SONKO DES LISTES ELECTORALES - Retour sur une audience bien chaude | Nettali.com\",\"isPartOf\":{\"@id\":\"https:\/\/www.nettali.com\/#website\"},\"primaryImageOfPage\":{\"@id\":\"https:\/\/www.nettali.com\/2023\/12\/13\/radiation-dousmane-sonko-des-listes-electorales-retour-sur-une-audience-bien-chaude\/#primaryimage\"},\"datePublished\":\"2023-12-13T08:28:13+00:00\",\"dateModified\":\"2023-12-13T08:28:43+00:00\",\"author\":{\"@id\":\"https:\/\/www.nettali.com\/#\/schema\/person\/d8ac7b7e27ddad43f1c0d2ef090d7f71\"},\"breadcrumb\":{\"@id\":\"https:\/\/www.nettali.com\/2023\/12\/13\/radiation-dousmane-sonko-des-listes-electorales-retour-sur-une-audience-bien-chaude\/#breadcrumb\"},\"inLanguage\":\"fr-FR\",\"potentialAction\":[{\"@type\":\"ReadAction\",\"target\":[\"https:\/\/www.nettali.com\/2023\/12\/13\/radiation-dousmane-sonko-des-listes-electorales-retour-sur-une-audience-bien-chaude\/\"]}]},{\"@type\":\"BreadcrumbList\",\"@id\":\"https:\/\/www.nettali.com\/2023\/12\/13\/radiation-dousmane-sonko-des-listes-electorales-retour-sur-une-audience-bien-chaude\/#breadcrumb\",\"itemListElement\":[{\"@type\":\"ListItem\",\"position\":1,\"name\":\"Accueil\",\"item\":\"https:\/\/www.nettali.com\/\"},{\"@type\":\"ListItem\",\"position\":2,\"name\":\"RADIATION D'OUSMANE SONKO DES LISTES ELECTORALES - Retour sur une audience bien chaude\"}]},{\"@type\":\"Person\",\"@id\":\"https:\/\/www.nettali.com\/#\/schema\/person\/d8ac7b7e27ddad43f1c0d2ef090d7f71\",\"name\":\"CK\",\"image\":{\"@type\":\"ImageObject\",\"@id\":\"https:\/\/www.nettali.com\/#personlogo\",\"inLanguage\":\"fr-FR\",\"url\":\"https:\/\/secure.gravatar.com\/avatar\/1d8d5118b9327d94da7cd4ce7f17fec2?s=96&d=mm&r=g\",\"contentUrl\":\"https:\/\/secure.gravatar.com\/avatar\/1d8d5118b9327d94da7cd4ce7f17fec2?s=96&d=mm&r=g\",\"caption\":\"CK\"},\"sameAs\":[\"https:\/\/www.nettali.com\"]}]}<\/script>\n<!-- \/ Yoast SEO Premium plugin. -->","yoast_head_json":{"title":"RADIATION D'OUSMANE SONKO DES LISTES ELECTORALES - Retour sur une audience bien chaude | Nettali.com","robots":{"index":"index","follow":"follow","max-snippet":"max-snippet:-1","max-image-preview":"max-image-preview:large","max-video-preview":"max-video-preview:-1"},"canonical":"https:\/\/www.nettali.com\/2023\/12\/13\/radiation-dousmane-sonko-des-listes-electorales-retour-sur-une-audience-bien-chaude\/","og_locale":"fr_FR","og_type":"article","og_title":"RADIATION D'OUSMANE SONKO DES LISTES ELECTORALES - Retour sur une audience bien chaude","og_description":"NETTALI.COM - Mardi 12 d\u00e9cembre, lors de l\u2019audience du proce\u0300s opposant Ousmane Sonko a\u0300 l\u2019E\u0301tat autour de sa radiation des listes e\u0301lectorales au tribunal d'instance de Dakar, les plaidoiries ont e\u0301te\u0301 a\u0302pres entre les avocats de l\u2019E\u0301tat du Se\u0301ne\u0301gal et ceux d\u2019Ousmane Sonko . Au terme d\u2019une journe\u0301e charge\u0301e, le juge a de\u0301cide\u0301 de rendre [&hellip;]","og_url":"https:\/\/www.nettali.com\/2023\/12\/13\/radiation-dousmane-sonko-des-listes-electorales-retour-sur-une-audience-bien-chaude\/","og_site_name":"Nettali.com","article_publisher":"https:\/\/www.facebook.com\/nettalicom","article_published_time":"2023-12-13T08:28:13+00:00","article_modified_time":"2023-12-13T08:28:43+00:00","og_image":[{"width":976,"height":549,"url":"https:\/\/www.nettali.com\/wp-content\/uploads\/2023\/12\/106206455_senegaljustice.jpg","type":"image\/jpeg"}],"twitter_card":"summary_large_image","twitter_misc":{"\u00c9crit par":"CK","Dur\u00e9e de lecture estim\u00e9e":"6 minutes"},"schema":{"@context":"https:\/\/schema.org","@graph":[{"@type":"WebSite","@id":"https:\/\/www.nettali.com\/#website","url":"https:\/\/www.nettali.com\/","name":"Nettali.com","description":"Le rendez-vous critique du Net","potentialAction":[{"@type":"SearchAction","target":{"@type":"EntryPoint","urlTemplate":"https:\/\/www.nettali.com\/?s={search_term_string}"},"query-input":"required name=search_term_string"}],"inLanguage":"fr-FR"},{"@type":"ImageObject","@id":"https:\/\/www.nettali.com\/2023\/12\/13\/radiation-dousmane-sonko-des-listes-electorales-retour-sur-une-audience-bien-chaude\/#primaryimage","inLanguage":"fr-FR","url":"https:\/\/www.nettali.com\/wp-content\/uploads\/2023\/12\/106206455_senegaljustice.jpg","contentUrl":"https:\/\/www.nettali.com\/wp-content\/uploads\/2023\/12\/106206455_senegaljustice.jpg","width":976,"height":549},{"@type":"WebPage","@id":"https:\/\/www.nettali.com\/2023\/12\/13\/radiation-dousmane-sonko-des-listes-electorales-retour-sur-une-audience-bien-chaude\/#webpage","url":"https:\/\/www.nettali.com\/2023\/12\/13\/radiation-dousmane-sonko-des-listes-electorales-retour-sur-une-audience-bien-chaude\/","name":"RADIATION D'OUSMANE SONKO DES LISTES ELECTORALES - Retour sur une audience bien chaude | Nettali.com","isPartOf":{"@id":"https:\/\/www.nettali.com\/#website"},"primaryImageOfPage":{"@id":"https:\/\/www.nettali.com\/2023\/12\/13\/radiation-dousmane-sonko-des-listes-electorales-retour-sur-une-audience-bien-chaude\/#primaryimage"},"datePublished":"2023-12-13T08:28:13+00:00","dateModified":"2023-12-13T08:28:43+00:00","author":{"@id":"https:\/\/www.nettali.com\/#\/schema\/person\/d8ac7b7e27ddad43f1c0d2ef090d7f71"},"breadcrumb":{"@id":"https:\/\/www.nettali.com\/2023\/12\/13\/radiation-dousmane-sonko-des-listes-electorales-retour-sur-une-audience-bien-chaude\/#breadcrumb"},"inLanguage":"fr-FR","potentialAction":[{"@type":"ReadAction","target":["https:\/\/www.nettali.com\/2023\/12\/13\/radiation-dousmane-sonko-des-listes-electorales-retour-sur-une-audience-bien-chaude\/"]}]},{"@type":"BreadcrumbList","@id":"https:\/\/www.nettali.com\/2023\/12\/13\/radiation-dousmane-sonko-des-listes-electorales-retour-sur-une-audience-bien-chaude\/#breadcrumb","itemListElement":[{"@type":"ListItem","position":1,"name":"Accueil","item":"https:\/\/www.nettali.com\/"},{"@type":"ListItem","position":2,"name":"RADIATION D'OUSMANE SONKO DES LISTES ELECTORALES - Retour sur une audience bien chaude"}]},{"@type":"Person","@id":"https:\/\/www.nettali.com\/#\/schema\/person\/d8ac7b7e27ddad43f1c0d2ef090d7f71","name":"CK","image":{"@type":"ImageObject","@id":"https:\/\/www.nettali.com\/#personlogo","inLanguage":"fr-FR","url":"https:\/\/secure.gravatar.com\/avatar\/1d8d5118b9327d94da7cd4ce7f17fec2?s=96&d=mm&r=g","contentUrl":"https:\/\/secure.gravatar.com\/avatar\/1d8d5118b9327d94da7cd4ce7f17fec2?s=96&d=mm&r=g","caption":"CK"},"sameAs":["https:\/\/www.nettali.com"]}]}},"_links":{"self":[{"href":"https:\/\/www.nettali.com\/rest\/wp\/v2\/posts\/123604"}],"collection":[{"href":"https:\/\/www.nettali.com\/rest\/wp\/v2\/posts"}],"about":[{"href":"https:\/\/www.nettali.com\/rest\/wp\/v2\/types\/post"}],"author":[{"embeddable":true,"href":"https:\/\/www.nettali.com\/rest\/wp\/v2\/users\/2"}],"replies":[{"embeddable":true,"href":"https:\/\/www.nettali.com\/rest\/wp\/v2\/comments?post=123604"}],"version-history":[{"count":2,"href":"https:\/\/www.nettali.com\/rest\/wp\/v2\/posts\/123604\/revisions"}],"predecessor-version":[{"id":123607,"href":"https:\/\/www.nettali.com\/rest\/wp\/v2\/posts\/123604\/revisions\/123607"}],"wp:featuredmedia":[{"embeddable":true,"href":"https:\/\/www.nettali.com\/rest\/wp\/v2\/media\/123606"}],"wp:attachment":[{"href":"https:\/\/www.nettali.com\/rest\/wp\/v2\/media?parent=123604"}],"wp:term":[{"taxonomy":"category","embeddable":true,"href":"https:\/\/www.nettali.com\/rest\/wp\/v2\/categories?post=123604"},{"taxonomy":"post_tag","embeddable":true,"href":"https:\/\/www.nettali.com\/rest\/wp\/v2\/tags?post=123604"}],"curies":[{"name":"wp","href":"https:\/\/api.w.org\/{rel}","templated":true}]}}