{"id":123602,"date":"2023-12-13T08:13:25","date_gmt":"2023-12-13T08:13:25","guid":{"rendered":"https:\/\/www.nettali.com\/?p=123602"},"modified":"2023-12-13T08:13:25","modified_gmt":"2023-12-13T08:13:25","slug":"en-coulisses-le-f-24-la-visite-du-pm-a-paris-et-laffaire-sonko","status":"publish","type":"post","link":"https:\/\/www.nettali.com\/2023\/12\/13\/en-coulisses-le-f-24-la-visite-du-pm-a-paris-et-laffaire-sonko\/","title":{"rendered":"EN COULISSES - Le F 24, la visite du PM \u00e0 Paris et l'affaire Sonko"},"content":{"rendered":"<div class=\"column\">\n<p><strong>NETTALI.COM - <\/strong>Restons sur le communiqu\u00e9 du F 24 pour dire que, sur un autre registre, le F24 a souligne\u0301 l\u2019indignation collective note\u0301e a\u0300 \"la suite des re\u0301ve\u0301lations faites dans plusieurs supports me\u0301diatiques a\u0300 l\u2019occasion du de\u0301placement du Premier ministre Amadou Ba\u0302 a\u0300 Paris. Au-dela\u0300 des de\u0301penses somptuaires dans un contexte de baisse drastique du pouvoir d\u2019achat des Se\u0301ne\u0301galais, il est de\u0301plore\u0301 ce qui apparai\u0302t comme une onction de la France au candidat de la continuite\u0301 en campagne e\u0301lectorale de\u0301guise\u0301e. A ce propos, F24 note que le silence de la France et de l\u2019Occident face a\u0300 la de\u0301gradation continue de l\u2019e\u0301tat de la de\u0301mocratie et des liberte\u0301s publiques (me\u0301morandum du F24) sonne de plus en plus comme une complicite\u0301 inacceptable dans un pays ou\u0300 la stabilite\u0301 et la paix sont fortement menace\u0301es\u201d.<\/p>\n<\/div>\n<div class=\"column\">Ainsi, \"<em>pour la pre\u0301servation de l\u2019exception se\u0301ne\u0301galaise, F24 invite les juges a\u0300 refuser d\u2019e\u0302tre des fonctionnaires aux ordres et a\u0300 dire le droit, en faisant droit au citoyen Ousmane Sonko de participer a\u0300 l\u2019e\u0301lection pre\u0301sidentielle de 2024. Son e\u0301limination consacrerait, au regard de nombreux observateurs, le triomphe de la volonte\u0301 du pre\u0301sident Macky Sall d\u2019e\u0301carter, pour la troisie\u0300me fois conse\u0301cutive, un adversaire politique. La non-participation du candidat qui incarne l\u2019espoir de plusieurs centaines de milliers de citoyens accentuera la de\u0301sespe\u0301rance, exacerbera la conflictualite\u0301 dans le champ social et pourrait entrai\u0302ner des troubles pre\u0301-ou-post e\u0301lectoraux aux conse\u0301quences impre\u0301visibles<\/em>\u201d.<\/div>\n<div><\/div>\n<div class=\"column\">Dans ce sens, \"<em>F24 demande aux citoyens de retirer leur carte d\u2019e\u0301lecteur et de ne me\u0301nager aucun effort pour re\u0301clamer et obtenir une e\u0301lection pre\u0301sidentielle inclusive et since\u0300re, transparente et apaise\u0301e en fe\u0301vrier 2024. F24 invite les citoyens a\u0300 rester vigilants et mobilise\u0301s dans l\u2019unite\u0301 pour de\u0301fendre les acquis de\u0301mocratiques et pre\u0301server la paix et la cohe\u0301sion ethnico-religieuse dans notre cher pays<\/em>\".<\/div>\n<div><\/div>\n<div>F 24 a aussi, dans la foul\u00e9e, \u00e9voqu\u00e9 le cas de Fadilou Ke\u00eft\u00e9. \"<em>Il faut malheureusement constater que retours de parquet et de\u0301tentions pre\u0301ventives de longue dure\u0301e (Fadilou Keita 12 mois sans jugement) sont les formes privile\u0301gie\u0301es de la perse\u0301cution des voix dissidentes au Se\u0301ne\u0301gal depuis plusieurs mois. Trop, c\u2019est trop ! F24 exige la libe\u0301ration imme\u0301diate des prisonniers politiques et rappelle solennellement aux autorite\u0301s poli- tiques et judiciaires la ne\u0301cessite\u0301 de prendre les dispositions pour per- mettre a\u0300 tous les citoyens, encore dans les geo\u0302les en fe\u0301vrier 2024, d\u2019exercer leur droit inalie\u0301nable de participer au choix du futur pre\u0301sident de la Re\u0301publique, de voter comme tous les autres Se\u0301ne\u0301galais\"<\/em>, demande le mouvement.<\/div>\n<div>\n<div class=\"column\"><\/div>\n<\/div>\n<div class='share-to-whatsapp-wrapper'><div class='share-on-whsp'>PARTAGER SUR : <\/div><a data-text='EN COULISSES - Le F 24, la visite du PM \u00e0 Paris et l'affaire Sonko' data-link='https:\/\/www.nettali.com\/2023\/12\/13\/en-coulisses-le-f-24-la-visite-du-pm-a-paris-et-laffaire-sonko\/' class='whatsapp-button whatsapp-share'>WhatsApp<\/a><div class='clear '><\/div><\/div>","protected":false},"excerpt":{"rendered":"<p>NETTALI.COM - Restons sur le communiqu\u00e9 du F 24 pour dire que, sur un autre registre, le F24 a souligne\u0301 l\u2019indignation collective note\u0301e a\u0300 \"la suite des re\u0301ve\u0301lations faites dans plusieurs supports me\u0301diatiques a\u0300 l\u2019occasion du de\u0301placement du Premier ministre Amadou Ba\u0302 a\u0300 Paris. Au-dela\u0300 des de\u0301penses somptuaires dans un contexte de baisse drastique du [&hellip;]<\/p>\n","protected":false},"author":2,"featured_media":123345,"comment_status":"open","ping_status":"open","sticky":false,"template":"","format":"standard","meta":{"_et_pb_use_builder":"","_et_pb_old_content":""},"categories":[34945],"tags":[],"yoast_head":"<!-- This site is optimized with the Yoast SEO Premium plugin v17.8 (Yoast SEO v17.8) - https:\/\/yoast.com\/wordpress\/plugins\/seo\/ -->\n<title>EN COULISSES - Le F 24, la visite du PM \u00e0 Paris et l&#039;affaire Sonko | Nettali.com<\/title>\n<meta name=\"robots\" content=\"index, follow, max-snippet:-1, max-image-preview:large, max-video-preview:-1\" \/>\n<link rel=\"canonical\" href=\"https:\/\/www.nettali.com\/2023\/12\/13\/en-coulisses-le-f-24-la-visite-du-pm-a-paris-et-laffaire-sonko\/\" \/>\n<meta property=\"og:locale\" content=\"fr_FR\" \/>\n<meta property=\"og:type\" content=\"article\" \/>\n<meta property=\"og:title\" content=\"EN COULISSES - Le F 24, la visite du PM \u00e0 Paris et l&#039;affaire Sonko\" \/>\n<meta property=\"og:description\" content=\"NETTALI.COM - Restons sur le communiqu\u00e9 du F 24 pour dire que, sur un autre registre, le F24 a souligne\u0301 l\u2019indignation collective note\u0301e a\u0300 &quot;la suite des re\u0301ve\u0301lations faites dans plusieurs supports me\u0301diatiques a\u0300 l\u2019occasion du de\u0301placement du Premier ministre Amadou Ba\u0302 a\u0300 Paris. Au-dela\u0300 des de\u0301penses somptuaires dans un contexte de baisse drastique du [&hellip;]\" \/>\n<meta property=\"og:url\" content=\"https:\/\/www.nettali.com\/2023\/12\/13\/en-coulisses-le-f-24-la-visite-du-pm-a-paris-et-laffaire-sonko\/\" \/>\n<meta property=\"og:site_name\" content=\"Nettali.com\" \/>\n<meta property=\"article:publisher\" content=\"https:\/\/www.facebook.com\/nettalicom\" \/>\n<meta property=\"article:published_time\" content=\"2023-12-13T08:13:25+00:00\" \/>\n<meta property=\"og:image\" content=\"https:\/\/www.nettali.com\/wp-content\/uploads\/2023\/12\/Amadou-Ba-Matignon.jpeg\" \/>\n\t<meta property=\"og:image:width\" content=\"1021\" \/>\n\t<meta property=\"og:image:height\" content=\"508\" \/>\n<meta name=\"twitter:card\" content=\"summary_large_image\" \/>\n<meta name=\"twitter:label1\" content=\"\u00c9crit par\" \/>\n\t<meta name=\"twitter:data1\" content=\"CK\" \/>\n\t<meta name=\"twitter:label2\" content=\"Dur\u00e9e de lecture estim\u00e9e\" \/>\n\t<meta name=\"twitter:data2\" content=\"3 minutes\" \/>\n<script type=\"application\/ld+json\" class=\"yoast-schema-graph\">{\"@context\":\"https:\/\/schema.org\",\"@graph\":[{\"@type\":\"WebSite\",\"@id\":\"https:\/\/www.nettali.com\/#website\",\"url\":\"https:\/\/www.nettali.com\/\",\"name\":\"Nettali.com\",\"description\":\"Le rendez-vous critique du Net\",\"potentialAction\":[{\"@type\":\"SearchAction\",\"target\":{\"@type\":\"EntryPoint\",\"urlTemplate\":\"https:\/\/www.nettali.com\/?s={search_term_string}\"},\"query-input\":\"required name=search_term_string\"}],\"inLanguage\":\"fr-FR\"},{\"@type\":\"ImageObject\",\"@id\":\"https:\/\/www.nettali.com\/2023\/12\/13\/en-coulisses-le-f-24-la-visite-du-pm-a-paris-et-laffaire-sonko\/#primaryimage\",\"inLanguage\":\"fr-FR\",\"url\":\"https:\/\/www.nettali.com\/wp-content\/uploads\/2023\/12\/Amadou-Ba-Matignon.jpeg\",\"contentUrl\":\"https:\/\/www.nettali.com\/wp-content\/uploads\/2023\/12\/Amadou-Ba-Matignon.jpeg\",\"width\":1021,\"height\":508},{\"@type\":\"WebPage\",\"@id\":\"https:\/\/www.nettali.com\/2023\/12\/13\/en-coulisses-le-f-24-la-visite-du-pm-a-paris-et-laffaire-sonko\/#webpage\",\"url\":\"https:\/\/www.nettali.com\/2023\/12\/13\/en-coulisses-le-f-24-la-visite-du-pm-a-paris-et-laffaire-sonko\/\",\"name\":\"EN COULISSES - Le F 24, la visite du PM \\u00e0 Paris et l'affaire Sonko | Nettali.com\",\"isPartOf\":{\"@id\":\"https:\/\/www.nettali.com\/#website\"},\"primaryImageOfPage\":{\"@id\":\"https:\/\/www.nettali.com\/2023\/12\/13\/en-coulisses-le-f-24-la-visite-du-pm-a-paris-et-laffaire-sonko\/#primaryimage\"},\"datePublished\":\"2023-12-13T08:13:25+00:00\",\"dateModified\":\"2023-12-13T08:13:25+00:00\",\"author\":{\"@id\":\"https:\/\/www.nettali.com\/#\/schema\/person\/d8ac7b7e27ddad43f1c0d2ef090d7f71\"},\"breadcrumb\":{\"@id\":\"https:\/\/www.nettali.com\/2023\/12\/13\/en-coulisses-le-f-24-la-visite-du-pm-a-paris-et-laffaire-sonko\/#breadcrumb\"},\"inLanguage\":\"fr-FR\",\"potentialAction\":[{\"@type\":\"ReadAction\",\"target\":[\"https:\/\/www.nettali.com\/2023\/12\/13\/en-coulisses-le-f-24-la-visite-du-pm-a-paris-et-laffaire-sonko\/\"]}]},{\"@type\":\"BreadcrumbList\",\"@id\":\"https:\/\/www.nettali.com\/2023\/12\/13\/en-coulisses-le-f-24-la-visite-du-pm-a-paris-et-laffaire-sonko\/#breadcrumb\",\"itemListElement\":[{\"@type\":\"ListItem\",\"position\":1,\"name\":\"Accueil\",\"item\":\"https:\/\/www.nettali.com\/\"},{\"@type\":\"ListItem\",\"position\":2,\"name\":\"EN COULISSES - Le F 24, la visite du PM \\u00e0 Paris et l'affaire Sonko\"}]},{\"@type\":\"Person\",\"@id\":\"https:\/\/www.nettali.com\/#\/schema\/person\/d8ac7b7e27ddad43f1c0d2ef090d7f71\",\"name\":\"CK\",\"image\":{\"@type\":\"ImageObject\",\"@id\":\"https:\/\/www.nettali.com\/#personlogo\",\"inLanguage\":\"fr-FR\",\"url\":\"https:\/\/secure.gravatar.com\/avatar\/1d8d5118b9327d94da7cd4ce7f17fec2?s=96&d=mm&r=g\",\"contentUrl\":\"https:\/\/secure.gravatar.com\/avatar\/1d8d5118b9327d94da7cd4ce7f17fec2?s=96&d=mm&r=g\",\"caption\":\"CK\"},\"sameAs\":[\"https:\/\/www.nettali.com\"]}]}<\/script>\n<!-- \/ Yoast SEO Premium plugin. -->","yoast_head_json":{"title":"EN COULISSES - Le F 24, la visite du PM \u00e0 Paris et l'affaire Sonko | Nettali.com","robots":{"index":"index","follow":"follow","max-snippet":"max-snippet:-1","max-image-preview":"max-image-preview:large","max-video-preview":"max-video-preview:-1"},"canonical":"https:\/\/www.nettali.com\/2023\/12\/13\/en-coulisses-le-f-24-la-visite-du-pm-a-paris-et-laffaire-sonko\/","og_locale":"fr_FR","og_type":"article","og_title":"EN COULISSES - Le F 24, la visite du PM \u00e0 Paris et l'affaire Sonko","og_description":"NETTALI.COM - Restons sur le communiqu\u00e9 du F 24 pour dire que, sur un autre registre, le F24 a souligne\u0301 l\u2019indignation collective note\u0301e a\u0300 \"la suite des re\u0301ve\u0301lations faites dans plusieurs supports me\u0301diatiques a\u0300 l\u2019occasion du de\u0301placement du Premier ministre Amadou Ba\u0302 a\u0300 Paris. Au-dela\u0300 des de\u0301penses somptuaires dans un contexte de baisse drastique du [&hellip;]","og_url":"https:\/\/www.nettali.com\/2023\/12\/13\/en-coulisses-le-f-24-la-visite-du-pm-a-paris-et-laffaire-sonko\/","og_site_name":"Nettali.com","article_publisher":"https:\/\/www.facebook.com\/nettalicom","article_published_time":"2023-12-13T08:13:25+00:00","og_image":[{"width":1021,"height":508,"url":"https:\/\/www.nettali.com\/wp-content\/uploads\/2023\/12\/Amadou-Ba-Matignon.jpeg","type":"image\/jpeg"}],"twitter_card":"summary_large_image","twitter_misc":{"\u00c9crit par":"CK","Dur\u00e9e de lecture estim\u00e9e":"3 minutes"},"schema":{"@context":"https:\/\/schema.org","@graph":[{"@type":"WebSite","@id":"https:\/\/www.nettali.com\/#website","url":"https:\/\/www.nettali.com\/","name":"Nettali.com","description":"Le rendez-vous critique du Net","potentialAction":[{"@type":"SearchAction","target":{"@type":"EntryPoint","urlTemplate":"https:\/\/www.nettali.com\/?s={search_term_string}"},"query-input":"required name=search_term_string"}],"inLanguage":"fr-FR"},{"@type":"ImageObject","@id":"https:\/\/www.nettali.com\/2023\/12\/13\/en-coulisses-le-f-24-la-visite-du-pm-a-paris-et-laffaire-sonko\/#primaryimage","inLanguage":"fr-FR","url":"https:\/\/www.nettali.com\/wp-content\/uploads\/2023\/12\/Amadou-Ba-Matignon.jpeg","contentUrl":"https:\/\/www.nettali.com\/wp-content\/uploads\/2023\/12\/Amadou-Ba-Matignon.jpeg","width":1021,"height":508},{"@type":"WebPage","@id":"https:\/\/www.nettali.com\/2023\/12\/13\/en-coulisses-le-f-24-la-visite-du-pm-a-paris-et-laffaire-sonko\/#webpage","url":"https:\/\/www.nettali.com\/2023\/12\/13\/en-coulisses-le-f-24-la-visite-du-pm-a-paris-et-laffaire-sonko\/","name":"EN COULISSES - Le F 24, la visite du PM \u00e0 Paris et l'affaire Sonko | Nettali.com","isPartOf":{"@id":"https:\/\/www.nettali.com\/#website"},"primaryImageOfPage":{"@id":"https:\/\/www.nettali.com\/2023\/12\/13\/en-coulisses-le-f-24-la-visite-du-pm-a-paris-et-laffaire-sonko\/#primaryimage"},"datePublished":"2023-12-13T08:13:25+00:00","dateModified":"2023-12-13T08:13:25+00:00","author":{"@id":"https:\/\/www.nettali.com\/#\/schema\/person\/d8ac7b7e27ddad43f1c0d2ef090d7f71"},"breadcrumb":{"@id":"https:\/\/www.nettali.com\/2023\/12\/13\/en-coulisses-le-f-24-la-visite-du-pm-a-paris-et-laffaire-sonko\/#breadcrumb"},"inLanguage":"fr-FR","potentialAction":[{"@type":"ReadAction","target":["https:\/\/www.nettali.com\/2023\/12\/13\/en-coulisses-le-f-24-la-visite-du-pm-a-paris-et-laffaire-sonko\/"]}]},{"@type":"BreadcrumbList","@id":"https:\/\/www.nettali.com\/2023\/12\/13\/en-coulisses-le-f-24-la-visite-du-pm-a-paris-et-laffaire-sonko\/#breadcrumb","itemListElement":[{"@type":"ListItem","position":1,"name":"Accueil","item":"https:\/\/www.nettali.com\/"},{"@type":"ListItem","position":2,"name":"EN COULISSES - Le F 24, la visite du PM \u00e0 Paris et l'affaire Sonko"}]},{"@type":"Person","@id":"https:\/\/www.nettali.com\/#\/schema\/person\/d8ac7b7e27ddad43f1c0d2ef090d7f71","name":"CK","image":{"@type":"ImageObject","@id":"https:\/\/www.nettali.com\/#personlogo","inLanguage":"fr-FR","url":"https:\/\/secure.gravatar.com\/avatar\/1d8d5118b9327d94da7cd4ce7f17fec2?s=96&d=mm&r=g","contentUrl":"https:\/\/secure.gravatar.com\/avatar\/1d8d5118b9327d94da7cd4ce7f17fec2?s=96&d=mm&r=g","caption":"CK"},"sameAs":["https:\/\/www.nettali.com"]}]}},"_links":{"self":[{"href":"https:\/\/www.nettali.com\/rest\/wp\/v2\/posts\/123602"}],"collection":[{"href":"https:\/\/www.nettali.com\/rest\/wp\/v2\/posts"}],"about":[{"href":"https:\/\/www.nettali.com\/rest\/wp\/v2\/types\/post"}],"author":[{"embeddable":true,"href":"https:\/\/www.nettali.com\/rest\/wp\/v2\/users\/2"}],"replies":[{"embeddable":true,"href":"https:\/\/www.nettali.com\/rest\/wp\/v2\/comments?post=123602"}],"version-history":[{"count":1,"href":"https:\/\/www.nettali.com\/rest\/wp\/v2\/posts\/123602\/revisions"}],"predecessor-version":[{"id":123603,"href":"https:\/\/www.nettali.com\/rest\/wp\/v2\/posts\/123602\/revisions\/123603"}],"wp:featuredmedia":[{"embeddable":true,"href":"https:\/\/www.nettali.com\/rest\/wp\/v2\/media\/123345"}],"wp:attachment":[{"href":"https:\/\/www.nettali.com\/rest\/wp\/v2\/media?parent=123602"}],"wp:term":[{"taxonomy":"category","embeddable":true,"href":"https:\/\/www.nettali.com\/rest\/wp\/v2\/categories?post=123602"},{"taxonomy":"post_tag","embeddable":true,"href":"https:\/\/www.nettali.com\/rest\/wp\/v2\/tags?post=123602"}],"curies":[{"name":"wp","href":"https:\/\/api.w.org\/{rel}","templated":true}]}}