{"id":123534,"date":"2023-12-12T07:12:31","date_gmt":"2023-12-12T07:12:31","guid":{"rendered":"https:\/\/www.nettali.com\/?p=123534"},"modified":"2023-12-17T08:16:30","modified_gmt":"2023-12-17T08:16:30","slug":"ledito-de-nettali-com-politique-en-mode-boules-puantes","status":"publish","type":"post","link":"https:\/\/www.nettali.com\/2023\/12\/12\/ledito-de-nettali-com-politique-en-mode-boules-puantes\/","title":{"rendered":"L'EDITO DE NETTALI.COM - Politique, en mode boules puantes"},"content":{"rendered":"<p><strong>NETTALI.COM - Que quelques-uns de nos hommes politiques en soient r\u00e9duits \u00e0 prof\u00e9rer des accusations contre leurs rivaux politiques, il y a vraiment de quoi s\u2019interroger sur la tournure que prend l\u2019adversit\u00e9 \u00e0 la veille de la pr\u00e9sidentielle. Volont\u00e9 d\u2019\u00eatre au-devant de la sc\u00e8ne avec du buzz \u00e0 la clef ou sombre dessein de salir\u00a0 son adversaire ? Difficile de savoir, mais les accusations semblent si soudainement s\u2019encha\u00eener. Comme ces r\u00e9centes accusations qui visent Aly Ngouille Ndiaye et au-del\u00e0 son ex-mentor Macky Sall, apr\u00e8s celles dirig\u00e9es contre Ousmane Sonko et dont on n\u2019a d\u2019ailleurs pas fini de parler.<\/strong><\/p>\n<p>Dans le cas d\u2019Aly Ngouille Ndiaye, face \u00e0 la presse dimanche 10 d\u00e9cembre, Me Moussa Diop a accus\u00e9 Aly Ngouille Ndiaye, Macky Sall, Jean-Claude Mimran, Mamadou Diagna Ndiaye ainsi que d'autres personnalit\u00e9s d'\u00eatre impliqu\u00e9s dans un pr\u00e9sum\u00e9 deal autour d'une mine de diamant situ\u00e9e dans le Nord du pays. Il a brandi une lettre qui aurait \u00e9t\u00e9 sign\u00e9e par Aly Ngouille Ndiaye et destin\u00e9e \u00e0 Jean-Claude Mimran. L'ancien ministre de l'Int\u00e9rieur avait, dans un premier temps, activit\u00e9 sa cellule de communication pour un d\u00e9menti, mais a finalement opt\u00e9 pour une plainte pour diffamation.<\/p>\n<p>C'est l'avocat Me Daouda Ka qui s'est charg\u00e9 de d\u00e9poser une plainte pour diffamation contre Me Moussa Diop aupr\u00e8s du Tribunal de grande instance de Dakar. Candidat d\u00e9clar\u00e9 \u00e0 la pr\u00e9sidentielle de 2024, Aly Ngouille Ndiaye d\u00e9cide donc de donner une suite judiciaire aux accusations de l'ancien Directeur g\u00e9n\u00e9ral de Dakar Dem Dikk.<\/p>\n<p>De m\u00eame Ousmane Ciss\u00e9, le directeur ge\u0301ne\u0301ral de la Socie\u0301te\u0301 des mines du Se\u0301ne\u0301gal (Somisen) et ancien DG des Mines, Ousmane Cisse\u0301, a de\u0301clare\u0301 que, dans leur portefeuille, il ne figure pas une socie\u0301te\u0301 minie\u0300re qui exploite du diamant au Se\u0301ne\u0301gal. Quant au groupe Mimran, il a qualifi\u00e9 l'affaire de \"mine de mensonges bruts\"<\/p>\n<p>La suite, on la conna\u00eet. Me Moussa Diop est convoqu\u00e9 \u00e0 la S\u00fbret\u00e9 urbaine \u00e0 la demande du procureur de la R\u00e9publique et est plac\u00e9 en garde \u00e0 vue.<\/p>\n<p>Une affaire qui a d\u2019ailleurs \u00e9clips\u00e9 les accusations dirig\u00e9es contre l\u2019opposant le plus populaire du moment, Ousmane Sonko. Accusations selon lesquelles, ce dernier aurait accept\u00e9 plusieurs milliards de francs CFA de fonds occultes de Qataris des milieux p\u00e9troliers. Une accusation appuy\u00e9e par un d\u00e9put\u00e9 de la majorit\u00e9, Matar Diop..<\/p>\n<p>Fantasmes ou cabales \u00e0 la veille d\u2019\u00e9lections, le ph\u00e9nom\u00e8ne n\u2019est toutefois pas propres \u00e0 notre pays puisqu\u2019on l\u2019observe, dans le cadre de comp\u00e9titions \u00e9lectorales, sous d\u2019autres cieux et \u00e9tonnamment dans des pays consid\u00e9r\u00e9s comme les cr\u00e8mes de la d\u00e9mocratie. Ce n\u2019est d\u2019ailleurs pas un secret qu\u2019aux Etats-Unis, le camp d\u00e9mocrate a vu la main des Russes derri\u00e8re des manipulations li\u00e9es \u00e0 la pr\u00e9sidentielle, au b\u00e9n\u00e9fice de Donald Trump.<\/p>\n<p>De m\u00eame en France, la dette contract\u00e9e par Marine Le Pen\u00a0aupr\u00e8s de banque russe, ne pouvant pas trouver de banque partenaire pour financer\u00a0son parti,\u00a0s\u2019est invit\u00e9e au c\u0153ur de la campagne\u00a0pr\u00e9sidentielle au cours de laquelle Emmanuel\u00a0Macron a cherch\u00e9 \u00e0 accabler\u00a0la pr\u00e9sidente du Rassemblement national\u00a0sur le sujet, et \u00e9galement lors des d\u00e9bats les opposant.<\/p>\n<p>Mais toujours est-il\u00a0dans cette affaire d\u2019accusations version s\u00e9n\u00e9galaise,\u00a0l\u2019accusateur d\u2019Ousmane Sonko qui est d\u00e9put\u00e9 de la majorit\u00e9 au pouvoir,\u00a0n\u2019a pour le moment pas apport\u00e9 la preuve de ses all\u00e9gations\u00a0relatives \u00e0 des\u00a0propos tenus \u00e0 l\u2019Assembl\u00e9e nationale et r\u00e9it\u00e9r\u00e9s dans un entretien avec\u00a0le journal\u00a0l\u2019observateur.<\/p>\n<p>Ce qui laisse penser que pour le repr\u00e9sentant du peuple qu\u2019est Diop, l\u2019Assembl\u00e9e nationale devrait pouvoir mettre en place une commission d\u2019enqu\u00eate parlementaire\u00a0dans le but de tirer cette affaire au clair. De m\u00eame, le procureur de la\u00a0R\u00e9publique devrait pouvoir s\u2019autosaisir. L\u2019accus\u00e9 aussi, s\u2019il se sent diffam\u00e9,\u00a0a le loisir de porter plainte.<\/p>\n<p>Cheikh Y\u00e9rim Seck, tout comme Madiambal Diagne qui ont amplifi\u00e9 l\u2019affaire, suite \u00e0 l\u2019information du \"Canard Encha\u00een\u00e9\" et la sortie du d\u00e9put\u00e9 de la majorit\u00e9, Matar Diop, ont eux demand\u00e9 \u00e0 la soci\u00e9t\u00e9 civile de s\u2019emparer du dossier.L\u2019on ose juste esp\u00e9rer que le camp du pouvoir ne se soit pas lanc\u00e9 dans des accusations fallacieuses sur fond de revanche contre Ousmane Sonko.\u00a0Ou\u00a0qu\u2019il\u00a0ait juste envoy\u00e9 une boule puante infond\u00e9e dans une logique de semer le doute\u00a0dans l\u2019esprit de bon nombre de S\u00e9n\u00e9galais.<\/p>\n<p>Des accusations qui am\u00e8nent toutefois une partie de l\u2019opinion \u00e0 penser \u00e0 une cabale de plus contre l\u2019opposant le plus populaire de l\u2019heure qu\u2019est Ousmane Sonko, suite aux premi\u00e8res accusations de cabale contre le pouvoir en place, dans l\u2019affaire de viol opposant le leader de Pastef \u00e0 Adji Sarr.<\/p>\n<p>Une fois cela dit, au moment o\u00f9 des partisans d\u2019Ousmane\u00a0Sonko\u00a0et m\u00eame une partie de l\u2019opinion ruent\u00a0dans les brancards pour reprocher\u00a0\u00e0 certains\u00a0hommes de presse,\u00a0d\u2019avoir relay\u00e9\u00a0des accusations sans\u00a0toutefois\u00a0r\u00e9clamer des preuves, il y a \u00e0 se demander o\u00f9 \u00e9taient ceux-l\u00e0 lorsqu\u2019Ousmane\u00a0Sonko accusait \u00e0 tour de bras, les d\u00e9put\u00e9s\u00a0de l\u2019Assembl\u00e9e nationale\u00a0de ne pas payer d\u2019imp\u00f4t\u00a0;\u00a0Mamour Diallo dans l\u2019affaire des 94 milliards\u00a0; ou\u00a0confortait le reportage de BBC dans l\u2019affaire\u00a0Petrotim\u00a0;\u00a0ou encore affirmait d\u00e9tenir des preuves\u00a0que\u00a0Mame\u00a0Mbaye\u00a0Niang\u00a0a spoli\u00e9 les 29 milliards du\u00a0Prodac.<\/p>\n<p>L\u2019on sait la suite qui avait \u00e9t\u00e9 donn\u00e9e dans une plainte contre Ousmane Sonko et dans celles pr\u00e9cit\u00e9es.\u00a0 L\u2019on se rappelle en effet que le mouvement\u00a0Xeexal\u00a0S\u00e9n\u00e9gal, coordonn\u00e9 par l\u2019ex-commissaire\u00a0Keita,\u00a0avait\u00a0eu \u00e0 envoyer une lettre de d\u00e9nonciation\u00a0\u00e0 l\u2019Office National de lutte contre la Fraude et la Corruption (OFNAC)\u00a0contre\u00a0Ousmane Sonko, ancien inspecteur des Imp\u00f4ts et Domaines, et\u00a0Tahibou Ndiaye, ancien directeur du Cadastre visant l\u2019escroquerie fonci\u00e8re.\u00a0Le leader de\u00a0Pastef\u00a0avait \u00e9t\u00e9 lav\u00e9 de tout soup\u00e7on.<\/p>\n<p>De m\u00eame, par rapport \u00e0 la plainte d\u2019Ousmane\u00a0Sonko\u00a0devant le Doyen des juges avec constitution de partie civile dans l\u2019affaire des 94 milliards, les enqu\u00eates avaient \u00e9t\u00e9 diligent\u00e9es et Ousmane\u00a0Sonko\u00a0avait \u00e9t\u00e9 par la suite d\u00e9bout\u00e9 parce que n\u2019ayant pas int\u00e9r\u00eat \u00e0 agir, aux yeux de la\u00a0justice qui avait estim\u00e9 qu\u2019il n\u2019avait pas subi de pr\u00e9judice direct.<\/p>\n<p>Dans l\u2019affaire Petrotim aussi, le Procureur s\u2019\u00e9tait auto saisi et confi\u00e9 le dossier au Doyen des juges, feu Samba Sall. Apr\u00e8s enqu\u00eate, une ordonnance de non-lieu a \u00e9t\u00e9 d\u00e9cern\u00e9e. L\u2019affaire \u00a0a ainsi \u00e9t\u00e9 class\u00e9e.<\/p>\n<p>Dans ces affaires d\u2019accusations \u00e9galement, c\u2019est une\u00a0posture similaire que l\u2019on attend des institutions\u00a0\u00e9tatiques.<\/p>\n<p><strong>L'application des textes aurait r\u00e9gl\u00e9 les probl\u00e8mes<\/strong><\/p>\n<p>Une situation qui\u00a0donne d\u2019ailleurs \u00e0 r\u00e9fl\u00e9chir et qui pousse sans aucun doute \u00e0 s\u2019interroger sur la question de l\u2019application des textes relatifs au financement de nos partis politiques. L\u2019article 3 de cette loi dispose que\u00a0\u00ab\u00a0<em>chaque parti politique doit d\u00e9poser au plus tard le 31 janvier<\/em><em>\u00a0<\/em><em>de chaque ann\u00e9e<\/em><em>\u00a0<\/em><em>le compte financier de l\u2019exercice \u00e9coul\u00e9e\u00a0\u00bb.<\/em><em>\u00a0<\/em>Ce compte doit faire apparaitre que le parti politique ne b\u00e9n\u00e9ficie d\u2019autres ressources que\u00a0celles provenant des cotisations dons\u00a0et legs de ses adh\u00e9rents et sympathisants nationaux et des b\u00e9n\u00e9fices r\u00e9alis\u00e9s \u00e0 l\u2019occasion de manifestations. Tout manquement \u00e0 cette obligatoire peut entra\u00eener la dissolution du parti, pr\u00e9voit cette loi.<\/p>\n<p>Et une mani\u00e8re d\u2019approfondir\u00a0notre d\u00e9mocratie voire\u00a0de la parfaire\u00a0serait\u00a0enfin d\u2019appliquer les textes vot\u00e9s par des d\u00e9put\u00e9s pay\u00e9s aux frais du contribuables, dans le but de\u00a0rendre du coup plus transparent le jeu politique.<\/p>\n<p>Mais peut-on\u00a0vraiment\u00a0se pr\u00e9valoir de sa propre turpitude lorsqu\u2019on ne fait pas ce qu\u2019il faut pour appliquer des textes\u00a0de lois\u00a0sur la comptabilit\u00e9 des partis politiques, sur leur financement\u00a0?\u00a0 Que l\u2019on sache, ce r\u00f4le est d\u00e9volu au\u00a0minist\u00e8re de l\u2019int\u00e9rieur.<\/p>\n<p>De mani\u00e8re g\u00e9n\u00e9rale,\u00a0l\u2019on devrait\u00a0surtout songer \u00e0 plafonner les d\u00e9penses de campagne. Car difficile de rendre le jeu\u00a0d\u00e9mocratique\u00a0\u00e9quitable sans cela. Comme par exemple lorsque le parti au pouvoir utilise les moyens de l\u2019Etat\u00a0pour mener une campagne\u00a0? Ne prend-elle pas une avance sur les autres\u00a0?<\/p>\n<p>C\u2019est le m\u00eame ph\u00e9nom\u00e8ne d\u2019accusations qui s\u2019observent dans le cas d\u2019Amadou Ba, car au moment\u00a0o\u00f9 l\u2019on qualifie\u00a0Amadou\u00a0Ba de candidat-fonctionnaire milliardaire,\u00a0ses accusateurs ont-ils la preuve de\u00a0sa fortune suppos\u00e9e. En dehors de la symbolique de l\u2019ascenseur dans le salon qui circule sur les r\u00e9seaux sociaux ou ce domicile aux Almadies, l\u2019on peut arriver \u00e0 rendre le jeu politique plus transparent en appliquant la loi, au lieu de faire le choix des accusations dont on ne peut apporter les preuves sans verser dans la pol\u00e9mique. Qu\u2019a-t-on fait de la\u00a0d\u00e9claration de patrimoine\u00a0? Quelle est son utilit\u00e9\u00a0?<\/p>\n<p>Il ne s\u2019agit nullement de d\u00e9mentir les accusateurs d\u2019Amadou Ba, mais un contr\u00f4le strict et des enqu\u00eates s\u00e9rieuses sur les patrimoines des uns et des autres, auraient pu permettre d\u2019y voir plus clair au lieu de se lancer dans des fantasmes de milliards et autres.<\/p>\n<p>De la m\u00eame fa\u00e7on, l\u2019on pourrait \u00e9galement se poser des questions sur l\u2019origine des financements des autres candidats\u00a0qui b\u00e9n\u00e9ficient d\u2019escortes de voitures rutilantes,\u00a0compos\u00e9es de Ford\u00a0F\u00a0150 avec des moteurs V8 de 6 cylindres,\u00a0sur\u00a0ces flop\u00e9es de gardes du corps et ces caravanes form\u00e9es de l\u2019\u00e9quipe de campagne,\u00a0des militants et suiveurs qu\u2019il \u00a0faut entretenir en termes de\u00a0perdiems, de nourriture et d\u2019h\u00e9bergement. L\u2019on ne parle m\u00eame pas encore des d\u00e9penses de communication.<\/p>\n<p>C\u2019est en effet de notori\u00e9t\u00e9 publique que nos partis politiques ne sont pas les plus actifs en mati\u00e8re de cotisations,\u00a0\u00e0 l\u2019exception de quelques rares bien organis\u00e9s et motiv\u00e9s pour la conqu\u00eate du pouvoir. Cette culture des cotisations n\u2019est pas\u00a0\u00e0 la v\u00e9rit\u00e9\u00a0si solidement ancr\u00e9e dans notre soci\u00e9t\u00e9,\u00a0o\u00f9 l\u2019on attend plut\u00f4t du chef de parti qu\u2019il\u00a0trouve les moyens\u00a0ou\u00a0de\u00a0quelques m\u00e9c\u00e8nes pas si d\u00e9sint\u00e9ress\u00e9s que cela,\u00a0voire m\u00eame des lobbies pour combler les d\u00e9serts financiers.<\/p>\n<p>Qu\u2019on\u00a0ne s\u2019y trompe point, la\u00a0d\u00e9mocratie a besoin,\u00a0pour avancer,\u00a0de transparence et ceux qui pr\u00e9tendent au suffrage des S\u00e9n\u00e9galais, d\u2019\u00eatre\u00a0irr\u00e9prochables et\u00a0exemplaires pour ne pas se retrouver demain, une fois au pouvoir, \u00e0 renvoyer l\u2019ascenseur \u00e0 de\u00a0\u00ab\u00a0g\u00e9n\u00e9reux\u00a0\u00bb\u00a0donateurs ou des\u00a0lobbys.<\/p>\n<p>Une application stricte du financement des partis politiques, une d\u00e9claration de patrimoine \u00e9largie aux candidats \u00e0 la pr\u00e9sidentielle, une existence des partis politiques conditionn\u00e9e au r\u00e9sultat d\u2019\u00e9lections repr\u00e9sentatives, ainsi qu\u2019une avance contraignante de 50% du montant\u00a0de la\u00a0caution avant le retrait des fiches de parrainage, auraient davantage pu constituer un filtre plus efficace que le seul parrainage dont on a vu le c\u00f4t\u00e9 client\u00e9liste qui pousse \u00e0 toutes sortes d\u2019artifices.<\/p>\n<p>Ce qui prouve que cette affaire de caution en amont aurait pu \u00eatre bien efficaces, c\u2019est qu\u2019ils \u00e9taient bien nombreux sur la ligne de d\u00e9part des candidatures \u00e0 la pr\u00e9sidentielle. 260 voire plus. Mais\u00a0l\u2019on ne se bouscule\u00a0plus au moment du d\u00e9p\u00f4t des cautions au niveau de la caisse des d\u00e9p\u00f4ts et consignations.\u00a0Ce qui montre\u00a0\u00e0 quel point la caution peut \u00eatre un filtre contraignant. Tout cela ne nous livre qu\u2019un seul enseignement. Il y a\u00a0en r\u00e9alit\u00e9 beaucoup de rigolos\u00a0et de farfelus\u00a0au d\u00e9part de la course, mais aussi beaucoup qui cherchaient \u00e0 se faire de la pub \u00e0 moindre frais, sachant \u00e0 l\u2019avance qu\u2019ils ne r\u00e9ussiraient jamais \u00e0 rassembler le nombre de parrainages\u00a0et encore moins \u00e0 verser une caution.\u00a0Cela aurait \u00e9t\u00e9 bien dissuasif\u00a0pour\u00a0nous \u00e9pargner le tintamarre de tous ces farfelus et sans\u00a0envergure qui nous ont enquiquin\u00e9s avec leurs bavardages et litt\u00e9ratures inutiles.<\/p>\n<p>Qu\u2019on le veuille ou non, la politique est une affaire s\u00e9rieuse. Une affaire d\u2019\u00e9lite. Il ne s\u2019agit\u00a0pas\u00a0d\u00e8s\u00a0lors, sous pr\u00e9texte de libert\u00e9 des citoyens,\u00a0de\u00a0permettre \u00e0 n\u2019importe quel quidam de pr\u00e9tendre \u00e0 la participation \u00e0 la pr\u00e9sidentielle.<\/p>\n<p>La question que l\u2019on devrait raisonnablement se poser,\u00a0est de savoir quel est le destin d\u2019une d\u00e9mocratie o\u00f9 les textes ne sont pas appliqu\u00e9s. Tout cela est en r\u00e9alit\u00e9 r\u00e9v\u00e9lateur d\u2019une d\u00e9mocratie qui \u00e9volue en dents de scie, alors qu\u2019elle a \u00e9t\u00e9 jadis pr\u00e9sent\u00e9e partout comme une vitrine. Il n\u2019est sans doute pas trop tard pour la redresser, mais l\u2019on se doit de tout faire pour mettre au-devant de la sc\u00e8ne des candidats \u00e0 la pr\u00e9sidentielle vertueux pour pouvoir en choisir un de vertueux et d\u2019exemplaire, capable d\u2019impulser des politiques vertueuses. Mais nous devons nous \u00e9vertuer par-dessus tout \u00e0 b\u00e2tir des institutions plus solides que les hommes. C\u2019est cela qui est le gage d\u2019une d\u00e9mocratie s\u00fbre et qui \u00e9voluera dans un sens positif.<\/p>\n<div class='share-to-whatsapp-wrapper'><div class='share-on-whsp'>PARTAGER SUR : <\/div><a data-text='L'EDITO DE NETTALI.COM - Politique, en mode boules puantes' data-link='https:\/\/www.nettali.com\/2023\/12\/12\/ledito-de-nettali-com-politique-en-mode-boules-puantes\/' class='whatsapp-button whatsapp-share'>WhatsApp<\/a><div class='clear '><\/div><\/div>","protected":false},"excerpt":{"rendered":"<p>NETTALI.COM - Que quelques-uns de nos hommes politiques en soient r\u00e9duits \u00e0 prof\u00e9rer des accusations contre leurs rivaux politiques, il y a vraiment de quoi s\u2019interroger sur la tournure que prend l\u2019adversit\u00e9 \u00e0 la veille de la pr\u00e9sidentielle. Volont\u00e9 d\u2019\u00eatre au-devant de la sc\u00e8ne avec du buzz \u00e0 la clef ou sombre dessein de salir\u00a0 [&hellip;]<\/p>\n","protected":false},"author":2,"featured_media":123494,"comment_status":"open","ping_status":"open","sticky":false,"template":"","format":"standard","meta":{"_et_pb_use_builder":"","_et_pb_old_content":""},"categories":[34931],"tags":[],"yoast_head":"<!-- This site is optimized with the Yoast SEO Premium plugin v17.8 (Yoast SEO v17.8) - https:\/\/yoast.com\/wordpress\/plugins\/seo\/ -->\n<title>L&#039;EDITO DE NETTALI.COM - Politique, en mode boules puantes | Nettali.com<\/title>\n<meta name=\"robots\" content=\"index, follow, max-snippet:-1, max-image-preview:large, max-video-preview:-1\" \/>\n<link rel=\"canonical\" href=\"https:\/\/www.nettali.com\/2023\/12\/12\/ledito-de-nettali-com-politique-en-mode-boules-puantes\/\" \/>\n<meta property=\"og:locale\" content=\"fr_FR\" \/>\n<meta property=\"og:type\" content=\"article\" \/>\n<meta property=\"og:title\" content=\"L&#039;EDITO DE NETTALI.COM - Politique, en mode boules puantes\" \/>\n<meta property=\"og:description\" content=\"NETTALI.COM - Que quelques-uns de nos hommes politiques en soient r\u00e9duits \u00e0 prof\u00e9rer des accusations contre leurs rivaux politiques, il y a vraiment de quoi s\u2019interroger sur la tournure que prend l\u2019adversit\u00e9 \u00e0 la veille de la pr\u00e9sidentielle. Volont\u00e9 d\u2019\u00eatre au-devant de la sc\u00e8ne avec du buzz \u00e0 la clef ou sombre dessein de salir\u00a0 [&hellip;]\" \/>\n<meta property=\"og:url\" content=\"https:\/\/www.nettali.com\/2023\/12\/12\/ledito-de-nettali-com-politique-en-mode-boules-puantes\/\" \/>\n<meta property=\"og:site_name\" content=\"Nettali.com\" \/>\n<meta property=\"article:publisher\" content=\"https:\/\/www.facebook.com\/nettalicom\" \/>\n<meta property=\"article:published_time\" content=\"2023-12-12T07:12:31+00:00\" \/>\n<meta property=\"article:modified_time\" content=\"2023-12-17T08:16:30+00:00\" \/>\n<meta property=\"og:image\" content=\"https:\/\/www.nettali.com\/wp-content\/uploads\/2023\/12\/diop-sonko-sall-diallo-niang-ngouille-diop.jpg\" \/>\n\t<meta property=\"og:image:width\" content=\"1280\" \/>\n\t<meta property=\"og:image:height\" content=\"600\" \/>\n<meta name=\"twitter:card\" content=\"summary_large_image\" \/>\n<meta name=\"twitter:label1\" content=\"\u00c9crit par\" \/>\n\t<meta name=\"twitter:data1\" content=\"CK\" \/>\n\t<meta name=\"twitter:label2\" content=\"Dur\u00e9e de lecture estim\u00e9e\" \/>\n\t<meta name=\"twitter:data2\" content=\"11 minutes\" \/>\n<script type=\"application\/ld+json\" class=\"yoast-schema-graph\">{\"@context\":\"https:\/\/schema.org\",\"@graph\":[{\"@type\":\"WebSite\",\"@id\":\"https:\/\/www.nettali.com\/#website\",\"url\":\"https:\/\/www.nettali.com\/\",\"name\":\"Nettali.com\",\"description\":\"Le rendez-vous critique du Net\",\"potentialAction\":[{\"@type\":\"SearchAction\",\"target\":{\"@type\":\"EntryPoint\",\"urlTemplate\":\"https:\/\/www.nettali.com\/?s={search_term_string}\"},\"query-input\":\"required name=search_term_string\"}],\"inLanguage\":\"fr-FR\"},{\"@type\":\"ImageObject\",\"@id\":\"https:\/\/www.nettali.com\/2023\/12\/12\/ledito-de-nettali-com-politique-en-mode-boules-puantes\/#primaryimage\",\"inLanguage\":\"fr-FR\",\"url\":\"https:\/\/www.nettali.com\/wp-content\/uploads\/2023\/12\/diop-sonko-sall-diallo-niang-ngouille-diop.jpg\",\"contentUrl\":\"https:\/\/www.nettali.com\/wp-content\/uploads\/2023\/12\/diop-sonko-sall-diallo-niang-ngouille-diop.jpg\",\"width\":1280,\"height\":600},{\"@type\":\"WebPage\",\"@id\":\"https:\/\/www.nettali.com\/2023\/12\/12\/ledito-de-nettali-com-politique-en-mode-boules-puantes\/#webpage\",\"url\":\"https:\/\/www.nettali.com\/2023\/12\/12\/ledito-de-nettali-com-politique-en-mode-boules-puantes\/\",\"name\":\"L'EDITO DE NETTALI.COM - Politique, en mode boules puantes | Nettali.com\",\"isPartOf\":{\"@id\":\"https:\/\/www.nettali.com\/#website\"},\"primaryImageOfPage\":{\"@id\":\"https:\/\/www.nettali.com\/2023\/12\/12\/ledito-de-nettali-com-politique-en-mode-boules-puantes\/#primaryimage\"},\"datePublished\":\"2023-12-12T07:12:31+00:00\",\"dateModified\":\"2023-12-17T08:16:30+00:00\",\"author\":{\"@id\":\"https:\/\/www.nettali.com\/#\/schema\/person\/d8ac7b7e27ddad43f1c0d2ef090d7f71\"},\"breadcrumb\":{\"@id\":\"https:\/\/www.nettali.com\/2023\/12\/12\/ledito-de-nettali-com-politique-en-mode-boules-puantes\/#breadcrumb\"},\"inLanguage\":\"fr-FR\",\"potentialAction\":[{\"@type\":\"ReadAction\",\"target\":[\"https:\/\/www.nettali.com\/2023\/12\/12\/ledito-de-nettali-com-politique-en-mode-boules-puantes\/\"]}]},{\"@type\":\"BreadcrumbList\",\"@id\":\"https:\/\/www.nettali.com\/2023\/12\/12\/ledito-de-nettali-com-politique-en-mode-boules-puantes\/#breadcrumb\",\"itemListElement\":[{\"@type\":\"ListItem\",\"position\":1,\"name\":\"Accueil\",\"item\":\"https:\/\/www.nettali.com\/\"},{\"@type\":\"ListItem\",\"position\":2,\"name\":\"L'EDITO DE NETTALI.COM - Politique, en mode boules puantes\"}]},{\"@type\":\"Person\",\"@id\":\"https:\/\/www.nettali.com\/#\/schema\/person\/d8ac7b7e27ddad43f1c0d2ef090d7f71\",\"name\":\"CK\",\"image\":{\"@type\":\"ImageObject\",\"@id\":\"https:\/\/www.nettali.com\/#personlogo\",\"inLanguage\":\"fr-FR\",\"url\":\"https:\/\/secure.gravatar.com\/avatar\/1d8d5118b9327d94da7cd4ce7f17fec2?s=96&d=mm&r=g\",\"contentUrl\":\"https:\/\/secure.gravatar.com\/avatar\/1d8d5118b9327d94da7cd4ce7f17fec2?s=96&d=mm&r=g\",\"caption\":\"CK\"},\"sameAs\":[\"https:\/\/www.nettali.com\"]}]}<\/script>\n<!-- \/ Yoast SEO Premium plugin. -->","yoast_head_json":{"title":"L'EDITO DE NETTALI.COM - Politique, en mode boules puantes | Nettali.com","robots":{"index":"index","follow":"follow","max-snippet":"max-snippet:-1","max-image-preview":"max-image-preview:large","max-video-preview":"max-video-preview:-1"},"canonical":"https:\/\/www.nettali.com\/2023\/12\/12\/ledito-de-nettali-com-politique-en-mode-boules-puantes\/","og_locale":"fr_FR","og_type":"article","og_title":"L'EDITO DE NETTALI.COM - Politique, en mode boules puantes","og_description":"NETTALI.COM - Que quelques-uns de nos hommes politiques en soient r\u00e9duits \u00e0 prof\u00e9rer des accusations contre leurs rivaux politiques, il y a vraiment de quoi s\u2019interroger sur la tournure que prend l\u2019adversit\u00e9 \u00e0 la veille de la pr\u00e9sidentielle. Volont\u00e9 d\u2019\u00eatre au-devant de la sc\u00e8ne avec du buzz \u00e0 la clef ou sombre dessein de salir\u00a0 [&hellip;]","og_url":"https:\/\/www.nettali.com\/2023\/12\/12\/ledito-de-nettali-com-politique-en-mode-boules-puantes\/","og_site_name":"Nettali.com","article_publisher":"https:\/\/www.facebook.com\/nettalicom","article_published_time":"2023-12-12T07:12:31+00:00","article_modified_time":"2023-12-17T08:16:30+00:00","og_image":[{"width":1280,"height":600,"url":"https:\/\/www.nettali.com\/wp-content\/uploads\/2023\/12\/diop-sonko-sall-diallo-niang-ngouille-diop.jpg","type":"image\/jpeg"}],"twitter_card":"summary_large_image","twitter_misc":{"\u00c9crit par":"CK","Dur\u00e9e de lecture estim\u00e9e":"11 minutes"},"schema":{"@context":"https:\/\/schema.org","@graph":[{"@type":"WebSite","@id":"https:\/\/www.nettali.com\/#website","url":"https:\/\/www.nettali.com\/","name":"Nettali.com","description":"Le rendez-vous critique du Net","potentialAction":[{"@type":"SearchAction","target":{"@type":"EntryPoint","urlTemplate":"https:\/\/www.nettali.com\/?s={search_term_string}"},"query-input":"required name=search_term_string"}],"inLanguage":"fr-FR"},{"@type":"ImageObject","@id":"https:\/\/www.nettali.com\/2023\/12\/12\/ledito-de-nettali-com-politique-en-mode-boules-puantes\/#primaryimage","inLanguage":"fr-FR","url":"https:\/\/www.nettali.com\/wp-content\/uploads\/2023\/12\/diop-sonko-sall-diallo-niang-ngouille-diop.jpg","contentUrl":"https:\/\/www.nettali.com\/wp-content\/uploads\/2023\/12\/diop-sonko-sall-diallo-niang-ngouille-diop.jpg","width":1280,"height":600},{"@type":"WebPage","@id":"https:\/\/www.nettali.com\/2023\/12\/12\/ledito-de-nettali-com-politique-en-mode-boules-puantes\/#webpage","url":"https:\/\/www.nettali.com\/2023\/12\/12\/ledito-de-nettali-com-politique-en-mode-boules-puantes\/","name":"L'EDITO DE NETTALI.COM - Politique, en mode boules puantes | Nettali.com","isPartOf":{"@id":"https:\/\/www.nettali.com\/#website"},"primaryImageOfPage":{"@id":"https:\/\/www.nettali.com\/2023\/12\/12\/ledito-de-nettali-com-politique-en-mode-boules-puantes\/#primaryimage"},"datePublished":"2023-12-12T07:12:31+00:00","dateModified":"2023-12-17T08:16:30+00:00","author":{"@id":"https:\/\/www.nettali.com\/#\/schema\/person\/d8ac7b7e27ddad43f1c0d2ef090d7f71"},"breadcrumb":{"@id":"https:\/\/www.nettali.com\/2023\/12\/12\/ledito-de-nettali-com-politique-en-mode-boules-puantes\/#breadcrumb"},"inLanguage":"fr-FR","potentialAction":[{"@type":"ReadAction","target":["https:\/\/www.nettali.com\/2023\/12\/12\/ledito-de-nettali-com-politique-en-mode-boules-puantes\/"]}]},{"@type":"BreadcrumbList","@id":"https:\/\/www.nettali.com\/2023\/12\/12\/ledito-de-nettali-com-politique-en-mode-boules-puantes\/#breadcrumb","itemListElement":[{"@type":"ListItem","position":1,"name":"Accueil","item":"https:\/\/www.nettali.com\/"},{"@type":"ListItem","position":2,"name":"L'EDITO DE NETTALI.COM - Politique, en mode boules puantes"}]},{"@type":"Person","@id":"https:\/\/www.nettali.com\/#\/schema\/person\/d8ac7b7e27ddad43f1c0d2ef090d7f71","name":"CK","image":{"@type":"ImageObject","@id":"https:\/\/www.nettali.com\/#personlogo","inLanguage":"fr-FR","url":"https:\/\/secure.gravatar.com\/avatar\/1d8d5118b9327d94da7cd4ce7f17fec2?s=96&d=mm&r=g","contentUrl":"https:\/\/secure.gravatar.com\/avatar\/1d8d5118b9327d94da7cd4ce7f17fec2?s=96&d=mm&r=g","caption":"CK"},"sameAs":["https:\/\/www.nettali.com"]}]}},"_links":{"self":[{"href":"https:\/\/www.nettali.com\/rest\/wp\/v2\/posts\/123534"}],"collection":[{"href":"https:\/\/www.nettali.com\/rest\/wp\/v2\/posts"}],"about":[{"href":"https:\/\/www.nettali.com\/rest\/wp\/v2\/types\/post"}],"author":[{"embeddable":true,"href":"https:\/\/www.nettali.com\/rest\/wp\/v2\/users\/2"}],"replies":[{"embeddable":true,"href":"https:\/\/www.nettali.com\/rest\/wp\/v2\/comments?post=123534"}],"version-history":[{"count":2,"href":"https:\/\/www.nettali.com\/rest\/wp\/v2\/posts\/123534\/revisions"}],"predecessor-version":[{"id":123548,"href":"https:\/\/www.nettali.com\/rest\/wp\/v2\/posts\/123534\/revisions\/123548"}],"wp:featuredmedia":[{"embeddable":true,"href":"https:\/\/www.nettali.com\/rest\/wp\/v2\/media\/123494"}],"wp:attachment":[{"href":"https:\/\/www.nettali.com\/rest\/wp\/v2\/media?parent=123534"}],"wp:term":[{"taxonomy":"category","embeddable":true,"href":"https:\/\/www.nettali.com\/rest\/wp\/v2\/categories?post=123534"},{"taxonomy":"post_tag","embeddable":true,"href":"https:\/\/www.nettali.com\/rest\/wp\/v2\/tags?post=123534"}],"curies":[{"name":"wp","href":"https:\/\/api.w.org\/{rel}","templated":true}]}}