{"id":123465,"date":"2023-12-11T07:43:35","date_gmt":"2023-12-11T07:43:35","guid":{"rendered":"https:\/\/www.nettali.com\/?p=123465"},"modified":"2023-12-11T17:22:03","modified_gmt":"2023-12-11T17:22:03","slug":"accusation-contre-aly-ngouille-ndiaye-et-macky-sall-les-contre-verites-de-maitre-moussa-diop","status":"publish","type":"post","link":"https:\/\/www.nettali.com\/2023\/12\/11\/accusation-contre-aly-ngouille-ndiaye-et-macky-sall-les-contre-verites-de-maitre-moussa-diop\/","title":{"rendered":"SCANDALE PRESUME IMPLIQUANT ALY NGOUILLE NDIAYE ET MACKY SALL - Les accusations de Ma\u00eetre Moussa Diop d\u00e9mont\u00e9es"},"content":{"rendered":"<p><strong>NETTALI.COM -\u00a0 Apr\u00e8s les accusations de Me Moussa Diop sur un suppos\u00e9 scandale impliquant Aly Ngouille Ndiaye et Macky Sall sur un contrat d'exploitation de diamant octroy\u00e9 \u00e0 Jean-Claude Mimran, le Dr Ousmane Ciss\u00e9, Directeur des Mines et de la G\u00e9ologie de 2011 \u00e0 2019 lui a apport\u00e9 la r\u00e9plique. Il d\u00e9monte point par point les d\u00e9clarations de l'avocat qu'il consid\u00e8re comme des \"contre-v\u00e9rit\u00e9s\".<\/strong><\/p>\n<p>1- Le 1er d\u00e9cembre 2016, Monsieur Aly Ngouille Ndiaye \u00e9tait Ministre de l'industrie et des Mines. Donc il ne peut \u00eatre le Ministre de l'Energie et des Mines qui a sign\u00e9 la lettre lue par Ma\u00eetre Diop. Il faut rappeler que depuis 2013, l'appellation Minist\u00e8re de L'Energie et des Mines ne figurait plus dans la composition du gouvernement.<\/p>\n<p>2- Le Pr\u00e9sident Macky Sall ne d\u00e9livre pas de titres miniers de reconnaissance ou de recherche. Aussi, il n'en a jamais ordonn\u00e9 l'octroi \u00e0 quiconque.<\/p>\n<p>3- Le Pr\u00e9sident Macky Sall n'a pas sign\u00e9 la \"lettre\" du 8 f\u00e9vrier 2018 adress\u00e9e \u00e0 son \"cher collaborateur \". En effet, il a quitt\u00e9 Dakar le 7 f\u00e9vrier 2018, pour prendre part au 18\u00e8me Sommet du Comit\u00e9 permanent inter-Etats de lutte contre la s\u00e9cheresse dans le sahel (CILSS) qui s'est tenu le m\u00eame jour \u00e0 Niamey. Le 8 f\u00e9vrier, le Chef de l'Etat a quitt\u00e9 Niamey pour se rendre en Mauritanie o\u00f9 il a effectu\u00e9 une visite de travail.<\/p>\n<p>4- Le lundi 26 f\u00e9vrier 2018, le Pr\u00e9sident Macky Sall ne pouvait pas \u00eatre \u00e0 Paris car il \u00e9tait \u00e0 Dakar pour la visite officielle au S\u00e9n\u00e9gal du 28 f\u00e9vrier au 02 mars 2018 de S.E.M Recep Tayyip Erdogan, Pr\u00e9sident de la R\u00e9publique de Turquie.<\/p>\n<p>5- En Droit minier au S\u00e9n\u00e9gal, il n'existe pas une 'autorisation d'exploration'. Soit on d\u00e9tient une AUTORISATION DE PROSPECTION soit un PERMIS DE RECHERCHE. Ces deux titres miniers sont de nature diff\u00e9rente en droits et obligations et ne conf\u00e8rent pas des droits d'exploitation.<\/p>\n<p>6- la soci\u00e9t\u00e9 cit\u00e9e dans la \"lettre\" de Ma\u00eetre Diop est inconnue du registre des titres miniers du S\u00e9n\u00e9gal. Seules deux (02) soci\u00e9t\u00e9s mini\u00e8res d\u00e9tenaient des permis de recherche de Diamant. Il s'agit de 2SH \u00e0 Wassangara (2016) et de ICT \u00e0 Ylimalo (2018) \u00e0 Kedougou.<\/p>\n<p>7- Le Diamant \ud83d\udc8e n'est pas exploit\u00e9 au S\u00e9n\u00e9gal, particuli\u00e8rement dans la \"ZONE NORD\" o\u00f9 malheureusement il n'y a pas de roches diamantif\u00e8res.<\/p>\n<p>En politique, la V\u00e9rit\u00e9 est l'Ami, l'Honn\u00eatet\u00e9 est le Compagnon !<\/p>\n<p><strong>Dr Ousmane CISS\u00c9 <\/strong><br \/>\n<strong>DG SOMISEN S.A <\/strong><br \/>\n<strong>Directeur des Mines et de la G\u00e9ologie (2011-2019)<\/strong><\/p>\n<div class='share-to-whatsapp-wrapper'><div class='share-on-whsp'>PARTAGER SUR : <\/div><a data-text='SCANDALE PRESUME IMPLIQUANT ALY NGOUILLE NDIAYE ET MACKY SALL - Les accusations de Ma\u00eetre Moussa Diop d\u00e9mont\u00e9es' data-link='https:\/\/www.nettali.com\/2023\/12\/11\/accusation-contre-aly-ngouille-ndiaye-et-macky-sall-les-contre-verites-de-maitre-moussa-diop\/' class='whatsapp-button whatsapp-share'>WhatsApp<\/a><div class='clear '><\/div><\/div>","protected":false},"excerpt":{"rendered":"<p>NETTALI.COM -\u00a0 Apr\u00e8s les accusations de Me Moussa Diop sur un suppos\u00e9 scandale impliquant Aly Ngouille Ndiaye et Macky Sall sur un contrat d'exploitation de diamant octroy\u00e9 \u00e0 Jean-Claude Mimran, le Dr Ousmane Ciss\u00e9, Directeur des Mines et de la G\u00e9ologie de 2011 \u00e0 2019 lui a apport\u00e9 la r\u00e9plique. Il d\u00e9monte point par point [&hellip;]<\/p>\n","protected":false},"author":4,"featured_media":123469,"comment_status":"open","ping_status":"open","sticky":false,"template":"","format":"standard","meta":{"_et_pb_use_builder":"","_et_pb_old_content":""},"categories":[3],"tags":[],"yoast_head":"<!-- This site is optimized with the Yoast SEO Premium plugin v17.8 (Yoast SEO v17.8) - https:\/\/yoast.com\/wordpress\/plugins\/seo\/ -->\n<title>SCANDALE PRESUME IMPLIQUANT ALY NGOUILLE NDIAYE ET MACKY SALL - Les accusations de Ma\u00eetre Moussa Diop d\u00e9mont\u00e9es | Nettali.com<\/title>\n<meta name=\"robots\" content=\"index, follow, max-snippet:-1, max-image-preview:large, max-video-preview:-1\" \/>\n<link rel=\"canonical\" href=\"https:\/\/www.nettali.com\/2023\/12\/11\/accusation-contre-aly-ngouille-ndiaye-et-macky-sall-les-contre-verites-de-maitre-moussa-diop\/\" \/>\n<meta property=\"og:locale\" content=\"fr_FR\" \/>\n<meta property=\"og:type\" content=\"article\" \/>\n<meta property=\"og:title\" content=\"SCANDALE PRESUME IMPLIQUANT ALY NGOUILLE NDIAYE ET MACKY SALL - Les accusations de Ma\u00eetre Moussa Diop d\u00e9mont\u00e9es\" \/>\n<meta property=\"og:description\" content=\"NETTALI.COM -\u00a0 Apr\u00e8s les accusations de Me Moussa Diop sur un suppos\u00e9 scandale impliquant Aly Ngouille Ndiaye et Macky Sall sur un contrat d&#039;exploitation de diamant octroy\u00e9 \u00e0 Jean-Claude Mimran, le Dr Ousmane Ciss\u00e9, Directeur des Mines et de la G\u00e9ologie de 2011 \u00e0 2019 lui a apport\u00e9 la r\u00e9plique. Il d\u00e9monte point par point [&hellip;]\" \/>\n<meta property=\"og:url\" content=\"https:\/\/www.nettali.com\/2023\/12\/11\/accusation-contre-aly-ngouille-ndiaye-et-macky-sall-les-contre-verites-de-maitre-moussa-diop\/\" \/>\n<meta property=\"og:site_name\" content=\"Nettali.com\" \/>\n<meta property=\"article:publisher\" content=\"https:\/\/www.facebook.com\/nettalicom\" \/>\n<meta property=\"article:published_time\" content=\"2023-12-11T07:43:35+00:00\" \/>\n<meta property=\"article:modified_time\" content=\"2023-12-11T17:22:03+00:00\" \/>\n<meta property=\"og:image\" content=\"https:\/\/www.nettali.com\/wp-content\/uploads\/2023\/12\/Me-Moussa-Diop.jpeg\" \/>\n\t<meta property=\"og:image:width\" content=\"600\" \/>\n\t<meta property=\"og:image:height\" content=\"400\" \/>\n<meta name=\"twitter:card\" content=\"summary_large_image\" \/>\n<meta name=\"twitter:label1\" content=\"\u00c9crit par\" \/>\n\t<meta name=\"twitter:data1\" content=\"Daouda\" \/>\n\t<meta name=\"twitter:label2\" content=\"Dur\u00e9e de lecture estim\u00e9e\" \/>\n\t<meta name=\"twitter:data2\" content=\"3 minutes\" \/>\n<script type=\"application\/ld+json\" class=\"yoast-schema-graph\">{\"@context\":\"https:\/\/schema.org\",\"@graph\":[{\"@type\":\"WebSite\",\"@id\":\"https:\/\/www.nettali.com\/#website\",\"url\":\"https:\/\/www.nettali.com\/\",\"name\":\"Nettali.com\",\"description\":\"Le rendez-vous critique du Net\",\"potentialAction\":[{\"@type\":\"SearchAction\",\"target\":{\"@type\":\"EntryPoint\",\"urlTemplate\":\"https:\/\/www.nettali.com\/?s={search_term_string}\"},\"query-input\":\"required name=search_term_string\"}],\"inLanguage\":\"fr-FR\"},{\"@type\":\"ImageObject\",\"@id\":\"https:\/\/www.nettali.com\/2023\/12\/11\/accusation-contre-aly-ngouille-ndiaye-et-macky-sall-les-contre-verites-de-maitre-moussa-diop\/#primaryimage\",\"inLanguage\":\"fr-FR\",\"url\":\"https:\/\/www.nettali.com\/wp-content\/uploads\/2023\/12\/Me-Moussa-Diop.jpeg\",\"contentUrl\":\"https:\/\/www.nettali.com\/wp-content\/uploads\/2023\/12\/Me-Moussa-Diop.jpeg\",\"width\":600,\"height\":400},{\"@type\":\"WebPage\",\"@id\":\"https:\/\/www.nettali.com\/2023\/12\/11\/accusation-contre-aly-ngouille-ndiaye-et-macky-sall-les-contre-verites-de-maitre-moussa-diop\/#webpage\",\"url\":\"https:\/\/www.nettali.com\/2023\/12\/11\/accusation-contre-aly-ngouille-ndiaye-et-macky-sall-les-contre-verites-de-maitre-moussa-diop\/\",\"name\":\"SCANDALE PRESUME IMPLIQUANT ALY NGOUILLE NDIAYE ET MACKY SALL - Les accusations de Ma\\u00eetre Moussa Diop d\\u00e9mont\\u00e9es | Nettali.com\",\"isPartOf\":{\"@id\":\"https:\/\/www.nettali.com\/#website\"},\"primaryImageOfPage\":{\"@id\":\"https:\/\/www.nettali.com\/2023\/12\/11\/accusation-contre-aly-ngouille-ndiaye-et-macky-sall-les-contre-verites-de-maitre-moussa-diop\/#primaryimage\"},\"datePublished\":\"2023-12-11T07:43:35+00:00\",\"dateModified\":\"2023-12-11T17:22:03+00:00\",\"author\":{\"@id\":\"https:\/\/www.nettali.com\/#\/schema\/person\/3317e0bb3aa1da309fbf7b2780901bf4\"},\"breadcrumb\":{\"@id\":\"https:\/\/www.nettali.com\/2023\/12\/11\/accusation-contre-aly-ngouille-ndiaye-et-macky-sall-les-contre-verites-de-maitre-moussa-diop\/#breadcrumb\"},\"inLanguage\":\"fr-FR\",\"potentialAction\":[{\"@type\":\"ReadAction\",\"target\":[\"https:\/\/www.nettali.com\/2023\/12\/11\/accusation-contre-aly-ngouille-ndiaye-et-macky-sall-les-contre-verites-de-maitre-moussa-diop\/\"]}]},{\"@type\":\"BreadcrumbList\",\"@id\":\"https:\/\/www.nettali.com\/2023\/12\/11\/accusation-contre-aly-ngouille-ndiaye-et-macky-sall-les-contre-verites-de-maitre-moussa-diop\/#breadcrumb\",\"itemListElement\":[{\"@type\":\"ListItem\",\"position\":1,\"name\":\"Accueil\",\"item\":\"https:\/\/www.nettali.com\/\"},{\"@type\":\"ListItem\",\"position\":2,\"name\":\"SCANDALE PRESUME IMPLIQUANT ALY NGOUILLE NDIAYE ET MACKY SALL - Les accusations de Ma\\u00eetre Moussa Diop d\\u00e9mont\\u00e9es\"}]},{\"@type\":\"Person\",\"@id\":\"https:\/\/www.nettali.com\/#\/schema\/person\/3317e0bb3aa1da309fbf7b2780901bf4\",\"name\":\"Daouda\",\"image\":{\"@type\":\"ImageObject\",\"@id\":\"https:\/\/www.nettali.com\/#personlogo\",\"inLanguage\":\"fr-FR\",\"url\":\"https:\/\/secure.gravatar.com\/avatar\/8d143b5a49345098ddcfee1c49c2f47c?s=96&d=mm&r=g\",\"contentUrl\":\"https:\/\/secure.gravatar.com\/avatar\/8d143b5a49345098ddcfee1c49c2f47c?s=96&d=mm&r=g\",\"caption\":\"Daouda\"},\"sameAs\":[\"https:\/\/www.nettali.com\"]}]}<\/script>\n<!-- \/ Yoast SEO Premium plugin. -->","yoast_head_json":{"title":"SCANDALE PRESUME IMPLIQUANT ALY NGOUILLE NDIAYE ET MACKY SALL - Les accusations de Ma\u00eetre Moussa Diop d\u00e9mont\u00e9es | Nettali.com","robots":{"index":"index","follow":"follow","max-snippet":"max-snippet:-1","max-image-preview":"max-image-preview:large","max-video-preview":"max-video-preview:-1"},"canonical":"https:\/\/www.nettali.com\/2023\/12\/11\/accusation-contre-aly-ngouille-ndiaye-et-macky-sall-les-contre-verites-de-maitre-moussa-diop\/","og_locale":"fr_FR","og_type":"article","og_title":"SCANDALE PRESUME IMPLIQUANT ALY NGOUILLE NDIAYE ET MACKY SALL - Les accusations de Ma\u00eetre Moussa Diop d\u00e9mont\u00e9es","og_description":"NETTALI.COM -\u00a0 Apr\u00e8s les accusations de Me Moussa Diop sur un suppos\u00e9 scandale impliquant Aly Ngouille Ndiaye et Macky Sall sur un contrat d'exploitation de diamant octroy\u00e9 \u00e0 Jean-Claude Mimran, le Dr Ousmane Ciss\u00e9, Directeur des Mines et de la G\u00e9ologie de 2011 \u00e0 2019 lui a apport\u00e9 la r\u00e9plique. Il d\u00e9monte point par point [&hellip;]","og_url":"https:\/\/www.nettali.com\/2023\/12\/11\/accusation-contre-aly-ngouille-ndiaye-et-macky-sall-les-contre-verites-de-maitre-moussa-diop\/","og_site_name":"Nettali.com","article_publisher":"https:\/\/www.facebook.com\/nettalicom","article_published_time":"2023-12-11T07:43:35+00:00","article_modified_time":"2023-12-11T17:22:03+00:00","og_image":[{"width":600,"height":400,"url":"https:\/\/www.nettali.com\/wp-content\/uploads\/2023\/12\/Me-Moussa-Diop.jpeg","type":"image\/jpeg"}],"twitter_card":"summary_large_image","twitter_misc":{"\u00c9crit par":"Daouda","Dur\u00e9e de lecture estim\u00e9e":"3 minutes"},"schema":{"@context":"https:\/\/schema.org","@graph":[{"@type":"WebSite","@id":"https:\/\/www.nettali.com\/#website","url":"https:\/\/www.nettali.com\/","name":"Nettali.com","description":"Le rendez-vous critique du Net","potentialAction":[{"@type":"SearchAction","target":{"@type":"EntryPoint","urlTemplate":"https:\/\/www.nettali.com\/?s={search_term_string}"},"query-input":"required name=search_term_string"}],"inLanguage":"fr-FR"},{"@type":"ImageObject","@id":"https:\/\/www.nettali.com\/2023\/12\/11\/accusation-contre-aly-ngouille-ndiaye-et-macky-sall-les-contre-verites-de-maitre-moussa-diop\/#primaryimage","inLanguage":"fr-FR","url":"https:\/\/www.nettali.com\/wp-content\/uploads\/2023\/12\/Me-Moussa-Diop.jpeg","contentUrl":"https:\/\/www.nettali.com\/wp-content\/uploads\/2023\/12\/Me-Moussa-Diop.jpeg","width":600,"height":400},{"@type":"WebPage","@id":"https:\/\/www.nettali.com\/2023\/12\/11\/accusation-contre-aly-ngouille-ndiaye-et-macky-sall-les-contre-verites-de-maitre-moussa-diop\/#webpage","url":"https:\/\/www.nettali.com\/2023\/12\/11\/accusation-contre-aly-ngouille-ndiaye-et-macky-sall-les-contre-verites-de-maitre-moussa-diop\/","name":"SCANDALE PRESUME IMPLIQUANT ALY NGOUILLE NDIAYE ET MACKY SALL - Les accusations de Ma\u00eetre Moussa Diop d\u00e9mont\u00e9es | Nettali.com","isPartOf":{"@id":"https:\/\/www.nettali.com\/#website"},"primaryImageOfPage":{"@id":"https:\/\/www.nettali.com\/2023\/12\/11\/accusation-contre-aly-ngouille-ndiaye-et-macky-sall-les-contre-verites-de-maitre-moussa-diop\/#primaryimage"},"datePublished":"2023-12-11T07:43:35+00:00","dateModified":"2023-12-11T17:22:03+00:00","author":{"@id":"https:\/\/www.nettali.com\/#\/schema\/person\/3317e0bb3aa1da309fbf7b2780901bf4"},"breadcrumb":{"@id":"https:\/\/www.nettali.com\/2023\/12\/11\/accusation-contre-aly-ngouille-ndiaye-et-macky-sall-les-contre-verites-de-maitre-moussa-diop\/#breadcrumb"},"inLanguage":"fr-FR","potentialAction":[{"@type":"ReadAction","target":["https:\/\/www.nettali.com\/2023\/12\/11\/accusation-contre-aly-ngouille-ndiaye-et-macky-sall-les-contre-verites-de-maitre-moussa-diop\/"]}]},{"@type":"BreadcrumbList","@id":"https:\/\/www.nettali.com\/2023\/12\/11\/accusation-contre-aly-ngouille-ndiaye-et-macky-sall-les-contre-verites-de-maitre-moussa-diop\/#breadcrumb","itemListElement":[{"@type":"ListItem","position":1,"name":"Accueil","item":"https:\/\/www.nettali.com\/"},{"@type":"ListItem","position":2,"name":"SCANDALE PRESUME IMPLIQUANT ALY NGOUILLE NDIAYE ET MACKY SALL - Les accusations de Ma\u00eetre Moussa Diop d\u00e9mont\u00e9es"}]},{"@type":"Person","@id":"https:\/\/www.nettali.com\/#\/schema\/person\/3317e0bb3aa1da309fbf7b2780901bf4","name":"Daouda","image":{"@type":"ImageObject","@id":"https:\/\/www.nettali.com\/#personlogo","inLanguage":"fr-FR","url":"https:\/\/secure.gravatar.com\/avatar\/8d143b5a49345098ddcfee1c49c2f47c?s=96&d=mm&r=g","contentUrl":"https:\/\/secure.gravatar.com\/avatar\/8d143b5a49345098ddcfee1c49c2f47c?s=96&d=mm&r=g","caption":"Daouda"},"sameAs":["https:\/\/www.nettali.com"]}]}},"_links":{"self":[{"href":"https:\/\/www.nettali.com\/rest\/wp\/v2\/posts\/123465"}],"collection":[{"href":"https:\/\/www.nettali.com\/rest\/wp\/v2\/posts"}],"about":[{"href":"https:\/\/www.nettali.com\/rest\/wp\/v2\/types\/post"}],"author":[{"embeddable":true,"href":"https:\/\/www.nettali.com\/rest\/wp\/v2\/users\/4"}],"replies":[{"embeddable":true,"href":"https:\/\/www.nettali.com\/rest\/wp\/v2\/comments?post=123465"}],"version-history":[{"count":4,"href":"https:\/\/www.nettali.com\/rest\/wp\/v2\/posts\/123465\/revisions"}],"predecessor-version":[{"id":123480,"href":"https:\/\/www.nettali.com\/rest\/wp\/v2\/posts\/123465\/revisions\/123480"}],"wp:featuredmedia":[{"embeddable":true,"href":"https:\/\/www.nettali.com\/rest\/wp\/v2\/media\/123469"}],"wp:attachment":[{"href":"https:\/\/www.nettali.com\/rest\/wp\/v2\/media?parent=123465"}],"wp:term":[{"taxonomy":"category","embeddable":true,"href":"https:\/\/www.nettali.com\/rest\/wp\/v2\/categories?post=123465"},{"taxonomy":"post_tag","embeddable":true,"href":"https:\/\/www.nettali.com\/rest\/wp\/v2\/tags?post=123465"}],"curies":[{"name":"wp","href":"https:\/\/api.w.org\/{rel}","templated":true}]}}