{"id":123376,"date":"2023-12-09T08:39:19","date_gmt":"2023-12-09T08:39:19","guid":{"rendered":"https:\/\/www.nettali.com\/?p=123376"},"modified":"2023-12-09T08:39:19","modified_gmt":"2023-12-09T08:39:19","slug":"la-sierra-leone-et-la-guinee-bissau-inquietent-la-cedeao","status":"publish","type":"post","link":"https:\/\/www.nettali.com\/2023\/12\/09\/la-sierra-leone-et-la-guinee-bissau-inquietent-la-cedeao\/","title":{"rendered":"La Sierra Le\u0301one et la Guine\u0301e Bissau inquie\u0300tent la Cedeao"},"content":{"rendered":"<div class=\"page\" title=\"Page 5\">\n<div class=\"layoutArea\">\n<div class=\"column\">\n<p><strong>NETTALI.COM - La situation politique et se\u0301curitaire de la re\u0301gion a e\u0301te\u0301 passe\u0301e au crible lors de la 5e\u0300me Session du Conseil de Me\u0301diation et de se\u0301curite\u0301 de la Cedeao (CMS-Cedeao) par les ministres des Affaires e\u0301trange\u0300res de l\u2019organisation. Les re\u0301cents e\u0301ve\u0301nements en Sierra Le\u0301one et en Guine\u0301e Bissau ont particulie\u0300rement retenu l\u2019attention.<\/strong><\/p>\n<p>La situation politique et se\u0301curitaire de la re\u0301gion e\u0301tait au menu de la 5e\u0300me Session du Conseil de Me\u0301diation et de se\u0301curite\u0301 de la Communaute\u0301 e\u0301conomique des E\u0301tat de l\u2019Afrique de l\u2019ouest (Cedeao) qui s\u2019est tenue le mercredi 6 de\u0301cembre, a\u0300 Abuja. Il a e\u0301te\u0301 notamment question des re\u0301cents de\u0301veloppements politiques et se\u0301curitaires en Sierra Le\u0301one et en Guine\u0301e Bissau, du suivi des transitions politiques au Burkina, au Mali, en Guine\u0301e et du processus e\u0301lectoral au Ghana et au Se\u0301ne\u0301gal en particulier.<\/p>\n<p>Pre\u0301side\u0301s par Yusuf Maitama Tuggar, Ministre des Affaires e\u0301trange\u0300res de la Re\u0301publique Fe\u0301de\u0301rale du Nige\u0301ria, les travaux de la rencontre ont ainsi porte\u0301 sur les re\u0301cents de\u0301ve- loppements aux niveaux politique et se\u0301curitaire dans les E\u0301tats de la re\u0301gion (Sierra Le\u0301one, Guine\u0301e Bissau Niger, Mali, Burkina Faso, Re\u0301publique de Guine\u0301e), sur la situation humanitaire et le dispositif re\u0301gional d\u2019alerte pre\u0301- coce pour la se\u0301curite\u0301 humaine.<\/p>\n<p>Sur le plan se\u0301curitaire, le cas de la Sierra Le\u0301one, ou\u0300 il y a eu, selon le gouvernement de ce pays, une tenta- tive de coup d\u2019E\u0301tat le 26 novembre 2023, a particulie\u0300rement retenu l\u2019at- tention du Conseil qui a pre\u0301conise\u0301<\/p>\n<\/div>\n<div class=\"column\">\n<p>l\u2019envoi d\u2019une mission de stabilisation de la Cedeao, a\u0300 l\u2019image de celles en cours Gambie et en Guine\u0301e Bissau. Pour ce qui est des e\u0301ve\u0301nements qui se sont de\u0301roule\u0301s en Guine\u0301e Bissau, le 1er de\u0301cembre 2023, et en vue de soutenir le processus de stabilisa- tion, le Conseil a pre\u0301vu le de\u0301ploie- ment d\u2019une mission de haut niveau dans le pays, en vue d\u2019e\u0301changer avec le Pre\u0301sident de la Re\u0301publique et les acteurs cle\u0301s sur le re\u0301tablissement de l\u2019Assemble\u0301e nationale du Peuple.<\/p>\n<p>Concernant la lutte contre le terrorisme, la Commission a informe\u0301 du de\u0301gel du fonds re\u0301gional de se\u0301curite\u0301 et de la reprise des activite\u0301s de forma-<\/p>\n<\/div>\n<div class=\"column\">\n<p>tion dans le cadre du Plan d\u2019Action 2020-2024. Le Conseil a re\u0301ite\u0301re\u0301 sa demande a\u0300 la Commission de redou- bler d\u2019effort en vue d\u2019activer la Force en attente de la Cedeao, conforme\u0301- ment aux instructions de la Confe\u0301rence.<\/p>\n<p>Pour ce qui est de la se\u0301curite\u0301 et de la surete\u0301 maritime, il a e\u0301te\u0301 releve\u0301 une tendance a\u0300 la baisse de la piraterie et des braquages dans le Golfe de Guine\u0301e, ce dont le Conseil s\u2019est fe\u0301licite\u0301 en exhortant les E\u0301tats membres a\u0300 accroi\u0302tre le financement des ope\u0301rations et exercices maritimes conjoints dans la re\u0301gion. La mise en place du dispositif re\u0301gional de l\u2019alerte pre\u0301coce suit son cours avec l\u2019effectivite\u0301 des Centres au niveau de neuf pays.<\/p>\n<\/div>\n<div class=\"column\">\n<p>En ce qui concerne le Se\u0301ne\u0301gal, le processus suit son cours. La question de l\u2019ancrage institutionnel a e\u0301te\u0301 re\u0301gle\u0301e, dit-on, avec l\u2019instruction don- ne\u0301e par le Chef de l\u2019E\u0301tat de loger la structure nationale au niveau de la primature en rapport avec les Ministe\u0300res concerne\u0301s.<\/p>\n<p><strong>Patrice Talon mandate\u0301 pour renouer le dialogue avec les autorite\u0301s malienne, burkinabe\u0301 et guine\u0301enne<\/strong><\/p>\n<p>Sur la situation au Niger, le Conseil a fortement de\u0301nonce\u0301 la situation du Pre\u0301sident Mohammed Bazoum. Il a recommande\u0301 la mise en place d\u2019un Comite\u0301 de Chefs d\u2019E\u0301tat pour dialoguer avec le Comite\u0301 national pour le salut du peuple (CNSP) et les autres parties prenantes nige\u0301riennes en vue d\u2019e\u0301laborer une feuille de route pour une transition de courte dure\u0301e. \"<em>Jusqu\u2019a\u0300 l\u2019aboutissement desdites ne\u0301gociations, les sanctions devraient e\u0302tre maintenues ainsi que l\u2019option militaire, pre\u0301conise le Conseil<\/em>\", indique le communique\u0301 qui a sanctionne\u0301 la rencontre.<\/p>\n<p>Toutefois, pre\u0301cise la me\u0302me source, \"<em>le Conseil informe que des mesures seront prises pour de\u0301bloquer l\u2019acheminement de l\u2019aide humanitaire au Niger prioritairement. A l\u2019endroit des E\u0301tats soumis a\u0300 des sanctions, il sera examine\u0301 un syste\u0300me de de\u0301rogation pour les transactions et activite\u0301s humanitaires critiques. Le Conseil a aussi recommande\u0301 la de\u0301signation d\u2019un Envoye\u0301 spe\u0301cial sur la situation humanitaire dans la re\u0301gion avec un mandat clair. Il s\u2019agirait, en re\u0301sume\u0301, d\u2019une main tendue de la Cedeao aux re\u0301gimes de transition mais, pour l\u2019instant, les sanctions seraient maintenues, comme recommande\u0301 notamment par la re\u0301union des Chefs des services de renseignement qui s\u2019est tenue a\u0300 Abuja, le 4 de\u0301cembre 2023<\/em>\".<\/p>\n<\/div>\n<div class=\"column\">\n<p>En effet, le Conseil manifeste sa pre\u0301occupation par rapport a\u0300 la remise en question par les autorite\u0301s malienne, burkinabe\u0301 et guine\u0301enne des chronogrammes des processus de transition convenus avec la Cedeao.<\/p>\n<p>Ainsi, face a\u0300 la main tendue aux juntes militaires, il est recommande\u0301 d\u2019envoyer des missions dans ces trois pays, sous le leadership du Pre\u0301sident Patrice Talon, du Be\u0301nin, afin de renouer le fil du dialogue pour une reprise des chronogrammes de transition.<\/p>\n<p><strong>Remplacement des membres de la Cena : Madior Fall parle d\u2019un acte le\u0301gal <\/strong><\/p>\n<p>L\u2019autre point important qui a e\u0301te\u0301 de\u0301battu est relatif aux e\u0301lections qui se sont de\u0301roule\u0301es dans les diffe\u0301rents pays de la re\u0301gion (en Co\u0302te d\u2019Ivoire, au Nige\u0301ria, en Sierra Le\u0301one et au Libe\u0301ria), et celles a\u0300 venir (Ghana, Se\u0301ne\u0301gal). Pre\u0301sent a\u0300 cette re\u0301union, le Pr Ismae\u0308la Madior Fall a apporte\u0301 quelques re\u0301ponses relativement au remplacement des membres de la Commission nationale e\u0301lectorale (Cena) qu\u2019une partie de l\u2019opposition se\u0301ne\u0301galaise avait de\u0301nonce\u0301.<\/p>\n<p>\"<em>Le Ministre de Affaires e\u0301trange\u0300res a rappele\u0301 qu\u2019il s\u2019agissait d\u2019un acte le\u0301gal et ne violait aucune disposition communautaire, pris par l\u2019Autorite\u0301 compe\u0301tente, le mandat desdits membres ayant expire\u0301. Par ailleurs, le Pr Fall a rassure\u0301 le Comite\u0301 sur le bon de\u0301roulement du processus e\u0301lectoral et de la tenue de l\u2019e\u0301lection a\u0300 la date fixe\u0301e. D\u2019ailleurs, leur a-t-il signifie\u0301, une mission d\u2019information pre\u0301e\u0301lectorale s\u2019est de\u0301roule\u0301e fin novembre 2023 au Se\u0301ne\u0301gal et a pu faire le constat du de\u0301roulement normal du processus dans sa phase actuelle de collecte des parrainages par les diffe\u0301rentes parties concerne\u0301es<\/em>\", renseigne le document.<\/p>\n<\/div>\n<\/div>\n<\/div>\n<div class='share-to-whatsapp-wrapper'><div class='share-on-whsp'>PARTAGER SUR : <\/div><a data-text='La Sierra Le\u0301one et la Guine\u0301e Bissau inquie\u0300tent la Cedeao' data-link='https:\/\/www.nettali.com\/2023\/12\/09\/la-sierra-leone-et-la-guinee-bissau-inquietent-la-cedeao\/' class='whatsapp-button whatsapp-share'>WhatsApp<\/a><div class='clear '><\/div><\/div>","protected":false},"excerpt":{"rendered":"<p>NETTALI.COM - La situation politique et se\u0301curitaire de la re\u0301gion a e\u0301te\u0301 passe\u0301e au crible lors de la 5e\u0300me Session du Conseil de Me\u0301diation et de se\u0301curite\u0301 de la Cedeao (CMS-Cedeao) par les ministres des Affaires e\u0301trange\u0300res de l\u2019organisation. Les re\u0301cents e\u0301ve\u0301nements en Sierra Le\u0301one et en Guine\u0301e Bissau ont particulie\u0300rement retenu l\u2019attention. La situation [&hellip;]<\/p>\n","protected":false},"author":2,"featured_media":123378,"comment_status":"open","ping_status":"open","sticky":false,"template":"","format":"standard","meta":{"_et_pb_use_builder":"","_et_pb_old_content":""},"categories":[8],"tags":[],"yoast_head":"<!-- This site is optimized with the Yoast SEO Premium plugin v17.8 (Yoast SEO v17.8) - https:\/\/yoast.com\/wordpress\/plugins\/seo\/ -->\n<title>La Sierra Le\u0301one et la Guine\u0301e Bissau inquie\u0300tent la Cedeao | Nettali.com<\/title>\n<meta name=\"robots\" content=\"index, follow, max-snippet:-1, max-image-preview:large, max-video-preview:-1\" \/>\n<link rel=\"canonical\" href=\"https:\/\/www.nettali.com\/2023\/12\/09\/la-sierra-leone-et-la-guinee-bissau-inquietent-la-cedeao\/\" \/>\n<meta property=\"og:locale\" content=\"fr_FR\" \/>\n<meta property=\"og:type\" content=\"article\" \/>\n<meta property=\"og:title\" content=\"La Sierra Le\u0301one et la Guine\u0301e Bissau inquie\u0300tent la Cedeao\" \/>\n<meta property=\"og:description\" content=\"NETTALI.COM - La situation politique et se\u0301curitaire de la re\u0301gion a e\u0301te\u0301 passe\u0301e au crible lors de la 5e\u0300me Session du Conseil de Me\u0301diation et de se\u0301curite\u0301 de la Cedeao (CMS-Cedeao) par les ministres des Affaires e\u0301trange\u0300res de l\u2019organisation. Les re\u0301cents e\u0301ve\u0301nements en Sierra Le\u0301one et en Guine\u0301e Bissau ont particulie\u0300rement retenu l\u2019attention. La situation [&hellip;]\" \/>\n<meta property=\"og:url\" content=\"https:\/\/www.nettali.com\/2023\/12\/09\/la-sierra-leone-et-la-guinee-bissau-inquietent-la-cedeao\/\" \/>\n<meta property=\"og:site_name\" content=\"Nettali.com\" \/>\n<meta property=\"article:publisher\" content=\"https:\/\/www.facebook.com\/nettalicom\" \/>\n<meta property=\"article:published_time\" content=\"2023-12-09T08:39:19+00:00\" \/>\n<meta property=\"og:image\" content=\"https:\/\/www.nettali.com\/wp-content\/uploads\/2023\/12\/une-vue-des-participants-8.jpg\" \/>\n\t<meta property=\"og:image:width\" content=\"1500\" \/>\n\t<meta property=\"og:image:height\" content=\"1000\" \/>\n<meta name=\"twitter:card\" content=\"summary_large_image\" \/>\n<meta name=\"twitter:label1\" content=\"\u00c9crit par\" \/>\n\t<meta name=\"twitter:data1\" content=\"CK\" \/>\n\t<meta name=\"twitter:label2\" content=\"Dur\u00e9e de lecture estim\u00e9e\" \/>\n\t<meta name=\"twitter:data2\" content=\"5 minutes\" \/>\n<script type=\"application\/ld+json\" class=\"yoast-schema-graph\">{\"@context\":\"https:\/\/schema.org\",\"@graph\":[{\"@type\":\"WebSite\",\"@id\":\"https:\/\/www.nettali.com\/#website\",\"url\":\"https:\/\/www.nettali.com\/\",\"name\":\"Nettali.com\",\"description\":\"Le rendez-vous critique du Net\",\"potentialAction\":[{\"@type\":\"SearchAction\",\"target\":{\"@type\":\"EntryPoint\",\"urlTemplate\":\"https:\/\/www.nettali.com\/?s={search_term_string}\"},\"query-input\":\"required name=search_term_string\"}],\"inLanguage\":\"fr-FR\"},{\"@type\":\"ImageObject\",\"@id\":\"https:\/\/www.nettali.com\/2023\/12\/09\/la-sierra-leone-et-la-guinee-bissau-inquietent-la-cedeao\/#primaryimage\",\"inLanguage\":\"fr-FR\",\"url\":\"https:\/\/www.nettali.com\/wp-content\/uploads\/2023\/12\/une-vue-des-participants-8.jpg\",\"contentUrl\":\"https:\/\/www.nettali.com\/wp-content\/uploads\/2023\/12\/une-vue-des-participants-8.jpg\",\"width\":1500,\"height\":1000},{\"@type\":\"WebPage\",\"@id\":\"https:\/\/www.nettali.com\/2023\/12\/09\/la-sierra-leone-et-la-guinee-bissau-inquietent-la-cedeao\/#webpage\",\"url\":\"https:\/\/www.nettali.com\/2023\/12\/09\/la-sierra-leone-et-la-guinee-bissau-inquietent-la-cedeao\/\",\"name\":\"La Sierra Le\\u0301one et la Guine\\u0301e Bissau inquie\\u0300tent la Cedeao | Nettali.com\",\"isPartOf\":{\"@id\":\"https:\/\/www.nettali.com\/#website\"},\"primaryImageOfPage\":{\"@id\":\"https:\/\/www.nettali.com\/2023\/12\/09\/la-sierra-leone-et-la-guinee-bissau-inquietent-la-cedeao\/#primaryimage\"},\"datePublished\":\"2023-12-09T08:39:19+00:00\",\"dateModified\":\"2023-12-09T08:39:19+00:00\",\"author\":{\"@id\":\"https:\/\/www.nettali.com\/#\/schema\/person\/d8ac7b7e27ddad43f1c0d2ef090d7f71\"},\"breadcrumb\":{\"@id\":\"https:\/\/www.nettali.com\/2023\/12\/09\/la-sierra-leone-et-la-guinee-bissau-inquietent-la-cedeao\/#breadcrumb\"},\"inLanguage\":\"fr-FR\",\"potentialAction\":[{\"@type\":\"ReadAction\",\"target\":[\"https:\/\/www.nettali.com\/2023\/12\/09\/la-sierra-leone-et-la-guinee-bissau-inquietent-la-cedeao\/\"]}]},{\"@type\":\"BreadcrumbList\",\"@id\":\"https:\/\/www.nettali.com\/2023\/12\/09\/la-sierra-leone-et-la-guinee-bissau-inquietent-la-cedeao\/#breadcrumb\",\"itemListElement\":[{\"@type\":\"ListItem\",\"position\":1,\"name\":\"Accueil\",\"item\":\"https:\/\/www.nettali.com\/\"},{\"@type\":\"ListItem\",\"position\":2,\"name\":\"La Sierra Le\\u0301one et la Guine\\u0301e Bissau inquie\\u0300tent la Cedeao\"}]},{\"@type\":\"Person\",\"@id\":\"https:\/\/www.nettali.com\/#\/schema\/person\/d8ac7b7e27ddad43f1c0d2ef090d7f71\",\"name\":\"CK\",\"image\":{\"@type\":\"ImageObject\",\"@id\":\"https:\/\/www.nettali.com\/#personlogo\",\"inLanguage\":\"fr-FR\",\"url\":\"https:\/\/secure.gravatar.com\/avatar\/1d8d5118b9327d94da7cd4ce7f17fec2?s=96&d=mm&r=g\",\"contentUrl\":\"https:\/\/secure.gravatar.com\/avatar\/1d8d5118b9327d94da7cd4ce7f17fec2?s=96&d=mm&r=g\",\"caption\":\"CK\"},\"sameAs\":[\"https:\/\/www.nettali.com\"]}]}<\/script>\n<!-- \/ Yoast SEO Premium plugin. -->","yoast_head_json":{"title":"La Sierra Le\u0301one et la Guine\u0301e Bissau inquie\u0300tent la Cedeao | Nettali.com","robots":{"index":"index","follow":"follow","max-snippet":"max-snippet:-1","max-image-preview":"max-image-preview:large","max-video-preview":"max-video-preview:-1"},"canonical":"https:\/\/www.nettali.com\/2023\/12\/09\/la-sierra-leone-et-la-guinee-bissau-inquietent-la-cedeao\/","og_locale":"fr_FR","og_type":"article","og_title":"La Sierra Le\u0301one et la Guine\u0301e Bissau inquie\u0300tent la Cedeao","og_description":"NETTALI.COM - La situation politique et se\u0301curitaire de la re\u0301gion a e\u0301te\u0301 passe\u0301e au crible lors de la 5e\u0300me Session du Conseil de Me\u0301diation et de se\u0301curite\u0301 de la Cedeao (CMS-Cedeao) par les ministres des Affaires e\u0301trange\u0300res de l\u2019organisation. Les re\u0301cents e\u0301ve\u0301nements en Sierra Le\u0301one et en Guine\u0301e Bissau ont particulie\u0300rement retenu l\u2019attention. La situation [&hellip;]","og_url":"https:\/\/www.nettali.com\/2023\/12\/09\/la-sierra-leone-et-la-guinee-bissau-inquietent-la-cedeao\/","og_site_name":"Nettali.com","article_publisher":"https:\/\/www.facebook.com\/nettalicom","article_published_time":"2023-12-09T08:39:19+00:00","og_image":[{"width":1500,"height":1000,"url":"https:\/\/www.nettali.com\/wp-content\/uploads\/2023\/12\/une-vue-des-participants-8.jpg","type":"image\/jpeg"}],"twitter_card":"summary_large_image","twitter_misc":{"\u00c9crit par":"CK","Dur\u00e9e de lecture estim\u00e9e":"5 minutes"},"schema":{"@context":"https:\/\/schema.org","@graph":[{"@type":"WebSite","@id":"https:\/\/www.nettali.com\/#website","url":"https:\/\/www.nettali.com\/","name":"Nettali.com","description":"Le rendez-vous critique du Net","potentialAction":[{"@type":"SearchAction","target":{"@type":"EntryPoint","urlTemplate":"https:\/\/www.nettali.com\/?s={search_term_string}"},"query-input":"required name=search_term_string"}],"inLanguage":"fr-FR"},{"@type":"ImageObject","@id":"https:\/\/www.nettali.com\/2023\/12\/09\/la-sierra-leone-et-la-guinee-bissau-inquietent-la-cedeao\/#primaryimage","inLanguage":"fr-FR","url":"https:\/\/www.nettali.com\/wp-content\/uploads\/2023\/12\/une-vue-des-participants-8.jpg","contentUrl":"https:\/\/www.nettali.com\/wp-content\/uploads\/2023\/12\/une-vue-des-participants-8.jpg","width":1500,"height":1000},{"@type":"WebPage","@id":"https:\/\/www.nettali.com\/2023\/12\/09\/la-sierra-leone-et-la-guinee-bissau-inquietent-la-cedeao\/#webpage","url":"https:\/\/www.nettali.com\/2023\/12\/09\/la-sierra-leone-et-la-guinee-bissau-inquietent-la-cedeao\/","name":"La Sierra Le\u0301one et la Guine\u0301e Bissau inquie\u0300tent la Cedeao | Nettali.com","isPartOf":{"@id":"https:\/\/www.nettali.com\/#website"},"primaryImageOfPage":{"@id":"https:\/\/www.nettali.com\/2023\/12\/09\/la-sierra-leone-et-la-guinee-bissau-inquietent-la-cedeao\/#primaryimage"},"datePublished":"2023-12-09T08:39:19+00:00","dateModified":"2023-12-09T08:39:19+00:00","author":{"@id":"https:\/\/www.nettali.com\/#\/schema\/person\/d8ac7b7e27ddad43f1c0d2ef090d7f71"},"breadcrumb":{"@id":"https:\/\/www.nettali.com\/2023\/12\/09\/la-sierra-leone-et-la-guinee-bissau-inquietent-la-cedeao\/#breadcrumb"},"inLanguage":"fr-FR","potentialAction":[{"@type":"ReadAction","target":["https:\/\/www.nettali.com\/2023\/12\/09\/la-sierra-leone-et-la-guinee-bissau-inquietent-la-cedeao\/"]}]},{"@type":"BreadcrumbList","@id":"https:\/\/www.nettali.com\/2023\/12\/09\/la-sierra-leone-et-la-guinee-bissau-inquietent-la-cedeao\/#breadcrumb","itemListElement":[{"@type":"ListItem","position":1,"name":"Accueil","item":"https:\/\/www.nettali.com\/"},{"@type":"ListItem","position":2,"name":"La Sierra Le\u0301one et la Guine\u0301e Bissau inquie\u0300tent la Cedeao"}]},{"@type":"Person","@id":"https:\/\/www.nettali.com\/#\/schema\/person\/d8ac7b7e27ddad43f1c0d2ef090d7f71","name":"CK","image":{"@type":"ImageObject","@id":"https:\/\/www.nettali.com\/#personlogo","inLanguage":"fr-FR","url":"https:\/\/secure.gravatar.com\/avatar\/1d8d5118b9327d94da7cd4ce7f17fec2?s=96&d=mm&r=g","contentUrl":"https:\/\/secure.gravatar.com\/avatar\/1d8d5118b9327d94da7cd4ce7f17fec2?s=96&d=mm&r=g","caption":"CK"},"sameAs":["https:\/\/www.nettali.com"]}]}},"_links":{"self":[{"href":"https:\/\/www.nettali.com\/rest\/wp\/v2\/posts\/123376"}],"collection":[{"href":"https:\/\/www.nettali.com\/rest\/wp\/v2\/posts"}],"about":[{"href":"https:\/\/www.nettali.com\/rest\/wp\/v2\/types\/post"}],"author":[{"embeddable":true,"href":"https:\/\/www.nettali.com\/rest\/wp\/v2\/users\/2"}],"replies":[{"embeddable":true,"href":"https:\/\/www.nettali.com\/rest\/wp\/v2\/comments?post=123376"}],"version-history":[{"count":1,"href":"https:\/\/www.nettali.com\/rest\/wp\/v2\/posts\/123376\/revisions"}],"predecessor-version":[{"id":123377,"href":"https:\/\/www.nettali.com\/rest\/wp\/v2\/posts\/123376\/revisions\/123377"}],"wp:featuredmedia":[{"embeddable":true,"href":"https:\/\/www.nettali.com\/rest\/wp\/v2\/media\/123378"}],"wp:attachment":[{"href":"https:\/\/www.nettali.com\/rest\/wp\/v2\/media?parent=123376"}],"wp:term":[{"taxonomy":"category","embeddable":true,"href":"https:\/\/www.nettali.com\/rest\/wp\/v2\/categories?post=123376"},{"taxonomy":"post_tag","embeddable":true,"href":"https:\/\/www.nettali.com\/rest\/wp\/v2\/tags?post=123376"}],"curies":[{"name":"wp","href":"https:\/\/api.w.org\/{rel}","templated":true}]}}