{"id":123322,"date":"2023-12-08T12:33:53","date_gmt":"2023-12-08T12:33:53","guid":{"rendered":"https:\/\/www.nettali.com\/?p=123322"},"modified":"2023-12-08T12:34:45","modified_gmt":"2023-12-08T12:34:45","slug":"presidentielle-2024-le-f24-exige-la-participation-electorale-des-detenus-politique","status":"publish","type":"post","link":"https:\/\/www.nettali.com\/2023\/12\/08\/presidentielle-2024-le-f24-exige-la-participation-electorale-des-detenus-politique\/","title":{"rendered":"PR\u00c9SIDENTIELLE 2024 - Le F24 exige la participation \u00e9lectorale des d\u00e9tenus politique"},"content":{"rendered":"<p><strong>NETTALI.COM- La plateforme des forces vives de la nation, le F24 a d\u00e9nonc\u00e9 les man\u0153uvres dilatoires du r\u00e9gime de Macky Sall et exige la participation \u00e9lectorale des d\u00e9tenus de tous les d\u00e9tenus politiques.<\/strong><\/p>\n<p>Dans un communiqu\u00e9, la plateforme F24 condamne la d\u00e9tention arbitraire d\u2019Aliou San\u00e9 et r\u00e9clame la lib\u00e9ration imm\u00e9diate de tous les d\u00e9tenus politiques. Mamadou Mbodj et Cie\u00a0 rappellent que les d\u00e9tenus n\u2019ayant pas \u00e9t\u00e9 jug\u00e9s ni condamn\u00e9s d\u00e9finitivement, conservent leurs droits civiques et politiques, y compris leur droit constitutionnel de vote pour qu\u2019ils puissent se pr\u00e9senter au scrutin du 25 f\u00e9vrier.<\/p>\n<p>La plateforme accuse cependant le gouvernement de Macky Sall d\u2019intimidation et de filature \u00e0 l\u2019endroit de ses voix dissidentes telles que Yolande Camara, membre du Comit\u00e9 ex\u00e9cutif du mouvement.<\/p>\n<p>Apr\u00e8s avoir demand\u00e9 aux autorit\u00e9s politiques et judiciaires de prendre en compte les int\u00e9r\u00eats sup\u00e9rieurs de la nation, le F24 a invit\u00e9 les citoyens \u00e0 retirer massivement leurs cartes d\u2019\u00e9lecteur et \u00e0 r\u00e9sister \u00e0 toute forme d\u2019oppression.<\/p>\n<div class='share-to-whatsapp-wrapper'><div class='share-on-whsp'>PARTAGER SUR : <\/div><a data-text='PR\u00c9SIDENTIELLE 2024 - Le F24 exige la participation \u00e9lectorale des d\u00e9tenus politique' data-link='https:\/\/www.nettali.com\/2023\/12\/08\/presidentielle-2024-le-f24-exige-la-participation-electorale-des-detenus-politique\/' class='whatsapp-button whatsapp-share'>WhatsApp<\/a><div class='clear '><\/div><\/div>","protected":false},"excerpt":{"rendered":"<p>NETTALI.COM- La plateforme des forces vives de la nation, le F24 a d\u00e9nonc\u00e9 les man\u0153uvres dilatoires du r\u00e9gime de Macky Sall et exige la participation \u00e9lectorale des d\u00e9tenus de tous les d\u00e9tenus politiques. Dans un communiqu\u00e9, la plateforme F24 condamne la d\u00e9tention arbitraire d\u2019Aliou San\u00e9 et r\u00e9clame la lib\u00e9ration imm\u00e9diate de tous les d\u00e9tenus politiques. [&hellip;]<\/p>\n","protected":false},"author":6,"featured_media":110060,"comment_status":"open","ping_status":"open","sticky":false,"template":"","format":"standard","meta":{"_et_pb_use_builder":"","_et_pb_old_content":""},"categories":[2],"tags":[],"yoast_head":"<!-- This site is optimized with the Yoast SEO Premium plugin v17.8 (Yoast SEO v17.8) - https:\/\/yoast.com\/wordpress\/plugins\/seo\/ -->\n<title>PR\u00c9SIDENTIELLE 2024 - Le F24 exige la participation \u00e9lectorale des d\u00e9tenus politique | Nettali.com<\/title>\n<meta name=\"robots\" content=\"index, follow, max-snippet:-1, max-image-preview:large, max-video-preview:-1\" \/>\n<link rel=\"canonical\" href=\"https:\/\/www.nettali.com\/2023\/12\/08\/presidentielle-2024-le-f24-exige-la-participation-electorale-des-detenus-politique\/\" \/>\n<meta property=\"og:locale\" content=\"fr_FR\" \/>\n<meta property=\"og:type\" content=\"article\" \/>\n<meta property=\"og:title\" content=\"PR\u00c9SIDENTIELLE 2024 - Le F24 exige la participation \u00e9lectorale des d\u00e9tenus politique\" \/>\n<meta property=\"og:description\" content=\"NETTALI.COM- La plateforme des forces vives de la nation, le F24 a d\u00e9nonc\u00e9 les man\u0153uvres dilatoires du r\u00e9gime de Macky Sall et exige la participation \u00e9lectorale des d\u00e9tenus de tous les d\u00e9tenus politiques. Dans un communiqu\u00e9, la plateforme F24 condamne la d\u00e9tention arbitraire d\u2019Aliou San\u00e9 et r\u00e9clame la lib\u00e9ration imm\u00e9diate de tous les d\u00e9tenus politiques. [&hellip;]\" \/>\n<meta property=\"og:url\" content=\"https:\/\/www.nettali.com\/2023\/12\/08\/presidentielle-2024-le-f24-exige-la-participation-electorale-des-detenus-politique\/\" \/>\n<meta property=\"og:site_name\" content=\"Nettali.com\" \/>\n<meta property=\"article:publisher\" content=\"https:\/\/www.facebook.com\/nettalicom\" \/>\n<meta property=\"article:published_time\" content=\"2023-12-08T12:33:53+00:00\" \/>\n<meta property=\"article:modified_time\" content=\"2023-12-08T12:34:45+00:00\" \/>\n<meta property=\"og:image\" content=\"https:\/\/www.nettali.com\/wp-content\/uploads\/2023\/05\/f24-conf-presse.jpeg\" \/>\n\t<meta property=\"og:image:width\" content=\"800\" \/>\n\t<meta property=\"og:image:height\" content=\"469\" \/>\n<meta name=\"twitter:card\" content=\"summary_large_image\" \/>\n<meta name=\"twitter:label1\" content=\"\u00c9crit par\" \/>\n\t<meta name=\"twitter:data1\" content=\"Fatou\" \/>\n\t<meta name=\"twitter:label2\" content=\"Dur\u00e9e de lecture estim\u00e9e\" \/>\n\t<meta name=\"twitter:data2\" content=\"1 minute\" \/>\n<script type=\"application\/ld+json\" class=\"yoast-schema-graph\">{\"@context\":\"https:\/\/schema.org\",\"@graph\":[{\"@type\":\"WebSite\",\"@id\":\"https:\/\/www.nettali.com\/#website\",\"url\":\"https:\/\/www.nettali.com\/\",\"name\":\"Nettali.com\",\"description\":\"Le rendez-vous critique du Net\",\"potentialAction\":[{\"@type\":\"SearchAction\",\"target\":{\"@type\":\"EntryPoint\",\"urlTemplate\":\"https:\/\/www.nettali.com\/?s={search_term_string}\"},\"query-input\":\"required name=search_term_string\"}],\"inLanguage\":\"fr-FR\"},{\"@type\":\"ImageObject\",\"@id\":\"https:\/\/www.nettali.com\/2023\/12\/08\/presidentielle-2024-le-f24-exige-la-participation-electorale-des-detenus-politique\/#primaryimage\",\"inLanguage\":\"fr-FR\",\"url\":\"https:\/\/www.nettali.com\/wp-content\/uploads\/2023\/05\/f24-conf-presse.jpeg\",\"contentUrl\":\"https:\/\/www.nettali.com\/wp-content\/uploads\/2023\/05\/f24-conf-presse.jpeg\",\"width\":800,\"height\":469},{\"@type\":\"WebPage\",\"@id\":\"https:\/\/www.nettali.com\/2023\/12\/08\/presidentielle-2024-le-f24-exige-la-participation-electorale-des-detenus-politique\/#webpage\",\"url\":\"https:\/\/www.nettali.com\/2023\/12\/08\/presidentielle-2024-le-f24-exige-la-participation-electorale-des-detenus-politique\/\",\"name\":\"PR\\u00c9SIDENTIELLE 2024 - Le F24 exige la participation \\u00e9lectorale des d\\u00e9tenus politique | Nettali.com\",\"isPartOf\":{\"@id\":\"https:\/\/www.nettali.com\/#website\"},\"primaryImageOfPage\":{\"@id\":\"https:\/\/www.nettali.com\/2023\/12\/08\/presidentielle-2024-le-f24-exige-la-participation-electorale-des-detenus-politique\/#primaryimage\"},\"datePublished\":\"2023-12-08T12:33:53+00:00\",\"dateModified\":\"2023-12-08T12:34:45+00:00\",\"author\":{\"@id\":\"https:\/\/www.nettali.com\/#\/schema\/person\/418274a86bdf87caff7a3ef476bd0bbf\"},\"breadcrumb\":{\"@id\":\"https:\/\/www.nettali.com\/2023\/12\/08\/presidentielle-2024-le-f24-exige-la-participation-electorale-des-detenus-politique\/#breadcrumb\"},\"inLanguage\":\"fr-FR\",\"potentialAction\":[{\"@type\":\"ReadAction\",\"target\":[\"https:\/\/www.nettali.com\/2023\/12\/08\/presidentielle-2024-le-f24-exige-la-participation-electorale-des-detenus-politique\/\"]}]},{\"@type\":\"BreadcrumbList\",\"@id\":\"https:\/\/www.nettali.com\/2023\/12\/08\/presidentielle-2024-le-f24-exige-la-participation-electorale-des-detenus-politique\/#breadcrumb\",\"itemListElement\":[{\"@type\":\"ListItem\",\"position\":1,\"name\":\"Accueil\",\"item\":\"https:\/\/www.nettali.com\/\"},{\"@type\":\"ListItem\",\"position\":2,\"name\":\"PR\\u00c9SIDENTIELLE 2024 - Le F24 exige la participation \\u00e9lectorale des d\\u00e9tenus politique\"}]},{\"@type\":\"Person\",\"@id\":\"https:\/\/www.nettali.com\/#\/schema\/person\/418274a86bdf87caff7a3ef476bd0bbf\",\"name\":\"Fatou\",\"image\":{\"@type\":\"ImageObject\",\"@id\":\"https:\/\/www.nettali.com\/#personlogo\",\"inLanguage\":\"fr-FR\",\"url\":\"https:\/\/secure.gravatar.com\/avatar\/5a9442a2bee7b4dcf167cab035858e9a?s=96&d=mm&r=g\",\"contentUrl\":\"https:\/\/secure.gravatar.com\/avatar\/5a9442a2bee7b4dcf167cab035858e9a?s=96&d=mm&r=g\",\"caption\":\"Fatou\"},\"sameAs\":[\"https:\/\/www.nettali.com\"]}]}<\/script>\n<!-- \/ Yoast SEO Premium plugin. -->","yoast_head_json":{"title":"PR\u00c9SIDENTIELLE 2024 - Le F24 exige la participation \u00e9lectorale des d\u00e9tenus politique | Nettali.com","robots":{"index":"index","follow":"follow","max-snippet":"max-snippet:-1","max-image-preview":"max-image-preview:large","max-video-preview":"max-video-preview:-1"},"canonical":"https:\/\/www.nettali.com\/2023\/12\/08\/presidentielle-2024-le-f24-exige-la-participation-electorale-des-detenus-politique\/","og_locale":"fr_FR","og_type":"article","og_title":"PR\u00c9SIDENTIELLE 2024 - Le F24 exige la participation \u00e9lectorale des d\u00e9tenus politique","og_description":"NETTALI.COM- La plateforme des forces vives de la nation, le F24 a d\u00e9nonc\u00e9 les man\u0153uvres dilatoires du r\u00e9gime de Macky Sall et exige la participation \u00e9lectorale des d\u00e9tenus de tous les d\u00e9tenus politiques. Dans un communiqu\u00e9, la plateforme F24 condamne la d\u00e9tention arbitraire d\u2019Aliou San\u00e9 et r\u00e9clame la lib\u00e9ration imm\u00e9diate de tous les d\u00e9tenus politiques. [&hellip;]","og_url":"https:\/\/www.nettali.com\/2023\/12\/08\/presidentielle-2024-le-f24-exige-la-participation-electorale-des-detenus-politique\/","og_site_name":"Nettali.com","article_publisher":"https:\/\/www.facebook.com\/nettalicom","article_published_time":"2023-12-08T12:33:53+00:00","article_modified_time":"2023-12-08T12:34:45+00:00","og_image":[{"width":800,"height":469,"url":"https:\/\/www.nettali.com\/wp-content\/uploads\/2023\/05\/f24-conf-presse.jpeg","type":"image\/jpeg"}],"twitter_card":"summary_large_image","twitter_misc":{"\u00c9crit par":"Fatou","Dur\u00e9e de lecture estim\u00e9e":"1 minute"},"schema":{"@context":"https:\/\/schema.org","@graph":[{"@type":"WebSite","@id":"https:\/\/www.nettali.com\/#website","url":"https:\/\/www.nettali.com\/","name":"Nettali.com","description":"Le rendez-vous critique du Net","potentialAction":[{"@type":"SearchAction","target":{"@type":"EntryPoint","urlTemplate":"https:\/\/www.nettali.com\/?s={search_term_string}"},"query-input":"required name=search_term_string"}],"inLanguage":"fr-FR"},{"@type":"ImageObject","@id":"https:\/\/www.nettali.com\/2023\/12\/08\/presidentielle-2024-le-f24-exige-la-participation-electorale-des-detenus-politique\/#primaryimage","inLanguage":"fr-FR","url":"https:\/\/www.nettali.com\/wp-content\/uploads\/2023\/05\/f24-conf-presse.jpeg","contentUrl":"https:\/\/www.nettali.com\/wp-content\/uploads\/2023\/05\/f24-conf-presse.jpeg","width":800,"height":469},{"@type":"WebPage","@id":"https:\/\/www.nettali.com\/2023\/12\/08\/presidentielle-2024-le-f24-exige-la-participation-electorale-des-detenus-politique\/#webpage","url":"https:\/\/www.nettali.com\/2023\/12\/08\/presidentielle-2024-le-f24-exige-la-participation-electorale-des-detenus-politique\/","name":"PR\u00c9SIDENTIELLE 2024 - Le F24 exige la participation \u00e9lectorale des d\u00e9tenus politique | Nettali.com","isPartOf":{"@id":"https:\/\/www.nettali.com\/#website"},"primaryImageOfPage":{"@id":"https:\/\/www.nettali.com\/2023\/12\/08\/presidentielle-2024-le-f24-exige-la-participation-electorale-des-detenus-politique\/#primaryimage"},"datePublished":"2023-12-08T12:33:53+00:00","dateModified":"2023-12-08T12:34:45+00:00","author":{"@id":"https:\/\/www.nettali.com\/#\/schema\/person\/418274a86bdf87caff7a3ef476bd0bbf"},"breadcrumb":{"@id":"https:\/\/www.nettali.com\/2023\/12\/08\/presidentielle-2024-le-f24-exige-la-participation-electorale-des-detenus-politique\/#breadcrumb"},"inLanguage":"fr-FR","potentialAction":[{"@type":"ReadAction","target":["https:\/\/www.nettali.com\/2023\/12\/08\/presidentielle-2024-le-f24-exige-la-participation-electorale-des-detenus-politique\/"]}]},{"@type":"BreadcrumbList","@id":"https:\/\/www.nettali.com\/2023\/12\/08\/presidentielle-2024-le-f24-exige-la-participation-electorale-des-detenus-politique\/#breadcrumb","itemListElement":[{"@type":"ListItem","position":1,"name":"Accueil","item":"https:\/\/www.nettali.com\/"},{"@type":"ListItem","position":2,"name":"PR\u00c9SIDENTIELLE 2024 - Le F24 exige la participation \u00e9lectorale des d\u00e9tenus politique"}]},{"@type":"Person","@id":"https:\/\/www.nettali.com\/#\/schema\/person\/418274a86bdf87caff7a3ef476bd0bbf","name":"Fatou","image":{"@type":"ImageObject","@id":"https:\/\/www.nettali.com\/#personlogo","inLanguage":"fr-FR","url":"https:\/\/secure.gravatar.com\/avatar\/5a9442a2bee7b4dcf167cab035858e9a?s=96&d=mm&r=g","contentUrl":"https:\/\/secure.gravatar.com\/avatar\/5a9442a2bee7b4dcf167cab035858e9a?s=96&d=mm&r=g","caption":"Fatou"},"sameAs":["https:\/\/www.nettali.com"]}]}},"_links":{"self":[{"href":"https:\/\/www.nettali.com\/rest\/wp\/v2\/posts\/123322"}],"collection":[{"href":"https:\/\/www.nettali.com\/rest\/wp\/v2\/posts"}],"about":[{"href":"https:\/\/www.nettali.com\/rest\/wp\/v2\/types\/post"}],"author":[{"embeddable":true,"href":"https:\/\/www.nettali.com\/rest\/wp\/v2\/users\/6"}],"replies":[{"embeddable":true,"href":"https:\/\/www.nettali.com\/rest\/wp\/v2\/comments?post=123322"}],"version-history":[{"count":2,"href":"https:\/\/www.nettali.com\/rest\/wp\/v2\/posts\/123322\/revisions"}],"predecessor-version":[{"id":123333,"href":"https:\/\/www.nettali.com\/rest\/wp\/v2\/posts\/123322\/revisions\/123333"}],"wp:featuredmedia":[{"embeddable":true,"href":"https:\/\/www.nettali.com\/rest\/wp\/v2\/media\/110060"}],"wp:attachment":[{"href":"https:\/\/www.nettali.com\/rest\/wp\/v2\/media?parent=123322"}],"wp:term":[{"taxonomy":"category","embeddable":true,"href":"https:\/\/www.nettali.com\/rest\/wp\/v2\/categories?post=123322"},{"taxonomy":"post_tag","embeddable":true,"href":"https:\/\/www.nettali.com\/rest\/wp\/v2\/tags?post=123322"}],"curies":[{"name":"wp","href":"https:\/\/api.w.org\/{rel}","templated":true}]}}