{"id":123278,"date":"2023-12-07T16:18:28","date_gmt":"2023-12-07T16:18:28","guid":{"rendered":"https:\/\/www.nettali.com\/?p=123278"},"modified":"2023-12-10T08:40:32","modified_gmt":"2023-12-10T08:40:32","slug":"en-coulisses-macky-sall-pleure-la-mort-de-lionel-mandeix","status":"publish","type":"post","link":"https:\/\/www.nettali.com\/2023\/12\/07\/en-coulisses-macky-sall-pleure-la-mort-de-lionel-mandeix\/","title":{"rendered":"PRESIDENCE - Macky Sall pleure son photographe mort, Lionel Mandeix"},"content":{"rendered":"<div align=\"left\">\n<p dir=\"ltr\"><strong>NETTALI.COM - Lionel Mandeix, photographe officiel \u00e0 la Pr\u00e9sidence de la R\u00e9publique, est d\u00e9c\u00e9d\u00e9, a annonc\u00e9 jeudi le chef de l\u2019Etat qui a rendu hommage \u00e0<\/strong><em><strong> \"un grand professionnel de l\u2019image, passionn\u00e9 et serviable\u2019<\/strong><\/em>\u2019.<\/p>\n<p dir=\"ltr\">Lionel Mandeix, photographe officiel \u00e0 la Pr\u00e9sidence de la R\u00e9publique, est d\u00e9c\u00e9d\u00e9. C'est ce qu'a annonc\u00e9 le jeudi 7 d\u00e9cembre le chef de l\u2019Etat qui a rendu hommage \u00e0 \"<em>un grand professionnel de l'image, passionn\u00e9 et serviable<\/em>\".<\/p>\n<\/div>\n<div align=\"left\">\n<p dir=\"ltr\">\"<em>J\u2019ai appris avec consternation, le d\u00e9c\u00e8s de M. Lionel Mandeix, photographe officiel \u00e0 la Pr\u00e9sidence de la R\u00e9publique. Je rends un hommage particulier \u00e0 un grand professionnel de l\u2019image, passionn\u00e9 et serviable<\/em>\", a \u00e9crit Macky Sall sur le r\u00e9seau social X.<\/p>\n<\/div>\n<div align=\"left\">\n<p dir=\"ltr\">Le chef de l\u2019Etat a pr\u00e9sent\u00e9 ses \"<em>condol\u00e9ances \u00e9mues \u00e0 sa famille et au personnel de la Pr\u00e9sidence de la R\u00e9publique<\/em>\".<\/p>\n<\/div>\n<div align=\"left\">\n<p dir=\"ltr\">\"<em>Paix \u00e0 son \u00e2me<\/em>\", a-t-il conclu dans son message.<\/p>\n<\/div>\n<div class='share-to-whatsapp-wrapper'><div class='share-on-whsp'>PARTAGER SUR : <\/div><a data-text='PRESIDENCE - Macky Sall pleure son photographe mort, Lionel Mandeix' data-link='https:\/\/www.nettali.com\/2023\/12\/07\/en-coulisses-macky-sall-pleure-la-mort-de-lionel-mandeix\/' class='whatsapp-button whatsapp-share'>WhatsApp<\/a><div class='clear '><\/div><\/div>","protected":false},"excerpt":{"rendered":"<p>NETTALI.COM - Lionel Mandeix, photographe officiel \u00e0 la Pr\u00e9sidence de la R\u00e9publique, est d\u00e9c\u00e9d\u00e9, a annonc\u00e9 jeudi le chef de l\u2019Etat qui a rendu hommage \u00e0 \"un grand professionnel de l\u2019image, passionn\u00e9 et serviable\u2019\u2019. Lionel Mandeix, photographe officiel \u00e0 la Pr\u00e9sidence de la R\u00e9publique, est d\u00e9c\u00e9d\u00e9. C'est ce qu'a annonc\u00e9 le jeudi 7 d\u00e9cembre le [&hellip;]<\/p>\n","protected":false},"author":5,"featured_media":123279,"comment_status":"open","ping_status":"open","sticky":false,"template":"","format":"standard","meta":{"_et_pb_use_builder":"","_et_pb_old_content":""},"categories":[3],"tags":[],"yoast_head":"<!-- This site is optimized with the Yoast SEO Premium plugin v17.8 (Yoast SEO v17.8) - https:\/\/yoast.com\/wordpress\/plugins\/seo\/ -->\n<title>PRESIDENCE - Macky Sall pleure son photographe mort, Lionel Mandeix | Nettali.com<\/title>\n<meta name=\"robots\" content=\"index, follow, max-snippet:-1, max-image-preview:large, max-video-preview:-1\" \/>\n<link rel=\"canonical\" href=\"https:\/\/www.nettali.com\/2023\/12\/07\/en-coulisses-macky-sall-pleure-la-mort-de-lionel-mandeix\/\" \/>\n<meta property=\"og:locale\" content=\"fr_FR\" \/>\n<meta property=\"og:type\" content=\"article\" \/>\n<meta property=\"og:title\" content=\"PRESIDENCE - Macky Sall pleure son photographe mort, Lionel Mandeix\" \/>\n<meta property=\"og:description\" content=\"NETTALI.COM - Lionel Mandeix, photographe officiel \u00e0 la Pr\u00e9sidence de la R\u00e9publique, est d\u00e9c\u00e9d\u00e9, a annonc\u00e9 jeudi le chef de l\u2019Etat qui a rendu hommage \u00e0 &quot;un grand professionnel de l\u2019image, passionn\u00e9 et serviable\u2019\u2019. Lionel Mandeix, photographe officiel \u00e0 la Pr\u00e9sidence de la R\u00e9publique, est d\u00e9c\u00e9d\u00e9. C&#039;est ce qu&#039;a annonc\u00e9 le jeudi 7 d\u00e9cembre le [&hellip;]\" \/>\n<meta property=\"og:url\" content=\"https:\/\/www.nettali.com\/2023\/12\/07\/en-coulisses-macky-sall-pleure-la-mort-de-lionel-mandeix\/\" \/>\n<meta property=\"og:site_name\" content=\"Nettali.com\" \/>\n<meta property=\"article:publisher\" content=\"https:\/\/www.facebook.com\/nettalicom\" \/>\n<meta property=\"article:published_time\" content=\"2023-12-07T16:18:28+00:00\" \/>\n<meta property=\"article:modified_time\" content=\"2023-12-10T08:40:32+00:00\" \/>\n<meta property=\"og:image\" content=\"https:\/\/www.nettali.com\/wp-content\/uploads\/2023\/12\/Lionel-350x250-1.jpg\" \/>\n\t<meta property=\"og:image:width\" content=\"350\" \/>\n\t<meta property=\"og:image:height\" content=\"250\" \/>\n<meta name=\"twitter:card\" content=\"summary_large_image\" \/>\n<meta name=\"twitter:label1\" content=\"\u00c9crit par\" \/>\n\t<meta name=\"twitter:data1\" content=\"Ibrahima\" \/>\n\t<meta name=\"twitter:label2\" content=\"Dur\u00e9e de lecture estim\u00e9e\" \/>\n\t<meta name=\"twitter:data2\" content=\"1 minute\" \/>\n<script type=\"application\/ld+json\" class=\"yoast-schema-graph\">{\"@context\":\"https:\/\/schema.org\",\"@graph\":[{\"@type\":\"WebSite\",\"@id\":\"https:\/\/www.nettali.com\/#website\",\"url\":\"https:\/\/www.nettali.com\/\",\"name\":\"Nettali.com\",\"description\":\"Le rendez-vous critique du Net\",\"potentialAction\":[{\"@type\":\"SearchAction\",\"target\":{\"@type\":\"EntryPoint\",\"urlTemplate\":\"https:\/\/www.nettali.com\/?s={search_term_string}\"},\"query-input\":\"required name=search_term_string\"}],\"inLanguage\":\"fr-FR\"},{\"@type\":\"ImageObject\",\"@id\":\"https:\/\/www.nettali.com\/2023\/12\/07\/en-coulisses-macky-sall-pleure-la-mort-de-lionel-mandeix\/#primaryimage\",\"inLanguage\":\"fr-FR\",\"url\":\"https:\/\/www.nettali.com\/wp-content\/uploads\/2023\/12\/Lionel-350x250-1.jpg\",\"contentUrl\":\"https:\/\/www.nettali.com\/wp-content\/uploads\/2023\/12\/Lionel-350x250-1.jpg\",\"width\":350,\"height\":250},{\"@type\":\"WebPage\",\"@id\":\"https:\/\/www.nettali.com\/2023\/12\/07\/en-coulisses-macky-sall-pleure-la-mort-de-lionel-mandeix\/#webpage\",\"url\":\"https:\/\/www.nettali.com\/2023\/12\/07\/en-coulisses-macky-sall-pleure-la-mort-de-lionel-mandeix\/\",\"name\":\"PRESIDENCE - Macky Sall pleure son photographe mort, Lionel Mandeix | Nettali.com\",\"isPartOf\":{\"@id\":\"https:\/\/www.nettali.com\/#website\"},\"primaryImageOfPage\":{\"@id\":\"https:\/\/www.nettali.com\/2023\/12\/07\/en-coulisses-macky-sall-pleure-la-mort-de-lionel-mandeix\/#primaryimage\"},\"datePublished\":\"2023-12-07T16:18:28+00:00\",\"dateModified\":\"2023-12-10T08:40:32+00:00\",\"author\":{\"@id\":\"https:\/\/www.nettali.com\/#\/schema\/person\/bb147657c2986240405a608162b9bb23\"},\"breadcrumb\":{\"@id\":\"https:\/\/www.nettali.com\/2023\/12\/07\/en-coulisses-macky-sall-pleure-la-mort-de-lionel-mandeix\/#breadcrumb\"},\"inLanguage\":\"fr-FR\",\"potentialAction\":[{\"@type\":\"ReadAction\",\"target\":[\"https:\/\/www.nettali.com\/2023\/12\/07\/en-coulisses-macky-sall-pleure-la-mort-de-lionel-mandeix\/\"]}]},{\"@type\":\"BreadcrumbList\",\"@id\":\"https:\/\/www.nettali.com\/2023\/12\/07\/en-coulisses-macky-sall-pleure-la-mort-de-lionel-mandeix\/#breadcrumb\",\"itemListElement\":[{\"@type\":\"ListItem\",\"position\":1,\"name\":\"Accueil\",\"item\":\"https:\/\/www.nettali.com\/\"},{\"@type\":\"ListItem\",\"position\":2,\"name\":\"PRESIDENCE - Macky Sall pleure son photographe mort, Lionel Mandeix\"}]},{\"@type\":\"Person\",\"@id\":\"https:\/\/www.nettali.com\/#\/schema\/person\/bb147657c2986240405a608162b9bb23\",\"name\":\"Ibrahima\",\"image\":{\"@type\":\"ImageObject\",\"@id\":\"https:\/\/www.nettali.com\/#personlogo\",\"inLanguage\":\"fr-FR\",\"url\":\"https:\/\/secure.gravatar.com\/avatar\/26a8a81f09f0dd7624c9d5c36c9ba3a2?s=96&d=mm&r=g\",\"contentUrl\":\"https:\/\/secure.gravatar.com\/avatar\/26a8a81f09f0dd7624c9d5c36c9ba3a2?s=96&d=mm&r=g\",\"caption\":\"Ibrahima\"},\"sameAs\":[\"https:\/\/www.nettali.com\"]}]}<\/script>\n<!-- \/ Yoast SEO Premium plugin. -->","yoast_head_json":{"title":"PRESIDENCE - Macky Sall pleure son photographe mort, Lionel Mandeix | Nettali.com","robots":{"index":"index","follow":"follow","max-snippet":"max-snippet:-1","max-image-preview":"max-image-preview:large","max-video-preview":"max-video-preview:-1"},"canonical":"https:\/\/www.nettali.com\/2023\/12\/07\/en-coulisses-macky-sall-pleure-la-mort-de-lionel-mandeix\/","og_locale":"fr_FR","og_type":"article","og_title":"PRESIDENCE - Macky Sall pleure son photographe mort, Lionel Mandeix","og_description":"NETTALI.COM - Lionel Mandeix, photographe officiel \u00e0 la Pr\u00e9sidence de la R\u00e9publique, est d\u00e9c\u00e9d\u00e9, a annonc\u00e9 jeudi le chef de l\u2019Etat qui a rendu hommage \u00e0 \"un grand professionnel de l\u2019image, passionn\u00e9 et serviable\u2019\u2019. Lionel Mandeix, photographe officiel \u00e0 la Pr\u00e9sidence de la R\u00e9publique, est d\u00e9c\u00e9d\u00e9. C'est ce qu'a annonc\u00e9 le jeudi 7 d\u00e9cembre le [&hellip;]","og_url":"https:\/\/www.nettali.com\/2023\/12\/07\/en-coulisses-macky-sall-pleure-la-mort-de-lionel-mandeix\/","og_site_name":"Nettali.com","article_publisher":"https:\/\/www.facebook.com\/nettalicom","article_published_time":"2023-12-07T16:18:28+00:00","article_modified_time":"2023-12-10T08:40:32+00:00","og_image":[{"width":350,"height":250,"url":"https:\/\/www.nettali.com\/wp-content\/uploads\/2023\/12\/Lionel-350x250-1.jpg","type":"image\/jpeg"}],"twitter_card":"summary_large_image","twitter_misc":{"\u00c9crit par":"Ibrahima","Dur\u00e9e de lecture estim\u00e9e":"1 minute"},"schema":{"@context":"https:\/\/schema.org","@graph":[{"@type":"WebSite","@id":"https:\/\/www.nettali.com\/#website","url":"https:\/\/www.nettali.com\/","name":"Nettali.com","description":"Le rendez-vous critique du Net","potentialAction":[{"@type":"SearchAction","target":{"@type":"EntryPoint","urlTemplate":"https:\/\/www.nettali.com\/?s={search_term_string}"},"query-input":"required name=search_term_string"}],"inLanguage":"fr-FR"},{"@type":"ImageObject","@id":"https:\/\/www.nettali.com\/2023\/12\/07\/en-coulisses-macky-sall-pleure-la-mort-de-lionel-mandeix\/#primaryimage","inLanguage":"fr-FR","url":"https:\/\/www.nettali.com\/wp-content\/uploads\/2023\/12\/Lionel-350x250-1.jpg","contentUrl":"https:\/\/www.nettali.com\/wp-content\/uploads\/2023\/12\/Lionel-350x250-1.jpg","width":350,"height":250},{"@type":"WebPage","@id":"https:\/\/www.nettali.com\/2023\/12\/07\/en-coulisses-macky-sall-pleure-la-mort-de-lionel-mandeix\/#webpage","url":"https:\/\/www.nettali.com\/2023\/12\/07\/en-coulisses-macky-sall-pleure-la-mort-de-lionel-mandeix\/","name":"PRESIDENCE - Macky Sall pleure son photographe mort, Lionel Mandeix | Nettali.com","isPartOf":{"@id":"https:\/\/www.nettali.com\/#website"},"primaryImageOfPage":{"@id":"https:\/\/www.nettali.com\/2023\/12\/07\/en-coulisses-macky-sall-pleure-la-mort-de-lionel-mandeix\/#primaryimage"},"datePublished":"2023-12-07T16:18:28+00:00","dateModified":"2023-12-10T08:40:32+00:00","author":{"@id":"https:\/\/www.nettali.com\/#\/schema\/person\/bb147657c2986240405a608162b9bb23"},"breadcrumb":{"@id":"https:\/\/www.nettali.com\/2023\/12\/07\/en-coulisses-macky-sall-pleure-la-mort-de-lionel-mandeix\/#breadcrumb"},"inLanguage":"fr-FR","potentialAction":[{"@type":"ReadAction","target":["https:\/\/www.nettali.com\/2023\/12\/07\/en-coulisses-macky-sall-pleure-la-mort-de-lionel-mandeix\/"]}]},{"@type":"BreadcrumbList","@id":"https:\/\/www.nettali.com\/2023\/12\/07\/en-coulisses-macky-sall-pleure-la-mort-de-lionel-mandeix\/#breadcrumb","itemListElement":[{"@type":"ListItem","position":1,"name":"Accueil","item":"https:\/\/www.nettali.com\/"},{"@type":"ListItem","position":2,"name":"PRESIDENCE - Macky Sall pleure son photographe mort, Lionel Mandeix"}]},{"@type":"Person","@id":"https:\/\/www.nettali.com\/#\/schema\/person\/bb147657c2986240405a608162b9bb23","name":"Ibrahima","image":{"@type":"ImageObject","@id":"https:\/\/www.nettali.com\/#personlogo","inLanguage":"fr-FR","url":"https:\/\/secure.gravatar.com\/avatar\/26a8a81f09f0dd7624c9d5c36c9ba3a2?s=96&d=mm&r=g","contentUrl":"https:\/\/secure.gravatar.com\/avatar\/26a8a81f09f0dd7624c9d5c36c9ba3a2?s=96&d=mm&r=g","caption":"Ibrahima"},"sameAs":["https:\/\/www.nettali.com"]}]}},"_links":{"self":[{"href":"https:\/\/www.nettali.com\/rest\/wp\/v2\/posts\/123278"}],"collection":[{"href":"https:\/\/www.nettali.com\/rest\/wp\/v2\/posts"}],"about":[{"href":"https:\/\/www.nettali.com\/rest\/wp\/v2\/types\/post"}],"author":[{"embeddable":true,"href":"https:\/\/www.nettali.com\/rest\/wp\/v2\/users\/5"}],"replies":[{"embeddable":true,"href":"https:\/\/www.nettali.com\/rest\/wp\/v2\/comments?post=123278"}],"version-history":[{"count":7,"href":"https:\/\/www.nettali.com\/rest\/wp\/v2\/posts\/123278\/revisions"}],"predecessor-version":[{"id":123293,"href":"https:\/\/www.nettali.com\/rest\/wp\/v2\/posts\/123278\/revisions\/123293"}],"wp:featuredmedia":[{"embeddable":true,"href":"https:\/\/www.nettali.com\/rest\/wp\/v2\/media\/123279"}],"wp:attachment":[{"href":"https:\/\/www.nettali.com\/rest\/wp\/v2\/media?parent=123278"}],"wp:term":[{"taxonomy":"category","embeddable":true,"href":"https:\/\/www.nettali.com\/rest\/wp\/v2\/categories?post=123278"},{"taxonomy":"post_tag","embeddable":true,"href":"https:\/\/www.nettali.com\/rest\/wp\/v2\/tags?post=123278"}],"curies":[{"name":"wp","href":"https:\/\/api.w.org\/{rel}","templated":true}]}}