{"id":123274,"date":"2023-12-07T16:13:45","date_gmt":"2023-12-07T16:13:45","guid":{"rendered":"https:\/\/www.nettali.com\/?p=123274"},"modified":"2023-12-07T16:13:45","modified_gmt":"2023-12-07T16:13:45","slug":"elections-de-representativite-syndicales-a-fatick-le-collectif-des-centrales-syndicales-obtiennent-gain-de-cause","status":"publish","type":"post","link":"https:\/\/www.nettali.com\/2023\/12\/07\/elections-de-representativite-syndicales-a-fatick-le-collectif-des-centrales-syndicales-obtiennent-gain-de-cause\/","title":{"rendered":"\u00c9LECTIONS DE REPR\u00c9SENTATIVIT\u00c9 SYNDICALES \u00c0 FATICK \u2013Le collectif des centrales syndicales obtiennent gain de cause"},"content":{"rendered":"<p><strong>NETTALI.COM- De deux, le nombre de bureaux pour les \u00e9lections de repr\u00e9sentativit\u00e9 syndicales est pass\u00e9 \u00e0 six dans le d\u00e9partement de Fatick. Une victoire pour le collectif des centrales syndicales qui mena\u00e7ait de perturber le scrutin.\u00a0<\/strong><\/p>\n<p>Il n'y a plus de menace sur les \u00e9lections g\u00e9n\u00e9rales de repr\u00e9sentativit\u00e9s syndicales \u00e0 Fatick. Le collectif des centrales syndicales qui fustigeait la fa\u00e7on dont les bureaux de vote sont install\u00e9s dans le d\u00e9partement ont obtenu gain de cause. Ainsi, les bureaux sont pass\u00e9s de deux \u00e0 six \u00e0 l'issue d'une r\u00e9union avec le pr\u00e9fet.\u00a0\u00ab <em>Ils avaient \u00e9mis un certain nombre de r\u00e9serves qu\u2019il fallait laisser \u00e0 l\u2019appr\u00e9ciation de l\u2019autorit\u00e9. A ce niveau, une suite favorable a \u00e9t\u00e9 donn\u00e9e \u00e0 la requ\u00eate des centrales syndicales qui avaient voulu qu\u2019il soit \u00e9tabli des bureaux de vote \u00e0 l\u2019instar de la commune de Fatick, qu\u2019il y est au niveau de chaque entit\u00e9 le minimum de bureaux de vote. La requ\u00eate a \u00e9t\u00e9 transmise \u00e0 qui de droit. A la date d\u2019aujourd\u2019hui, nous sommes en mesure de pouvoir les satisfaire. Ce qui a \u00e9t\u00e9 d\u00e9cid\u00e9 porte sur la cr\u00e9ation de 6 lieux de vote repartis dans les arrondissements et la commune de Fatick en plus de la commun de Diofior qui, polarise les lecteurs des communes de Fimla, Palmarin Diouloul<\/em> etc. \u00bb, indique Elhadji Dram\u00e9, pr\u00e9fet de Fatick.<\/p>\n<p>Toujours dans le cadre de ces \u00e9lections de repr\u00e9sentativit\u00e9, la Cnts\/Fc de Thi\u00e8s dit avoir not\u00e9 plusieurs manquements. Le secr\u00e9taire g\u00e9n\u00e9ral adjoint du syndicat national des travailleurs du p\u00e9trole et du gaz affili\u00e9 \u00e0 la Cnts \/force du changement est mont\u00e9 au cr\u00e9neau pour d\u00e9noncer le manque de communication de l\u2019admiration sur ces \u00e9lections. \u00ab <em>Nous d\u00e9non\u00e7ons le manque de visibilit\u00e9 de l\u2019administration sur ces \u00e9lections. On aurait pu faire mieux pour vulgariser les \u00e9lections et que les travailleurs comprennent et que m\u00eame la population sente qu\u2019il y\u2019a des \u00e9lections de repr\u00e9sentativit\u00e9 des centrales syndicales dans ce pays<\/em>\u00bb, peste Francois Andr\u00e9 Diouf.<\/p>\n<p>Pour lui, le pays a besoin de centrales syndicales fortes capables de prendre en charge les pr\u00e9occupations des travailleurs. \u00ab <em>Le Syndicalisme est important. Nous sommes dans un pays o\u00f9 les politiques prennent le dessus sur tout. Alors que les syndicats font vivre la nation, font vivre l\u2019\u00e9conomie<\/em> \u00bb dit-il.<\/p>\n<div class='share-to-whatsapp-wrapper'><div class='share-on-whsp'>PARTAGER SUR : <\/div><a data-text='\u00c9LECTIONS DE REPR\u00c9SENTATIVIT\u00c9 SYNDICALES \u00c0 FATICK \u2013Le collectif des centrales syndicales obtiennent gain de cause' data-link='https:\/\/www.nettali.com\/2023\/12\/07\/elections-de-representativite-syndicales-a-fatick-le-collectif-des-centrales-syndicales-obtiennent-gain-de-cause\/' class='whatsapp-button whatsapp-share'>WhatsApp<\/a><div class='clear '><\/div><\/div>","protected":false},"excerpt":{"rendered":"<p>NETTALI.COM- De deux, le nombre de bureaux pour les \u00e9lections de repr\u00e9sentativit\u00e9 syndicales est pass\u00e9 \u00e0 six dans le d\u00e9partement de Fatick. Une victoire pour le collectif des centrales syndicales qui mena\u00e7ait de perturber le scrutin.\u00a0 Il n'y a plus de menace sur les \u00e9lections g\u00e9n\u00e9rales de repr\u00e9sentativit\u00e9s syndicales \u00e0 Fatick. Le collectif des centrales [&hellip;]<\/p>\n","protected":false},"author":6,"featured_media":123275,"comment_status":"open","ping_status":"open","sticky":false,"template":"","format":"standard","meta":{"_et_pb_use_builder":"","_et_pb_old_content":""},"categories":[3],"tags":[],"yoast_head":"<!-- This site is optimized with the Yoast SEO Premium plugin v17.8 (Yoast SEO v17.8) - https:\/\/yoast.com\/wordpress\/plugins\/seo\/ -->\n<title>\u00c9LECTIONS DE REPR\u00c9SENTATIVIT\u00c9 SYNDICALES \u00c0 FATICK \u2013Le collectif des centrales syndicales obtiennent gain de cause | Nettali.com<\/title>\n<meta name=\"robots\" content=\"index, follow, max-snippet:-1, max-image-preview:large, max-video-preview:-1\" \/>\n<link rel=\"canonical\" href=\"https:\/\/www.nettali.com\/2023\/12\/07\/elections-de-representativite-syndicales-a-fatick-le-collectif-des-centrales-syndicales-obtiennent-gain-de-cause\/\" \/>\n<meta property=\"og:locale\" content=\"fr_FR\" \/>\n<meta property=\"og:type\" content=\"article\" \/>\n<meta property=\"og:title\" content=\"\u00c9LECTIONS DE REPR\u00c9SENTATIVIT\u00c9 SYNDICALES \u00c0 FATICK \u2013Le collectif des centrales syndicales obtiennent gain de cause\" \/>\n<meta property=\"og:description\" content=\"NETTALI.COM- De deux, le nombre de bureaux pour les \u00e9lections de repr\u00e9sentativit\u00e9 syndicales est pass\u00e9 \u00e0 six dans le d\u00e9partement de Fatick. Une victoire pour le collectif des centrales syndicales qui mena\u00e7ait de perturber le scrutin.\u00a0 Il n&#039;y a plus de menace sur les \u00e9lections g\u00e9n\u00e9rales de repr\u00e9sentativit\u00e9s syndicales \u00e0 Fatick. Le collectif des centrales [&hellip;]\" \/>\n<meta property=\"og:url\" content=\"https:\/\/www.nettali.com\/2023\/12\/07\/elections-de-representativite-syndicales-a-fatick-le-collectif-des-centrales-syndicales-obtiennent-gain-de-cause\/\" \/>\n<meta property=\"og:site_name\" content=\"Nettali.com\" \/>\n<meta property=\"article:publisher\" content=\"https:\/\/www.facebook.com\/nettalicom\" \/>\n<meta property=\"article:published_time\" content=\"2023-12-07T16:13:45+00:00\" \/>\n<meta property=\"og:image\" content=\"https:\/\/www.nettali.com\/wp-content\/uploads\/2023\/12\/images-2.jpeg\" \/>\n\t<meta property=\"og:image:width\" content=\"283\" \/>\n\t<meta property=\"og:image:height\" content=\"178\" \/>\n<meta name=\"twitter:card\" content=\"summary_large_image\" \/>\n<meta name=\"twitter:label1\" content=\"\u00c9crit par\" \/>\n\t<meta name=\"twitter:data1\" content=\"Fatou\" \/>\n\t<meta name=\"twitter:label2\" content=\"Dur\u00e9e de lecture estim\u00e9e\" \/>\n\t<meta name=\"twitter:data2\" content=\"2 minutes\" \/>\n<script type=\"application\/ld+json\" class=\"yoast-schema-graph\">{\"@context\":\"https:\/\/schema.org\",\"@graph\":[{\"@type\":\"WebSite\",\"@id\":\"https:\/\/www.nettali.com\/#website\",\"url\":\"https:\/\/www.nettali.com\/\",\"name\":\"Nettali.com\",\"description\":\"Le rendez-vous critique du Net\",\"potentialAction\":[{\"@type\":\"SearchAction\",\"target\":{\"@type\":\"EntryPoint\",\"urlTemplate\":\"https:\/\/www.nettali.com\/?s={search_term_string}\"},\"query-input\":\"required name=search_term_string\"}],\"inLanguage\":\"fr-FR\"},{\"@type\":\"ImageObject\",\"@id\":\"https:\/\/www.nettali.com\/2023\/12\/07\/elections-de-representativite-syndicales-a-fatick-le-collectif-des-centrales-syndicales-obtiennent-gain-de-cause\/#primaryimage\",\"inLanguage\":\"fr-FR\",\"url\":\"https:\/\/www.nettali.com\/wp-content\/uploads\/2023\/12\/images-2.jpeg\",\"contentUrl\":\"https:\/\/www.nettali.com\/wp-content\/uploads\/2023\/12\/images-2.jpeg\",\"width\":283,\"height\":178},{\"@type\":\"WebPage\",\"@id\":\"https:\/\/www.nettali.com\/2023\/12\/07\/elections-de-representativite-syndicales-a-fatick-le-collectif-des-centrales-syndicales-obtiennent-gain-de-cause\/#webpage\",\"url\":\"https:\/\/www.nettali.com\/2023\/12\/07\/elections-de-representativite-syndicales-a-fatick-le-collectif-des-centrales-syndicales-obtiennent-gain-de-cause\/\",\"name\":\"\\u00c9LECTIONS DE REPR\\u00c9SENTATIVIT\\u00c9 SYNDICALES \\u00c0 FATICK \\u2013Le collectif des centrales syndicales obtiennent gain de cause | Nettali.com\",\"isPartOf\":{\"@id\":\"https:\/\/www.nettali.com\/#website\"},\"primaryImageOfPage\":{\"@id\":\"https:\/\/www.nettali.com\/2023\/12\/07\/elections-de-representativite-syndicales-a-fatick-le-collectif-des-centrales-syndicales-obtiennent-gain-de-cause\/#primaryimage\"},\"datePublished\":\"2023-12-07T16:13:45+00:00\",\"dateModified\":\"2023-12-07T16:13:45+00:00\",\"author\":{\"@id\":\"https:\/\/www.nettali.com\/#\/schema\/person\/418274a86bdf87caff7a3ef476bd0bbf\"},\"breadcrumb\":{\"@id\":\"https:\/\/www.nettali.com\/2023\/12\/07\/elections-de-representativite-syndicales-a-fatick-le-collectif-des-centrales-syndicales-obtiennent-gain-de-cause\/#breadcrumb\"},\"inLanguage\":\"fr-FR\",\"potentialAction\":[{\"@type\":\"ReadAction\",\"target\":[\"https:\/\/www.nettali.com\/2023\/12\/07\/elections-de-representativite-syndicales-a-fatick-le-collectif-des-centrales-syndicales-obtiennent-gain-de-cause\/\"]}]},{\"@type\":\"BreadcrumbList\",\"@id\":\"https:\/\/www.nettali.com\/2023\/12\/07\/elections-de-representativite-syndicales-a-fatick-le-collectif-des-centrales-syndicales-obtiennent-gain-de-cause\/#breadcrumb\",\"itemListElement\":[{\"@type\":\"ListItem\",\"position\":1,\"name\":\"Accueil\",\"item\":\"https:\/\/www.nettali.com\/\"},{\"@type\":\"ListItem\",\"position\":2,\"name\":\"\\u00c9LECTIONS DE REPR\\u00c9SENTATIVIT\\u00c9 SYNDICALES \\u00c0 FATICK \\u2013Le collectif des centrales syndicales obtiennent gain de cause\"}]},{\"@type\":\"Person\",\"@id\":\"https:\/\/www.nettali.com\/#\/schema\/person\/418274a86bdf87caff7a3ef476bd0bbf\",\"name\":\"Fatou\",\"image\":{\"@type\":\"ImageObject\",\"@id\":\"https:\/\/www.nettali.com\/#personlogo\",\"inLanguage\":\"fr-FR\",\"url\":\"https:\/\/secure.gravatar.com\/avatar\/5a9442a2bee7b4dcf167cab035858e9a?s=96&d=mm&r=g\",\"contentUrl\":\"https:\/\/secure.gravatar.com\/avatar\/5a9442a2bee7b4dcf167cab035858e9a?s=96&d=mm&r=g\",\"caption\":\"Fatou\"},\"sameAs\":[\"https:\/\/www.nettali.com\"]}]}<\/script>\n<!-- \/ Yoast SEO Premium plugin. -->","yoast_head_json":{"title":"\u00c9LECTIONS DE REPR\u00c9SENTATIVIT\u00c9 SYNDICALES \u00c0 FATICK \u2013Le collectif des centrales syndicales obtiennent gain de cause | Nettali.com","robots":{"index":"index","follow":"follow","max-snippet":"max-snippet:-1","max-image-preview":"max-image-preview:large","max-video-preview":"max-video-preview:-1"},"canonical":"https:\/\/www.nettali.com\/2023\/12\/07\/elections-de-representativite-syndicales-a-fatick-le-collectif-des-centrales-syndicales-obtiennent-gain-de-cause\/","og_locale":"fr_FR","og_type":"article","og_title":"\u00c9LECTIONS DE REPR\u00c9SENTATIVIT\u00c9 SYNDICALES \u00c0 FATICK \u2013Le collectif des centrales syndicales obtiennent gain de cause","og_description":"NETTALI.COM- De deux, le nombre de bureaux pour les \u00e9lections de repr\u00e9sentativit\u00e9 syndicales est pass\u00e9 \u00e0 six dans le d\u00e9partement de Fatick. Une victoire pour le collectif des centrales syndicales qui mena\u00e7ait de perturber le scrutin.\u00a0 Il n'y a plus de menace sur les \u00e9lections g\u00e9n\u00e9rales de repr\u00e9sentativit\u00e9s syndicales \u00e0 Fatick. Le collectif des centrales [&hellip;]","og_url":"https:\/\/www.nettali.com\/2023\/12\/07\/elections-de-representativite-syndicales-a-fatick-le-collectif-des-centrales-syndicales-obtiennent-gain-de-cause\/","og_site_name":"Nettali.com","article_publisher":"https:\/\/www.facebook.com\/nettalicom","article_published_time":"2023-12-07T16:13:45+00:00","og_image":[{"width":283,"height":178,"url":"https:\/\/www.nettali.com\/wp-content\/uploads\/2023\/12\/images-2.jpeg","type":"image\/jpeg"}],"twitter_card":"summary_large_image","twitter_misc":{"\u00c9crit par":"Fatou","Dur\u00e9e de lecture estim\u00e9e":"2 minutes"},"schema":{"@context":"https:\/\/schema.org","@graph":[{"@type":"WebSite","@id":"https:\/\/www.nettali.com\/#website","url":"https:\/\/www.nettali.com\/","name":"Nettali.com","description":"Le rendez-vous critique du Net","potentialAction":[{"@type":"SearchAction","target":{"@type":"EntryPoint","urlTemplate":"https:\/\/www.nettali.com\/?s={search_term_string}"},"query-input":"required name=search_term_string"}],"inLanguage":"fr-FR"},{"@type":"ImageObject","@id":"https:\/\/www.nettali.com\/2023\/12\/07\/elections-de-representativite-syndicales-a-fatick-le-collectif-des-centrales-syndicales-obtiennent-gain-de-cause\/#primaryimage","inLanguage":"fr-FR","url":"https:\/\/www.nettali.com\/wp-content\/uploads\/2023\/12\/images-2.jpeg","contentUrl":"https:\/\/www.nettali.com\/wp-content\/uploads\/2023\/12\/images-2.jpeg","width":283,"height":178},{"@type":"WebPage","@id":"https:\/\/www.nettali.com\/2023\/12\/07\/elections-de-representativite-syndicales-a-fatick-le-collectif-des-centrales-syndicales-obtiennent-gain-de-cause\/#webpage","url":"https:\/\/www.nettali.com\/2023\/12\/07\/elections-de-representativite-syndicales-a-fatick-le-collectif-des-centrales-syndicales-obtiennent-gain-de-cause\/","name":"\u00c9LECTIONS DE REPR\u00c9SENTATIVIT\u00c9 SYNDICALES \u00c0 FATICK \u2013Le collectif des centrales syndicales obtiennent gain de cause | Nettali.com","isPartOf":{"@id":"https:\/\/www.nettali.com\/#website"},"primaryImageOfPage":{"@id":"https:\/\/www.nettali.com\/2023\/12\/07\/elections-de-representativite-syndicales-a-fatick-le-collectif-des-centrales-syndicales-obtiennent-gain-de-cause\/#primaryimage"},"datePublished":"2023-12-07T16:13:45+00:00","dateModified":"2023-12-07T16:13:45+00:00","author":{"@id":"https:\/\/www.nettali.com\/#\/schema\/person\/418274a86bdf87caff7a3ef476bd0bbf"},"breadcrumb":{"@id":"https:\/\/www.nettali.com\/2023\/12\/07\/elections-de-representativite-syndicales-a-fatick-le-collectif-des-centrales-syndicales-obtiennent-gain-de-cause\/#breadcrumb"},"inLanguage":"fr-FR","potentialAction":[{"@type":"ReadAction","target":["https:\/\/www.nettali.com\/2023\/12\/07\/elections-de-representativite-syndicales-a-fatick-le-collectif-des-centrales-syndicales-obtiennent-gain-de-cause\/"]}]},{"@type":"BreadcrumbList","@id":"https:\/\/www.nettali.com\/2023\/12\/07\/elections-de-representativite-syndicales-a-fatick-le-collectif-des-centrales-syndicales-obtiennent-gain-de-cause\/#breadcrumb","itemListElement":[{"@type":"ListItem","position":1,"name":"Accueil","item":"https:\/\/www.nettali.com\/"},{"@type":"ListItem","position":2,"name":"\u00c9LECTIONS DE REPR\u00c9SENTATIVIT\u00c9 SYNDICALES \u00c0 FATICK \u2013Le collectif des centrales syndicales obtiennent gain de cause"}]},{"@type":"Person","@id":"https:\/\/www.nettali.com\/#\/schema\/person\/418274a86bdf87caff7a3ef476bd0bbf","name":"Fatou","image":{"@type":"ImageObject","@id":"https:\/\/www.nettali.com\/#personlogo","inLanguage":"fr-FR","url":"https:\/\/secure.gravatar.com\/avatar\/5a9442a2bee7b4dcf167cab035858e9a?s=96&d=mm&r=g","contentUrl":"https:\/\/secure.gravatar.com\/avatar\/5a9442a2bee7b4dcf167cab035858e9a?s=96&d=mm&r=g","caption":"Fatou"},"sameAs":["https:\/\/www.nettali.com"]}]}},"_links":{"self":[{"href":"https:\/\/www.nettali.com\/rest\/wp\/v2\/posts\/123274"}],"collection":[{"href":"https:\/\/www.nettali.com\/rest\/wp\/v2\/posts"}],"about":[{"href":"https:\/\/www.nettali.com\/rest\/wp\/v2\/types\/post"}],"author":[{"embeddable":true,"href":"https:\/\/www.nettali.com\/rest\/wp\/v2\/users\/6"}],"replies":[{"embeddable":true,"href":"https:\/\/www.nettali.com\/rest\/wp\/v2\/comments?post=123274"}],"version-history":[{"count":3,"href":"https:\/\/www.nettali.com\/rest\/wp\/v2\/posts\/123274\/revisions"}],"predecessor-version":[{"id":123281,"href":"https:\/\/www.nettali.com\/rest\/wp\/v2\/posts\/123274\/revisions\/123281"}],"wp:featuredmedia":[{"embeddable":true,"href":"https:\/\/www.nettali.com\/rest\/wp\/v2\/media\/123275"}],"wp:attachment":[{"href":"https:\/\/www.nettali.com\/rest\/wp\/v2\/media?parent=123274"}],"wp:term":[{"taxonomy":"category","embeddable":true,"href":"https:\/\/www.nettali.com\/rest\/wp\/v2\/categories?post=123274"},{"taxonomy":"post_tag","embeddable":true,"href":"https:\/\/www.nettali.com\/rest\/wp\/v2\/tags?post=123274"}],"curies":[{"name":"wp","href":"https:\/\/api.w.org\/{rel}","templated":true}]}}