{"id":123272,"date":"2023-12-07T16:19:53","date_gmt":"2023-12-07T16:19:53","guid":{"rendered":"https:\/\/www.nettali.com\/?p=123272"},"modified":"2023-12-07T16:20:08","modified_gmt":"2023-12-07T16:20:08","slug":"mamadou-seck-expert-electoral-si-le-tribunal-tranche-en-faveur-de-sonko-il-pourra","status":"publish","type":"post","link":"https:\/\/www.nettali.com\/2023\/12\/07\/mamadou-seck-expert-electoral-si-le-tribunal-tranche-en-faveur-de-sonko-il-pourra\/","title":{"rendered":"MAMADOU SECK, EXPERT ELECTORAL - \u00ab Si le tribunal tranche en faveur de Sonko, il pourra \u2026 \u00bb"},"content":{"rendered":"<p><strong>NETTALI.COM- Selon l\u2019expert \u00e9lectoral, Mamadou Seck, le leader du parti Pastef, dissout aura bel et bien la possibilit\u00e9 de collecter des parrainages si, toutefois la justice ordonne sa r\u00e9int\u00e9gration sur les listes \u00e9lectorales. Cependant, il estime que le maire de Ziguinchor doit tenir compte des d\u00e9lais fix\u00e9w par le code \u00e9lectoral.<\/strong><\/p>\n<p>Le tribunal hors classe d\u2019instance de Dakar se penche sur la r\u00e9int\u00e9gration ou non de Ousmane Sonko sur les listes \u00e9lectorales le 12 d\u00e9cembre prochain. Des experts \u00e9lectoraux ont donn\u00e9 cependant leur avis sur ce qui pourrait ou non \u00eatre favorable au candidat Ousmane Sonko si le tribunal ordonne sa r\u00e9int\u00e9gration. Ainsi pour Mamadou Seck, expert \u00e9lectoral, s\u2019il arrivait aujourd\u2019hui, une d\u00e9cision en faveur de Sonko vienne \u00e0 tomber, il peut se mettre au pas de charge, aller collecter ses parrains et constituer son dossier du 11 au 26. \u00ab <em>La p\u00e9riode de collecte du parrainage a d\u00e9marr\u00e9 le 27 septembre pour deux mois. Techniquement, jusqu\u2019au 26 d\u00e9cembre, on a la possibilit\u00e9 de recueillir et collecter des parrainages sur le terrain. C\u2019est juste qu\u2019on a s\u00e9quenc\u00e9 \u00e0 partir du jusqu\u2019au 26, la phase de r\u00e9ception des dossiers de candidature. Ce qui veut dire qu\u2019un candidat peut m\u00eame entre le 11 et le 26 aller collecter et revenir constituer son dossier de candidature et d\u00e9poser. Maintenant selon l\u2019ordre de passage, c\u2019est \u00e0 partir de ce moment l\u00e0 qu\u2019on va faire le contr\u00f4le mais jusqu\u2019au 26, vous pouvez venir d\u00e9poser votre dossier de candidature avec la cl\u00e9 de collecte pour justement permettre \u00e0 la commission de contr\u00f4le log\u00e9e au niveau du conseil constitutionnel de pouvoir faire le contr\u00f4le<\/em> \u00bb, a-t-il indiqu\u00e9.<\/p>\n<p>Il pr\u00e9cise toutefois que dans le code \u00e9lectoral, il n\u2019y a pas de d\u00e9rogation. \u00ab <em>Le processus \u00e9lectoral ob\u00e9it \u00e0 des s\u00e9quences qui se succ\u00e8dent et dont le suivi est vigoureuse pour \u00e9viter que \u00e7a empi\u00e8te sur une autre . C\u2019est des s\u00e9quences qu\u2019on suit strictement et qu\u2019on doit respecter<\/em> \u00bb, dit-il.<\/p>\n<div class='share-to-whatsapp-wrapper'><div class='share-on-whsp'>PARTAGER SUR : <\/div><a data-text='MAMADOU SECK, EXPERT ELECTORAL - \u00ab Si le tribunal tranche en faveur de Sonko, il pourra \u2026 \u00bb' data-link='https:\/\/www.nettali.com\/2023\/12\/07\/mamadou-seck-expert-electoral-si-le-tribunal-tranche-en-faveur-de-sonko-il-pourra\/' class='whatsapp-button whatsapp-share'>WhatsApp<\/a><div class='clear '><\/div><\/div>","protected":false},"excerpt":{"rendered":"<p>NETTALI.COM- Selon l\u2019expert \u00e9lectoral, Mamadou Seck, le leader du parti Pastef, dissout aura bel et bien la possibilit\u00e9 de collecter des parrainages si, toutefois la justice ordonne sa r\u00e9int\u00e9gration sur les listes \u00e9lectorales. Cependant, il estime que le maire de Ziguinchor doit tenir compte des d\u00e9lais fix\u00e9w par le code \u00e9lectoral. Le tribunal hors classe [&hellip;]<\/p>\n","protected":false},"author":6,"featured_media":123158,"comment_status":"open","ping_status":"open","sticky":false,"template":"","format":"standard","meta":{"_et_pb_use_builder":"","_et_pb_old_content":""},"categories":[2],"tags":[],"yoast_head":"<!-- This site is optimized with the Yoast SEO Premium plugin v17.8 (Yoast SEO v17.8) - https:\/\/yoast.com\/wordpress\/plugins\/seo\/ -->\n<title>MAMADOU SECK, EXPERT ELECTORAL - \u00ab Si le tribunal tranche en faveur de Sonko, il pourra \u2026 \u00bb | Nettali.com<\/title>\n<meta name=\"robots\" content=\"index, follow, max-snippet:-1, max-image-preview:large, max-video-preview:-1\" \/>\n<link rel=\"canonical\" href=\"https:\/\/www.nettali.com\/2023\/12\/07\/mamadou-seck-expert-electoral-si-le-tribunal-tranche-en-faveur-de-sonko-il-pourra\/\" \/>\n<meta property=\"og:locale\" content=\"fr_FR\" \/>\n<meta property=\"og:type\" content=\"article\" \/>\n<meta property=\"og:title\" content=\"MAMADOU SECK, EXPERT ELECTORAL - \u00ab Si le tribunal tranche en faveur de Sonko, il pourra \u2026 \u00bb\" \/>\n<meta property=\"og:description\" content=\"NETTALI.COM- Selon l\u2019expert \u00e9lectoral, Mamadou Seck, le leader du parti Pastef, dissout aura bel et bien la possibilit\u00e9 de collecter des parrainages si, toutefois la justice ordonne sa r\u00e9int\u00e9gration sur les listes \u00e9lectorales. Cependant, il estime que le maire de Ziguinchor doit tenir compte des d\u00e9lais fix\u00e9w par le code \u00e9lectoral. Le tribunal hors classe [&hellip;]\" \/>\n<meta property=\"og:url\" content=\"https:\/\/www.nettali.com\/2023\/12\/07\/mamadou-seck-expert-electoral-si-le-tribunal-tranche-en-faveur-de-sonko-il-pourra\/\" \/>\n<meta property=\"og:site_name\" content=\"Nettali.com\" \/>\n<meta property=\"article:publisher\" content=\"https:\/\/www.facebook.com\/nettalicom\" \/>\n<meta property=\"article:published_time\" content=\"2023-12-07T16:19:53+00:00\" \/>\n<meta property=\"article:modified_time\" content=\"2023-12-07T16:20:08+00:00\" \/>\n<meta property=\"og:image\" content=\"https:\/\/www.nettali.com\/wp-content\/uploads\/2023\/12\/Capture-de\u0301cran-2023-12-05-a\u0300-16.56.47.png\" \/>\n\t<meta property=\"og:image:width\" content=\"504\" \/>\n\t<meta property=\"og:image:height\" content=\"286\" \/>\n<meta name=\"twitter:card\" content=\"summary_large_image\" \/>\n<meta name=\"twitter:label1\" content=\"\u00c9crit par\" \/>\n\t<meta name=\"twitter:data1\" content=\"Fatou\" \/>\n\t<meta name=\"twitter:label2\" content=\"Dur\u00e9e de lecture estim\u00e9e\" \/>\n\t<meta name=\"twitter:data2\" content=\"2 minutes\" \/>\n<script type=\"application\/ld+json\" class=\"yoast-schema-graph\">{\"@context\":\"https:\/\/schema.org\",\"@graph\":[{\"@type\":\"WebSite\",\"@id\":\"https:\/\/www.nettali.com\/#website\",\"url\":\"https:\/\/www.nettali.com\/\",\"name\":\"Nettali.com\",\"description\":\"Le rendez-vous critique du Net\",\"potentialAction\":[{\"@type\":\"SearchAction\",\"target\":{\"@type\":\"EntryPoint\",\"urlTemplate\":\"https:\/\/www.nettali.com\/?s={search_term_string}\"},\"query-input\":\"required name=search_term_string\"}],\"inLanguage\":\"fr-FR\"},{\"@type\":\"ImageObject\",\"@id\":\"https:\/\/www.nettali.com\/2023\/12\/07\/mamadou-seck-expert-electoral-si-le-tribunal-tranche-en-faveur-de-sonko-il-pourra\/#primaryimage\",\"inLanguage\":\"fr-FR\",\"url\":\"https:\/\/www.nettali.com\/wp-content\/uploads\/2023\/12\/Capture-de\\u0301cran-2023-12-05-a\\u0300-16.56.47.png\",\"contentUrl\":\"https:\/\/www.nettali.com\/wp-content\/uploads\/2023\/12\/Capture-de\\u0301cran-2023-12-05-a\\u0300-16.56.47.png\",\"width\":504,\"height\":286},{\"@type\":\"WebPage\",\"@id\":\"https:\/\/www.nettali.com\/2023\/12\/07\/mamadou-seck-expert-electoral-si-le-tribunal-tranche-en-faveur-de-sonko-il-pourra\/#webpage\",\"url\":\"https:\/\/www.nettali.com\/2023\/12\/07\/mamadou-seck-expert-electoral-si-le-tribunal-tranche-en-faveur-de-sonko-il-pourra\/\",\"name\":\"MAMADOU SECK, EXPERT ELECTORAL - \\u00ab Si le tribunal tranche en faveur de Sonko, il pourra \\u2026 \\u00bb | Nettali.com\",\"isPartOf\":{\"@id\":\"https:\/\/www.nettali.com\/#website\"},\"primaryImageOfPage\":{\"@id\":\"https:\/\/www.nettali.com\/2023\/12\/07\/mamadou-seck-expert-electoral-si-le-tribunal-tranche-en-faveur-de-sonko-il-pourra\/#primaryimage\"},\"datePublished\":\"2023-12-07T16:19:53+00:00\",\"dateModified\":\"2023-12-07T16:20:08+00:00\",\"author\":{\"@id\":\"https:\/\/www.nettali.com\/#\/schema\/person\/418274a86bdf87caff7a3ef476bd0bbf\"},\"breadcrumb\":{\"@id\":\"https:\/\/www.nettali.com\/2023\/12\/07\/mamadou-seck-expert-electoral-si-le-tribunal-tranche-en-faveur-de-sonko-il-pourra\/#breadcrumb\"},\"inLanguage\":\"fr-FR\",\"potentialAction\":[{\"@type\":\"ReadAction\",\"target\":[\"https:\/\/www.nettali.com\/2023\/12\/07\/mamadou-seck-expert-electoral-si-le-tribunal-tranche-en-faveur-de-sonko-il-pourra\/\"]}]},{\"@type\":\"BreadcrumbList\",\"@id\":\"https:\/\/www.nettali.com\/2023\/12\/07\/mamadou-seck-expert-electoral-si-le-tribunal-tranche-en-faveur-de-sonko-il-pourra\/#breadcrumb\",\"itemListElement\":[{\"@type\":\"ListItem\",\"position\":1,\"name\":\"Accueil\",\"item\":\"https:\/\/www.nettali.com\/\"},{\"@type\":\"ListItem\",\"position\":2,\"name\":\"MAMADOU SECK, EXPERT ELECTORAL - \\u00ab Si le tribunal tranche en faveur de Sonko, il pourra \\u2026 \\u00bb\"}]},{\"@type\":\"Person\",\"@id\":\"https:\/\/www.nettali.com\/#\/schema\/person\/418274a86bdf87caff7a3ef476bd0bbf\",\"name\":\"Fatou\",\"image\":{\"@type\":\"ImageObject\",\"@id\":\"https:\/\/www.nettali.com\/#personlogo\",\"inLanguage\":\"fr-FR\",\"url\":\"https:\/\/secure.gravatar.com\/avatar\/5a9442a2bee7b4dcf167cab035858e9a?s=96&d=mm&r=g\",\"contentUrl\":\"https:\/\/secure.gravatar.com\/avatar\/5a9442a2bee7b4dcf167cab035858e9a?s=96&d=mm&r=g\",\"caption\":\"Fatou\"},\"sameAs\":[\"https:\/\/www.nettali.com\"]}]}<\/script>\n<!-- \/ Yoast SEO Premium plugin. -->","yoast_head_json":{"title":"MAMADOU SECK, EXPERT ELECTORAL - \u00ab Si le tribunal tranche en faveur de Sonko, il pourra \u2026 \u00bb | Nettali.com","robots":{"index":"index","follow":"follow","max-snippet":"max-snippet:-1","max-image-preview":"max-image-preview:large","max-video-preview":"max-video-preview:-1"},"canonical":"https:\/\/www.nettali.com\/2023\/12\/07\/mamadou-seck-expert-electoral-si-le-tribunal-tranche-en-faveur-de-sonko-il-pourra\/","og_locale":"fr_FR","og_type":"article","og_title":"MAMADOU SECK, EXPERT ELECTORAL - \u00ab Si le tribunal tranche en faveur de Sonko, il pourra \u2026 \u00bb","og_description":"NETTALI.COM- Selon l\u2019expert \u00e9lectoral, Mamadou Seck, le leader du parti Pastef, dissout aura bel et bien la possibilit\u00e9 de collecter des parrainages si, toutefois la justice ordonne sa r\u00e9int\u00e9gration sur les listes \u00e9lectorales. Cependant, il estime que le maire de Ziguinchor doit tenir compte des d\u00e9lais fix\u00e9w par le code \u00e9lectoral. Le tribunal hors classe [&hellip;]","og_url":"https:\/\/www.nettali.com\/2023\/12\/07\/mamadou-seck-expert-electoral-si-le-tribunal-tranche-en-faveur-de-sonko-il-pourra\/","og_site_name":"Nettali.com","article_publisher":"https:\/\/www.facebook.com\/nettalicom","article_published_time":"2023-12-07T16:19:53+00:00","article_modified_time":"2023-12-07T16:20:08+00:00","og_image":[{"width":504,"height":286,"url":"https:\/\/www.nettali.com\/wp-content\/uploads\/2023\/12\/Capture-de\u0301cran-2023-12-05-a\u0300-16.56.47.png","type":"image\/png"}],"twitter_card":"summary_large_image","twitter_misc":{"\u00c9crit par":"Fatou","Dur\u00e9e de lecture estim\u00e9e":"2 minutes"},"schema":{"@context":"https:\/\/schema.org","@graph":[{"@type":"WebSite","@id":"https:\/\/www.nettali.com\/#website","url":"https:\/\/www.nettali.com\/","name":"Nettali.com","description":"Le rendez-vous critique du Net","potentialAction":[{"@type":"SearchAction","target":{"@type":"EntryPoint","urlTemplate":"https:\/\/www.nettali.com\/?s={search_term_string}"},"query-input":"required name=search_term_string"}],"inLanguage":"fr-FR"},{"@type":"ImageObject","@id":"https:\/\/www.nettali.com\/2023\/12\/07\/mamadou-seck-expert-electoral-si-le-tribunal-tranche-en-faveur-de-sonko-il-pourra\/#primaryimage","inLanguage":"fr-FR","url":"https:\/\/www.nettali.com\/wp-content\/uploads\/2023\/12\/Capture-de\u0301cran-2023-12-05-a\u0300-16.56.47.png","contentUrl":"https:\/\/www.nettali.com\/wp-content\/uploads\/2023\/12\/Capture-de\u0301cran-2023-12-05-a\u0300-16.56.47.png","width":504,"height":286},{"@type":"WebPage","@id":"https:\/\/www.nettali.com\/2023\/12\/07\/mamadou-seck-expert-electoral-si-le-tribunal-tranche-en-faveur-de-sonko-il-pourra\/#webpage","url":"https:\/\/www.nettali.com\/2023\/12\/07\/mamadou-seck-expert-electoral-si-le-tribunal-tranche-en-faveur-de-sonko-il-pourra\/","name":"MAMADOU SECK, EXPERT ELECTORAL - \u00ab Si le tribunal tranche en faveur de Sonko, il pourra \u2026 \u00bb | Nettali.com","isPartOf":{"@id":"https:\/\/www.nettali.com\/#website"},"primaryImageOfPage":{"@id":"https:\/\/www.nettali.com\/2023\/12\/07\/mamadou-seck-expert-electoral-si-le-tribunal-tranche-en-faveur-de-sonko-il-pourra\/#primaryimage"},"datePublished":"2023-12-07T16:19:53+00:00","dateModified":"2023-12-07T16:20:08+00:00","author":{"@id":"https:\/\/www.nettali.com\/#\/schema\/person\/418274a86bdf87caff7a3ef476bd0bbf"},"breadcrumb":{"@id":"https:\/\/www.nettali.com\/2023\/12\/07\/mamadou-seck-expert-electoral-si-le-tribunal-tranche-en-faveur-de-sonko-il-pourra\/#breadcrumb"},"inLanguage":"fr-FR","potentialAction":[{"@type":"ReadAction","target":["https:\/\/www.nettali.com\/2023\/12\/07\/mamadou-seck-expert-electoral-si-le-tribunal-tranche-en-faveur-de-sonko-il-pourra\/"]}]},{"@type":"BreadcrumbList","@id":"https:\/\/www.nettali.com\/2023\/12\/07\/mamadou-seck-expert-electoral-si-le-tribunal-tranche-en-faveur-de-sonko-il-pourra\/#breadcrumb","itemListElement":[{"@type":"ListItem","position":1,"name":"Accueil","item":"https:\/\/www.nettali.com\/"},{"@type":"ListItem","position":2,"name":"MAMADOU SECK, EXPERT ELECTORAL - \u00ab Si le tribunal tranche en faveur de Sonko, il pourra \u2026 \u00bb"}]},{"@type":"Person","@id":"https:\/\/www.nettali.com\/#\/schema\/person\/418274a86bdf87caff7a3ef476bd0bbf","name":"Fatou","image":{"@type":"ImageObject","@id":"https:\/\/www.nettali.com\/#personlogo","inLanguage":"fr-FR","url":"https:\/\/secure.gravatar.com\/avatar\/5a9442a2bee7b4dcf167cab035858e9a?s=96&d=mm&r=g","contentUrl":"https:\/\/secure.gravatar.com\/avatar\/5a9442a2bee7b4dcf167cab035858e9a?s=96&d=mm&r=g","caption":"Fatou"},"sameAs":["https:\/\/www.nettali.com"]}]}},"_links":{"self":[{"href":"https:\/\/www.nettali.com\/rest\/wp\/v2\/posts\/123272"}],"collection":[{"href":"https:\/\/www.nettali.com\/rest\/wp\/v2\/posts"}],"about":[{"href":"https:\/\/www.nettali.com\/rest\/wp\/v2\/types\/post"}],"author":[{"embeddable":true,"href":"https:\/\/www.nettali.com\/rest\/wp\/v2\/users\/6"}],"replies":[{"embeddable":true,"href":"https:\/\/www.nettali.com\/rest\/wp\/v2\/comments?post=123272"}],"version-history":[{"count":3,"href":"https:\/\/www.nettali.com\/rest\/wp\/v2\/posts\/123272\/revisions"}],"predecessor-version":[{"id":123288,"href":"https:\/\/www.nettali.com\/rest\/wp\/v2\/posts\/123272\/revisions\/123288"}],"wp:featuredmedia":[{"embeddable":true,"href":"https:\/\/www.nettali.com\/rest\/wp\/v2\/media\/123158"}],"wp:attachment":[{"href":"https:\/\/www.nettali.com\/rest\/wp\/v2\/media?parent=123272"}],"wp:term":[{"taxonomy":"category","embeddable":true,"href":"https:\/\/www.nettali.com\/rest\/wp\/v2\/categories?post=123272"},{"taxonomy":"post_tag","embeddable":true,"href":"https:\/\/www.nettali.com\/rest\/wp\/v2\/tags?post=123272"}],"curies":[{"name":"wp","href":"https:\/\/api.w.org\/{rel}","templated":true}]}}