{"id":123269,"date":"2023-12-07T16:16:23","date_gmt":"2023-12-07T16:16:23","guid":{"rendered":"https:\/\/www.nettali.com\/?p=123269"},"modified":"2023-12-07T16:16:23","modified_gmt":"2023-12-07T16:16:23","slug":"ballon-dor-africain-sadio-mane-absent-du-podium","status":"publish","type":"post","link":"https:\/\/www.nettali.com\/2023\/12\/07\/ballon-dor-africain-sadio-mane-absent-du-podium\/","title":{"rendered":"BALLON D'OR AFRICAIN - Sadio Man\u00e9 absent du podium"},"content":{"rendered":"<p><strong>NETTALI.COM - Apr\u00e8s avoir pr\u00e9sent\u00e9 une liste de 30 nomm\u00e9s puis de 10 noms, la Conf\u00e9d\u00e9ration africaine de football (CAF) a d\u00e9voil\u00e9 ce jeudi 7 d\u00e9cembre l'identit\u00e9 des 3 finalistes pour le titre du Ballon d'Or Africain, qui sera d\u00e9cern\u00e9 le 11 d\u00e9cembre \u00e0 Marrakech. Il s'agit de Victor Osimhen, Achraf Hakimi et Mohamed Salah.<\/strong><\/p>\n<p>Vainqueur des deux pr\u00e9c\u00e9dentes \u00e9ditions, Sadio Man\u00e9 ne sera pas le prochain Ballon d\u2019Or africain. L\u2019attaquant s\u00e9n\u00e9galais ne figure pas dans la liste des trois finalistes. L'enfant de Bambali, victime d\u2019une saison tumultueuse qui l\u2019a vu rater la Coupe du Monde en raison d\u2019une longue blessure, a \u00e9t\u00e9 \u00e9cart\u00e9 de la liste restreinte pour le titre du meilleur joueur africain de l'ann\u00e9e.<\/p>\n<p><strong>Hakimi et Salah, les surprises?<\/strong><\/p>\n<p>Pour cette nouvelle \u00e9dition, le lat\u00e9ral droit de la s\u00e9lection nationale du Maroc et du Paris Saint-Germain, Achraf Hakimi, l\u2019attaquant nig\u00e9rian de Naples, Victor Osimhen, et la star de Liverpool, l\u2019\u00c9gyptien Mohamed Salah, sont les grands pr\u00e9tendants au titre. Si la pr\u00e9sence de l'attaquant de Naples, champion d'Italie et meilleur buteur du Calcio, ne souffre d'aucune contestation, celles de Salah et Hakima font d\u00e9bat.<\/p>\n<p><strong>Bounou et Mahrez, les oubli\u00e9s!<\/strong><\/p>\n<p>Annonc\u00e9s comme les grands favoris de cette \u00e9dition, Riyad Mahrez et Yassine Bounou ne termineront pas sur le podium ! Auteur d'un tripl\u00e9\u00a0 au FA Cup-Premier League-Ligue des champions la saison pass\u00e9e avec un temps de jeu certes limit\u00e9 \u00e0 Manchester City, l'ailier alg\u00e9rien avait pourtant effectu\u00e9 une sortie m\u00e9diatique remarqu\u00e9e, dans laquelle il affirmait m\u00e9riter ce titre. Le jury compos\u00e9 de la Commission Technique de la CAF, de journalistes, de joueurs et d\u2019entra\u00eeneurs, en a visiblement d\u00e9cid\u00e9 autrement.<\/p>\n<p>Il en va de m\u00eame pour Yassine Bounou ! Alors que des rumeurs affirmaient que le sacre \u00e9tait promis au gardien du Maroc en \u00e9change de l'organisation de la c\u00e9r\u00e9monie \u00e0 Marrakech, le portier d'Al-Hilal est lui aussi zapp\u00e9 du trio final. Avec une place de demi-finaliste \u00e0 la Coupe du monde et un sacre en Ligue Europa avec le FC S\u00e9ville, et des arr\u00eats d\u00e9cisifs dans les deux comp\u00e9titions, le Lion de l'Atlas, 13e du dernier Ballon d'Or\u00a0France Football, avait pourtant un beau CV \u00e0 faire valoir.<\/p>\n<div class='share-to-whatsapp-wrapper'><div class='share-on-whsp'>PARTAGER SUR : <\/div><a data-text='BALLON D'OR AFRICAIN - Sadio Man\u00e9 absent du podium' data-link='https:\/\/www.nettali.com\/2023\/12\/07\/ballon-dor-africain-sadio-mane-absent-du-podium\/' class='whatsapp-button whatsapp-share'>WhatsApp<\/a><div class='clear '><\/div><\/div>","protected":false},"excerpt":{"rendered":"<p>NETTALI.COM - Apr\u00e8s avoir pr\u00e9sent\u00e9 une liste de 30 nomm\u00e9s puis de 10 noms, la Conf\u00e9d\u00e9ration africaine de football (CAF) a d\u00e9voil\u00e9 ce jeudi 7 d\u00e9cembre l'identit\u00e9 des 3 finalistes pour le titre du Ballon d'Or Africain, qui sera d\u00e9cern\u00e9 le 11 d\u00e9cembre \u00e0 Marrakech. Il s'agit de Victor Osimhen, Achraf Hakimi et Mohamed Salah. [&hellip;]<\/p>\n","protected":false},"author":5,"featured_media":123270,"comment_status":"open","ping_status":"open","sticky":false,"template":"","format":"standard","meta":{"_et_pb_use_builder":"","_et_pb_old_content":""},"categories":[6],"tags":[],"yoast_head":"<!-- This site is optimized with the Yoast SEO Premium plugin v17.8 (Yoast SEO v17.8) - https:\/\/yoast.com\/wordpress\/plugins\/seo\/ -->\n<title>BALLON D&#039;OR AFRICAIN - Sadio Man\u00e9 absent du podium | Nettali.com<\/title>\n<meta name=\"robots\" content=\"index, follow, max-snippet:-1, max-image-preview:large, max-video-preview:-1\" \/>\n<link rel=\"canonical\" href=\"https:\/\/www.nettali.com\/2023\/12\/07\/ballon-dor-africain-sadio-mane-absent-du-podium\/\" \/>\n<meta property=\"og:locale\" content=\"fr_FR\" \/>\n<meta property=\"og:type\" content=\"article\" \/>\n<meta property=\"og:title\" content=\"BALLON D&#039;OR AFRICAIN - Sadio Man\u00e9 absent du podium\" \/>\n<meta property=\"og:description\" content=\"NETTALI.COM - Apr\u00e8s avoir pr\u00e9sent\u00e9 une liste de 30 nomm\u00e9s puis de 10 noms, la Conf\u00e9d\u00e9ration africaine de football (CAF) a d\u00e9voil\u00e9 ce jeudi 7 d\u00e9cembre l&#039;identit\u00e9 des 3 finalistes pour le titre du Ballon d&#039;Or Africain, qui sera d\u00e9cern\u00e9 le 11 d\u00e9cembre \u00e0 Marrakech. Il s&#039;agit de Victor Osimhen, Achraf Hakimi et Mohamed Salah. [&hellip;]\" \/>\n<meta property=\"og:url\" content=\"https:\/\/www.nettali.com\/2023\/12\/07\/ballon-dor-africain-sadio-mane-absent-du-podium\/\" \/>\n<meta property=\"og:site_name\" content=\"Nettali.com\" \/>\n<meta property=\"article:publisher\" content=\"https:\/\/www.facebook.com\/nettalicom\" \/>\n<meta property=\"article:published_time\" content=\"2023-12-07T16:16:23+00:00\" \/>\n<meta property=\"og:image\" content=\"https:\/\/www.nettali.com\/wp-content\/uploads\/2023\/12\/MjAyMDAxZTFlZmI4YzU3NTdiOTlkNmNlMzlhYzk4NWJhOWJiYzQ.jpeg\" \/>\n\t<meta property=\"og:image:width\" content=\"1260\" \/>\n\t<meta property=\"og:image:height\" content=\"708\" \/>\n<meta name=\"twitter:card\" content=\"summary_large_image\" \/>\n<meta name=\"twitter:label1\" content=\"\u00c9crit par\" \/>\n\t<meta name=\"twitter:data1\" content=\"Ibrahima\" \/>\n\t<meta name=\"twitter:label2\" content=\"Dur\u00e9e de lecture estim\u00e9e\" \/>\n\t<meta name=\"twitter:data2\" content=\"2 minutes\" \/>\n<script type=\"application\/ld+json\" class=\"yoast-schema-graph\">{\"@context\":\"https:\/\/schema.org\",\"@graph\":[{\"@type\":\"WebSite\",\"@id\":\"https:\/\/www.nettali.com\/#website\",\"url\":\"https:\/\/www.nettali.com\/\",\"name\":\"Nettali.com\",\"description\":\"Le rendez-vous critique du Net\",\"potentialAction\":[{\"@type\":\"SearchAction\",\"target\":{\"@type\":\"EntryPoint\",\"urlTemplate\":\"https:\/\/www.nettali.com\/?s={search_term_string}\"},\"query-input\":\"required name=search_term_string\"}],\"inLanguage\":\"fr-FR\"},{\"@type\":\"ImageObject\",\"@id\":\"https:\/\/www.nettali.com\/2023\/12\/07\/ballon-dor-africain-sadio-mane-absent-du-podium\/#primaryimage\",\"inLanguage\":\"fr-FR\",\"url\":\"https:\/\/www.nettali.com\/wp-content\/uploads\/2023\/12\/MjAyMDAxZTFlZmI4YzU3NTdiOTlkNmNlMzlhYzk4NWJhOWJiYzQ.jpeg\",\"contentUrl\":\"https:\/\/www.nettali.com\/wp-content\/uploads\/2023\/12\/MjAyMDAxZTFlZmI4YzU3NTdiOTlkNmNlMzlhYzk4NWJhOWJiYzQ.jpeg\",\"width\":1260,\"height\":708},{\"@type\":\"WebPage\",\"@id\":\"https:\/\/www.nettali.com\/2023\/12\/07\/ballon-dor-africain-sadio-mane-absent-du-podium\/#webpage\",\"url\":\"https:\/\/www.nettali.com\/2023\/12\/07\/ballon-dor-africain-sadio-mane-absent-du-podium\/\",\"name\":\"BALLON D'OR AFRICAIN - Sadio Man\\u00e9 absent du podium | Nettali.com\",\"isPartOf\":{\"@id\":\"https:\/\/www.nettali.com\/#website\"},\"primaryImageOfPage\":{\"@id\":\"https:\/\/www.nettali.com\/2023\/12\/07\/ballon-dor-africain-sadio-mane-absent-du-podium\/#primaryimage\"},\"datePublished\":\"2023-12-07T16:16:23+00:00\",\"dateModified\":\"2023-12-07T16:16:23+00:00\",\"author\":{\"@id\":\"https:\/\/www.nettali.com\/#\/schema\/person\/bb147657c2986240405a608162b9bb23\"},\"breadcrumb\":{\"@id\":\"https:\/\/www.nettali.com\/2023\/12\/07\/ballon-dor-africain-sadio-mane-absent-du-podium\/#breadcrumb\"},\"inLanguage\":\"fr-FR\",\"potentialAction\":[{\"@type\":\"ReadAction\",\"target\":[\"https:\/\/www.nettali.com\/2023\/12\/07\/ballon-dor-africain-sadio-mane-absent-du-podium\/\"]}]},{\"@type\":\"BreadcrumbList\",\"@id\":\"https:\/\/www.nettali.com\/2023\/12\/07\/ballon-dor-africain-sadio-mane-absent-du-podium\/#breadcrumb\",\"itemListElement\":[{\"@type\":\"ListItem\",\"position\":1,\"name\":\"Accueil\",\"item\":\"https:\/\/www.nettali.com\/\"},{\"@type\":\"ListItem\",\"position\":2,\"name\":\"BALLON D'OR AFRICAIN - Sadio Man\\u00e9 absent du podium\"}]},{\"@type\":\"Person\",\"@id\":\"https:\/\/www.nettali.com\/#\/schema\/person\/bb147657c2986240405a608162b9bb23\",\"name\":\"Ibrahima\",\"image\":{\"@type\":\"ImageObject\",\"@id\":\"https:\/\/www.nettali.com\/#personlogo\",\"inLanguage\":\"fr-FR\",\"url\":\"https:\/\/secure.gravatar.com\/avatar\/26a8a81f09f0dd7624c9d5c36c9ba3a2?s=96&d=mm&r=g\",\"contentUrl\":\"https:\/\/secure.gravatar.com\/avatar\/26a8a81f09f0dd7624c9d5c36c9ba3a2?s=96&d=mm&r=g\",\"caption\":\"Ibrahima\"},\"sameAs\":[\"https:\/\/www.nettali.com\"]}]}<\/script>\n<!-- \/ Yoast SEO Premium plugin. -->","yoast_head_json":{"title":"BALLON D'OR AFRICAIN - Sadio Man\u00e9 absent du podium | Nettali.com","robots":{"index":"index","follow":"follow","max-snippet":"max-snippet:-1","max-image-preview":"max-image-preview:large","max-video-preview":"max-video-preview:-1"},"canonical":"https:\/\/www.nettali.com\/2023\/12\/07\/ballon-dor-africain-sadio-mane-absent-du-podium\/","og_locale":"fr_FR","og_type":"article","og_title":"BALLON D'OR AFRICAIN - Sadio Man\u00e9 absent du podium","og_description":"NETTALI.COM - Apr\u00e8s avoir pr\u00e9sent\u00e9 une liste de 30 nomm\u00e9s puis de 10 noms, la Conf\u00e9d\u00e9ration africaine de football (CAF) a d\u00e9voil\u00e9 ce jeudi 7 d\u00e9cembre l'identit\u00e9 des 3 finalistes pour le titre du Ballon d'Or Africain, qui sera d\u00e9cern\u00e9 le 11 d\u00e9cembre \u00e0 Marrakech. Il s'agit de Victor Osimhen, Achraf Hakimi et Mohamed Salah. [&hellip;]","og_url":"https:\/\/www.nettali.com\/2023\/12\/07\/ballon-dor-africain-sadio-mane-absent-du-podium\/","og_site_name":"Nettali.com","article_publisher":"https:\/\/www.facebook.com\/nettalicom","article_published_time":"2023-12-07T16:16:23+00:00","og_image":[{"width":1260,"height":708,"url":"https:\/\/www.nettali.com\/wp-content\/uploads\/2023\/12\/MjAyMDAxZTFlZmI4YzU3NTdiOTlkNmNlMzlhYzk4NWJhOWJiYzQ.jpeg","type":"image\/jpeg"}],"twitter_card":"summary_large_image","twitter_misc":{"\u00c9crit par":"Ibrahima","Dur\u00e9e de lecture estim\u00e9e":"2 minutes"},"schema":{"@context":"https:\/\/schema.org","@graph":[{"@type":"WebSite","@id":"https:\/\/www.nettali.com\/#website","url":"https:\/\/www.nettali.com\/","name":"Nettali.com","description":"Le rendez-vous critique du Net","potentialAction":[{"@type":"SearchAction","target":{"@type":"EntryPoint","urlTemplate":"https:\/\/www.nettali.com\/?s={search_term_string}"},"query-input":"required name=search_term_string"}],"inLanguage":"fr-FR"},{"@type":"ImageObject","@id":"https:\/\/www.nettali.com\/2023\/12\/07\/ballon-dor-africain-sadio-mane-absent-du-podium\/#primaryimage","inLanguage":"fr-FR","url":"https:\/\/www.nettali.com\/wp-content\/uploads\/2023\/12\/MjAyMDAxZTFlZmI4YzU3NTdiOTlkNmNlMzlhYzk4NWJhOWJiYzQ.jpeg","contentUrl":"https:\/\/www.nettali.com\/wp-content\/uploads\/2023\/12\/MjAyMDAxZTFlZmI4YzU3NTdiOTlkNmNlMzlhYzk4NWJhOWJiYzQ.jpeg","width":1260,"height":708},{"@type":"WebPage","@id":"https:\/\/www.nettali.com\/2023\/12\/07\/ballon-dor-africain-sadio-mane-absent-du-podium\/#webpage","url":"https:\/\/www.nettali.com\/2023\/12\/07\/ballon-dor-africain-sadio-mane-absent-du-podium\/","name":"BALLON D'OR AFRICAIN - Sadio Man\u00e9 absent du podium | Nettali.com","isPartOf":{"@id":"https:\/\/www.nettali.com\/#website"},"primaryImageOfPage":{"@id":"https:\/\/www.nettali.com\/2023\/12\/07\/ballon-dor-africain-sadio-mane-absent-du-podium\/#primaryimage"},"datePublished":"2023-12-07T16:16:23+00:00","dateModified":"2023-12-07T16:16:23+00:00","author":{"@id":"https:\/\/www.nettali.com\/#\/schema\/person\/bb147657c2986240405a608162b9bb23"},"breadcrumb":{"@id":"https:\/\/www.nettali.com\/2023\/12\/07\/ballon-dor-africain-sadio-mane-absent-du-podium\/#breadcrumb"},"inLanguage":"fr-FR","potentialAction":[{"@type":"ReadAction","target":["https:\/\/www.nettali.com\/2023\/12\/07\/ballon-dor-africain-sadio-mane-absent-du-podium\/"]}]},{"@type":"BreadcrumbList","@id":"https:\/\/www.nettali.com\/2023\/12\/07\/ballon-dor-africain-sadio-mane-absent-du-podium\/#breadcrumb","itemListElement":[{"@type":"ListItem","position":1,"name":"Accueil","item":"https:\/\/www.nettali.com\/"},{"@type":"ListItem","position":2,"name":"BALLON D'OR AFRICAIN - Sadio Man\u00e9 absent du podium"}]},{"@type":"Person","@id":"https:\/\/www.nettali.com\/#\/schema\/person\/bb147657c2986240405a608162b9bb23","name":"Ibrahima","image":{"@type":"ImageObject","@id":"https:\/\/www.nettali.com\/#personlogo","inLanguage":"fr-FR","url":"https:\/\/secure.gravatar.com\/avatar\/26a8a81f09f0dd7624c9d5c36c9ba3a2?s=96&d=mm&r=g","contentUrl":"https:\/\/secure.gravatar.com\/avatar\/26a8a81f09f0dd7624c9d5c36c9ba3a2?s=96&d=mm&r=g","caption":"Ibrahima"},"sameAs":["https:\/\/www.nettali.com"]}]}},"_links":{"self":[{"href":"https:\/\/www.nettali.com\/rest\/wp\/v2\/posts\/123269"}],"collection":[{"href":"https:\/\/www.nettali.com\/rest\/wp\/v2\/posts"}],"about":[{"href":"https:\/\/www.nettali.com\/rest\/wp\/v2\/types\/post"}],"author":[{"embeddable":true,"href":"https:\/\/www.nettali.com\/rest\/wp\/v2\/users\/5"}],"replies":[{"embeddable":true,"href":"https:\/\/www.nettali.com\/rest\/wp\/v2\/comments?post=123269"}],"version-history":[{"count":3,"href":"https:\/\/www.nettali.com\/rest\/wp\/v2\/posts\/123269\/revisions"}],"predecessor-version":[{"id":123284,"href":"https:\/\/www.nettali.com\/rest\/wp\/v2\/posts\/123269\/revisions\/123284"}],"wp:featuredmedia":[{"embeddable":true,"href":"https:\/\/www.nettali.com\/rest\/wp\/v2\/media\/123270"}],"wp:attachment":[{"href":"https:\/\/www.nettali.com\/rest\/wp\/v2\/media?parent=123269"}],"wp:term":[{"taxonomy":"category","embeddable":true,"href":"https:\/\/www.nettali.com\/rest\/wp\/v2\/categories?post=123269"},{"taxonomy":"post_tag","embeddable":true,"href":"https:\/\/www.nettali.com\/rest\/wp\/v2\/tags?post=123269"}],"curies":[{"name":"wp","href":"https:\/\/api.w.org\/{rel}","templated":true}]}}