{"id":123211,"date":"2023-12-06T16:28:50","date_gmt":"2023-12-06T16:28:50","guid":{"rendered":"https:\/\/www.nettali.com\/?p=123211"},"modified":"2023-12-06T16:28:50","modified_gmt":"2023-12-06T16:28:50","slug":"meilleur-athlete-de-lannee-messi-recompense-par-le-time","status":"publish","type":"post","link":"https:\/\/www.nettali.com\/2023\/12\/06\/meilleur-athlete-de-lannee-messi-recompense-par-le-time\/","title":{"rendered":"MEILLEUR ATHL\u00c8TE DE L'ANN\u00c9E - Messi r\u00e9compens\u00e9 par le Time"},"content":{"rendered":"<p><strong>NETTALI.COM - Apr\u00e8s avoir soulev\u00e9 son huiti\u00e8me ballon d\u2019Or, Lionel Messi vient d\u2019\u00eatre \u00e9lu \"Athl\u00e8te de l\u2019ann\u00e9e\" par le m\u00e9dia am\u00e9ricain Time Magazine.<\/strong><\/p>\n<p>Lionel Messi soul\u00e8ve un nouveau troph\u00e9e. Capitaine de l\u2019\u00e9quipe nationale argentine, l'Argentin de 36 ans a \u00e9t\u00e9 d\u00e9sign\u00e9 Athl\u00e8te de l\u2019ann\u00e9e 2023 par le Time Magazine, un m\u00e9dia am\u00e9ricain reconnu dans le monde et couronnant chaque ann\u00e9e le plus grand sportif et ses r\u00e9alisations \u00e9blouissantes. La cons\u00e9cration de son huiti\u00e8me Ballon d\u2019Or a \u00e9t\u00e9 suivie de pr\u00e8s par sa transition vers l\u2019Inter Miami, o\u00f9 son influence a marqu\u00e9 de son empreinte le paysage sportif am\u00e9ricain. Couronn\u00e9 champion du monde en d\u00e9cembre dernier lors d\u2019un match \u00e9pique contre la France, remport\u00e9 aux tirs au but (3-3, 4-2), Messi a rapidement laiss\u00e9 sa marque \u00e0 Miami, inscrivant 10 buts en sept apparitions lors de la League Cup et menant son \u00e9quipe \u00e0 la victoire dans ce tournoi qui oppose des \u00e9quipes de la MLS et du Mexique.<\/p>\n<p>L'Argentin est le premier non-Am\u00e9ricain (USA) \u00e0 remporter ce troph\u00e9e depuis sa cr\u00e9ation en 2019, et succ\u00e8de ainsi \u00e0 l'\u00e9quipe f\u00e9minine de football des \u00c9tats-Unis (2019), au basketteur LeBron James (2020), \u00e0 la gymnaste Simone Biles (2021) et au joueur de baseball Aaron Judge (2022). Une mani\u00e8re comme une autre de le remercier d'avoir choisi la Major League Soccer apr\u00e8s son d\u00e9part du Paris Saint-Germain l'\u00e9t\u00e9 dernier ?<\/p>\n<div class='share-to-whatsapp-wrapper'><div class='share-on-whsp'>PARTAGER SUR : <\/div><a data-text='MEILLEUR ATHL\u00c8TE DE L'ANN\u00c9E - Messi r\u00e9compens\u00e9 par le Time' data-link='https:\/\/www.nettali.com\/2023\/12\/06\/meilleur-athlete-de-lannee-messi-recompense-par-le-time\/' class='whatsapp-button whatsapp-share'>WhatsApp<\/a><div class='clear '><\/div><\/div>","protected":false},"excerpt":{"rendered":"<p>NETTALI.COM - Apr\u00e8s avoir soulev\u00e9 son huiti\u00e8me ballon d\u2019Or, Lionel Messi vient d\u2019\u00eatre \u00e9lu \"Athl\u00e8te de l\u2019ann\u00e9e\" par le m\u00e9dia am\u00e9ricain Time Magazine. Lionel Messi soul\u00e8ve un nouveau troph\u00e9e. Capitaine de l\u2019\u00e9quipe nationale argentine, l'Argentin de 36 ans a \u00e9t\u00e9 d\u00e9sign\u00e9 Athl\u00e8te de l\u2019ann\u00e9e 2023 par le Time Magazine, un m\u00e9dia am\u00e9ricain reconnu dans le [&hellip;]<\/p>\n","protected":false},"author":5,"featured_media":123212,"comment_status":"open","ping_status":"open","sticky":false,"template":"","format":"standard","meta":{"_et_pb_use_builder":"","_et_pb_old_content":""},"categories":[6],"tags":[],"yoast_head":"<!-- This site is optimized with the Yoast SEO Premium plugin v17.8 (Yoast SEO v17.8) - https:\/\/yoast.com\/wordpress\/plugins\/seo\/ -->\n<title>MEILLEUR ATHL\u00c8TE DE L&#039;ANN\u00c9E - Messi r\u00e9compens\u00e9 par le Time | Nettali.com<\/title>\n<meta name=\"robots\" content=\"index, follow, max-snippet:-1, max-image-preview:large, max-video-preview:-1\" \/>\n<link rel=\"canonical\" href=\"https:\/\/www.nettali.com\/2023\/12\/06\/meilleur-athlete-de-lannee-messi-recompense-par-le-time\/\" \/>\n<meta property=\"og:locale\" content=\"fr_FR\" \/>\n<meta property=\"og:type\" content=\"article\" \/>\n<meta property=\"og:title\" content=\"MEILLEUR ATHL\u00c8TE DE L&#039;ANN\u00c9E - Messi r\u00e9compens\u00e9 par le Time\" \/>\n<meta property=\"og:description\" content=\"NETTALI.COM - Apr\u00e8s avoir soulev\u00e9 son huiti\u00e8me ballon d\u2019Or, Lionel Messi vient d\u2019\u00eatre \u00e9lu &quot;Athl\u00e8te de l\u2019ann\u00e9e&quot; par le m\u00e9dia am\u00e9ricain Time Magazine. Lionel Messi soul\u00e8ve un nouveau troph\u00e9e. Capitaine de l\u2019\u00e9quipe nationale argentine, l&#039;Argentin de 36 ans a \u00e9t\u00e9 d\u00e9sign\u00e9 Athl\u00e8te de l\u2019ann\u00e9e 2023 par le Time Magazine, un m\u00e9dia am\u00e9ricain reconnu dans le [&hellip;]\" \/>\n<meta property=\"og:url\" content=\"https:\/\/www.nettali.com\/2023\/12\/06\/meilleur-athlete-de-lannee-messi-recompense-par-le-time\/\" \/>\n<meta property=\"og:site_name\" content=\"Nettali.com\" \/>\n<meta property=\"article:publisher\" content=\"https:\/\/www.facebook.com\/nettalicom\" \/>\n<meta property=\"article:published_time\" content=\"2023-12-06T16:28:50+00:00\" \/>\n<meta property=\"og:image\" content=\"https:\/\/www.nettali.com\/wp-content\/uploads\/2023\/12\/collage-de-imagen-de-la-portada-de-time-con-messi-y-messi-besando-la-copa-del-mundo-time-afp.jpg\" \/>\n\t<meta property=\"og:image:width\" content=\"1000\" \/>\n\t<meta property=\"og:image:height\" content=\"555\" \/>\n<meta name=\"twitter:card\" content=\"summary_large_image\" \/>\n<meta name=\"twitter:label1\" content=\"\u00c9crit par\" \/>\n\t<meta name=\"twitter:data1\" content=\"Ibrahima\" \/>\n\t<meta name=\"twitter:label2\" content=\"Dur\u00e9e de lecture estim\u00e9e\" \/>\n\t<meta name=\"twitter:data2\" content=\"2 minutes\" \/>\n<script type=\"application\/ld+json\" class=\"yoast-schema-graph\">{\"@context\":\"https:\/\/schema.org\",\"@graph\":[{\"@type\":\"WebSite\",\"@id\":\"https:\/\/www.nettali.com\/#website\",\"url\":\"https:\/\/www.nettali.com\/\",\"name\":\"Nettali.com\",\"description\":\"Le rendez-vous critique du Net\",\"potentialAction\":[{\"@type\":\"SearchAction\",\"target\":{\"@type\":\"EntryPoint\",\"urlTemplate\":\"https:\/\/www.nettali.com\/?s={search_term_string}\"},\"query-input\":\"required name=search_term_string\"}],\"inLanguage\":\"fr-FR\"},{\"@type\":\"ImageObject\",\"@id\":\"https:\/\/www.nettali.com\/2023\/12\/06\/meilleur-athlete-de-lannee-messi-recompense-par-le-time\/#primaryimage\",\"inLanguage\":\"fr-FR\",\"url\":\"https:\/\/www.nettali.com\/wp-content\/uploads\/2023\/12\/collage-de-imagen-de-la-portada-de-time-con-messi-y-messi-besando-la-copa-del-mundo-time-afp.jpg\",\"contentUrl\":\"https:\/\/www.nettali.com\/wp-content\/uploads\/2023\/12\/collage-de-imagen-de-la-portada-de-time-con-messi-y-messi-besando-la-copa-del-mundo-time-afp.jpg\",\"width\":1000,\"height\":555},{\"@type\":\"WebPage\",\"@id\":\"https:\/\/www.nettali.com\/2023\/12\/06\/meilleur-athlete-de-lannee-messi-recompense-par-le-time\/#webpage\",\"url\":\"https:\/\/www.nettali.com\/2023\/12\/06\/meilleur-athlete-de-lannee-messi-recompense-par-le-time\/\",\"name\":\"MEILLEUR ATHL\\u00c8TE DE L'ANN\\u00c9E - Messi r\\u00e9compens\\u00e9 par le Time | Nettali.com\",\"isPartOf\":{\"@id\":\"https:\/\/www.nettali.com\/#website\"},\"primaryImageOfPage\":{\"@id\":\"https:\/\/www.nettali.com\/2023\/12\/06\/meilleur-athlete-de-lannee-messi-recompense-par-le-time\/#primaryimage\"},\"datePublished\":\"2023-12-06T16:28:50+00:00\",\"dateModified\":\"2023-12-06T16:28:50+00:00\",\"author\":{\"@id\":\"https:\/\/www.nettali.com\/#\/schema\/person\/bb147657c2986240405a608162b9bb23\"},\"breadcrumb\":{\"@id\":\"https:\/\/www.nettali.com\/2023\/12\/06\/meilleur-athlete-de-lannee-messi-recompense-par-le-time\/#breadcrumb\"},\"inLanguage\":\"fr-FR\",\"potentialAction\":[{\"@type\":\"ReadAction\",\"target\":[\"https:\/\/www.nettali.com\/2023\/12\/06\/meilleur-athlete-de-lannee-messi-recompense-par-le-time\/\"]}]},{\"@type\":\"BreadcrumbList\",\"@id\":\"https:\/\/www.nettali.com\/2023\/12\/06\/meilleur-athlete-de-lannee-messi-recompense-par-le-time\/#breadcrumb\",\"itemListElement\":[{\"@type\":\"ListItem\",\"position\":1,\"name\":\"Accueil\",\"item\":\"https:\/\/www.nettali.com\/\"},{\"@type\":\"ListItem\",\"position\":2,\"name\":\"MEILLEUR ATHL\\u00c8TE DE L'ANN\\u00c9E - Messi r\\u00e9compens\\u00e9 par le Time\"}]},{\"@type\":\"Person\",\"@id\":\"https:\/\/www.nettali.com\/#\/schema\/person\/bb147657c2986240405a608162b9bb23\",\"name\":\"Ibrahima\",\"image\":{\"@type\":\"ImageObject\",\"@id\":\"https:\/\/www.nettali.com\/#personlogo\",\"inLanguage\":\"fr-FR\",\"url\":\"https:\/\/secure.gravatar.com\/avatar\/26a8a81f09f0dd7624c9d5c36c9ba3a2?s=96&d=mm&r=g\",\"contentUrl\":\"https:\/\/secure.gravatar.com\/avatar\/26a8a81f09f0dd7624c9d5c36c9ba3a2?s=96&d=mm&r=g\",\"caption\":\"Ibrahima\"},\"sameAs\":[\"https:\/\/www.nettali.com\"]}]}<\/script>\n<!-- \/ Yoast SEO Premium plugin. -->","yoast_head_json":{"title":"MEILLEUR ATHL\u00c8TE DE L'ANN\u00c9E - Messi r\u00e9compens\u00e9 par le Time | Nettali.com","robots":{"index":"index","follow":"follow","max-snippet":"max-snippet:-1","max-image-preview":"max-image-preview:large","max-video-preview":"max-video-preview:-1"},"canonical":"https:\/\/www.nettali.com\/2023\/12\/06\/meilleur-athlete-de-lannee-messi-recompense-par-le-time\/","og_locale":"fr_FR","og_type":"article","og_title":"MEILLEUR ATHL\u00c8TE DE L'ANN\u00c9E - Messi r\u00e9compens\u00e9 par le Time","og_description":"NETTALI.COM - Apr\u00e8s avoir soulev\u00e9 son huiti\u00e8me ballon d\u2019Or, Lionel Messi vient d\u2019\u00eatre \u00e9lu \"Athl\u00e8te de l\u2019ann\u00e9e\" par le m\u00e9dia am\u00e9ricain Time Magazine. Lionel Messi soul\u00e8ve un nouveau troph\u00e9e. Capitaine de l\u2019\u00e9quipe nationale argentine, l'Argentin de 36 ans a \u00e9t\u00e9 d\u00e9sign\u00e9 Athl\u00e8te de l\u2019ann\u00e9e 2023 par le Time Magazine, un m\u00e9dia am\u00e9ricain reconnu dans le [&hellip;]","og_url":"https:\/\/www.nettali.com\/2023\/12\/06\/meilleur-athlete-de-lannee-messi-recompense-par-le-time\/","og_site_name":"Nettali.com","article_publisher":"https:\/\/www.facebook.com\/nettalicom","article_published_time":"2023-12-06T16:28:50+00:00","og_image":[{"width":1000,"height":555,"url":"https:\/\/www.nettali.com\/wp-content\/uploads\/2023\/12\/collage-de-imagen-de-la-portada-de-time-con-messi-y-messi-besando-la-copa-del-mundo-time-afp.jpg","type":"image\/jpeg"}],"twitter_card":"summary_large_image","twitter_misc":{"\u00c9crit par":"Ibrahima","Dur\u00e9e de lecture estim\u00e9e":"2 minutes"},"schema":{"@context":"https:\/\/schema.org","@graph":[{"@type":"WebSite","@id":"https:\/\/www.nettali.com\/#website","url":"https:\/\/www.nettali.com\/","name":"Nettali.com","description":"Le rendez-vous critique du Net","potentialAction":[{"@type":"SearchAction","target":{"@type":"EntryPoint","urlTemplate":"https:\/\/www.nettali.com\/?s={search_term_string}"},"query-input":"required name=search_term_string"}],"inLanguage":"fr-FR"},{"@type":"ImageObject","@id":"https:\/\/www.nettali.com\/2023\/12\/06\/meilleur-athlete-de-lannee-messi-recompense-par-le-time\/#primaryimage","inLanguage":"fr-FR","url":"https:\/\/www.nettali.com\/wp-content\/uploads\/2023\/12\/collage-de-imagen-de-la-portada-de-time-con-messi-y-messi-besando-la-copa-del-mundo-time-afp.jpg","contentUrl":"https:\/\/www.nettali.com\/wp-content\/uploads\/2023\/12\/collage-de-imagen-de-la-portada-de-time-con-messi-y-messi-besando-la-copa-del-mundo-time-afp.jpg","width":1000,"height":555},{"@type":"WebPage","@id":"https:\/\/www.nettali.com\/2023\/12\/06\/meilleur-athlete-de-lannee-messi-recompense-par-le-time\/#webpage","url":"https:\/\/www.nettali.com\/2023\/12\/06\/meilleur-athlete-de-lannee-messi-recompense-par-le-time\/","name":"MEILLEUR ATHL\u00c8TE DE L'ANN\u00c9E - Messi r\u00e9compens\u00e9 par le Time | Nettali.com","isPartOf":{"@id":"https:\/\/www.nettali.com\/#website"},"primaryImageOfPage":{"@id":"https:\/\/www.nettali.com\/2023\/12\/06\/meilleur-athlete-de-lannee-messi-recompense-par-le-time\/#primaryimage"},"datePublished":"2023-12-06T16:28:50+00:00","dateModified":"2023-12-06T16:28:50+00:00","author":{"@id":"https:\/\/www.nettali.com\/#\/schema\/person\/bb147657c2986240405a608162b9bb23"},"breadcrumb":{"@id":"https:\/\/www.nettali.com\/2023\/12\/06\/meilleur-athlete-de-lannee-messi-recompense-par-le-time\/#breadcrumb"},"inLanguage":"fr-FR","potentialAction":[{"@type":"ReadAction","target":["https:\/\/www.nettali.com\/2023\/12\/06\/meilleur-athlete-de-lannee-messi-recompense-par-le-time\/"]}]},{"@type":"BreadcrumbList","@id":"https:\/\/www.nettali.com\/2023\/12\/06\/meilleur-athlete-de-lannee-messi-recompense-par-le-time\/#breadcrumb","itemListElement":[{"@type":"ListItem","position":1,"name":"Accueil","item":"https:\/\/www.nettali.com\/"},{"@type":"ListItem","position":2,"name":"MEILLEUR ATHL\u00c8TE DE L'ANN\u00c9E - Messi r\u00e9compens\u00e9 par le Time"}]},{"@type":"Person","@id":"https:\/\/www.nettali.com\/#\/schema\/person\/bb147657c2986240405a608162b9bb23","name":"Ibrahima","image":{"@type":"ImageObject","@id":"https:\/\/www.nettali.com\/#personlogo","inLanguage":"fr-FR","url":"https:\/\/secure.gravatar.com\/avatar\/26a8a81f09f0dd7624c9d5c36c9ba3a2?s=96&d=mm&r=g","contentUrl":"https:\/\/secure.gravatar.com\/avatar\/26a8a81f09f0dd7624c9d5c36c9ba3a2?s=96&d=mm&r=g","caption":"Ibrahima"},"sameAs":["https:\/\/www.nettali.com"]}]}},"_links":{"self":[{"href":"https:\/\/www.nettali.com\/rest\/wp\/v2\/posts\/123211"}],"collection":[{"href":"https:\/\/www.nettali.com\/rest\/wp\/v2\/posts"}],"about":[{"href":"https:\/\/www.nettali.com\/rest\/wp\/v2\/types\/post"}],"author":[{"embeddable":true,"href":"https:\/\/www.nettali.com\/rest\/wp\/v2\/users\/5"}],"replies":[{"embeddable":true,"href":"https:\/\/www.nettali.com\/rest\/wp\/v2\/comments?post=123211"}],"version-history":[{"count":2,"href":"https:\/\/www.nettali.com\/rest\/wp\/v2\/posts\/123211\/revisions"}],"predecessor-version":[{"id":123215,"href":"https:\/\/www.nettali.com\/rest\/wp\/v2\/posts\/123211\/revisions\/123215"}],"wp:featuredmedia":[{"embeddable":true,"href":"https:\/\/www.nettali.com\/rest\/wp\/v2\/media\/123212"}],"wp:attachment":[{"href":"https:\/\/www.nettali.com\/rest\/wp\/v2\/media?parent=123211"}],"wp:term":[{"taxonomy":"category","embeddable":true,"href":"https:\/\/www.nettali.com\/rest\/wp\/v2\/categories?post=123211"},{"taxonomy":"post_tag","embeddable":true,"href":"https:\/\/www.nettali.com\/rest\/wp\/v2\/tags?post=123211"}],"curies":[{"name":"wp","href":"https:\/\/api.w.org\/{rel}","templated":true}]}}