{"id":123203,"date":"2023-12-06T11:21:11","date_gmt":"2023-12-06T11:21:11","guid":{"rendered":"https:\/\/www.nettali.com\/?p=123203"},"modified":"2023-12-06T11:21:11","modified_gmt":"2023-12-06T11:21:11","slug":"makhtar-diop-sur-ses-accusations-contre-sonko-je-maintiens-mes-propos","status":"publish","type":"post","link":"https:\/\/www.nettali.com\/2023\/12\/06\/makhtar-diop-sur-ses-accusations-contre-sonko-je-maintiens-mes-propos\/","title":{"rendered":"MAKHTAR DIOP SUR SES ACCUSATIONS CONTRE SONKO -\u00a0 \u00ab Je maintiens mes propos \u00bb"},"content":{"rendered":"<p style=\"font-weight: 400;\"><b>NETTALI.COM- Le d\u00e9put\u00e9 Makhtar Diop persiste dans ses accusations selon lesquelles Ousmane Sonko a b\u00e9n\u00e9fici\u00e9 de financements occultes.\u00a0<\/b><\/p>\n<p style=\"font-weight: 400;\">Sa sortie contre le leader de l\u2019ex-Pastef a fait le tour de la toile. Interpell\u00e9 sur la v\u00e9racit\u00e9 des propos qu\u2019il a tenus \u00e0 l\u2019h\u00e9micycle sur le financement pr\u00e9sum\u00e9 de Sonko par des lobbies du p\u00e9trole qui le menaceraient, Makhtar Diop r\u00e9pond\u00a0: \u00ab<em> Tout ce que je dis, j\u2019en ai la certitude. Je ne me d\u00e9dis pas<\/em> \u00bb.<\/p>\n<p style=\"font-weight: 400;\">Le d\u00e9put\u00e9 qui refuse de d\u00e9voiler ses sources poursuit : \u00ab<em> Je d\u00e9fends un r\u00e9gime, le Pr\u00e9sident Macky Sall et son gouvernement. Je maintiens mes propos. Je n\u2019enl\u00e8ve pas une seule virgule de ce que j\u2019ai dit. Ils ne peuvent pas continuer \u00e0 diaboliser d\u2019honn\u00eates citoyens<\/em> \u00bb.<\/p>\n<p style=\"font-weight: 400;\">\u00a0Il est \u00e9galement revenu sur les circonstances et le contexte de sa sortie au vitriol qui fait pol\u00e9mique aujourd\u2019hui. \u00ab <em>En commission (technique), nous avons travaill\u00e9 main dans la main, sans probl\u00e8me. Lors des travaux, Guy (Marius Sagna) n\u2019\u00e9tait pas pr\u00e9sent. Il a accus\u00e9 le gouvernement, les ministres de la R\u00e9publique de voleurs, ce n\u2019est pas lui mais plut\u00f4t son leader. D\u2019o\u00f9 est-ce qu\u2019ils tirent leurs revenus alors que la plupart d\u2019entre eux n\u2019ont aucune occupation. Il faut qu\u2019ils arr\u00eatent de diaboliser les gens. Regardez, un Aliou Sall, il ne peut m\u00eame pas sortir et vaquer \u00e0 ses occupations depuis qu\u2019il a \u00e9t\u00e9 accus\u00e9 d\u2019avoir vol\u00e9 des milliards aux S\u00e9n\u00e9galais<\/em>\u00bb, dit-il.<\/p>\n<div class='share-to-whatsapp-wrapper'><div class='share-on-whsp'>PARTAGER SUR : <\/div><a data-text='MAKHTAR DIOP SUR SES ACCUSATIONS CONTRE SONKO -\u00a0 \u00ab Je maintiens mes propos \u00bb' data-link='https:\/\/www.nettali.com\/2023\/12\/06\/makhtar-diop-sur-ses-accusations-contre-sonko-je-maintiens-mes-propos\/' class='whatsapp-button whatsapp-share'>WhatsApp<\/a><div class='clear '><\/div><\/div>","protected":false},"excerpt":{"rendered":"<p>NETTALI.COM- Le d\u00e9put\u00e9 Makhtar Diop persiste dans ses accusations selon lesquelles Ousmane Sonko a b\u00e9n\u00e9fici\u00e9 de financements occultes.\u00a0 Sa sortie contre le leader de l\u2019ex-Pastef a fait le tour de la toile. Interpell\u00e9 sur la v\u00e9racit\u00e9 des propos qu\u2019il a tenus \u00e0 l\u2019h\u00e9micycle sur le financement pr\u00e9sum\u00e9 de Sonko par des lobbies du p\u00e9trole qui [&hellip;]<\/p>\n","protected":false},"author":6,"featured_media":123157,"comment_status":"open","ping_status":"open","sticky":false,"template":"","format":"standard","meta":{"_et_pb_use_builder":"","_et_pb_old_content":""},"categories":[2],"tags":[],"yoast_head":"<!-- This site is optimized with the Yoast SEO Premium plugin v17.8 (Yoast SEO v17.8) - https:\/\/yoast.com\/wordpress\/plugins\/seo\/ -->\n<title>MAKHTAR DIOP SUR SES ACCUSATIONS CONTRE SONKO -\u00a0 \u00ab Je maintiens mes propos \u00bb | Nettali.com<\/title>\n<meta name=\"robots\" content=\"index, follow, max-snippet:-1, max-image-preview:large, max-video-preview:-1\" \/>\n<link rel=\"canonical\" href=\"https:\/\/www.nettali.com\/2023\/12\/06\/makhtar-diop-sur-ses-accusations-contre-sonko-je-maintiens-mes-propos\/\" \/>\n<meta property=\"og:locale\" content=\"fr_FR\" \/>\n<meta property=\"og:type\" content=\"article\" \/>\n<meta property=\"og:title\" content=\"MAKHTAR DIOP SUR SES ACCUSATIONS CONTRE SONKO -\u00a0 \u00ab Je maintiens mes propos \u00bb\" \/>\n<meta property=\"og:description\" content=\"NETTALI.COM- Le d\u00e9put\u00e9 Makhtar Diop persiste dans ses accusations selon lesquelles Ousmane Sonko a b\u00e9n\u00e9fici\u00e9 de financements occultes.\u00a0 Sa sortie contre le leader de l\u2019ex-Pastef a fait le tour de la toile. Interpell\u00e9 sur la v\u00e9racit\u00e9 des propos qu\u2019il a tenus \u00e0 l\u2019h\u00e9micycle sur le financement pr\u00e9sum\u00e9 de Sonko par des lobbies du p\u00e9trole qui [&hellip;]\" \/>\n<meta property=\"og:url\" content=\"https:\/\/www.nettali.com\/2023\/12\/06\/makhtar-diop-sur-ses-accusations-contre-sonko-je-maintiens-mes-propos\/\" \/>\n<meta property=\"og:site_name\" content=\"Nettali.com\" \/>\n<meta property=\"article:publisher\" content=\"https:\/\/www.facebook.com\/nettalicom\" \/>\n<meta property=\"article:published_time\" content=\"2023-12-06T11:21:11+00:00\" \/>\n<meta property=\"og:image\" content=\"https:\/\/www.nettali.com\/wp-content\/uploads\/2023\/12\/Sonko.jpeg\" \/>\n\t<meta property=\"og:image:width\" content=\"284\" \/>\n\t<meta property=\"og:image:height\" content=\"177\" \/>\n<meta name=\"twitter:card\" content=\"summary_large_image\" \/>\n<meta name=\"twitter:label1\" content=\"\u00c9crit par\" \/>\n\t<meta name=\"twitter:data1\" content=\"Fatou\" \/>\n\t<meta name=\"twitter:label2\" content=\"Dur\u00e9e de lecture estim\u00e9e\" \/>\n\t<meta name=\"twitter:data2\" content=\"2 minutes\" \/>\n<script type=\"application\/ld+json\" class=\"yoast-schema-graph\">{\"@context\":\"https:\/\/schema.org\",\"@graph\":[{\"@type\":\"WebSite\",\"@id\":\"https:\/\/www.nettali.com\/#website\",\"url\":\"https:\/\/www.nettali.com\/\",\"name\":\"Nettali.com\",\"description\":\"Le rendez-vous critique du Net\",\"potentialAction\":[{\"@type\":\"SearchAction\",\"target\":{\"@type\":\"EntryPoint\",\"urlTemplate\":\"https:\/\/www.nettali.com\/?s={search_term_string}\"},\"query-input\":\"required name=search_term_string\"}],\"inLanguage\":\"fr-FR\"},{\"@type\":\"ImageObject\",\"@id\":\"https:\/\/www.nettali.com\/2023\/12\/06\/makhtar-diop-sur-ses-accusations-contre-sonko-je-maintiens-mes-propos\/#primaryimage\",\"inLanguage\":\"fr-FR\",\"url\":\"https:\/\/www.nettali.com\/wp-content\/uploads\/2023\/12\/Sonko.jpeg\",\"contentUrl\":\"https:\/\/www.nettali.com\/wp-content\/uploads\/2023\/12\/Sonko.jpeg\",\"width\":284,\"height\":177},{\"@type\":\"WebPage\",\"@id\":\"https:\/\/www.nettali.com\/2023\/12\/06\/makhtar-diop-sur-ses-accusations-contre-sonko-je-maintiens-mes-propos\/#webpage\",\"url\":\"https:\/\/www.nettali.com\/2023\/12\/06\/makhtar-diop-sur-ses-accusations-contre-sonko-je-maintiens-mes-propos\/\",\"name\":\"MAKHTAR DIOP SUR SES ACCUSATIONS CONTRE SONKO -\\u00a0 \\u00ab Je maintiens mes propos \\u00bb | Nettali.com\",\"isPartOf\":{\"@id\":\"https:\/\/www.nettali.com\/#website\"},\"primaryImageOfPage\":{\"@id\":\"https:\/\/www.nettali.com\/2023\/12\/06\/makhtar-diop-sur-ses-accusations-contre-sonko-je-maintiens-mes-propos\/#primaryimage\"},\"datePublished\":\"2023-12-06T11:21:11+00:00\",\"dateModified\":\"2023-12-06T11:21:11+00:00\",\"author\":{\"@id\":\"https:\/\/www.nettali.com\/#\/schema\/person\/418274a86bdf87caff7a3ef476bd0bbf\"},\"breadcrumb\":{\"@id\":\"https:\/\/www.nettali.com\/2023\/12\/06\/makhtar-diop-sur-ses-accusations-contre-sonko-je-maintiens-mes-propos\/#breadcrumb\"},\"inLanguage\":\"fr-FR\",\"potentialAction\":[{\"@type\":\"ReadAction\",\"target\":[\"https:\/\/www.nettali.com\/2023\/12\/06\/makhtar-diop-sur-ses-accusations-contre-sonko-je-maintiens-mes-propos\/\"]}]},{\"@type\":\"BreadcrumbList\",\"@id\":\"https:\/\/www.nettali.com\/2023\/12\/06\/makhtar-diop-sur-ses-accusations-contre-sonko-je-maintiens-mes-propos\/#breadcrumb\",\"itemListElement\":[{\"@type\":\"ListItem\",\"position\":1,\"name\":\"Accueil\",\"item\":\"https:\/\/www.nettali.com\/\"},{\"@type\":\"ListItem\",\"position\":2,\"name\":\"MAKHTAR DIOP SUR SES ACCUSATIONS CONTRE SONKO -\\u00a0 \\u00ab Je maintiens mes propos \\u00bb\"}]},{\"@type\":\"Person\",\"@id\":\"https:\/\/www.nettali.com\/#\/schema\/person\/418274a86bdf87caff7a3ef476bd0bbf\",\"name\":\"Fatou\",\"image\":{\"@type\":\"ImageObject\",\"@id\":\"https:\/\/www.nettali.com\/#personlogo\",\"inLanguage\":\"fr-FR\",\"url\":\"https:\/\/secure.gravatar.com\/avatar\/5a9442a2bee7b4dcf167cab035858e9a?s=96&d=mm&r=g\",\"contentUrl\":\"https:\/\/secure.gravatar.com\/avatar\/5a9442a2bee7b4dcf167cab035858e9a?s=96&d=mm&r=g\",\"caption\":\"Fatou\"},\"sameAs\":[\"https:\/\/www.nettali.com\"]}]}<\/script>\n<!-- \/ Yoast SEO Premium plugin. -->","yoast_head_json":{"title":"MAKHTAR DIOP SUR SES ACCUSATIONS CONTRE SONKO -\u00a0 \u00ab Je maintiens mes propos \u00bb | Nettali.com","robots":{"index":"index","follow":"follow","max-snippet":"max-snippet:-1","max-image-preview":"max-image-preview:large","max-video-preview":"max-video-preview:-1"},"canonical":"https:\/\/www.nettali.com\/2023\/12\/06\/makhtar-diop-sur-ses-accusations-contre-sonko-je-maintiens-mes-propos\/","og_locale":"fr_FR","og_type":"article","og_title":"MAKHTAR DIOP SUR SES ACCUSATIONS CONTRE SONKO -\u00a0 \u00ab Je maintiens mes propos \u00bb","og_description":"NETTALI.COM- Le d\u00e9put\u00e9 Makhtar Diop persiste dans ses accusations selon lesquelles Ousmane Sonko a b\u00e9n\u00e9fici\u00e9 de financements occultes.\u00a0 Sa sortie contre le leader de l\u2019ex-Pastef a fait le tour de la toile. Interpell\u00e9 sur la v\u00e9racit\u00e9 des propos qu\u2019il a tenus \u00e0 l\u2019h\u00e9micycle sur le financement pr\u00e9sum\u00e9 de Sonko par des lobbies du p\u00e9trole qui [&hellip;]","og_url":"https:\/\/www.nettali.com\/2023\/12\/06\/makhtar-diop-sur-ses-accusations-contre-sonko-je-maintiens-mes-propos\/","og_site_name":"Nettali.com","article_publisher":"https:\/\/www.facebook.com\/nettalicom","article_published_time":"2023-12-06T11:21:11+00:00","og_image":[{"width":284,"height":177,"url":"https:\/\/www.nettali.com\/wp-content\/uploads\/2023\/12\/Sonko.jpeg","type":"image\/jpeg"}],"twitter_card":"summary_large_image","twitter_misc":{"\u00c9crit par":"Fatou","Dur\u00e9e de lecture estim\u00e9e":"2 minutes"},"schema":{"@context":"https:\/\/schema.org","@graph":[{"@type":"WebSite","@id":"https:\/\/www.nettali.com\/#website","url":"https:\/\/www.nettali.com\/","name":"Nettali.com","description":"Le rendez-vous critique du Net","potentialAction":[{"@type":"SearchAction","target":{"@type":"EntryPoint","urlTemplate":"https:\/\/www.nettali.com\/?s={search_term_string}"},"query-input":"required name=search_term_string"}],"inLanguage":"fr-FR"},{"@type":"ImageObject","@id":"https:\/\/www.nettali.com\/2023\/12\/06\/makhtar-diop-sur-ses-accusations-contre-sonko-je-maintiens-mes-propos\/#primaryimage","inLanguage":"fr-FR","url":"https:\/\/www.nettali.com\/wp-content\/uploads\/2023\/12\/Sonko.jpeg","contentUrl":"https:\/\/www.nettali.com\/wp-content\/uploads\/2023\/12\/Sonko.jpeg","width":284,"height":177},{"@type":"WebPage","@id":"https:\/\/www.nettali.com\/2023\/12\/06\/makhtar-diop-sur-ses-accusations-contre-sonko-je-maintiens-mes-propos\/#webpage","url":"https:\/\/www.nettali.com\/2023\/12\/06\/makhtar-diop-sur-ses-accusations-contre-sonko-je-maintiens-mes-propos\/","name":"MAKHTAR DIOP SUR SES ACCUSATIONS CONTRE SONKO -\u00a0 \u00ab Je maintiens mes propos \u00bb | Nettali.com","isPartOf":{"@id":"https:\/\/www.nettali.com\/#website"},"primaryImageOfPage":{"@id":"https:\/\/www.nettali.com\/2023\/12\/06\/makhtar-diop-sur-ses-accusations-contre-sonko-je-maintiens-mes-propos\/#primaryimage"},"datePublished":"2023-12-06T11:21:11+00:00","dateModified":"2023-12-06T11:21:11+00:00","author":{"@id":"https:\/\/www.nettali.com\/#\/schema\/person\/418274a86bdf87caff7a3ef476bd0bbf"},"breadcrumb":{"@id":"https:\/\/www.nettali.com\/2023\/12\/06\/makhtar-diop-sur-ses-accusations-contre-sonko-je-maintiens-mes-propos\/#breadcrumb"},"inLanguage":"fr-FR","potentialAction":[{"@type":"ReadAction","target":["https:\/\/www.nettali.com\/2023\/12\/06\/makhtar-diop-sur-ses-accusations-contre-sonko-je-maintiens-mes-propos\/"]}]},{"@type":"BreadcrumbList","@id":"https:\/\/www.nettali.com\/2023\/12\/06\/makhtar-diop-sur-ses-accusations-contre-sonko-je-maintiens-mes-propos\/#breadcrumb","itemListElement":[{"@type":"ListItem","position":1,"name":"Accueil","item":"https:\/\/www.nettali.com\/"},{"@type":"ListItem","position":2,"name":"MAKHTAR DIOP SUR SES ACCUSATIONS CONTRE SONKO -\u00a0 \u00ab Je maintiens mes propos \u00bb"}]},{"@type":"Person","@id":"https:\/\/www.nettali.com\/#\/schema\/person\/418274a86bdf87caff7a3ef476bd0bbf","name":"Fatou","image":{"@type":"ImageObject","@id":"https:\/\/www.nettali.com\/#personlogo","inLanguage":"fr-FR","url":"https:\/\/secure.gravatar.com\/avatar\/5a9442a2bee7b4dcf167cab035858e9a?s=96&d=mm&r=g","contentUrl":"https:\/\/secure.gravatar.com\/avatar\/5a9442a2bee7b4dcf167cab035858e9a?s=96&d=mm&r=g","caption":"Fatou"},"sameAs":["https:\/\/www.nettali.com"]}]}},"_links":{"self":[{"href":"https:\/\/www.nettali.com\/rest\/wp\/v2\/posts\/123203"}],"collection":[{"href":"https:\/\/www.nettali.com\/rest\/wp\/v2\/posts"}],"about":[{"href":"https:\/\/www.nettali.com\/rest\/wp\/v2\/types\/post"}],"author":[{"embeddable":true,"href":"https:\/\/www.nettali.com\/rest\/wp\/v2\/users\/6"}],"replies":[{"embeddable":true,"href":"https:\/\/www.nettali.com\/rest\/wp\/v2\/comments?post=123203"}],"version-history":[{"count":3,"href":"https:\/\/www.nettali.com\/rest\/wp\/v2\/posts\/123203\/revisions"}],"predecessor-version":[{"id":123209,"href":"https:\/\/www.nettali.com\/rest\/wp\/v2\/posts\/123203\/revisions\/123209"}],"wp:featuredmedia":[{"embeddable":true,"href":"https:\/\/www.nettali.com\/rest\/wp\/v2\/media\/123157"}],"wp:attachment":[{"href":"https:\/\/www.nettali.com\/rest\/wp\/v2\/media?parent=123203"}],"wp:term":[{"taxonomy":"category","embeddable":true,"href":"https:\/\/www.nettali.com\/rest\/wp\/v2\/categories?post=123203"},{"taxonomy":"post_tag","embeddable":true,"href":"https:\/\/www.nettali.com\/rest\/wp\/v2\/tags?post=123203"}],"curies":[{"name":"wp","href":"https:\/\/api.w.org\/{rel}","templated":true}]}}