{"id":123190,"date":"2023-12-06T08:40:34","date_gmt":"2023-12-06T08:40:34","guid":{"rendered":"https:\/\/www.nettali.com\/?p=123190"},"modified":"2023-12-06T08:40:34","modified_gmt":"2023-12-06T08:40:34","slug":"en-coulisses-macky-livre-les-clefs-de-la-cite-baraka","status":"publish","type":"post","link":"https:\/\/www.nettali.com\/2023\/12\/06\/en-coulisses-macky-livre-les-clefs-de-la-cite-baraka\/","title":{"rendered":"EN COULISSES - Macky livre les clefs de la cit\u00e9 Baraka"},"content":{"rendered":"<div class=\"page\" title=\"Page 2\">\n<div class=\"section\">\n<div class=\"layoutArea\">\n<div class=\"column\">\n<p><strong>NETTALI.COM -<\/strong> Dans le cadre du \"Programme ze\u0301ro bidonville\", le pre\u0301sident de la Re\u0301publique, Macky Sall, a inaugure\u0301, le mardi 5 d\u00e9cembre, la Cite\u0301 Baraka, situe\u0301e a\u0300 Liberte\u0301 6 et entie\u0300rement re\u0301nove\u0301e gra\u0302ce au projet de reconstruction et de modernisation du quartier Baraka.<\/p>\n<p>Une cite\u0301 qui a e\u0301te\u0301 finance\u0301e par Tous, une fondation de Madame Ute Henriette Ohoven, Consul Honoraire du Se\u0301ne\u0301gal a\u0300 Du\u0308sseldorf, en Allemagne. \"<em>Comme je le disais lors de la ce\u0301re\u0301monie de lancement du projet, Baraka s\u2019inscrit dans le cadre d\u2019un vaste programme de modernisation urbaine nomme\u0301 Se\u0301ne\u0301gal ze\u0301ro bidonville, qui, lui-me\u0302me, est une entite\u0301 du programme de 100 000 logements pour faciliter l\u2019acce\u0300s au logement. La re\u0301ception aujourd\u2019hui de ces logements est un pas important dans la concre\u0301tisation de notre conviction qu\u2019il est possible de transformer un bidonville en un quartier moderne ou\u0300 les populations concerne\u0301es y sont reloge\u0301es. Le projet est constitue\u0301 d\u2019un complexe de onze (11) immeubles dont deux cent dix (210) appartements pour les populations impacte\u0301es et re\u0301gis selon les re\u0300gles organisant la coproprie\u0301te\u0301 au Se\u0301ne\u0301gal, ainsi que soixante (60) appartements a\u0300 usage commercial<\/em>\", a explique\u0301 le chef de l\u2019Etat.<\/p>\n<p>&nbsp;<\/p>\n<\/div>\n<\/div>\n<\/div>\n<\/div>\n<div class='share-to-whatsapp-wrapper'><div class='share-on-whsp'>PARTAGER SUR : <\/div><a data-text='EN COULISSES - Macky livre les clefs de la cit\u00e9 Baraka' data-link='https:\/\/www.nettali.com\/2023\/12\/06\/en-coulisses-macky-livre-les-clefs-de-la-cite-baraka\/' class='whatsapp-button whatsapp-share'>WhatsApp<\/a><div class='clear '><\/div><\/div>","protected":false},"excerpt":{"rendered":"<p>NETTALI.COM - Dans le cadre du \"Programme ze\u0301ro bidonville\", le pre\u0301sident de la Re\u0301publique, Macky Sall, a inaugure\u0301, le mardi 5 d\u00e9cembre, la Cite\u0301 Baraka, situe\u0301e a\u0300 Liberte\u0301 6 et entie\u0300rement re\u0301nove\u0301e gra\u0302ce au projet de reconstruction et de modernisation du quartier Baraka. Une cite\u0301 qui a e\u0301te\u0301 finance\u0301e par Tous, une fondation de Madame [&hellip;]<\/p>\n","protected":false},"author":2,"featured_media":123198,"comment_status":"open","ping_status":"open","sticky":false,"template":"","format":"standard","meta":{"_et_pb_use_builder":"","_et_pb_old_content":""},"categories":[34945],"tags":[],"yoast_head":"<!-- This site is optimized with the Yoast SEO Premium plugin v17.8 (Yoast SEO v17.8) - https:\/\/yoast.com\/wordpress\/plugins\/seo\/ -->\n<title>EN COULISSES - Macky livre les clefs de la cit\u00e9 Baraka | Nettali.com<\/title>\n<meta name=\"robots\" content=\"index, follow, max-snippet:-1, max-image-preview:large, max-video-preview:-1\" \/>\n<link rel=\"canonical\" href=\"https:\/\/www.nettali.com\/2023\/12\/06\/en-coulisses-macky-livre-les-clefs-de-la-cite-baraka\/\" \/>\n<meta property=\"og:locale\" content=\"fr_FR\" \/>\n<meta property=\"og:type\" content=\"article\" \/>\n<meta property=\"og:title\" content=\"EN COULISSES - Macky livre les clefs de la cit\u00e9 Baraka\" \/>\n<meta property=\"og:description\" content=\"NETTALI.COM - Dans le cadre du &quot;Programme ze\u0301ro bidonville&quot;, le pre\u0301sident de la Re\u0301publique, Macky Sall, a inaugure\u0301, le mardi 5 d\u00e9cembre, la Cite\u0301 Baraka, situe\u0301e a\u0300 Liberte\u0301 6 et entie\u0300rement re\u0301nove\u0301e gra\u0302ce au projet de reconstruction et de modernisation du quartier Baraka. Une cite\u0301 qui a e\u0301te\u0301 finance\u0301e par Tous, une fondation de Madame [&hellip;]\" \/>\n<meta property=\"og:url\" content=\"https:\/\/www.nettali.com\/2023\/12\/06\/en-coulisses-macky-livre-les-clefs-de-la-cite-baraka\/\" \/>\n<meta property=\"og:site_name\" content=\"Nettali.com\" \/>\n<meta property=\"article:publisher\" content=\"https:\/\/www.facebook.com\/nettalicom\" \/>\n<meta property=\"article:published_time\" content=\"2023-12-06T08:40:34+00:00\" \/>\n<meta property=\"og:image\" content=\"https:\/\/www.nettali.com\/wp-content\/uploads\/2023\/12\/77172464-55980907.jpg\" \/>\n\t<meta property=\"og:image:width\" content=\"1600\" \/>\n\t<meta property=\"og:image:height\" content=\"900\" \/>\n<meta name=\"twitter:card\" content=\"summary_large_image\" \/>\n<meta name=\"twitter:label1\" content=\"\u00c9crit par\" \/>\n\t<meta name=\"twitter:data1\" content=\"CK\" \/>\n\t<meta name=\"twitter:label2\" content=\"Dur\u00e9e de lecture estim\u00e9e\" \/>\n\t<meta name=\"twitter:data2\" content=\"1 minute\" \/>\n<script type=\"application\/ld+json\" class=\"yoast-schema-graph\">{\"@context\":\"https:\/\/schema.org\",\"@graph\":[{\"@type\":\"WebSite\",\"@id\":\"https:\/\/www.nettali.com\/#website\",\"url\":\"https:\/\/www.nettali.com\/\",\"name\":\"Nettali.com\",\"description\":\"Le rendez-vous critique du Net\",\"potentialAction\":[{\"@type\":\"SearchAction\",\"target\":{\"@type\":\"EntryPoint\",\"urlTemplate\":\"https:\/\/www.nettali.com\/?s={search_term_string}\"},\"query-input\":\"required name=search_term_string\"}],\"inLanguage\":\"fr-FR\"},{\"@type\":\"ImageObject\",\"@id\":\"https:\/\/www.nettali.com\/2023\/12\/06\/en-coulisses-macky-livre-les-clefs-de-la-cite-baraka\/#primaryimage\",\"inLanguage\":\"fr-FR\",\"url\":\"https:\/\/www.nettali.com\/wp-content\/uploads\/2023\/12\/77172464-55980907.jpg\",\"contentUrl\":\"https:\/\/www.nettali.com\/wp-content\/uploads\/2023\/12\/77172464-55980907.jpg\",\"width\":1600,\"height\":900},{\"@type\":\"WebPage\",\"@id\":\"https:\/\/www.nettali.com\/2023\/12\/06\/en-coulisses-macky-livre-les-clefs-de-la-cite-baraka\/#webpage\",\"url\":\"https:\/\/www.nettali.com\/2023\/12\/06\/en-coulisses-macky-livre-les-clefs-de-la-cite-baraka\/\",\"name\":\"EN COULISSES - Macky livre les clefs de la cit\\u00e9 Baraka | Nettali.com\",\"isPartOf\":{\"@id\":\"https:\/\/www.nettali.com\/#website\"},\"primaryImageOfPage\":{\"@id\":\"https:\/\/www.nettali.com\/2023\/12\/06\/en-coulisses-macky-livre-les-clefs-de-la-cite-baraka\/#primaryimage\"},\"datePublished\":\"2023-12-06T08:40:34+00:00\",\"dateModified\":\"2023-12-06T08:40:34+00:00\",\"author\":{\"@id\":\"https:\/\/www.nettali.com\/#\/schema\/person\/d8ac7b7e27ddad43f1c0d2ef090d7f71\"},\"breadcrumb\":{\"@id\":\"https:\/\/www.nettali.com\/2023\/12\/06\/en-coulisses-macky-livre-les-clefs-de-la-cite-baraka\/#breadcrumb\"},\"inLanguage\":\"fr-FR\",\"potentialAction\":[{\"@type\":\"ReadAction\",\"target\":[\"https:\/\/www.nettali.com\/2023\/12\/06\/en-coulisses-macky-livre-les-clefs-de-la-cite-baraka\/\"]}]},{\"@type\":\"BreadcrumbList\",\"@id\":\"https:\/\/www.nettali.com\/2023\/12\/06\/en-coulisses-macky-livre-les-clefs-de-la-cite-baraka\/#breadcrumb\",\"itemListElement\":[{\"@type\":\"ListItem\",\"position\":1,\"name\":\"Accueil\",\"item\":\"https:\/\/www.nettali.com\/\"},{\"@type\":\"ListItem\",\"position\":2,\"name\":\"EN COULISSES - Macky livre les clefs de la cit\\u00e9 Baraka\"}]},{\"@type\":\"Person\",\"@id\":\"https:\/\/www.nettali.com\/#\/schema\/person\/d8ac7b7e27ddad43f1c0d2ef090d7f71\",\"name\":\"CK\",\"image\":{\"@type\":\"ImageObject\",\"@id\":\"https:\/\/www.nettali.com\/#personlogo\",\"inLanguage\":\"fr-FR\",\"url\":\"https:\/\/secure.gravatar.com\/avatar\/1d8d5118b9327d94da7cd4ce7f17fec2?s=96&d=mm&r=g\",\"contentUrl\":\"https:\/\/secure.gravatar.com\/avatar\/1d8d5118b9327d94da7cd4ce7f17fec2?s=96&d=mm&r=g\",\"caption\":\"CK\"},\"sameAs\":[\"https:\/\/www.nettali.com\"]}]}<\/script>\n<!-- \/ Yoast SEO Premium plugin. -->","yoast_head_json":{"title":"EN COULISSES - Macky livre les clefs de la cit\u00e9 Baraka | Nettali.com","robots":{"index":"index","follow":"follow","max-snippet":"max-snippet:-1","max-image-preview":"max-image-preview:large","max-video-preview":"max-video-preview:-1"},"canonical":"https:\/\/www.nettali.com\/2023\/12\/06\/en-coulisses-macky-livre-les-clefs-de-la-cite-baraka\/","og_locale":"fr_FR","og_type":"article","og_title":"EN COULISSES - Macky livre les clefs de la cit\u00e9 Baraka","og_description":"NETTALI.COM - Dans le cadre du \"Programme ze\u0301ro bidonville\", le pre\u0301sident de la Re\u0301publique, Macky Sall, a inaugure\u0301, le mardi 5 d\u00e9cembre, la Cite\u0301 Baraka, situe\u0301e a\u0300 Liberte\u0301 6 et entie\u0300rement re\u0301nove\u0301e gra\u0302ce au projet de reconstruction et de modernisation du quartier Baraka. Une cite\u0301 qui a e\u0301te\u0301 finance\u0301e par Tous, une fondation de Madame [&hellip;]","og_url":"https:\/\/www.nettali.com\/2023\/12\/06\/en-coulisses-macky-livre-les-clefs-de-la-cite-baraka\/","og_site_name":"Nettali.com","article_publisher":"https:\/\/www.facebook.com\/nettalicom","article_published_time":"2023-12-06T08:40:34+00:00","og_image":[{"width":1600,"height":900,"url":"https:\/\/www.nettali.com\/wp-content\/uploads\/2023\/12\/77172464-55980907.jpg","type":"image\/jpeg"}],"twitter_card":"summary_large_image","twitter_misc":{"\u00c9crit par":"CK","Dur\u00e9e de lecture estim\u00e9e":"1 minute"},"schema":{"@context":"https:\/\/schema.org","@graph":[{"@type":"WebSite","@id":"https:\/\/www.nettali.com\/#website","url":"https:\/\/www.nettali.com\/","name":"Nettali.com","description":"Le rendez-vous critique du Net","potentialAction":[{"@type":"SearchAction","target":{"@type":"EntryPoint","urlTemplate":"https:\/\/www.nettali.com\/?s={search_term_string}"},"query-input":"required name=search_term_string"}],"inLanguage":"fr-FR"},{"@type":"ImageObject","@id":"https:\/\/www.nettali.com\/2023\/12\/06\/en-coulisses-macky-livre-les-clefs-de-la-cite-baraka\/#primaryimage","inLanguage":"fr-FR","url":"https:\/\/www.nettali.com\/wp-content\/uploads\/2023\/12\/77172464-55980907.jpg","contentUrl":"https:\/\/www.nettali.com\/wp-content\/uploads\/2023\/12\/77172464-55980907.jpg","width":1600,"height":900},{"@type":"WebPage","@id":"https:\/\/www.nettali.com\/2023\/12\/06\/en-coulisses-macky-livre-les-clefs-de-la-cite-baraka\/#webpage","url":"https:\/\/www.nettali.com\/2023\/12\/06\/en-coulisses-macky-livre-les-clefs-de-la-cite-baraka\/","name":"EN COULISSES - Macky livre les clefs de la cit\u00e9 Baraka | Nettali.com","isPartOf":{"@id":"https:\/\/www.nettali.com\/#website"},"primaryImageOfPage":{"@id":"https:\/\/www.nettali.com\/2023\/12\/06\/en-coulisses-macky-livre-les-clefs-de-la-cite-baraka\/#primaryimage"},"datePublished":"2023-12-06T08:40:34+00:00","dateModified":"2023-12-06T08:40:34+00:00","author":{"@id":"https:\/\/www.nettali.com\/#\/schema\/person\/d8ac7b7e27ddad43f1c0d2ef090d7f71"},"breadcrumb":{"@id":"https:\/\/www.nettali.com\/2023\/12\/06\/en-coulisses-macky-livre-les-clefs-de-la-cite-baraka\/#breadcrumb"},"inLanguage":"fr-FR","potentialAction":[{"@type":"ReadAction","target":["https:\/\/www.nettali.com\/2023\/12\/06\/en-coulisses-macky-livre-les-clefs-de-la-cite-baraka\/"]}]},{"@type":"BreadcrumbList","@id":"https:\/\/www.nettali.com\/2023\/12\/06\/en-coulisses-macky-livre-les-clefs-de-la-cite-baraka\/#breadcrumb","itemListElement":[{"@type":"ListItem","position":1,"name":"Accueil","item":"https:\/\/www.nettali.com\/"},{"@type":"ListItem","position":2,"name":"EN COULISSES - Macky livre les clefs de la cit\u00e9 Baraka"}]},{"@type":"Person","@id":"https:\/\/www.nettali.com\/#\/schema\/person\/d8ac7b7e27ddad43f1c0d2ef090d7f71","name":"CK","image":{"@type":"ImageObject","@id":"https:\/\/www.nettali.com\/#personlogo","inLanguage":"fr-FR","url":"https:\/\/secure.gravatar.com\/avatar\/1d8d5118b9327d94da7cd4ce7f17fec2?s=96&d=mm&r=g","contentUrl":"https:\/\/secure.gravatar.com\/avatar\/1d8d5118b9327d94da7cd4ce7f17fec2?s=96&d=mm&r=g","caption":"CK"},"sameAs":["https:\/\/www.nettali.com"]}]}},"_links":{"self":[{"href":"https:\/\/www.nettali.com\/rest\/wp\/v2\/posts\/123190"}],"collection":[{"href":"https:\/\/www.nettali.com\/rest\/wp\/v2\/posts"}],"about":[{"href":"https:\/\/www.nettali.com\/rest\/wp\/v2\/types\/post"}],"author":[{"embeddable":true,"href":"https:\/\/www.nettali.com\/rest\/wp\/v2\/users\/2"}],"replies":[{"embeddable":true,"href":"https:\/\/www.nettali.com\/rest\/wp\/v2\/comments?post=123190"}],"version-history":[{"count":3,"href":"https:\/\/www.nettali.com\/rest\/wp\/v2\/posts\/123190\/revisions"}],"predecessor-version":[{"id":123196,"href":"https:\/\/www.nettali.com\/rest\/wp\/v2\/posts\/123190\/revisions\/123196"}],"wp:featuredmedia":[{"embeddable":true,"href":"https:\/\/www.nettali.com\/rest\/wp\/v2\/media\/123198"}],"wp:attachment":[{"href":"https:\/\/www.nettali.com\/rest\/wp\/v2\/media?parent=123190"}],"wp:term":[{"taxonomy":"category","embeddable":true,"href":"https:\/\/www.nettali.com\/rest\/wp\/v2\/categories?post=123190"},{"taxonomy":"post_tag","embeddable":true,"href":"https:\/\/www.nettali.com\/rest\/wp\/v2\/tags?post=123190"}],"curies":[{"name":"wp","href":"https:\/\/api.w.org\/{rel}","templated":true}]}}