{"id":123122,"date":"2023-12-05T08:51:37","date_gmt":"2023-12-05T08:51:37","guid":{"rendered":"https:\/\/www.nettali.com\/?p=123122"},"modified":"2023-12-06T08:23:53","modified_gmt":"2023-12-06T08:23:53","slug":"en-coulisses-macky-sall-rend-hommage-au-president-wade","status":"publish","type":"post","link":"https:\/\/www.nettali.com\/2023\/12\/05\/en-coulisses-macky-sall-rend-hommage-au-president-wade\/","title":{"rendered":"EN COULISSES - Macky Sall rend hommage au pr\u00e9sident Wade"},"content":{"rendered":"<div class=\"page\" title=\"Page 3\">\n<div class=\"section\">\n<div class=\"layoutArea\">\n<div class=\"column\">\n<p><strong>NETTALI.COM -<\/strong> Difficile de parler de libe\u0301ralisme en Afrique sans e\u0301voquer le nom de Me Abdoulaye Wade. C'est ainsi qu'avant me\u0302me d\u2019aborder le the\u0300me du jour du Renewpac (Renew Europe, Pacific, Africa and Caribbean) 2023 qui s'est ouvert lundi 4 d\u00e9cembre \u00e0 Dakar, le pre\u0301sident de la Re\u0301publique n\u2019a pas voulu passer a\u0300 co\u0302te\u0301 de l\u2019histoire politique du libe\u0301ralisme en Afrique. C\u2019est pourquoi, devant un parterre de libe\u0301raux locaux comme les anciens ministres comme Ousmane Ngom, Farba Senghor, le ministre Modou Diagne Fada, Babacar GAYE ? Mamadou Lamine Thiam, Tafsir Thioye, Mamadou Massaly, de nombreux de\u0301pute\u0301s PDS, le chef de l\u2019Etat a que ces der- niers et lui ont e\u0301te\u0301 formate\u0301s a\u0300 la sauce libe\u0301- rale par Me Abdoulaye Wade.<\/p>\n<p>\"<em>Il nous a inspire\u0301s sur les valeurs du libe\u0301ralisme. Premier a\u0300 embrasser la voie du libe\u0301ralisme a\u0300 une e\u0301poque ou\u0300 l\u2019ide\u0301ologie dominante e\u0301tait pluto\u0302t marxiste, le\u0301niniste, et socialiste en Afrique, Abdoulaye Wade a ose\u0301. Nous sommes les he\u0301ritiers de ce libe\u0301ralisme, et je le salue<\/em>\", a de\u0301clare\u0301 Macky Sall sous une standing ovation initie\u0301e et soutenue par des de\u0301pute\u0301s du Parti de\u0301mocratique se\u0301ne\u0301galais (PDS), fortement repre\u0301sente\u0301s dans la salle.<\/p>\n<p>Un hommage de Macky Sall qui survient apre\u0300s celui qu\u2019il avait rendu a\u0300 son pre\u0301de\u0301cesseur en fe\u0301vrier 2022 lorsqu\u2019il inaugurait le stade flambant neuf de Diamnadio.<\/p>\n<p>\" <em>J\u2019ai donne\u0301 le nom du stade a\u0300 Abdoulaye Wade en hommage a\u0300 son parcours multidimensionnel d\u2019intellectuel, de panafricaniste, d\u2019homme politique et d\u2019ancien Pre\u0301sident. C\u2019est une fe\u0302te pour la jeunesse se\u0301ne\u0301galaise qui me\u0301rite ce bijou... Et puis, au Pre\u0301sident Abdoulaye Wade, je dis fe\u0301licitations pour cette conse\u0301cration, pour immortaliser aussi son nom et toute son \u0153uvre<\/em>\", avait de\u0301clare\u0301 Macky Sall lors de la ce\u0301re\u0301monie d\u2019inauguration de ce bijou infrastructurel.<\/p>\n<p>Gilbert Noe\u0308l Oue\u0301draogo, Pre\u0301sident du re\u0301seau libe\u0301ral africain, a e\u0301galement qualifie\u0301 Me Abdoulaye de \"<em>pe\u0300re du libe\u0301ralisme africain<\/em>\". \"<em>Je tiens a\u0300 remercier le pre\u0301sident Macky Sall pour son engagement en faveur de l\u2019essor des valeurs libe\u0301rales en Afrique et dans le monde. En accueillant ce sommet crucial, il confirme sa disponibilite\u0301 le\u0301gendaire et sa grande vision pour le continent africain<\/em>\", a-t-il de\u0301clare\u0301, soulignant la contribution de l\u2019actuel pre\u0301sident de la Re\u0301publique au rayonnement du Renewpac.<\/p>\n<div class=\"page\" title=\"Page 3\">\n<div class=\"section\">\n<div class=\"layoutArea\">\n<div class=\"column\">\n<p>Dans son discours, il a annonce\u0301 la nomination de Macky Sall en tant que chef du re\u0301seau libe\u0301ral africain. En pre\u0301vision de la pre\u0301sidentielle de fe\u0301vrier prochain, Gilbert Oue\u0301draogo a appele\u0301 les libe\u0301raux a\u0300 la solidarite\u0301 : \"<em>Vous avez eu le pouvoir depuis quelques de\u0301cennies, et vous avez l\u2019opportunite\u0301 de le maintenir. Cela de\u0301pend de vous. Unissez-vous pour que les libe\u0301raux restent au pouvoir<\/em>\", a exhorte\u0301 Gilbert Noe\u0308l Oue\u0301draogo.<\/p>\n<\/div>\n<\/div>\n<\/div>\n<\/div>\n<\/div>\n<\/div>\n<\/div>\n<\/div>\n<div class='share-to-whatsapp-wrapper'><div class='share-on-whsp'>PARTAGER SUR : <\/div><a data-text='EN COULISSES - Macky Sall rend hommage au pr\u00e9sident Wade' data-link='https:\/\/www.nettali.com\/2023\/12\/05\/en-coulisses-macky-sall-rend-hommage-au-president-wade\/' class='whatsapp-button whatsapp-share'>WhatsApp<\/a><div class='clear '><\/div><\/div>","protected":false},"excerpt":{"rendered":"<p>NETTALI.COM - Difficile de parler de libe\u0301ralisme en Afrique sans e\u0301voquer le nom de Me Abdoulaye Wade. C'est ainsi qu'avant me\u0302me d\u2019aborder le the\u0300me du jour du Renewpac (Renew Europe, Pacific, Africa and Caribbean) 2023 qui s'est ouvert lundi 4 d\u00e9cembre \u00e0 Dakar, le pre\u0301sident de la Re\u0301publique n\u2019a pas voulu passer a\u0300 co\u0302te\u0301 de [&hellip;]<\/p>\n","protected":false},"author":2,"featured_media":123124,"comment_status":"open","ping_status":"open","sticky":false,"template":"","format":"standard","meta":{"_et_pb_use_builder":"","_et_pb_old_content":""},"categories":[34945],"tags":[],"yoast_head":"<!-- This site is optimized with the Yoast SEO Premium plugin v17.8 (Yoast SEO v17.8) - https:\/\/yoast.com\/wordpress\/plugins\/seo\/ -->\n<title>EN COULISSES - Macky Sall rend hommage au pr\u00e9sident Wade | Nettali.com<\/title>\n<meta name=\"robots\" content=\"index, follow, max-snippet:-1, max-image-preview:large, max-video-preview:-1\" \/>\n<link rel=\"canonical\" href=\"https:\/\/www.nettali.com\/2023\/12\/05\/en-coulisses-macky-sall-rend-hommage-au-president-wade\/\" \/>\n<meta property=\"og:locale\" content=\"fr_FR\" \/>\n<meta property=\"og:type\" content=\"article\" \/>\n<meta property=\"og:title\" content=\"EN COULISSES - Macky Sall rend hommage au pr\u00e9sident Wade\" \/>\n<meta property=\"og:description\" content=\"NETTALI.COM - Difficile de parler de libe\u0301ralisme en Afrique sans e\u0301voquer le nom de Me Abdoulaye Wade. C&#039;est ainsi qu&#039;avant me\u0302me d\u2019aborder le the\u0300me du jour du Renewpac (Renew Europe, Pacific, Africa and Caribbean) 2023 qui s&#039;est ouvert lundi 4 d\u00e9cembre \u00e0 Dakar, le pre\u0301sident de la Re\u0301publique n\u2019a pas voulu passer a\u0300 co\u0302te\u0301 de [&hellip;]\" \/>\n<meta property=\"og:url\" content=\"https:\/\/www.nettali.com\/2023\/12\/05\/en-coulisses-macky-sall-rend-hommage-au-president-wade\/\" \/>\n<meta property=\"og:site_name\" content=\"Nettali.com\" \/>\n<meta property=\"article:publisher\" content=\"https:\/\/www.facebook.com\/nettalicom\" \/>\n<meta property=\"article:published_time\" content=\"2023-12-05T08:51:37+00:00\" \/>\n<meta property=\"article:modified_time\" content=\"2023-12-06T08:23:53+00:00\" \/>\n<meta property=\"og:image\" content=\"https:\/\/www.nettali.com\/wp-content\/uploads\/2023\/12\/Abdoulaye-Wade-et-Macky-Sall-696x392-1.jpg\" \/>\n\t<meta property=\"og:image:width\" content=\"696\" \/>\n\t<meta property=\"og:image:height\" content=\"392\" \/>\n<meta name=\"twitter:card\" content=\"summary_large_image\" \/>\n<meta name=\"twitter:label1\" content=\"\u00c9crit par\" \/>\n\t<meta name=\"twitter:data1\" content=\"CK\" \/>\n\t<meta name=\"twitter:label2\" content=\"Dur\u00e9e de lecture estim\u00e9e\" \/>\n\t<meta name=\"twitter:data2\" content=\"3 minutes\" \/>\n<script type=\"application\/ld+json\" class=\"yoast-schema-graph\">{\"@context\":\"https:\/\/schema.org\",\"@graph\":[{\"@type\":\"WebSite\",\"@id\":\"https:\/\/www.nettali.com\/#website\",\"url\":\"https:\/\/www.nettali.com\/\",\"name\":\"Nettali.com\",\"description\":\"Le rendez-vous critique du Net\",\"potentialAction\":[{\"@type\":\"SearchAction\",\"target\":{\"@type\":\"EntryPoint\",\"urlTemplate\":\"https:\/\/www.nettali.com\/?s={search_term_string}\"},\"query-input\":\"required name=search_term_string\"}],\"inLanguage\":\"fr-FR\"},{\"@type\":\"ImageObject\",\"@id\":\"https:\/\/www.nettali.com\/2023\/12\/05\/en-coulisses-macky-sall-rend-hommage-au-president-wade\/#primaryimage\",\"inLanguage\":\"fr-FR\",\"url\":\"https:\/\/www.nettali.com\/wp-content\/uploads\/2023\/12\/Abdoulaye-Wade-et-Macky-Sall-696x392-1.jpg\",\"contentUrl\":\"https:\/\/www.nettali.com\/wp-content\/uploads\/2023\/12\/Abdoulaye-Wade-et-Macky-Sall-696x392-1.jpg\",\"width\":696,\"height\":392},{\"@type\":\"WebPage\",\"@id\":\"https:\/\/www.nettali.com\/2023\/12\/05\/en-coulisses-macky-sall-rend-hommage-au-president-wade\/#webpage\",\"url\":\"https:\/\/www.nettali.com\/2023\/12\/05\/en-coulisses-macky-sall-rend-hommage-au-president-wade\/\",\"name\":\"EN COULISSES - Macky Sall rend hommage au pr\\u00e9sident Wade | Nettali.com\",\"isPartOf\":{\"@id\":\"https:\/\/www.nettali.com\/#website\"},\"primaryImageOfPage\":{\"@id\":\"https:\/\/www.nettali.com\/2023\/12\/05\/en-coulisses-macky-sall-rend-hommage-au-president-wade\/#primaryimage\"},\"datePublished\":\"2023-12-05T08:51:37+00:00\",\"dateModified\":\"2023-12-06T08:23:53+00:00\",\"author\":{\"@id\":\"https:\/\/www.nettali.com\/#\/schema\/person\/d8ac7b7e27ddad43f1c0d2ef090d7f71\"},\"breadcrumb\":{\"@id\":\"https:\/\/www.nettali.com\/2023\/12\/05\/en-coulisses-macky-sall-rend-hommage-au-president-wade\/#breadcrumb\"},\"inLanguage\":\"fr-FR\",\"potentialAction\":[{\"@type\":\"ReadAction\",\"target\":[\"https:\/\/www.nettali.com\/2023\/12\/05\/en-coulisses-macky-sall-rend-hommage-au-president-wade\/\"]}]},{\"@type\":\"BreadcrumbList\",\"@id\":\"https:\/\/www.nettali.com\/2023\/12\/05\/en-coulisses-macky-sall-rend-hommage-au-president-wade\/#breadcrumb\",\"itemListElement\":[{\"@type\":\"ListItem\",\"position\":1,\"name\":\"Accueil\",\"item\":\"https:\/\/www.nettali.com\/\"},{\"@type\":\"ListItem\",\"position\":2,\"name\":\"EN COULISSES - Macky Sall rend hommage au pr\\u00e9sident Wade\"}]},{\"@type\":\"Person\",\"@id\":\"https:\/\/www.nettali.com\/#\/schema\/person\/d8ac7b7e27ddad43f1c0d2ef090d7f71\",\"name\":\"CK\",\"image\":{\"@type\":\"ImageObject\",\"@id\":\"https:\/\/www.nettali.com\/#personlogo\",\"inLanguage\":\"fr-FR\",\"url\":\"https:\/\/secure.gravatar.com\/avatar\/1d8d5118b9327d94da7cd4ce7f17fec2?s=96&d=mm&r=g\",\"contentUrl\":\"https:\/\/secure.gravatar.com\/avatar\/1d8d5118b9327d94da7cd4ce7f17fec2?s=96&d=mm&r=g\",\"caption\":\"CK\"},\"sameAs\":[\"https:\/\/www.nettali.com\"]}]}<\/script>\n<!-- \/ Yoast SEO Premium plugin. -->","yoast_head_json":{"title":"EN COULISSES - Macky Sall rend hommage au pr\u00e9sident Wade | Nettali.com","robots":{"index":"index","follow":"follow","max-snippet":"max-snippet:-1","max-image-preview":"max-image-preview:large","max-video-preview":"max-video-preview:-1"},"canonical":"https:\/\/www.nettali.com\/2023\/12\/05\/en-coulisses-macky-sall-rend-hommage-au-president-wade\/","og_locale":"fr_FR","og_type":"article","og_title":"EN COULISSES - Macky Sall rend hommage au pr\u00e9sident Wade","og_description":"NETTALI.COM - Difficile de parler de libe\u0301ralisme en Afrique sans e\u0301voquer le nom de Me Abdoulaye Wade. C'est ainsi qu'avant me\u0302me d\u2019aborder le the\u0300me du jour du Renewpac (Renew Europe, Pacific, Africa and Caribbean) 2023 qui s'est ouvert lundi 4 d\u00e9cembre \u00e0 Dakar, le pre\u0301sident de la Re\u0301publique n\u2019a pas voulu passer a\u0300 co\u0302te\u0301 de [&hellip;]","og_url":"https:\/\/www.nettali.com\/2023\/12\/05\/en-coulisses-macky-sall-rend-hommage-au-president-wade\/","og_site_name":"Nettali.com","article_publisher":"https:\/\/www.facebook.com\/nettalicom","article_published_time":"2023-12-05T08:51:37+00:00","article_modified_time":"2023-12-06T08:23:53+00:00","og_image":[{"width":696,"height":392,"url":"https:\/\/www.nettali.com\/wp-content\/uploads\/2023\/12\/Abdoulaye-Wade-et-Macky-Sall-696x392-1.jpg","type":"image\/jpeg"}],"twitter_card":"summary_large_image","twitter_misc":{"\u00c9crit par":"CK","Dur\u00e9e de lecture estim\u00e9e":"3 minutes"},"schema":{"@context":"https:\/\/schema.org","@graph":[{"@type":"WebSite","@id":"https:\/\/www.nettali.com\/#website","url":"https:\/\/www.nettali.com\/","name":"Nettali.com","description":"Le rendez-vous critique du Net","potentialAction":[{"@type":"SearchAction","target":{"@type":"EntryPoint","urlTemplate":"https:\/\/www.nettali.com\/?s={search_term_string}"},"query-input":"required name=search_term_string"}],"inLanguage":"fr-FR"},{"@type":"ImageObject","@id":"https:\/\/www.nettali.com\/2023\/12\/05\/en-coulisses-macky-sall-rend-hommage-au-president-wade\/#primaryimage","inLanguage":"fr-FR","url":"https:\/\/www.nettali.com\/wp-content\/uploads\/2023\/12\/Abdoulaye-Wade-et-Macky-Sall-696x392-1.jpg","contentUrl":"https:\/\/www.nettali.com\/wp-content\/uploads\/2023\/12\/Abdoulaye-Wade-et-Macky-Sall-696x392-1.jpg","width":696,"height":392},{"@type":"WebPage","@id":"https:\/\/www.nettali.com\/2023\/12\/05\/en-coulisses-macky-sall-rend-hommage-au-president-wade\/#webpage","url":"https:\/\/www.nettali.com\/2023\/12\/05\/en-coulisses-macky-sall-rend-hommage-au-president-wade\/","name":"EN COULISSES - Macky Sall rend hommage au pr\u00e9sident Wade | Nettali.com","isPartOf":{"@id":"https:\/\/www.nettali.com\/#website"},"primaryImageOfPage":{"@id":"https:\/\/www.nettali.com\/2023\/12\/05\/en-coulisses-macky-sall-rend-hommage-au-president-wade\/#primaryimage"},"datePublished":"2023-12-05T08:51:37+00:00","dateModified":"2023-12-06T08:23:53+00:00","author":{"@id":"https:\/\/www.nettali.com\/#\/schema\/person\/d8ac7b7e27ddad43f1c0d2ef090d7f71"},"breadcrumb":{"@id":"https:\/\/www.nettali.com\/2023\/12\/05\/en-coulisses-macky-sall-rend-hommage-au-president-wade\/#breadcrumb"},"inLanguage":"fr-FR","potentialAction":[{"@type":"ReadAction","target":["https:\/\/www.nettali.com\/2023\/12\/05\/en-coulisses-macky-sall-rend-hommage-au-president-wade\/"]}]},{"@type":"BreadcrumbList","@id":"https:\/\/www.nettali.com\/2023\/12\/05\/en-coulisses-macky-sall-rend-hommage-au-president-wade\/#breadcrumb","itemListElement":[{"@type":"ListItem","position":1,"name":"Accueil","item":"https:\/\/www.nettali.com\/"},{"@type":"ListItem","position":2,"name":"EN COULISSES - Macky Sall rend hommage au pr\u00e9sident Wade"}]},{"@type":"Person","@id":"https:\/\/www.nettali.com\/#\/schema\/person\/d8ac7b7e27ddad43f1c0d2ef090d7f71","name":"CK","image":{"@type":"ImageObject","@id":"https:\/\/www.nettali.com\/#personlogo","inLanguage":"fr-FR","url":"https:\/\/secure.gravatar.com\/avatar\/1d8d5118b9327d94da7cd4ce7f17fec2?s=96&d=mm&r=g","contentUrl":"https:\/\/secure.gravatar.com\/avatar\/1d8d5118b9327d94da7cd4ce7f17fec2?s=96&d=mm&r=g","caption":"CK"},"sameAs":["https:\/\/www.nettali.com"]}]}},"_links":{"self":[{"href":"https:\/\/www.nettali.com\/rest\/wp\/v2\/posts\/123122"}],"collection":[{"href":"https:\/\/www.nettali.com\/rest\/wp\/v2\/posts"}],"about":[{"href":"https:\/\/www.nettali.com\/rest\/wp\/v2\/types\/post"}],"author":[{"embeddable":true,"href":"https:\/\/www.nettali.com\/rest\/wp\/v2\/users\/2"}],"replies":[{"embeddable":true,"href":"https:\/\/www.nettali.com\/rest\/wp\/v2\/comments?post=123122"}],"version-history":[{"count":2,"href":"https:\/\/www.nettali.com\/rest\/wp\/v2\/posts\/123122\/revisions"}],"predecessor-version":[{"id":123131,"href":"https:\/\/www.nettali.com\/rest\/wp\/v2\/posts\/123122\/revisions\/123131"}],"wp:featuredmedia":[{"embeddable":true,"href":"https:\/\/www.nettali.com\/rest\/wp\/v2\/media\/123124"}],"wp:attachment":[{"href":"https:\/\/www.nettali.com\/rest\/wp\/v2\/media?parent=123122"}],"wp:term":[{"taxonomy":"category","embeddable":true,"href":"https:\/\/www.nettali.com\/rest\/wp\/v2\/categories?post=123122"},{"taxonomy":"post_tag","embeddable":true,"href":"https:\/\/www.nettali.com\/rest\/wp\/v2\/tags?post=123122"}],"curies":[{"name":"wp","href":"https:\/\/api.w.org\/{rel}","templated":true}]}}