{"id":123094,"date":"2023-12-04T20:15:03","date_gmt":"2023-12-04T20:15:03","guid":{"rendered":"https:\/\/www.nettali.com\/?p=123094"},"modified":"2023-12-04T20:15:03","modified_gmt":"2023-12-04T20:15:03","slug":"mauritanie-mohamed-ould-abdelaziz-condamne-a-5-ans-de-prison","status":"publish","type":"post","link":"https:\/\/www.nettali.com\/2023\/12\/04\/mauritanie-mohamed-ould-abdelaziz-condamne-a-5-ans-de-prison\/","title":{"rendered":"MAURITANIE - Mohamed Ould Abdelaziz condamn\u00e9 \u00e0 5 ans de prison"},"content":{"rendered":"<p><strong>NETTALI.COM - Ce 4 d\u00e9cembre, l\u2019ancien pr\u00e9sident a \u00e9t\u00e9 jug\u00e9 coupable d\u2019enrichissement illicite et de blanchiment. Ses coaccus\u00e9s ont tous \u00e9t\u00e9 remis en libert\u00e9.<\/strong><\/p>\n<p>Le verdict dans\u00a0\u00ab\u00a0l\u2019affaire Aziz\u00a0\u00bb\u00a0\u00e9tait tr\u00e8s attendu en Mauritanie depuis plusieurs jours. Le 4 d\u00e9cembre, le juge de la Cour criminelle charg\u00e9e des crimes de corruption a finalement condamn\u00e9\u00a0l\u2019ancien pr\u00e9sident Mohamed Ould Abdelaziz, 66 ans, \u00e0 5 ans de prison, ainsi qu\u2019\u00e0 la confiscation de ses biens et \u00e0 une peine d\u2019in\u00e9ligibilit\u00e9 pour enrichissement illicite et blanchiment.<\/p>\n<p>Ses deux anciens Premiers\u00a0<span id=\"article-engagement-10\" class=\"article-engagement\" data-progression=\"10\" data-gtm-vis-first-on-screen10742014_417=\"57059\" data-gtm-vis-total-visible-time10742014_417=\"100\" data-gtm-vis-has-fired10742014_417=\"1\">ministres<\/span>\u00a0Mohamed Salem Ould B\u00e9chir et Yahya Ould Hademine, ainsi que son ancien ministre du P\u00e9trole Taleb Ould Abdi Vall, ont quant \u00e0 eux \u00e9t\u00e9 relax\u00e9s. Ses huit coaccus\u00e9s dont son gendre, Mohamed Ould Msabou, ont \u00e9cop\u00e9 de peines avec sursis, ainsi que de la confiscation de leurs biens et de leurs droits civiques. Contre toute attente, le magistrat\u00a0n\u2019a donc pas suivi les\u00a0<span id=\"article-engagement-20\" class=\"article-engagement\" data-progression=\"20\" data-gtm-vis-first-on-screen10742014_191=\"57584\" data-gtm-vis-total-visible-time10742014_191=\"100\" data-gtm-vis-has-fired10742014_191=\"1\" data-gtm-vis-first-on-screen10742014_417=\"57597\" data-gtm-vis-total-visible-time10742014_417=\"100\" data-gtm-vis-has-fired10742014_417=\"1\">r\u00e9quisitions<\/span>\u00a0du procureur\u00a0qui, le 24 octobre, avait r\u00e9clam\u00e9 une peine de 20 ans de r\u00e9clusion contre celui qui est devenu, au fil des mois, l\u2019accus\u00e9 num\u00e9ro un. Ses anciens ministres risquaient quant \u00e0 eux dix ans de d\u00e9tention. Actuellement gard\u00e9 dans un appartement de Nouakchott, Mohamed Ould Abdelaziz a d\u00e9j\u00e0 \u00e9t\u00e9 incarc\u00e9r\u00e9 pr\u00e8s de dix-huit mois. Ses avocats vont faire appel de\u00a0<span id=\"article-engagement-30\" class=\"article-engagement\" data-progression=\"30\" data-gtm-vis-first-on-screen10742014_417=\"57611\" data-gtm-vis-total-visible-time10742014_417=\"100\" data-gtm-vis-has-fired10742014_417=\"1\">cette<\/span> d\u00e9cision.<\/p>\n<h2>Le va-tout de Aziz<\/h2>\n<p>Le \u00ab\u00a0proc\u00e8s de la d\u00e9cennie\u00a0\u00bb s\u2019est ouvert le 25 janvier \u00e0 Nouakchott contre Mohamed Ould Abdelaziz (au pouvoir de 2009 \u00e0 2019) pour, entre autres, corruption, blanchiment d\u2019argent, enrichissement illicite, dilapidation de biens publics, octroi d\u2019avantages indus et obstruction au d\u00e9roulement de la justice.\u00a0Il est en effet accus\u00e9 d\u2019avoir amass\u00e9 une fortune consid\u00e9rable\u00a0estim\u00e9e, d\u2019apr\u00e8s les conclusions de l\u2019enqu\u00eate,\u00a0<span id=\"article-engagement-40\" class=\"article-engagement\" data-progression=\"40\" data-gtm-vis-recent-on-screen10742014_417=\"66798\" data-gtm-vis-first-on-screen10742014_417=\"66798\" data-gtm-vis-total-visible-time10742014_417=\"100\" data-gtm-vis-has-fired10742014_417=\"1\">\u00e0<\/span>\u00a090 millions de dollars.<\/p>\n<p>L\u2019ancien chef de l\u2019\u00c9tat a toujours dit que ce chiffre avait \u00e9t\u00e9 exag\u00e9r\u00e9, assurant avoir d\u00e9clar\u00e9 son patrimoine lors de son arriv\u00e9e et de son d\u00e9part de la pr\u00e9sidence. Il a d\u2019ailleurs ni\u00e9 jusqu\u2019au bout les accusations port\u00e9es contre lui et d\u00e9nonc\u00e9 un complot visant \u00e0 l\u2019emp\u00eacher de continuer \u00e0 faire de la politique. De son c\u00f4t\u00e9, la partie adverse\u00a0<span id=\"article-engagement-50\" class=\"article-engagement\" data-progression=\"50\" data-gtm-vis-recent-on-screen10742014_417=\"69512\" data-gtm-vis-first-on-screen10742014_417=\"69512\" data-gtm-vis-total-visible-time10742014_417=\"100\" data-gtm-vis-has-fired10742014_417=\"1\">n\u2019a<\/span>\u00a0cess\u00e9 de marteler que toutes les preuves de sa culpabilit\u00e9 sont r\u00e9unies et qu\u2019il ne pouvait se pr\u00e9valoir de l\u2019article 93 de la Constitution lui garantissant l\u2019immunit\u00e9 pr\u00e9sidentielle \u2013 un argument qui a longtemps concentr\u00e9 les d\u00e9bats.<\/p>\n<div class=\"box-read flex group gap-x-20 font-sans text-16 leading-20 py-20 my-32 border-y font-semibold\" data-mrf-recirculation=\"Lire aussi #1\"><\/div>\n<div class='share-to-whatsapp-wrapper'><div class='share-on-whsp'>PARTAGER SUR : <\/div><a data-text='MAURITANIE - Mohamed Ould Abdelaziz condamn\u00e9 \u00e0 5 ans de prison' data-link='https:\/\/www.nettali.com\/2023\/12\/04\/mauritanie-mohamed-ould-abdelaziz-condamne-a-5-ans-de-prison\/' class='whatsapp-button whatsapp-share'>WhatsApp<\/a><div class='clear '><\/div><\/div>","protected":false},"excerpt":{"rendered":"<p>NETTALI.COM - Ce 4 d\u00e9cembre, l\u2019ancien pr\u00e9sident a \u00e9t\u00e9 jug\u00e9 coupable d\u2019enrichissement illicite et de blanchiment. Ses coaccus\u00e9s ont tous \u00e9t\u00e9 remis en libert\u00e9. Le verdict dans\u00a0\u00ab\u00a0l\u2019affaire Aziz\u00a0\u00bb\u00a0\u00e9tait tr\u00e8s attendu en Mauritanie depuis plusieurs jours. Le 4 d\u00e9cembre, le juge de la Cour criminelle charg\u00e9e des crimes de corruption a finalement condamn\u00e9\u00a0l\u2019ancien pr\u00e9sident Mohamed Ould [&hellip;]<\/p>\n","protected":false},"author":4,"featured_media":120683,"comment_status":"open","ping_status":"open","sticky":false,"template":"","format":"standard","meta":{"_et_pb_use_builder":"","_et_pb_old_content":""},"categories":[8],"tags":[],"yoast_head":"<!-- This site is optimized with the Yoast SEO Premium plugin v17.8 (Yoast SEO v17.8) - https:\/\/yoast.com\/wordpress\/plugins\/seo\/ -->\n<title>MAURITANIE - Mohamed Ould Abdelaziz condamn\u00e9 \u00e0 5 ans de prison | Nettali.com<\/title>\n<meta name=\"robots\" content=\"index, follow, max-snippet:-1, max-image-preview:large, max-video-preview:-1\" \/>\n<link rel=\"canonical\" href=\"https:\/\/www.nettali.com\/2023\/12\/04\/mauritanie-mohamed-ould-abdelaziz-condamne-a-5-ans-de-prison\/\" \/>\n<meta property=\"og:locale\" content=\"fr_FR\" \/>\n<meta property=\"og:type\" content=\"article\" \/>\n<meta property=\"og:title\" content=\"MAURITANIE - Mohamed Ould Abdelaziz condamn\u00e9 \u00e0 5 ans de prison\" \/>\n<meta property=\"og:description\" content=\"NETTALI.COM - Ce 4 d\u00e9cembre, l\u2019ancien pr\u00e9sident a \u00e9t\u00e9 jug\u00e9 coupable d\u2019enrichissement illicite et de blanchiment. Ses coaccus\u00e9s ont tous \u00e9t\u00e9 remis en libert\u00e9. Le verdict dans\u00a0\u00ab\u00a0l\u2019affaire Aziz\u00a0\u00bb\u00a0\u00e9tait tr\u00e8s attendu en Mauritanie depuis plusieurs jours. Le 4 d\u00e9cembre, le juge de la Cour criminelle charg\u00e9e des crimes de corruption a finalement condamn\u00e9\u00a0l\u2019ancien pr\u00e9sident Mohamed Ould [&hellip;]\" \/>\n<meta property=\"og:url\" content=\"https:\/\/www.nettali.com\/2023\/12\/04\/mauritanie-mohamed-ould-abdelaziz-condamne-a-5-ans-de-prison\/\" \/>\n<meta property=\"og:site_name\" content=\"Nettali.com\" \/>\n<meta property=\"article:publisher\" content=\"https:\/\/www.facebook.com\/nettalicom\" \/>\n<meta property=\"article:published_time\" content=\"2023-12-04T20:15:03+00:00\" \/>\n<meta property=\"og:image\" content=\"https:\/\/www.nettali.com\/wp-content\/uploads\/2023\/10\/w980-p16x9-2012-11-20T110832Z_465565740_PM1E8BK0XIF01_RTRMADP_3_FRANCE-MAURITANIA_0.jpg\" \/>\n\t<meta property=\"og:image:width\" content=\"980\" \/>\n\t<meta property=\"og:image:height\" content=\"551\" \/>\n<meta name=\"twitter:card\" content=\"summary_large_image\" \/>\n<meta name=\"twitter:label1\" content=\"\u00c9crit par\" \/>\n\t<meta name=\"twitter:data1\" content=\"Daouda\" \/>\n\t<meta name=\"twitter:label2\" content=\"Dur\u00e9e de lecture estim\u00e9e\" \/>\n\t<meta name=\"twitter:data2\" content=\"2 minutes\" \/>\n<script type=\"application\/ld+json\" class=\"yoast-schema-graph\">{\"@context\":\"https:\/\/schema.org\",\"@graph\":[{\"@type\":\"WebSite\",\"@id\":\"https:\/\/www.nettali.com\/#website\",\"url\":\"https:\/\/www.nettali.com\/\",\"name\":\"Nettali.com\",\"description\":\"Le rendez-vous critique du Net\",\"potentialAction\":[{\"@type\":\"SearchAction\",\"target\":{\"@type\":\"EntryPoint\",\"urlTemplate\":\"https:\/\/www.nettali.com\/?s={search_term_string}\"},\"query-input\":\"required name=search_term_string\"}],\"inLanguage\":\"fr-FR\"},{\"@type\":\"ImageObject\",\"@id\":\"https:\/\/www.nettali.com\/2023\/12\/04\/mauritanie-mohamed-ould-abdelaziz-condamne-a-5-ans-de-prison\/#primaryimage\",\"inLanguage\":\"fr-FR\",\"url\":\"https:\/\/www.nettali.com\/wp-content\/uploads\/2023\/10\/w980-p16x9-2012-11-20T110832Z_465565740_PM1E8BK0XIF01_RTRMADP_3_FRANCE-MAURITANIA_0.jpg\",\"contentUrl\":\"https:\/\/www.nettali.com\/wp-content\/uploads\/2023\/10\/w980-p16x9-2012-11-20T110832Z_465565740_PM1E8BK0XIF01_RTRMADP_3_FRANCE-MAURITANIA_0.jpg\",\"width\":980,\"height\":551,\"caption\":\"Mauritania's President Mohamed Ould Abdel Aziz listens to French President as they speak to journalists after a meeting at the Elysee Palace in Paris, November 20, 2012. REUTERS\/Philippe Wojazer (FRANCE - Tags: POLITICS HEADSHOT)\"},{\"@type\":\"WebPage\",\"@id\":\"https:\/\/www.nettali.com\/2023\/12\/04\/mauritanie-mohamed-ould-abdelaziz-condamne-a-5-ans-de-prison\/#webpage\",\"url\":\"https:\/\/www.nettali.com\/2023\/12\/04\/mauritanie-mohamed-ould-abdelaziz-condamne-a-5-ans-de-prison\/\",\"name\":\"MAURITANIE - Mohamed Ould Abdelaziz condamn\\u00e9 \\u00e0 5 ans de prison | Nettali.com\",\"isPartOf\":{\"@id\":\"https:\/\/www.nettali.com\/#website\"},\"primaryImageOfPage\":{\"@id\":\"https:\/\/www.nettali.com\/2023\/12\/04\/mauritanie-mohamed-ould-abdelaziz-condamne-a-5-ans-de-prison\/#primaryimage\"},\"datePublished\":\"2023-12-04T20:15:03+00:00\",\"dateModified\":\"2023-12-04T20:15:03+00:00\",\"author\":{\"@id\":\"https:\/\/www.nettali.com\/#\/schema\/person\/3317e0bb3aa1da309fbf7b2780901bf4\"},\"breadcrumb\":{\"@id\":\"https:\/\/www.nettali.com\/2023\/12\/04\/mauritanie-mohamed-ould-abdelaziz-condamne-a-5-ans-de-prison\/#breadcrumb\"},\"inLanguage\":\"fr-FR\",\"potentialAction\":[{\"@type\":\"ReadAction\",\"target\":[\"https:\/\/www.nettali.com\/2023\/12\/04\/mauritanie-mohamed-ould-abdelaziz-condamne-a-5-ans-de-prison\/\"]}]},{\"@type\":\"BreadcrumbList\",\"@id\":\"https:\/\/www.nettali.com\/2023\/12\/04\/mauritanie-mohamed-ould-abdelaziz-condamne-a-5-ans-de-prison\/#breadcrumb\",\"itemListElement\":[{\"@type\":\"ListItem\",\"position\":1,\"name\":\"Accueil\",\"item\":\"https:\/\/www.nettali.com\/\"},{\"@type\":\"ListItem\",\"position\":2,\"name\":\"MAURITANIE - Mohamed Ould Abdelaziz condamn\\u00e9 \\u00e0 5 ans de prison\"}]},{\"@type\":\"Person\",\"@id\":\"https:\/\/www.nettali.com\/#\/schema\/person\/3317e0bb3aa1da309fbf7b2780901bf4\",\"name\":\"Daouda\",\"image\":{\"@type\":\"ImageObject\",\"@id\":\"https:\/\/www.nettali.com\/#personlogo\",\"inLanguage\":\"fr-FR\",\"url\":\"https:\/\/secure.gravatar.com\/avatar\/8d143b5a49345098ddcfee1c49c2f47c?s=96&d=mm&r=g\",\"contentUrl\":\"https:\/\/secure.gravatar.com\/avatar\/8d143b5a49345098ddcfee1c49c2f47c?s=96&d=mm&r=g\",\"caption\":\"Daouda\"},\"sameAs\":[\"https:\/\/www.nettali.com\"]}]}<\/script>\n<!-- \/ Yoast SEO Premium plugin. -->","yoast_head_json":{"title":"MAURITANIE - Mohamed Ould Abdelaziz condamn\u00e9 \u00e0 5 ans de prison | Nettali.com","robots":{"index":"index","follow":"follow","max-snippet":"max-snippet:-1","max-image-preview":"max-image-preview:large","max-video-preview":"max-video-preview:-1"},"canonical":"https:\/\/www.nettali.com\/2023\/12\/04\/mauritanie-mohamed-ould-abdelaziz-condamne-a-5-ans-de-prison\/","og_locale":"fr_FR","og_type":"article","og_title":"MAURITANIE - Mohamed Ould Abdelaziz condamn\u00e9 \u00e0 5 ans de prison","og_description":"NETTALI.COM - Ce 4 d\u00e9cembre, l\u2019ancien pr\u00e9sident a \u00e9t\u00e9 jug\u00e9 coupable d\u2019enrichissement illicite et de blanchiment. Ses coaccus\u00e9s ont tous \u00e9t\u00e9 remis en libert\u00e9. Le verdict dans\u00a0\u00ab\u00a0l\u2019affaire Aziz\u00a0\u00bb\u00a0\u00e9tait tr\u00e8s attendu en Mauritanie depuis plusieurs jours. Le 4 d\u00e9cembre, le juge de la Cour criminelle charg\u00e9e des crimes de corruption a finalement condamn\u00e9\u00a0l\u2019ancien pr\u00e9sident Mohamed Ould [&hellip;]","og_url":"https:\/\/www.nettali.com\/2023\/12\/04\/mauritanie-mohamed-ould-abdelaziz-condamne-a-5-ans-de-prison\/","og_site_name":"Nettali.com","article_publisher":"https:\/\/www.facebook.com\/nettalicom","article_published_time":"2023-12-04T20:15:03+00:00","og_image":[{"width":980,"height":551,"url":"https:\/\/www.nettali.com\/wp-content\/uploads\/2023\/10\/w980-p16x9-2012-11-20T110832Z_465565740_PM1E8BK0XIF01_RTRMADP_3_FRANCE-MAURITANIA_0.jpg","type":"image\/jpeg"}],"twitter_card":"summary_large_image","twitter_misc":{"\u00c9crit par":"Daouda","Dur\u00e9e de lecture estim\u00e9e":"2 minutes"},"schema":{"@context":"https:\/\/schema.org","@graph":[{"@type":"WebSite","@id":"https:\/\/www.nettali.com\/#website","url":"https:\/\/www.nettali.com\/","name":"Nettali.com","description":"Le rendez-vous critique du Net","potentialAction":[{"@type":"SearchAction","target":{"@type":"EntryPoint","urlTemplate":"https:\/\/www.nettali.com\/?s={search_term_string}"},"query-input":"required name=search_term_string"}],"inLanguage":"fr-FR"},{"@type":"ImageObject","@id":"https:\/\/www.nettali.com\/2023\/12\/04\/mauritanie-mohamed-ould-abdelaziz-condamne-a-5-ans-de-prison\/#primaryimage","inLanguage":"fr-FR","url":"https:\/\/www.nettali.com\/wp-content\/uploads\/2023\/10\/w980-p16x9-2012-11-20T110832Z_465565740_PM1E8BK0XIF01_RTRMADP_3_FRANCE-MAURITANIA_0.jpg","contentUrl":"https:\/\/www.nettali.com\/wp-content\/uploads\/2023\/10\/w980-p16x9-2012-11-20T110832Z_465565740_PM1E8BK0XIF01_RTRMADP_3_FRANCE-MAURITANIA_0.jpg","width":980,"height":551,"caption":"Mauritania's President Mohamed Ould Abdel Aziz listens to French President as they speak to journalists after a meeting at the Elysee Palace in Paris, November 20, 2012. REUTERS\/Philippe Wojazer (FRANCE - Tags: POLITICS HEADSHOT)"},{"@type":"WebPage","@id":"https:\/\/www.nettali.com\/2023\/12\/04\/mauritanie-mohamed-ould-abdelaziz-condamne-a-5-ans-de-prison\/#webpage","url":"https:\/\/www.nettali.com\/2023\/12\/04\/mauritanie-mohamed-ould-abdelaziz-condamne-a-5-ans-de-prison\/","name":"MAURITANIE - Mohamed Ould Abdelaziz condamn\u00e9 \u00e0 5 ans de prison | Nettali.com","isPartOf":{"@id":"https:\/\/www.nettali.com\/#website"},"primaryImageOfPage":{"@id":"https:\/\/www.nettali.com\/2023\/12\/04\/mauritanie-mohamed-ould-abdelaziz-condamne-a-5-ans-de-prison\/#primaryimage"},"datePublished":"2023-12-04T20:15:03+00:00","dateModified":"2023-12-04T20:15:03+00:00","author":{"@id":"https:\/\/www.nettali.com\/#\/schema\/person\/3317e0bb3aa1da309fbf7b2780901bf4"},"breadcrumb":{"@id":"https:\/\/www.nettali.com\/2023\/12\/04\/mauritanie-mohamed-ould-abdelaziz-condamne-a-5-ans-de-prison\/#breadcrumb"},"inLanguage":"fr-FR","potentialAction":[{"@type":"ReadAction","target":["https:\/\/www.nettali.com\/2023\/12\/04\/mauritanie-mohamed-ould-abdelaziz-condamne-a-5-ans-de-prison\/"]}]},{"@type":"BreadcrumbList","@id":"https:\/\/www.nettali.com\/2023\/12\/04\/mauritanie-mohamed-ould-abdelaziz-condamne-a-5-ans-de-prison\/#breadcrumb","itemListElement":[{"@type":"ListItem","position":1,"name":"Accueil","item":"https:\/\/www.nettali.com\/"},{"@type":"ListItem","position":2,"name":"MAURITANIE - Mohamed Ould Abdelaziz condamn\u00e9 \u00e0 5 ans de prison"}]},{"@type":"Person","@id":"https:\/\/www.nettali.com\/#\/schema\/person\/3317e0bb3aa1da309fbf7b2780901bf4","name":"Daouda","image":{"@type":"ImageObject","@id":"https:\/\/www.nettali.com\/#personlogo","inLanguage":"fr-FR","url":"https:\/\/secure.gravatar.com\/avatar\/8d143b5a49345098ddcfee1c49c2f47c?s=96&d=mm&r=g","contentUrl":"https:\/\/secure.gravatar.com\/avatar\/8d143b5a49345098ddcfee1c49c2f47c?s=96&d=mm&r=g","caption":"Daouda"},"sameAs":["https:\/\/www.nettali.com"]}]}},"_links":{"self":[{"href":"https:\/\/www.nettali.com\/rest\/wp\/v2\/posts\/123094"}],"collection":[{"href":"https:\/\/www.nettali.com\/rest\/wp\/v2\/posts"}],"about":[{"href":"https:\/\/www.nettali.com\/rest\/wp\/v2\/types\/post"}],"author":[{"embeddable":true,"href":"https:\/\/www.nettali.com\/rest\/wp\/v2\/users\/4"}],"replies":[{"embeddable":true,"href":"https:\/\/www.nettali.com\/rest\/wp\/v2\/comments?post=123094"}],"version-history":[{"count":1,"href":"https:\/\/www.nettali.com\/rest\/wp\/v2\/posts\/123094\/revisions"}],"predecessor-version":[{"id":123095,"href":"https:\/\/www.nettali.com\/rest\/wp\/v2\/posts\/123094\/revisions\/123095"}],"wp:featuredmedia":[{"embeddable":true,"href":"https:\/\/www.nettali.com\/rest\/wp\/v2\/media\/120683"}],"wp:attachment":[{"href":"https:\/\/www.nettali.com\/rest\/wp\/v2\/media?parent=123094"}],"wp:term":[{"taxonomy":"category","embeddable":true,"href":"https:\/\/www.nettali.com\/rest\/wp\/v2\/categories?post=123094"},{"taxonomy":"post_tag","embeddable":true,"href":"https:\/\/www.nettali.com\/rest\/wp\/v2\/tags?post=123094"}],"curies":[{"name":"wp","href":"https:\/\/api.w.org\/{rel}","templated":true}]}}