{"id":123088,"date":"2023-12-04T20:11:38","date_gmt":"2023-12-04T20:11:38","guid":{"rendered":"https:\/\/www.nettali.com\/?p=123088"},"modified":"2023-12-04T20:11:38","modified_gmt":"2023-12-04T20:11:38","slug":"justice-perturbations-en-vue-ces-mardi-et-mercredi","status":"publish","type":"post","link":"https:\/\/www.nettali.com\/2023\/12\/04\/justice-perturbations-en-vue-ces-mardi-et-mercredi\/","title":{"rendered":"JUSTICE- Perturbations en vue ces mardi et mercredi"},"content":{"rendered":"<p><strong>NETTALI.COM- Le fonctionnement des tribunaux risque d'\u00eatre perturb\u00e9 ce mardi et mercredi. Le Syndicat des travailleurs de la Justice (SYTJUST) a d\u00e9cid\u00e9 d'observer une gr\u00e8ve de 48heures.<\/strong><\/p>\n<p>Le Syndicat des travailleurs de la Justice (SYTJUST) invite les usagers du service public de la justice \u00e0 prendre les dispositions n\u00e9cessaires ce mardi 5 et ce mercredi 6 d\u00e9cembre 2023. Car, les greffiers et autres agents de la justice ont d\u00e9cid\u00e9 d'ex\u00e9cuter leur troisi\u00e8me plan d'action, en observant une gr\u00e8ve de deux jours.<\/p>\n<p>Dans un communiqu\u00e9, le Sytjust informe qu'il \"<em>d\u00e9nonce par cette gr\u00e8ve, la mise \u00e0 mort du greffe, un service n\u00e9vralgique de la justice, orchestr\u00e9e par Monsieur Gallo B\u00e2, Ministre de la Fonction publique qui a adopt\u00e9 volontairement une posture de blocage des efforts consentis par le Ministre de la justice pour corriger le sabotage contre la r\u00e9forme du statut particulier du cadre des fonctionnaires de la justice<\/em>\".<\/p>\n<p>\" <em>Pour rappel, le sabotage dont il s\u2019agit avait \u00e9t\u00e9 perp\u00e9tr\u00e9 par des \u00e9l\u00e9ments de l\u2019entourage technique de Monsieur Gallo BA. En effet, le projet de d\u00e9cret portant statut particulier du cadre des fonctionnaires de la justice, apr\u00e8s son adoption en conseil des ministres du 25 juillet 2018, avait \u00e9t\u00e9 dissimul\u00e9 pendant six mois par des juristes de la Fonction publique qui l\u2019avait substitu\u00e9 \u00e0 un autre avec lequel ils avaient tromp\u00e9 la vigilance du Ministre de la Fonction publique d\u2019alors qui l\u2019avait soumis \u00e0 la signature du Pr\u00e9sident de la R\u00e9publique le 5 f\u00e9vrier 2019<\/em>\", informent les syndicalistes.<\/p>\n<p>Avant de poursuivre: \" <em>dans sa volont\u00e9 d\u2019endiguer le mal, le Garde des sceaux, Ministre de la justice, n\u2019a cess\u00e9 d\u2019inviter, en vain, Monsieur Gallo BA \u00e0 faire preuve de solidarit\u00e9 gouvernementale pour faire cesser le d\u00e9sastre provoqu\u00e9 par cette forfaiture des juristes de la Fonction publique qui est, depuis lors, la principale cause des perturbations du service public de la justice<\/em>\".<\/p>\n<p>\"<em>Face \u00e0 ces graves manquements, il rel\u00e8ve de la responsabilit\u00e9 de Monsieur le Pr\u00e9sident de la R\u00e9publique, garant du bon fonctionnement des institutions et de celle du Premier Ministre, chef du gouvernement, d\u2019arr\u00eater les errements de Monsieur Gallo BA qui, apparemment, ne mesure pas la gravit\u00e9 des d\u00e9rives de certains \u00e9l\u00e9ments de son entourage technique et l\u2019ampleur des cons\u00e9quences n\u00e9gatives de leur pr\u00e9varication sur la vie d\u2019hommes et de femmes qui contribuent significativement au fonctionnement de la justice du S\u00e9n\u00e9gal<\/em> \", avisent Me El Hadj Aye Boun Malick Diop et ses camarades.<\/p>\n<div class='share-to-whatsapp-wrapper'><div class='share-on-whsp'>PARTAGER SUR : <\/div><a data-text='JUSTICE- Perturbations en vue ces mardi et mercredi' data-link='https:\/\/www.nettali.com\/2023\/12\/04\/justice-perturbations-en-vue-ces-mardi-et-mercredi\/' class='whatsapp-button whatsapp-share'>WhatsApp<\/a><div class='clear '><\/div><\/div>","protected":false},"excerpt":{"rendered":"<p>NETTALI.COM- Le fonctionnement des tribunaux risque d'\u00eatre perturb\u00e9 ce mardi et mercredi. Le Syndicat des travailleurs de la Justice (SYTJUST) a d\u00e9cid\u00e9 d'observer une gr\u00e8ve de 48heures. Le Syndicat des travailleurs de la Justice (SYTJUST) invite les usagers du service public de la justice \u00e0 prendre les dispositions n\u00e9cessaires ce mardi 5 et ce mercredi [&hellip;]<\/p>\n","protected":false},"author":6,"featured_media":121793,"comment_status":"open","ping_status":"open","sticky":false,"template":"","format":"standard","meta":{"_et_pb_use_builder":"","_et_pb_old_content":""},"categories":[3],"tags":[],"yoast_head":"<!-- This site is optimized with the Yoast SEO Premium plugin v17.8 (Yoast SEO v17.8) - https:\/\/yoast.com\/wordpress\/plugins\/seo\/ -->\n<title>JUSTICE- Perturbations en vue ces mardi et mercredi | Nettali.com<\/title>\n<meta name=\"robots\" content=\"index, follow, max-snippet:-1, max-image-preview:large, max-video-preview:-1\" \/>\n<link rel=\"canonical\" href=\"https:\/\/www.nettali.com\/2023\/12\/04\/justice-perturbations-en-vue-ces-mardi-et-mercredi\/\" \/>\n<meta property=\"og:locale\" content=\"fr_FR\" \/>\n<meta property=\"og:type\" content=\"article\" \/>\n<meta property=\"og:title\" content=\"JUSTICE- Perturbations en vue ces mardi et mercredi\" \/>\n<meta property=\"og:description\" content=\"NETTALI.COM- Le fonctionnement des tribunaux risque d&#039;\u00eatre perturb\u00e9 ce mardi et mercredi. Le Syndicat des travailleurs de la Justice (SYTJUST) a d\u00e9cid\u00e9 d&#039;observer une gr\u00e8ve de 48heures. Le Syndicat des travailleurs de la Justice (SYTJUST) invite les usagers du service public de la justice \u00e0 prendre les dispositions n\u00e9cessaires ce mardi 5 et ce mercredi [&hellip;]\" \/>\n<meta property=\"og:url\" content=\"https:\/\/www.nettali.com\/2023\/12\/04\/justice-perturbations-en-vue-ces-mardi-et-mercredi\/\" \/>\n<meta property=\"og:site_name\" content=\"Nettali.com\" \/>\n<meta property=\"article:publisher\" content=\"https:\/\/www.facebook.com\/nettalicom\" \/>\n<meta property=\"article:published_time\" content=\"2023-12-04T20:11:38+00:00\" \/>\n<meta property=\"og:image\" content=\"https:\/\/www.nettali.com\/wp-content\/uploads\/2023\/11\/palais-de-justice_1.jpg\" \/>\n\t<meta property=\"og:image:width\" content=\"640\" \/>\n\t<meta property=\"og:image:height\" content=\"427\" \/>\n<meta name=\"twitter:card\" content=\"summary_large_image\" \/>\n<meta name=\"twitter:label1\" content=\"\u00c9crit par\" \/>\n\t<meta name=\"twitter:data1\" content=\"Fatou\" \/>\n\t<meta name=\"twitter:label2\" content=\"Dur\u00e9e de lecture estim\u00e9e\" \/>\n\t<meta name=\"twitter:data2\" content=\"3 minutes\" \/>\n<script type=\"application\/ld+json\" class=\"yoast-schema-graph\">{\"@context\":\"https:\/\/schema.org\",\"@graph\":[{\"@type\":\"WebSite\",\"@id\":\"https:\/\/www.nettali.com\/#website\",\"url\":\"https:\/\/www.nettali.com\/\",\"name\":\"Nettali.com\",\"description\":\"Le rendez-vous critique du Net\",\"potentialAction\":[{\"@type\":\"SearchAction\",\"target\":{\"@type\":\"EntryPoint\",\"urlTemplate\":\"https:\/\/www.nettali.com\/?s={search_term_string}\"},\"query-input\":\"required name=search_term_string\"}],\"inLanguage\":\"fr-FR\"},{\"@type\":\"ImageObject\",\"@id\":\"https:\/\/www.nettali.com\/2023\/12\/04\/justice-perturbations-en-vue-ces-mardi-et-mercredi\/#primaryimage\",\"inLanguage\":\"fr-FR\",\"url\":\"https:\/\/www.nettali.com\/wp-content\/uploads\/2023\/11\/palais-de-justice_1.jpg\",\"contentUrl\":\"https:\/\/www.nettali.com\/wp-content\/uploads\/2023\/11\/palais-de-justice_1.jpg\",\"width\":640,\"height\":427},{\"@type\":\"WebPage\",\"@id\":\"https:\/\/www.nettali.com\/2023\/12\/04\/justice-perturbations-en-vue-ces-mardi-et-mercredi\/#webpage\",\"url\":\"https:\/\/www.nettali.com\/2023\/12\/04\/justice-perturbations-en-vue-ces-mardi-et-mercredi\/\",\"name\":\"JUSTICE- Perturbations en vue ces mardi et mercredi | Nettali.com\",\"isPartOf\":{\"@id\":\"https:\/\/www.nettali.com\/#website\"},\"primaryImageOfPage\":{\"@id\":\"https:\/\/www.nettali.com\/2023\/12\/04\/justice-perturbations-en-vue-ces-mardi-et-mercredi\/#primaryimage\"},\"datePublished\":\"2023-12-04T20:11:38+00:00\",\"dateModified\":\"2023-12-04T20:11:38+00:00\",\"author\":{\"@id\":\"https:\/\/www.nettali.com\/#\/schema\/person\/418274a86bdf87caff7a3ef476bd0bbf\"},\"breadcrumb\":{\"@id\":\"https:\/\/www.nettali.com\/2023\/12\/04\/justice-perturbations-en-vue-ces-mardi-et-mercredi\/#breadcrumb\"},\"inLanguage\":\"fr-FR\",\"potentialAction\":[{\"@type\":\"ReadAction\",\"target\":[\"https:\/\/www.nettali.com\/2023\/12\/04\/justice-perturbations-en-vue-ces-mardi-et-mercredi\/\"]}]},{\"@type\":\"BreadcrumbList\",\"@id\":\"https:\/\/www.nettali.com\/2023\/12\/04\/justice-perturbations-en-vue-ces-mardi-et-mercredi\/#breadcrumb\",\"itemListElement\":[{\"@type\":\"ListItem\",\"position\":1,\"name\":\"Accueil\",\"item\":\"https:\/\/www.nettali.com\/\"},{\"@type\":\"ListItem\",\"position\":2,\"name\":\"JUSTICE- Perturbations en vue ces mardi et mercredi\"}]},{\"@type\":\"Person\",\"@id\":\"https:\/\/www.nettali.com\/#\/schema\/person\/418274a86bdf87caff7a3ef476bd0bbf\",\"name\":\"Fatou\",\"image\":{\"@type\":\"ImageObject\",\"@id\":\"https:\/\/www.nettali.com\/#personlogo\",\"inLanguage\":\"fr-FR\",\"url\":\"https:\/\/secure.gravatar.com\/avatar\/5a9442a2bee7b4dcf167cab035858e9a?s=96&d=mm&r=g\",\"contentUrl\":\"https:\/\/secure.gravatar.com\/avatar\/5a9442a2bee7b4dcf167cab035858e9a?s=96&d=mm&r=g\",\"caption\":\"Fatou\"},\"sameAs\":[\"https:\/\/www.nettali.com\"]}]}<\/script>\n<!-- \/ Yoast SEO Premium plugin. -->","yoast_head_json":{"title":"JUSTICE- Perturbations en vue ces mardi et mercredi | Nettali.com","robots":{"index":"index","follow":"follow","max-snippet":"max-snippet:-1","max-image-preview":"max-image-preview:large","max-video-preview":"max-video-preview:-1"},"canonical":"https:\/\/www.nettali.com\/2023\/12\/04\/justice-perturbations-en-vue-ces-mardi-et-mercredi\/","og_locale":"fr_FR","og_type":"article","og_title":"JUSTICE- Perturbations en vue ces mardi et mercredi","og_description":"NETTALI.COM- Le fonctionnement des tribunaux risque d'\u00eatre perturb\u00e9 ce mardi et mercredi. Le Syndicat des travailleurs de la Justice (SYTJUST) a d\u00e9cid\u00e9 d'observer une gr\u00e8ve de 48heures. Le Syndicat des travailleurs de la Justice (SYTJUST) invite les usagers du service public de la justice \u00e0 prendre les dispositions n\u00e9cessaires ce mardi 5 et ce mercredi [&hellip;]","og_url":"https:\/\/www.nettali.com\/2023\/12\/04\/justice-perturbations-en-vue-ces-mardi-et-mercredi\/","og_site_name":"Nettali.com","article_publisher":"https:\/\/www.facebook.com\/nettalicom","article_published_time":"2023-12-04T20:11:38+00:00","og_image":[{"width":640,"height":427,"url":"https:\/\/www.nettali.com\/wp-content\/uploads\/2023\/11\/palais-de-justice_1.jpg","type":"image\/jpeg"}],"twitter_card":"summary_large_image","twitter_misc":{"\u00c9crit par":"Fatou","Dur\u00e9e de lecture estim\u00e9e":"3 minutes"},"schema":{"@context":"https:\/\/schema.org","@graph":[{"@type":"WebSite","@id":"https:\/\/www.nettali.com\/#website","url":"https:\/\/www.nettali.com\/","name":"Nettali.com","description":"Le rendez-vous critique du Net","potentialAction":[{"@type":"SearchAction","target":{"@type":"EntryPoint","urlTemplate":"https:\/\/www.nettali.com\/?s={search_term_string}"},"query-input":"required name=search_term_string"}],"inLanguage":"fr-FR"},{"@type":"ImageObject","@id":"https:\/\/www.nettali.com\/2023\/12\/04\/justice-perturbations-en-vue-ces-mardi-et-mercredi\/#primaryimage","inLanguage":"fr-FR","url":"https:\/\/www.nettali.com\/wp-content\/uploads\/2023\/11\/palais-de-justice_1.jpg","contentUrl":"https:\/\/www.nettali.com\/wp-content\/uploads\/2023\/11\/palais-de-justice_1.jpg","width":640,"height":427},{"@type":"WebPage","@id":"https:\/\/www.nettali.com\/2023\/12\/04\/justice-perturbations-en-vue-ces-mardi-et-mercredi\/#webpage","url":"https:\/\/www.nettali.com\/2023\/12\/04\/justice-perturbations-en-vue-ces-mardi-et-mercredi\/","name":"JUSTICE- Perturbations en vue ces mardi et mercredi | Nettali.com","isPartOf":{"@id":"https:\/\/www.nettali.com\/#website"},"primaryImageOfPage":{"@id":"https:\/\/www.nettali.com\/2023\/12\/04\/justice-perturbations-en-vue-ces-mardi-et-mercredi\/#primaryimage"},"datePublished":"2023-12-04T20:11:38+00:00","dateModified":"2023-12-04T20:11:38+00:00","author":{"@id":"https:\/\/www.nettali.com\/#\/schema\/person\/418274a86bdf87caff7a3ef476bd0bbf"},"breadcrumb":{"@id":"https:\/\/www.nettali.com\/2023\/12\/04\/justice-perturbations-en-vue-ces-mardi-et-mercredi\/#breadcrumb"},"inLanguage":"fr-FR","potentialAction":[{"@type":"ReadAction","target":["https:\/\/www.nettali.com\/2023\/12\/04\/justice-perturbations-en-vue-ces-mardi-et-mercredi\/"]}]},{"@type":"BreadcrumbList","@id":"https:\/\/www.nettali.com\/2023\/12\/04\/justice-perturbations-en-vue-ces-mardi-et-mercredi\/#breadcrumb","itemListElement":[{"@type":"ListItem","position":1,"name":"Accueil","item":"https:\/\/www.nettali.com\/"},{"@type":"ListItem","position":2,"name":"JUSTICE- Perturbations en vue ces mardi et mercredi"}]},{"@type":"Person","@id":"https:\/\/www.nettali.com\/#\/schema\/person\/418274a86bdf87caff7a3ef476bd0bbf","name":"Fatou","image":{"@type":"ImageObject","@id":"https:\/\/www.nettali.com\/#personlogo","inLanguage":"fr-FR","url":"https:\/\/secure.gravatar.com\/avatar\/5a9442a2bee7b4dcf167cab035858e9a?s=96&d=mm&r=g","contentUrl":"https:\/\/secure.gravatar.com\/avatar\/5a9442a2bee7b4dcf167cab035858e9a?s=96&d=mm&r=g","caption":"Fatou"},"sameAs":["https:\/\/www.nettali.com"]}]}},"_links":{"self":[{"href":"https:\/\/www.nettali.com\/rest\/wp\/v2\/posts\/123088"}],"collection":[{"href":"https:\/\/www.nettali.com\/rest\/wp\/v2\/posts"}],"about":[{"href":"https:\/\/www.nettali.com\/rest\/wp\/v2\/types\/post"}],"author":[{"embeddable":true,"href":"https:\/\/www.nettali.com\/rest\/wp\/v2\/users\/6"}],"replies":[{"embeddable":true,"href":"https:\/\/www.nettali.com\/rest\/wp\/v2\/comments?post=123088"}],"version-history":[{"count":5,"href":"https:\/\/www.nettali.com\/rest\/wp\/v2\/posts\/123088\/revisions"}],"predecessor-version":[{"id":123093,"href":"https:\/\/www.nettali.com\/rest\/wp\/v2\/posts\/123088\/revisions\/123093"}],"wp:featuredmedia":[{"embeddable":true,"href":"https:\/\/www.nettali.com\/rest\/wp\/v2\/media\/121793"}],"wp:attachment":[{"href":"https:\/\/www.nettali.com\/rest\/wp\/v2\/media?parent=123088"}],"wp:term":[{"taxonomy":"category","embeddable":true,"href":"https:\/\/www.nettali.com\/rest\/wp\/v2\/categories?post=123088"},{"taxonomy":"post_tag","embeddable":true,"href":"https:\/\/www.nettali.com\/rest\/wp\/v2\/tags?post=123088"}],"curies":[{"name":"wp","href":"https:\/\/api.w.org\/{rel}","templated":true}]}}