{"id":123085,"date":"2023-12-04T16:15:12","date_gmt":"2023-12-04T16:15:12","guid":{"rendered":"https:\/\/www.nettali.com\/?p=123085"},"modified":"2023-12-04T16:15:12","modified_gmt":"2023-12-04T16:15:12","slug":"macky-sall-nous-avons-des-ennemies-communs","status":"publish","type":"post","link":"https:\/\/www.nettali.com\/2023\/12\/04\/macky-sall-nous-avons-des-ennemies-communs\/","title":{"rendered":"MACKY SALL \u2013 \u00ab\u00a0Nous avons des ennemies communs\u00a0\u00bb"},"content":{"rendered":"<p><strong>NETTALI.COM - Le pr\u00e9sident de la R\u00e9publique Macky Sall, a pr\u00e9sid\u00e9, lundi \u00e0 Dakar, le sommet Renewpac, une r\u00e9union des dirigeants lib\u00e9raux d\u2019Europe et d\u2019Afrique, qui se tient du 3 au 5 d\u00e9cembre dans la capitale S\u00e9n\u00e9galaise.<\/strong><\/p>\n<p>Cette rencontre, une initiative du groupe Renew Europe au Parlement europ\u00e9en est organis\u00e9e en collaboration avec des institutions lib\u00e9rales internationales dont l\u2019Internationale lib\u00e9rale, ainsi que des organisations r\u00e9gionales africaines et europ\u00e9ennes telles que le R\u00e9seau lib\u00e9ral africain, la Fondation Friedrich Naumann, l\u2019Alliance des d\u00e9mocrates et des lib\u00e9raux pour l\u2019Europe (ADLE), le Parti d\u00e9mocrate europ\u00e9en (PDE), le Groupe Renouveau Europe du Comit\u00e9 europ\u00e9en des r\u00e9gions et le Forum lib\u00e9ral europ\u00e9en.<\/p>\n<p>Le sommet \u2018\u2019s\u2019appuie sur les r\u00e9alisations remarquables de l\u2019agenda strat\u00e9gique et politique de Renew Europe dans le contexte de la coop\u00e9ration UE-Afrique et fait suite au Sommet 2022 \u00e0 Marrakech, qui a connu un immense succ\u00e8s\u2019\u2019, indiquent les organisateurs dans un communiqu\u00e9.<\/p>\n<p>La m\u00eame source renseigne que le sommet RENEWPAC 2023 a une mission singuli\u00e8re de r\u00e9unir les dirigeants lib\u00e9raux d\u2019Europe et d\u2019Afrique.<\/p>\n<p><em>\u00ab\u00a0Il se penchera sur les priorit\u00e9s complexes et interd\u00e9pendantes auxquelles les deux continents sont actuellement confront\u00e9s, en mettant l\u2019accent sur le d\u00e9veloppement durable mais aussi sur un rassemblement dynamique et percutant d\u2019esprits et de voix engag\u00e9s en faveur d\u2019un changement positif\u00a0\u00bb,<\/em> peut-on \u00e9galement lire dans le document.<\/p>\n<p>Lors de la c\u00e9r\u00e9monie d'ouverture, le pr\u00e9sident de la R\u00e9publique, Macky Sall, a prononc\u00e9 un discours dans lequel il a livr\u00e9 un message fort.<\/p>\n<p>En abordant la pr\u00e9servation du r\u00e9gime d\u00e9mocratique, il estime que celle-ci repose sur le partage du pouvoir, favorisant ainsi la stabilisation des institutions et la pacification de l'espace politique. <em>\u00ab Comme nous avons des id\u00e9aux communs, nous avons aussi des ennemis communs. Ces ennemis, c\u2019est le populisme, le radicalisme et l\u2019extr\u00e9misme violent. Ce sont les pires menaces \u00e0 la d\u00e9mocratie et\u00a0 \u00e0 la stabilit\u00e9 des \u00c9tats \u00bb<\/em>, a-t-il d\u00e9clar\u00e9.<\/p>\n<p>Le chef de l'\u00c9tat a lanc\u00e9 un appel \u00e0 tous les \u00c9tats africains pour qu'ils fassent preuve de solidarit\u00e9, afin de lutter contre cette doctrine. <em>\u00ab C\u2019est le prix \u00e0 payer pour que vivent les id\u00e9aux qui nous rassemblent. J\u2019y reste, pour ma part, engag\u00e9 \u00bb,<\/em> a conclu Macky Sall.<\/p>\n<p>&nbsp;<\/p>\n<div class='share-to-whatsapp-wrapper'><div class='share-on-whsp'>PARTAGER SUR : <\/div><a data-text='MACKY SALL \u2013 \u00ab\u00a0Nous avons des ennemies communs\u00a0\u00bb' data-link='https:\/\/www.nettali.com\/2023\/12\/04\/macky-sall-nous-avons-des-ennemies-communs\/' class='whatsapp-button whatsapp-share'>WhatsApp<\/a><div class='clear '><\/div><\/div>","protected":false},"excerpt":{"rendered":"<p>NETTALI.COM - Le pr\u00e9sident de la R\u00e9publique Macky Sall, a pr\u00e9sid\u00e9, lundi \u00e0 Dakar, le sommet Renewpac, une r\u00e9union des dirigeants lib\u00e9raux d\u2019Europe et d\u2019Afrique, qui se tient du 3 au 5 d\u00e9cembre dans la capitale S\u00e9n\u00e9galaise. Cette rencontre, une initiative du groupe Renew Europe au Parlement europ\u00e9en est organis\u00e9e en collaboration avec des institutions [&hellip;]<\/p>\n","protected":false},"author":4,"featured_media":121664,"comment_status":"open","ping_status":"open","sticky":false,"template":"","format":"standard","meta":{"_et_pb_use_builder":"","_et_pb_old_content":""},"categories":[2],"tags":[],"yoast_head":"<!-- This site is optimized with the Yoast SEO Premium plugin v17.8 (Yoast SEO v17.8) - https:\/\/yoast.com\/wordpress\/plugins\/seo\/ -->\n<title>MACKY SALL \u2013 \u00ab\u00a0Nous avons des ennemies communs\u00a0\u00bb | Nettali.com<\/title>\n<meta name=\"robots\" content=\"index, follow, max-snippet:-1, max-image-preview:large, max-video-preview:-1\" \/>\n<link rel=\"canonical\" href=\"https:\/\/www.nettali.com\/2023\/12\/04\/macky-sall-nous-avons-des-ennemies-communs\/\" \/>\n<meta property=\"og:locale\" content=\"fr_FR\" \/>\n<meta property=\"og:type\" content=\"article\" \/>\n<meta property=\"og:title\" content=\"MACKY SALL \u2013 \u00ab\u00a0Nous avons des ennemies communs\u00a0\u00bb\" \/>\n<meta property=\"og:description\" content=\"NETTALI.COM - Le pr\u00e9sident de la R\u00e9publique Macky Sall, a pr\u00e9sid\u00e9, lundi \u00e0 Dakar, le sommet Renewpac, une r\u00e9union des dirigeants lib\u00e9raux d\u2019Europe et d\u2019Afrique, qui se tient du 3 au 5 d\u00e9cembre dans la capitale S\u00e9n\u00e9galaise. Cette rencontre, une initiative du groupe Renew Europe au Parlement europ\u00e9en est organis\u00e9e en collaboration avec des institutions [&hellip;]\" \/>\n<meta property=\"og:url\" content=\"https:\/\/www.nettali.com\/2023\/12\/04\/macky-sall-nous-avons-des-ennemies-communs\/\" \/>\n<meta property=\"og:site_name\" content=\"Nettali.com\" \/>\n<meta property=\"article:publisher\" content=\"https:\/\/www.facebook.com\/nettalicom\" \/>\n<meta property=\"article:published_time\" content=\"2023-12-04T16:15:12+00:00\" \/>\n<meta property=\"og:image\" content=\"https:\/\/www.nettali.com\/wp-content\/uploads\/2023\/11\/Macky.jpeg\" \/>\n\t<meta property=\"og:image:width\" content=\"612\" \/>\n\t<meta property=\"og:image:height\" content=\"298\" \/>\n<meta name=\"twitter:card\" content=\"summary_large_image\" \/>\n<meta name=\"twitter:label1\" content=\"\u00c9crit par\" \/>\n\t<meta name=\"twitter:data1\" content=\"Daouda\" \/>\n\t<meta name=\"twitter:label2\" content=\"Dur\u00e9e de lecture estim\u00e9e\" \/>\n\t<meta name=\"twitter:data2\" content=\"2 minutes\" \/>\n<script type=\"application\/ld+json\" class=\"yoast-schema-graph\">{\"@context\":\"https:\/\/schema.org\",\"@graph\":[{\"@type\":\"WebSite\",\"@id\":\"https:\/\/www.nettali.com\/#website\",\"url\":\"https:\/\/www.nettali.com\/\",\"name\":\"Nettali.com\",\"description\":\"Le rendez-vous critique du Net\",\"potentialAction\":[{\"@type\":\"SearchAction\",\"target\":{\"@type\":\"EntryPoint\",\"urlTemplate\":\"https:\/\/www.nettali.com\/?s={search_term_string}\"},\"query-input\":\"required name=search_term_string\"}],\"inLanguage\":\"fr-FR\"},{\"@type\":\"ImageObject\",\"@id\":\"https:\/\/www.nettali.com\/2023\/12\/04\/macky-sall-nous-avons-des-ennemies-communs\/#primaryimage\",\"inLanguage\":\"fr-FR\",\"url\":\"https:\/\/www.nettali.com\/wp-content\/uploads\/2023\/11\/Macky.jpeg\",\"contentUrl\":\"https:\/\/www.nettali.com\/wp-content\/uploads\/2023\/11\/Macky.jpeg\",\"width\":612,\"height\":298},{\"@type\":\"WebPage\",\"@id\":\"https:\/\/www.nettali.com\/2023\/12\/04\/macky-sall-nous-avons-des-ennemies-communs\/#webpage\",\"url\":\"https:\/\/www.nettali.com\/2023\/12\/04\/macky-sall-nous-avons-des-ennemies-communs\/\",\"name\":\"MACKY SALL \\u2013 \\u00ab\\u00a0Nous avons des ennemies communs\\u00a0\\u00bb | Nettali.com\",\"isPartOf\":{\"@id\":\"https:\/\/www.nettali.com\/#website\"},\"primaryImageOfPage\":{\"@id\":\"https:\/\/www.nettali.com\/2023\/12\/04\/macky-sall-nous-avons-des-ennemies-communs\/#primaryimage\"},\"datePublished\":\"2023-12-04T16:15:12+00:00\",\"dateModified\":\"2023-12-04T16:15:12+00:00\",\"author\":{\"@id\":\"https:\/\/www.nettali.com\/#\/schema\/person\/3317e0bb3aa1da309fbf7b2780901bf4\"},\"breadcrumb\":{\"@id\":\"https:\/\/www.nettali.com\/2023\/12\/04\/macky-sall-nous-avons-des-ennemies-communs\/#breadcrumb\"},\"inLanguage\":\"fr-FR\",\"potentialAction\":[{\"@type\":\"ReadAction\",\"target\":[\"https:\/\/www.nettali.com\/2023\/12\/04\/macky-sall-nous-avons-des-ennemies-communs\/\"]}]},{\"@type\":\"BreadcrumbList\",\"@id\":\"https:\/\/www.nettali.com\/2023\/12\/04\/macky-sall-nous-avons-des-ennemies-communs\/#breadcrumb\",\"itemListElement\":[{\"@type\":\"ListItem\",\"position\":1,\"name\":\"Accueil\",\"item\":\"https:\/\/www.nettali.com\/\"},{\"@type\":\"ListItem\",\"position\":2,\"name\":\"MACKY SALL \\u2013 \\u00ab\\u00a0Nous avons des ennemies communs\\u00a0\\u00bb\"}]},{\"@type\":\"Person\",\"@id\":\"https:\/\/www.nettali.com\/#\/schema\/person\/3317e0bb3aa1da309fbf7b2780901bf4\",\"name\":\"Daouda\",\"image\":{\"@type\":\"ImageObject\",\"@id\":\"https:\/\/www.nettali.com\/#personlogo\",\"inLanguage\":\"fr-FR\",\"url\":\"https:\/\/secure.gravatar.com\/avatar\/8d143b5a49345098ddcfee1c49c2f47c?s=96&d=mm&r=g\",\"contentUrl\":\"https:\/\/secure.gravatar.com\/avatar\/8d143b5a49345098ddcfee1c49c2f47c?s=96&d=mm&r=g\",\"caption\":\"Daouda\"},\"sameAs\":[\"https:\/\/www.nettali.com\"]}]}<\/script>\n<!-- \/ Yoast SEO Premium plugin. -->","yoast_head_json":{"title":"MACKY SALL \u2013 \u00ab\u00a0Nous avons des ennemies communs\u00a0\u00bb | Nettali.com","robots":{"index":"index","follow":"follow","max-snippet":"max-snippet:-1","max-image-preview":"max-image-preview:large","max-video-preview":"max-video-preview:-1"},"canonical":"https:\/\/www.nettali.com\/2023\/12\/04\/macky-sall-nous-avons-des-ennemies-communs\/","og_locale":"fr_FR","og_type":"article","og_title":"MACKY SALL \u2013 \u00ab\u00a0Nous avons des ennemies communs\u00a0\u00bb","og_description":"NETTALI.COM - Le pr\u00e9sident de la R\u00e9publique Macky Sall, a pr\u00e9sid\u00e9, lundi \u00e0 Dakar, le sommet Renewpac, une r\u00e9union des dirigeants lib\u00e9raux d\u2019Europe et d\u2019Afrique, qui se tient du 3 au 5 d\u00e9cembre dans la capitale S\u00e9n\u00e9galaise. Cette rencontre, une initiative du groupe Renew Europe au Parlement europ\u00e9en est organis\u00e9e en collaboration avec des institutions [&hellip;]","og_url":"https:\/\/www.nettali.com\/2023\/12\/04\/macky-sall-nous-avons-des-ennemies-communs\/","og_site_name":"Nettali.com","article_publisher":"https:\/\/www.facebook.com\/nettalicom","article_published_time":"2023-12-04T16:15:12+00:00","og_image":[{"width":612,"height":298,"url":"https:\/\/www.nettali.com\/wp-content\/uploads\/2023\/11\/Macky.jpeg","type":"image\/jpeg"}],"twitter_card":"summary_large_image","twitter_misc":{"\u00c9crit par":"Daouda","Dur\u00e9e de lecture estim\u00e9e":"2 minutes"},"schema":{"@context":"https:\/\/schema.org","@graph":[{"@type":"WebSite","@id":"https:\/\/www.nettali.com\/#website","url":"https:\/\/www.nettali.com\/","name":"Nettali.com","description":"Le rendez-vous critique du Net","potentialAction":[{"@type":"SearchAction","target":{"@type":"EntryPoint","urlTemplate":"https:\/\/www.nettali.com\/?s={search_term_string}"},"query-input":"required name=search_term_string"}],"inLanguage":"fr-FR"},{"@type":"ImageObject","@id":"https:\/\/www.nettali.com\/2023\/12\/04\/macky-sall-nous-avons-des-ennemies-communs\/#primaryimage","inLanguage":"fr-FR","url":"https:\/\/www.nettali.com\/wp-content\/uploads\/2023\/11\/Macky.jpeg","contentUrl":"https:\/\/www.nettali.com\/wp-content\/uploads\/2023\/11\/Macky.jpeg","width":612,"height":298},{"@type":"WebPage","@id":"https:\/\/www.nettali.com\/2023\/12\/04\/macky-sall-nous-avons-des-ennemies-communs\/#webpage","url":"https:\/\/www.nettali.com\/2023\/12\/04\/macky-sall-nous-avons-des-ennemies-communs\/","name":"MACKY SALL \u2013 \u00ab\u00a0Nous avons des ennemies communs\u00a0\u00bb | Nettali.com","isPartOf":{"@id":"https:\/\/www.nettali.com\/#website"},"primaryImageOfPage":{"@id":"https:\/\/www.nettali.com\/2023\/12\/04\/macky-sall-nous-avons-des-ennemies-communs\/#primaryimage"},"datePublished":"2023-12-04T16:15:12+00:00","dateModified":"2023-12-04T16:15:12+00:00","author":{"@id":"https:\/\/www.nettali.com\/#\/schema\/person\/3317e0bb3aa1da309fbf7b2780901bf4"},"breadcrumb":{"@id":"https:\/\/www.nettali.com\/2023\/12\/04\/macky-sall-nous-avons-des-ennemies-communs\/#breadcrumb"},"inLanguage":"fr-FR","potentialAction":[{"@type":"ReadAction","target":["https:\/\/www.nettali.com\/2023\/12\/04\/macky-sall-nous-avons-des-ennemies-communs\/"]}]},{"@type":"BreadcrumbList","@id":"https:\/\/www.nettali.com\/2023\/12\/04\/macky-sall-nous-avons-des-ennemies-communs\/#breadcrumb","itemListElement":[{"@type":"ListItem","position":1,"name":"Accueil","item":"https:\/\/www.nettali.com\/"},{"@type":"ListItem","position":2,"name":"MACKY SALL \u2013 \u00ab\u00a0Nous avons des ennemies communs\u00a0\u00bb"}]},{"@type":"Person","@id":"https:\/\/www.nettali.com\/#\/schema\/person\/3317e0bb3aa1da309fbf7b2780901bf4","name":"Daouda","image":{"@type":"ImageObject","@id":"https:\/\/www.nettali.com\/#personlogo","inLanguage":"fr-FR","url":"https:\/\/secure.gravatar.com\/avatar\/8d143b5a49345098ddcfee1c49c2f47c?s=96&d=mm&r=g","contentUrl":"https:\/\/secure.gravatar.com\/avatar\/8d143b5a49345098ddcfee1c49c2f47c?s=96&d=mm&r=g","caption":"Daouda"},"sameAs":["https:\/\/www.nettali.com"]}]}},"_links":{"self":[{"href":"https:\/\/www.nettali.com\/rest\/wp\/v2\/posts\/123085"}],"collection":[{"href":"https:\/\/www.nettali.com\/rest\/wp\/v2\/posts"}],"about":[{"href":"https:\/\/www.nettali.com\/rest\/wp\/v2\/types\/post"}],"author":[{"embeddable":true,"href":"https:\/\/www.nettali.com\/rest\/wp\/v2\/users\/4"}],"replies":[{"embeddable":true,"href":"https:\/\/www.nettali.com\/rest\/wp\/v2\/comments?post=123085"}],"version-history":[{"count":1,"href":"https:\/\/www.nettali.com\/rest\/wp\/v2\/posts\/123085\/revisions"}],"predecessor-version":[{"id":123086,"href":"https:\/\/www.nettali.com\/rest\/wp\/v2\/posts\/123085\/revisions\/123086"}],"wp:featuredmedia":[{"embeddable":true,"href":"https:\/\/www.nettali.com\/rest\/wp\/v2\/media\/121664"}],"wp:attachment":[{"href":"https:\/\/www.nettali.com\/rest\/wp\/v2\/media?parent=123085"}],"wp:term":[{"taxonomy":"category","embeddable":true,"href":"https:\/\/www.nettali.com\/rest\/wp\/v2\/categories?post=123085"},{"taxonomy":"post_tag","embeddable":true,"href":"https:\/\/www.nettali.com\/rest\/wp\/v2\/tags?post=123085"}],"curies":[{"name":"wp","href":"https:\/\/api.w.org\/{rel}","templated":true}]}}