{"id":123038,"date":"2023-12-03T11:50:01","date_gmt":"2023-12-03T11:50:01","guid":{"rendered":"https:\/\/www.nettali.com\/?p=123038"},"modified":"2023-12-03T11:50:01","modified_gmt":"2023-12-03T11:50:01","slug":"france-un-mort-et-deux-blesses-lors-dune-attaque-au-couteau-a-paris-lassaillant-arrete","status":"publish","type":"post","link":"https:\/\/www.nettali.com\/2023\/12\/03\/france-un-mort-et-deux-blesses-lors-dune-attaque-au-couteau-a-paris-lassaillant-arrete\/","title":{"rendered":"FRANCE - un mort et deux bless\u00e9s lors d'une attaque au couteau \u00e0 Paris, l'assaillant arr\u00eat\u00e9"},"content":{"rendered":"<p><strong>NETTALI.COM - En France, une personne tu\u00e9e et deux autres bless\u00e9es lors d'une attaque au couteau et au marteau, samedi soir \u00e0 Paris. L'attaque a eu lieu \u00e0 proximit\u00e9 de la tour Eiffeil, peu apr\u00e8s 21 h, heure fran\u00e7aise. Elle a co\u00fbt\u00e9 la vie \u00e0 un touriste \u00e0 la double nationalit\u00e9 allemande et philippine, n\u00e9 en 1999. L'auteur de l'attaque a rapidement \u00e9t\u00e9 interpell\u00e9 par les forces de l'ordre et plac\u00e9 en garde \u00e0 vue. Le parquet antiterroriste s'est saisi de l'enqu\u00eate, pour assassinat et tentative d\u2019assassinat en relation avec une entreprise terroriste.<\/strong><\/p>\n<p>Outre l'homme d\u00e9c\u00e9d\u00e9, il y a deux bless\u00e9s : un Fran\u00e7ais, \u00e2g\u00e9 de soixante ans, et un touriste \u00e9tranger, un Britannique \u00e2g\u00e9 de 66 ans, qui a \u00e9t\u00e9 bless\u00e9 au marteau, selon la police.<\/p>\n<p>Armand Rajabpour-Miyanondoab, auteur pr\u00e9sum\u00e9 de l'attaque, n\u00e9 en r\u00e9gion parisienne en 1997, avait d\u00e9j\u00e0 \u00e9t\u00e9 interpell\u00e9 par le renseignement int\u00e9rieur en 2016. \u00c0 l'\u00e9poque, l'homme pr\u00e9voyait d'attaquer un autre quartier de Paris, la D\u00e9fense.<\/p>\n<p>Condamn\u00e9 \u00e0 cinq ans de prison dont un an de sursis, Armand Rajabpour-Miyanondoab a \u00e9t\u00e9 plac\u00e9 depuis sous un contr\u00f4le judiciaire sp\u00e9cifiquement d\u00e9di\u00e9 \u00e0 la pr\u00e9vention des actes de terrorrisme.<\/p>\n<p>L'homme \u00e9tait \u00e9galement connu pour troubles psychiatriques. Sous traitement, il est retourn\u00e9 vivre chez ses parents \u00e0 la fin de sa d\u00e9tention, en 2020. Son \u00e9tat semble alors s'am\u00e9liorer. Une source s\u00e9curitaire indique m\u00eame qu'il se serait \u00ab d\u00e9tach\u00e9 de la religion \u00bb.<\/p>\n<p>Depuis un peu plus d'un an, Armand Rajabpour-Miyanondoab suscitait cependant de nouvelles inqui\u00e9tudes. Ce, en raison d'une personnalit\u00e9 tr\u00e8s \u00ab instable et influen\u00e7able \u00bb, toujours selon cette m\u00eame source s\u00e9curitaire.<\/p>\n<p>Les propos qu'aurait tenus l'assaillant, hier soir pendant l'attaque, semblent confirmer un acte motiv\u00e9 par l'islamisme radical : apr\u00e8s avoir cri\u00e9\u00a0<em>Allah Akbar<\/em>, l'homme aurait dit \u00ab\u00a0<em>en avoir marre de voir des musulmans mourir en Afghanistan et en Palestine<\/em> \u00bb, selon le minist\u00e8re de l'Int\u00e9rieur, G\u00e9rald Darmanin. Une vengeance pour les musulmans tu\u00e9s, qu'Armand Rajabpour-Miyanondoab exprime \u00e9galement dans une vid\u00e9o post\u00e9e sur les r\u00e9seaux sociaux, peu de temps avant les faits.<\/p>\n<h2>Quelle direction va prendre l'enqu\u00eate ?<\/h2>\n<p>Le parquet antiterroriste a ouvert une enqu\u00eate pour notamment assassinat et tentative d\u2019assassinat en relation avec une entreprise terroriste. M\u00eame si, \u00e0 cette heure, aucune organisation criminelle de ce type ne semble avoir revendiqu\u00e9 l'attaque.<\/p>\n<p>Les enqu\u00eateurs vont \u00e9galement travailler sur le traitement m\u00e9dical de Armand Rajabpour-Miyanondoab : \u00e9tait-il effectivement bien suivi comme il aurait d\u00fb l'\u00eatre, selon une source s\u00e9curitaire. Un suivi normalement surveill\u00e9 de pr\u00e8s lorsque, comme l'assaillant, un individu est fich\u00e9 aupr\u00e8s de la DGSI.<\/p>\n<p>Cette attaque a eu lieu alors, que, il y a moins de deux mois, la France \u00e9tait pass\u00e9e en urgence attentat. Un niveau d'alerte s\u00e9curitaire rehauss\u00e9, \u00e0 la suite de\u00a0l'assassinat d'un professeur dans la ville d'Arras\u00a0en ao\u00fbt dernier.<\/p>\n<p>\u00ab\u00a0<em>Nous ne c\u00e9derons rien face au terrorisme,\u00a0<\/em>a r\u00e9agi la Premi\u00e8re ministre fran\u00e7aise Elisabeth Borne sur X.\u00a0<em>Mes pens\u00e9es vont \u00e0 la victime, aux bless\u00e9s et \u00e0 leurs proches. Je salue le courage et le professionnalisme de nos forces de l'ordre et nos services de secours mobilis\u00e9s\u00a0<\/em>\u00bb.<\/p>\n<p><strong><em>(avec Agences)<\/em><\/strong><\/p>\n<div class='share-to-whatsapp-wrapper'><div class='share-on-whsp'>PARTAGER SUR : <\/div><a data-text='FRANCE - un mort et deux bless\u00e9s lors d'une attaque au couteau \u00e0 Paris, l'assaillant arr\u00eat\u00e9' data-link='https:\/\/www.nettali.com\/2023\/12\/03\/france-un-mort-et-deux-blesses-lors-dune-attaque-au-couteau-a-paris-lassaillant-arrete\/' class='whatsapp-button whatsapp-share'>WhatsApp<\/a><div class='clear '><\/div><\/div>","protected":false},"excerpt":{"rendered":"<p>NETTALI.COM - En France, une personne tu\u00e9e et deux autres bless\u00e9es lors d'une attaque au couteau et au marteau, samedi soir \u00e0 Paris. L'attaque a eu lieu \u00e0 proximit\u00e9 de la tour Eiffeil, peu apr\u00e8s 21 h, heure fran\u00e7aise. Elle a co\u00fbt\u00e9 la vie \u00e0 un touriste \u00e0 la double nationalit\u00e9 allemande et philippine, n\u00e9 [&hellip;]<\/p>\n","protected":false},"author":4,"featured_media":123039,"comment_status":"open","ping_status":"open","sticky":false,"template":"","format":"standard","meta":{"_et_pb_use_builder":"","_et_pb_old_content":""},"categories":[8],"tags":[],"yoast_head":"<!-- This site is optimized with the Yoast SEO Premium plugin v17.8 (Yoast SEO v17.8) - https:\/\/yoast.com\/wordpress\/plugins\/seo\/ -->\n<title>FRANCE - un mort et deux bless\u00e9s lors d&#039;une attaque au couteau \u00e0 Paris, l&#039;assaillant arr\u00eat\u00e9 | Nettali.com<\/title>\n<meta name=\"robots\" content=\"index, follow, max-snippet:-1, max-image-preview:large, max-video-preview:-1\" \/>\n<link rel=\"canonical\" href=\"https:\/\/www.nettali.com\/2023\/12\/03\/france-un-mort-et-deux-blesses-lors-dune-attaque-au-couteau-a-paris-lassaillant-arrete\/\" \/>\n<meta property=\"og:locale\" content=\"fr_FR\" \/>\n<meta property=\"og:type\" content=\"article\" \/>\n<meta property=\"og:title\" content=\"FRANCE - un mort et deux bless\u00e9s lors d&#039;une attaque au couteau \u00e0 Paris, l&#039;assaillant arr\u00eat\u00e9\" \/>\n<meta property=\"og:description\" content=\"NETTALI.COM - En France, une personne tu\u00e9e et deux autres bless\u00e9es lors d&#039;une attaque au couteau et au marteau, samedi soir \u00e0 Paris. L&#039;attaque a eu lieu \u00e0 proximit\u00e9 de la tour Eiffeil, peu apr\u00e8s 21 h, heure fran\u00e7aise. Elle a co\u00fbt\u00e9 la vie \u00e0 un touriste \u00e0 la double nationalit\u00e9 allemande et philippine, n\u00e9 [&hellip;]\" \/>\n<meta property=\"og:url\" content=\"https:\/\/www.nettali.com\/2023\/12\/03\/france-un-mort-et-deux-blesses-lors-dune-attaque-au-couteau-a-paris-lassaillant-arrete\/\" \/>\n<meta property=\"og:site_name\" content=\"Nettali.com\" \/>\n<meta property=\"article:publisher\" content=\"https:\/\/www.facebook.com\/nettalicom\" \/>\n<meta property=\"article:published_time\" content=\"2023-12-03T11:50:01+00:00\" \/>\n<meta property=\"og:image\" content=\"https:\/\/www.nettali.com\/wp-content\/uploads\/2023\/12\/Capture-de\u0301cran-2023-12-03-a\u0300-11.48.07.png\" \/>\n\t<meta property=\"og:image:width\" content=\"966\" \/>\n\t<meta property=\"og:image:height\" content=\"499\" \/>\n<meta name=\"twitter:card\" content=\"summary_large_image\" \/>\n<meta name=\"twitter:label1\" content=\"\u00c9crit par\" \/>\n\t<meta name=\"twitter:data1\" content=\"Daouda\" \/>\n\t<meta name=\"twitter:label2\" content=\"Dur\u00e9e de lecture estim\u00e9e\" \/>\n\t<meta name=\"twitter:data2\" content=\"3 minutes\" \/>\n<script type=\"application\/ld+json\" class=\"yoast-schema-graph\">{\"@context\":\"https:\/\/schema.org\",\"@graph\":[{\"@type\":\"WebSite\",\"@id\":\"https:\/\/www.nettali.com\/#website\",\"url\":\"https:\/\/www.nettali.com\/\",\"name\":\"Nettali.com\",\"description\":\"Le rendez-vous critique du Net\",\"potentialAction\":[{\"@type\":\"SearchAction\",\"target\":{\"@type\":\"EntryPoint\",\"urlTemplate\":\"https:\/\/www.nettali.com\/?s={search_term_string}\"},\"query-input\":\"required name=search_term_string\"}],\"inLanguage\":\"fr-FR\"},{\"@type\":\"ImageObject\",\"@id\":\"https:\/\/www.nettali.com\/2023\/12\/03\/france-un-mort-et-deux-blesses-lors-dune-attaque-au-couteau-a-paris-lassaillant-arrete\/#primaryimage\",\"inLanguage\":\"fr-FR\",\"url\":\"https:\/\/www.nettali.com\/wp-content\/uploads\/2023\/12\/Capture-de\\u0301cran-2023-12-03-a\\u0300-11.48.07.png\",\"contentUrl\":\"https:\/\/www.nettali.com\/wp-content\/uploads\/2023\/12\/Capture-de\\u0301cran-2023-12-03-a\\u0300-11.48.07.png\",\"width\":966,\"height\":499},{\"@type\":\"WebPage\",\"@id\":\"https:\/\/www.nettali.com\/2023\/12\/03\/france-un-mort-et-deux-blesses-lors-dune-attaque-au-couteau-a-paris-lassaillant-arrete\/#webpage\",\"url\":\"https:\/\/www.nettali.com\/2023\/12\/03\/france-un-mort-et-deux-blesses-lors-dune-attaque-au-couteau-a-paris-lassaillant-arrete\/\",\"name\":\"FRANCE - un mort et deux bless\\u00e9s lors d'une attaque au couteau \\u00e0 Paris, l'assaillant arr\\u00eat\\u00e9 | Nettali.com\",\"isPartOf\":{\"@id\":\"https:\/\/www.nettali.com\/#website\"},\"primaryImageOfPage\":{\"@id\":\"https:\/\/www.nettali.com\/2023\/12\/03\/france-un-mort-et-deux-blesses-lors-dune-attaque-au-couteau-a-paris-lassaillant-arrete\/#primaryimage\"},\"datePublished\":\"2023-12-03T11:50:01+00:00\",\"dateModified\":\"2023-12-03T11:50:01+00:00\",\"author\":{\"@id\":\"https:\/\/www.nettali.com\/#\/schema\/person\/3317e0bb3aa1da309fbf7b2780901bf4\"},\"breadcrumb\":{\"@id\":\"https:\/\/www.nettali.com\/2023\/12\/03\/france-un-mort-et-deux-blesses-lors-dune-attaque-au-couteau-a-paris-lassaillant-arrete\/#breadcrumb\"},\"inLanguage\":\"fr-FR\",\"potentialAction\":[{\"@type\":\"ReadAction\",\"target\":[\"https:\/\/www.nettali.com\/2023\/12\/03\/france-un-mort-et-deux-blesses-lors-dune-attaque-au-couteau-a-paris-lassaillant-arrete\/\"]}]},{\"@type\":\"BreadcrumbList\",\"@id\":\"https:\/\/www.nettali.com\/2023\/12\/03\/france-un-mort-et-deux-blesses-lors-dune-attaque-au-couteau-a-paris-lassaillant-arrete\/#breadcrumb\",\"itemListElement\":[{\"@type\":\"ListItem\",\"position\":1,\"name\":\"Accueil\",\"item\":\"https:\/\/www.nettali.com\/\"},{\"@type\":\"ListItem\",\"position\":2,\"name\":\"FRANCE - un mort et deux bless\\u00e9s lors d'une attaque au couteau \\u00e0 Paris, l'assaillant arr\\u00eat\\u00e9\"}]},{\"@type\":\"Person\",\"@id\":\"https:\/\/www.nettali.com\/#\/schema\/person\/3317e0bb3aa1da309fbf7b2780901bf4\",\"name\":\"Daouda\",\"image\":{\"@type\":\"ImageObject\",\"@id\":\"https:\/\/www.nettali.com\/#personlogo\",\"inLanguage\":\"fr-FR\",\"url\":\"https:\/\/secure.gravatar.com\/avatar\/8d143b5a49345098ddcfee1c49c2f47c?s=96&d=mm&r=g\",\"contentUrl\":\"https:\/\/secure.gravatar.com\/avatar\/8d143b5a49345098ddcfee1c49c2f47c?s=96&d=mm&r=g\",\"caption\":\"Daouda\"},\"sameAs\":[\"https:\/\/www.nettali.com\"]}]}<\/script>\n<!-- \/ Yoast SEO Premium plugin. -->","yoast_head_json":{"title":"FRANCE - un mort et deux bless\u00e9s lors d'une attaque au couteau \u00e0 Paris, l'assaillant arr\u00eat\u00e9 | Nettali.com","robots":{"index":"index","follow":"follow","max-snippet":"max-snippet:-1","max-image-preview":"max-image-preview:large","max-video-preview":"max-video-preview:-1"},"canonical":"https:\/\/www.nettali.com\/2023\/12\/03\/france-un-mort-et-deux-blesses-lors-dune-attaque-au-couteau-a-paris-lassaillant-arrete\/","og_locale":"fr_FR","og_type":"article","og_title":"FRANCE - un mort et deux bless\u00e9s lors d'une attaque au couteau \u00e0 Paris, l'assaillant arr\u00eat\u00e9","og_description":"NETTALI.COM - En France, une personne tu\u00e9e et deux autres bless\u00e9es lors d'une attaque au couteau et au marteau, samedi soir \u00e0 Paris. L'attaque a eu lieu \u00e0 proximit\u00e9 de la tour Eiffeil, peu apr\u00e8s 21 h, heure fran\u00e7aise. Elle a co\u00fbt\u00e9 la vie \u00e0 un touriste \u00e0 la double nationalit\u00e9 allemande et philippine, n\u00e9 [&hellip;]","og_url":"https:\/\/www.nettali.com\/2023\/12\/03\/france-un-mort-et-deux-blesses-lors-dune-attaque-au-couteau-a-paris-lassaillant-arrete\/","og_site_name":"Nettali.com","article_publisher":"https:\/\/www.facebook.com\/nettalicom","article_published_time":"2023-12-03T11:50:01+00:00","og_image":[{"width":966,"height":499,"url":"https:\/\/www.nettali.com\/wp-content\/uploads\/2023\/12\/Capture-de\u0301cran-2023-12-03-a\u0300-11.48.07.png","type":"image\/png"}],"twitter_card":"summary_large_image","twitter_misc":{"\u00c9crit par":"Daouda","Dur\u00e9e de lecture estim\u00e9e":"3 minutes"},"schema":{"@context":"https:\/\/schema.org","@graph":[{"@type":"WebSite","@id":"https:\/\/www.nettali.com\/#website","url":"https:\/\/www.nettali.com\/","name":"Nettali.com","description":"Le rendez-vous critique du Net","potentialAction":[{"@type":"SearchAction","target":{"@type":"EntryPoint","urlTemplate":"https:\/\/www.nettali.com\/?s={search_term_string}"},"query-input":"required name=search_term_string"}],"inLanguage":"fr-FR"},{"@type":"ImageObject","@id":"https:\/\/www.nettali.com\/2023\/12\/03\/france-un-mort-et-deux-blesses-lors-dune-attaque-au-couteau-a-paris-lassaillant-arrete\/#primaryimage","inLanguage":"fr-FR","url":"https:\/\/www.nettali.com\/wp-content\/uploads\/2023\/12\/Capture-de\u0301cran-2023-12-03-a\u0300-11.48.07.png","contentUrl":"https:\/\/www.nettali.com\/wp-content\/uploads\/2023\/12\/Capture-de\u0301cran-2023-12-03-a\u0300-11.48.07.png","width":966,"height":499},{"@type":"WebPage","@id":"https:\/\/www.nettali.com\/2023\/12\/03\/france-un-mort-et-deux-blesses-lors-dune-attaque-au-couteau-a-paris-lassaillant-arrete\/#webpage","url":"https:\/\/www.nettali.com\/2023\/12\/03\/france-un-mort-et-deux-blesses-lors-dune-attaque-au-couteau-a-paris-lassaillant-arrete\/","name":"FRANCE - un mort et deux bless\u00e9s lors d'une attaque au couteau \u00e0 Paris, l'assaillant arr\u00eat\u00e9 | Nettali.com","isPartOf":{"@id":"https:\/\/www.nettali.com\/#website"},"primaryImageOfPage":{"@id":"https:\/\/www.nettali.com\/2023\/12\/03\/france-un-mort-et-deux-blesses-lors-dune-attaque-au-couteau-a-paris-lassaillant-arrete\/#primaryimage"},"datePublished":"2023-12-03T11:50:01+00:00","dateModified":"2023-12-03T11:50:01+00:00","author":{"@id":"https:\/\/www.nettali.com\/#\/schema\/person\/3317e0bb3aa1da309fbf7b2780901bf4"},"breadcrumb":{"@id":"https:\/\/www.nettali.com\/2023\/12\/03\/france-un-mort-et-deux-blesses-lors-dune-attaque-au-couteau-a-paris-lassaillant-arrete\/#breadcrumb"},"inLanguage":"fr-FR","potentialAction":[{"@type":"ReadAction","target":["https:\/\/www.nettali.com\/2023\/12\/03\/france-un-mort-et-deux-blesses-lors-dune-attaque-au-couteau-a-paris-lassaillant-arrete\/"]}]},{"@type":"BreadcrumbList","@id":"https:\/\/www.nettali.com\/2023\/12\/03\/france-un-mort-et-deux-blesses-lors-dune-attaque-au-couteau-a-paris-lassaillant-arrete\/#breadcrumb","itemListElement":[{"@type":"ListItem","position":1,"name":"Accueil","item":"https:\/\/www.nettali.com\/"},{"@type":"ListItem","position":2,"name":"FRANCE - un mort et deux bless\u00e9s lors d'une attaque au couteau \u00e0 Paris, l'assaillant arr\u00eat\u00e9"}]},{"@type":"Person","@id":"https:\/\/www.nettali.com\/#\/schema\/person\/3317e0bb3aa1da309fbf7b2780901bf4","name":"Daouda","image":{"@type":"ImageObject","@id":"https:\/\/www.nettali.com\/#personlogo","inLanguage":"fr-FR","url":"https:\/\/secure.gravatar.com\/avatar\/8d143b5a49345098ddcfee1c49c2f47c?s=96&d=mm&r=g","contentUrl":"https:\/\/secure.gravatar.com\/avatar\/8d143b5a49345098ddcfee1c49c2f47c?s=96&d=mm&r=g","caption":"Daouda"},"sameAs":["https:\/\/www.nettali.com"]}]}},"_links":{"self":[{"href":"https:\/\/www.nettali.com\/rest\/wp\/v2\/posts\/123038"}],"collection":[{"href":"https:\/\/www.nettali.com\/rest\/wp\/v2\/posts"}],"about":[{"href":"https:\/\/www.nettali.com\/rest\/wp\/v2\/types\/post"}],"author":[{"embeddable":true,"href":"https:\/\/www.nettali.com\/rest\/wp\/v2\/users\/4"}],"replies":[{"embeddable":true,"href":"https:\/\/www.nettali.com\/rest\/wp\/v2\/comments?post=123038"}],"version-history":[{"count":1,"href":"https:\/\/www.nettali.com\/rest\/wp\/v2\/posts\/123038\/revisions"}],"predecessor-version":[{"id":123040,"href":"https:\/\/www.nettali.com\/rest\/wp\/v2\/posts\/123038\/revisions\/123040"}],"wp:featuredmedia":[{"embeddable":true,"href":"https:\/\/www.nettali.com\/rest\/wp\/v2\/media\/123039"}],"wp:attachment":[{"href":"https:\/\/www.nettali.com\/rest\/wp\/v2\/media?parent=123038"}],"wp:term":[{"taxonomy":"category","embeddable":true,"href":"https:\/\/www.nettali.com\/rest\/wp\/v2\/categories?post=123038"},{"taxonomy":"post_tag","embeddable":true,"href":"https:\/\/www.nettali.com\/rest\/wp\/v2\/tags?post=123038"}],"curies":[{"name":"wp","href":"https:\/\/api.w.org\/{rel}","templated":true}]}}