{"id":123033,"date":"2023-12-03T11:02:34","date_gmt":"2023-12-03T11:02:34","guid":{"rendered":"https:\/\/www.nettali.com\/?p=123033"},"modified":"2023-12-05T07:58:44","modified_gmt":"2023-12-05T07:58:44","slug":"youssou-ndour-je-ne-me-presenterai-pas-a-lelection-presidentielle","status":"publish","type":"post","link":"https:\/\/www.nettali.com\/2023\/12\/03\/youssou-ndour-je-ne-me-presenterai-pas-a-lelection-presidentielle\/","title":{"rendered":"YOUSSOU NDOUR - \"Je ne me pr\u00e9senterai pas \u00e0 l\u2019\u00e9lection pr\u00e9sidentielle...\""},"content":{"rendered":"<p><strong>NETTALI.COM - Dans un entretien accord\u00e9 \u00e0 la Tfm, Youssou Ndour a fait savoir que m\u00eame s'il avait r\u00e9cup\u00e9r\u00e9 des fiches de parrainage, il ne compte pas se pr\u00e9senter \u00e0 la pr\u00e9sidentielle de 2024. Il a, toutefois, fait savoir que son mouvement \u00ab Fekk\u00e9 Maci Bol\u00e9 \u00bb va se pr\u00e9parer pour les prochaines l\u00e9gislatives.<\/strong><\/p>\n<p>Le pr\u00e9sident du mouvement \u00ab Fekk\u00e9 Maci Bol\u00e9\u00bb brise enfin le silence sur sa participation ou non \u00e0 l\u2019\u00e9lection pr\u00e9sidentielle. <em>\u00ab Je ne suis avec aucun candidat. Aussi, je ne me pr\u00e9senterai pas \u00e0 l\u2019\u00e9lection pr\u00e9sidentielle. Nous examinerons tous les programmes, mais surtout, ce que veulent les s\u00e9n\u00e9galais pour voir la conduite \u00e0 tenir \u00bb<\/em>, a d\u00e9clar\u00e9 Youssou Ndour dans un entretien accord\u00e9 \u00e0 la t\u00e9l\u00e9vision Futurs M\u00e9dias ce samedi. <em>\"Nous pourrons ult\u00e9rieurement faire une d\u00e9claration comme nous pouvons nous abstenir de le faire\"<\/em>, laisse-t-il entendre, m\u00eame s'il informe que \u00ab certains candidats ont sollicit\u00e9 le soutien de son mouvement \u00bb.<\/p>\n<p>Le compagnonnage avec un potentiel candidat n\u2019est cependant pas exclu par le leader de <em>\u00ab Fekk\u00e9 Ma Ci Bol\u00e9 \u00bb : \u00ab la politique est un terrain glissant. Pour le moment, nous pr\u00e9f\u00e9rons discuter au niveau de la base avant de prendre une d\u00e9cision qui peut \u00eatre de soutenir quelqu\u2019un tout comme le contraire\u2026 \u00bb<\/em>, indique Youssou Ndour.<\/p>\n<div class='share-to-whatsapp-wrapper'><div class='share-on-whsp'>PARTAGER SUR : <\/div><a data-text='YOUSSOU NDOUR - \"Je ne me pr\u00e9senterai pas \u00e0 l\u2019\u00e9lection pr\u00e9sidentielle...\"' data-link='https:\/\/www.nettali.com\/2023\/12\/03\/youssou-ndour-je-ne-me-presenterai-pas-a-lelection-presidentielle\/' class='whatsapp-button whatsapp-share'>WhatsApp<\/a><div class='clear '><\/div><\/div>","protected":false},"excerpt":{"rendered":"<p>NETTALI.COM - Dans un entretien accord\u00e9 \u00e0 la Tfm, Youssou Ndour a fait savoir que m\u00eame s'il avait r\u00e9cup\u00e9r\u00e9 des fiches de parrainage, il ne compte pas se pr\u00e9senter \u00e0 la pr\u00e9sidentielle de 2024. Il a, toutefois, fait savoir que son mouvement \u00ab Fekk\u00e9 Maci Bol\u00e9 \u00bb va se pr\u00e9parer pour les prochaines l\u00e9gislatives. Le [&hellip;]<\/p>\n","protected":false},"author":4,"featured_media":118804,"comment_status":"open","ping_status":"open","sticky":false,"template":"","format":"standard","meta":{"_et_pb_use_builder":"","_et_pb_old_content":""},"categories":[2],"tags":[],"yoast_head":"<!-- This site is optimized with the Yoast SEO Premium plugin v17.8 (Yoast SEO v17.8) - https:\/\/yoast.com\/wordpress\/plugins\/seo\/ -->\n<title>YOUSSOU NDOUR - &quot;Je ne me pr\u00e9senterai pas \u00e0 l\u2019\u00e9lection pr\u00e9sidentielle...&quot; | Nettali.com<\/title>\n<meta name=\"robots\" content=\"index, follow, max-snippet:-1, max-image-preview:large, max-video-preview:-1\" \/>\n<link rel=\"canonical\" href=\"https:\/\/www.nettali.com\/2023\/12\/03\/youssou-ndour-je-ne-me-presenterai-pas-a-lelection-presidentielle\/\" \/>\n<meta property=\"og:locale\" content=\"fr_FR\" \/>\n<meta property=\"og:type\" content=\"article\" \/>\n<meta property=\"og:title\" content=\"YOUSSOU NDOUR - &quot;Je ne me pr\u00e9senterai pas \u00e0 l\u2019\u00e9lection pr\u00e9sidentielle...&quot;\" \/>\n<meta property=\"og:description\" content=\"NETTALI.COM - Dans un entretien accord\u00e9 \u00e0 la Tfm, Youssou Ndour a fait savoir que m\u00eame s&#039;il avait r\u00e9cup\u00e9r\u00e9 des fiches de parrainage, il ne compte pas se pr\u00e9senter \u00e0 la pr\u00e9sidentielle de 2024. Il a, toutefois, fait savoir que son mouvement \u00ab Fekk\u00e9 Maci Bol\u00e9 \u00bb va se pr\u00e9parer pour les prochaines l\u00e9gislatives. Le [&hellip;]\" \/>\n<meta property=\"og:url\" content=\"https:\/\/www.nettali.com\/2023\/12\/03\/youssou-ndour-je-ne-me-presenterai-pas-a-lelection-presidentielle\/\" \/>\n<meta property=\"og:site_name\" content=\"Nettali.com\" \/>\n<meta property=\"article:publisher\" content=\"https:\/\/www.facebook.com\/nettalicom\" \/>\n<meta property=\"article:published_time\" content=\"2023-12-03T11:02:34+00:00\" \/>\n<meta property=\"article:modified_time\" content=\"2023-12-05T07:58:44+00:00\" \/>\n<meta property=\"og:image\" content=\"https:\/\/www.nettali.com\/wp-content\/uploads\/2023\/09\/Youssou-ndour.png\" \/>\n\t<meta property=\"og:image:width\" content=\"980\" \/>\n\t<meta property=\"og:image:height\" content=\"551\" \/>\n<meta name=\"twitter:card\" content=\"summary_large_image\" \/>\n<meta name=\"twitter:label1\" content=\"\u00c9crit par\" \/>\n\t<meta name=\"twitter:data1\" content=\"Daouda\" \/>\n\t<meta name=\"twitter:label2\" content=\"Dur\u00e9e de lecture estim\u00e9e\" \/>\n\t<meta name=\"twitter:data2\" content=\"2 minutes\" \/>\n<script type=\"application\/ld+json\" class=\"yoast-schema-graph\">{\"@context\":\"https:\/\/schema.org\",\"@graph\":[{\"@type\":\"WebSite\",\"@id\":\"https:\/\/www.nettali.com\/#website\",\"url\":\"https:\/\/www.nettali.com\/\",\"name\":\"Nettali.com\",\"description\":\"Le rendez-vous critique du Net\",\"potentialAction\":[{\"@type\":\"SearchAction\",\"target\":{\"@type\":\"EntryPoint\",\"urlTemplate\":\"https:\/\/www.nettali.com\/?s={search_term_string}\"},\"query-input\":\"required name=search_term_string\"}],\"inLanguage\":\"fr-FR\"},{\"@type\":\"ImageObject\",\"@id\":\"https:\/\/www.nettali.com\/2023\/12\/03\/youssou-ndour-je-ne-me-presenterai-pas-a-lelection-presidentielle\/#primaryimage\",\"inLanguage\":\"fr-FR\",\"url\":\"https:\/\/www.nettali.com\/wp-content\/uploads\/2023\/09\/Youssou-ndour.png\",\"contentUrl\":\"https:\/\/www.nettali.com\/wp-content\/uploads\/2023\/09\/Youssou-ndour.png\",\"width\":980,\"height\":551},{\"@type\":\"WebPage\",\"@id\":\"https:\/\/www.nettali.com\/2023\/12\/03\/youssou-ndour-je-ne-me-presenterai-pas-a-lelection-presidentielle\/#webpage\",\"url\":\"https:\/\/www.nettali.com\/2023\/12\/03\/youssou-ndour-je-ne-me-presenterai-pas-a-lelection-presidentielle\/\",\"name\":\"YOUSSOU NDOUR - \\\"Je ne me pr\\u00e9senterai pas \\u00e0 l\\u2019\\u00e9lection pr\\u00e9sidentielle...\\\" | Nettali.com\",\"isPartOf\":{\"@id\":\"https:\/\/www.nettali.com\/#website\"},\"primaryImageOfPage\":{\"@id\":\"https:\/\/www.nettali.com\/2023\/12\/03\/youssou-ndour-je-ne-me-presenterai-pas-a-lelection-presidentielle\/#primaryimage\"},\"datePublished\":\"2023-12-03T11:02:34+00:00\",\"dateModified\":\"2023-12-05T07:58:44+00:00\",\"author\":{\"@id\":\"https:\/\/www.nettali.com\/#\/schema\/person\/3317e0bb3aa1da309fbf7b2780901bf4\"},\"breadcrumb\":{\"@id\":\"https:\/\/www.nettali.com\/2023\/12\/03\/youssou-ndour-je-ne-me-presenterai-pas-a-lelection-presidentielle\/#breadcrumb\"},\"inLanguage\":\"fr-FR\",\"potentialAction\":[{\"@type\":\"ReadAction\",\"target\":[\"https:\/\/www.nettali.com\/2023\/12\/03\/youssou-ndour-je-ne-me-presenterai-pas-a-lelection-presidentielle\/\"]}]},{\"@type\":\"BreadcrumbList\",\"@id\":\"https:\/\/www.nettali.com\/2023\/12\/03\/youssou-ndour-je-ne-me-presenterai-pas-a-lelection-presidentielle\/#breadcrumb\",\"itemListElement\":[{\"@type\":\"ListItem\",\"position\":1,\"name\":\"Accueil\",\"item\":\"https:\/\/www.nettali.com\/\"},{\"@type\":\"ListItem\",\"position\":2,\"name\":\"YOUSSOU NDOUR - \\\"Je ne me pr\\u00e9senterai pas \\u00e0 l\\u2019\\u00e9lection pr\\u00e9sidentielle...\\\"\"}]},{\"@type\":\"Person\",\"@id\":\"https:\/\/www.nettali.com\/#\/schema\/person\/3317e0bb3aa1da309fbf7b2780901bf4\",\"name\":\"Daouda\",\"image\":{\"@type\":\"ImageObject\",\"@id\":\"https:\/\/www.nettali.com\/#personlogo\",\"inLanguage\":\"fr-FR\",\"url\":\"https:\/\/secure.gravatar.com\/avatar\/8d143b5a49345098ddcfee1c49c2f47c?s=96&d=mm&r=g\",\"contentUrl\":\"https:\/\/secure.gravatar.com\/avatar\/8d143b5a49345098ddcfee1c49c2f47c?s=96&d=mm&r=g\",\"caption\":\"Daouda\"},\"sameAs\":[\"https:\/\/www.nettali.com\"]}]}<\/script>\n<!-- \/ Yoast SEO Premium plugin. -->","yoast_head_json":{"title":"YOUSSOU NDOUR - \"Je ne me pr\u00e9senterai pas \u00e0 l\u2019\u00e9lection pr\u00e9sidentielle...\" | Nettali.com","robots":{"index":"index","follow":"follow","max-snippet":"max-snippet:-1","max-image-preview":"max-image-preview:large","max-video-preview":"max-video-preview:-1"},"canonical":"https:\/\/www.nettali.com\/2023\/12\/03\/youssou-ndour-je-ne-me-presenterai-pas-a-lelection-presidentielle\/","og_locale":"fr_FR","og_type":"article","og_title":"YOUSSOU NDOUR - \"Je ne me pr\u00e9senterai pas \u00e0 l\u2019\u00e9lection pr\u00e9sidentielle...\"","og_description":"NETTALI.COM - Dans un entretien accord\u00e9 \u00e0 la Tfm, Youssou Ndour a fait savoir que m\u00eame s'il avait r\u00e9cup\u00e9r\u00e9 des fiches de parrainage, il ne compte pas se pr\u00e9senter \u00e0 la pr\u00e9sidentielle de 2024. Il a, toutefois, fait savoir que son mouvement \u00ab Fekk\u00e9 Maci Bol\u00e9 \u00bb va se pr\u00e9parer pour les prochaines l\u00e9gislatives. Le [&hellip;]","og_url":"https:\/\/www.nettali.com\/2023\/12\/03\/youssou-ndour-je-ne-me-presenterai-pas-a-lelection-presidentielle\/","og_site_name":"Nettali.com","article_publisher":"https:\/\/www.facebook.com\/nettalicom","article_published_time":"2023-12-03T11:02:34+00:00","article_modified_time":"2023-12-05T07:58:44+00:00","og_image":[{"width":980,"height":551,"url":"https:\/\/www.nettali.com\/wp-content\/uploads\/2023\/09\/Youssou-ndour.png","type":"image\/png"}],"twitter_card":"summary_large_image","twitter_misc":{"\u00c9crit par":"Daouda","Dur\u00e9e de lecture estim\u00e9e":"2 minutes"},"schema":{"@context":"https:\/\/schema.org","@graph":[{"@type":"WebSite","@id":"https:\/\/www.nettali.com\/#website","url":"https:\/\/www.nettali.com\/","name":"Nettali.com","description":"Le rendez-vous critique du Net","potentialAction":[{"@type":"SearchAction","target":{"@type":"EntryPoint","urlTemplate":"https:\/\/www.nettali.com\/?s={search_term_string}"},"query-input":"required name=search_term_string"}],"inLanguage":"fr-FR"},{"@type":"ImageObject","@id":"https:\/\/www.nettali.com\/2023\/12\/03\/youssou-ndour-je-ne-me-presenterai-pas-a-lelection-presidentielle\/#primaryimage","inLanguage":"fr-FR","url":"https:\/\/www.nettali.com\/wp-content\/uploads\/2023\/09\/Youssou-ndour.png","contentUrl":"https:\/\/www.nettali.com\/wp-content\/uploads\/2023\/09\/Youssou-ndour.png","width":980,"height":551},{"@type":"WebPage","@id":"https:\/\/www.nettali.com\/2023\/12\/03\/youssou-ndour-je-ne-me-presenterai-pas-a-lelection-presidentielle\/#webpage","url":"https:\/\/www.nettali.com\/2023\/12\/03\/youssou-ndour-je-ne-me-presenterai-pas-a-lelection-presidentielle\/","name":"YOUSSOU NDOUR - \"Je ne me pr\u00e9senterai pas \u00e0 l\u2019\u00e9lection pr\u00e9sidentielle...\" | Nettali.com","isPartOf":{"@id":"https:\/\/www.nettali.com\/#website"},"primaryImageOfPage":{"@id":"https:\/\/www.nettali.com\/2023\/12\/03\/youssou-ndour-je-ne-me-presenterai-pas-a-lelection-presidentielle\/#primaryimage"},"datePublished":"2023-12-03T11:02:34+00:00","dateModified":"2023-12-05T07:58:44+00:00","author":{"@id":"https:\/\/www.nettali.com\/#\/schema\/person\/3317e0bb3aa1da309fbf7b2780901bf4"},"breadcrumb":{"@id":"https:\/\/www.nettali.com\/2023\/12\/03\/youssou-ndour-je-ne-me-presenterai-pas-a-lelection-presidentielle\/#breadcrumb"},"inLanguage":"fr-FR","potentialAction":[{"@type":"ReadAction","target":["https:\/\/www.nettali.com\/2023\/12\/03\/youssou-ndour-je-ne-me-presenterai-pas-a-lelection-presidentielle\/"]}]},{"@type":"BreadcrumbList","@id":"https:\/\/www.nettali.com\/2023\/12\/03\/youssou-ndour-je-ne-me-presenterai-pas-a-lelection-presidentielle\/#breadcrumb","itemListElement":[{"@type":"ListItem","position":1,"name":"Accueil","item":"https:\/\/www.nettali.com\/"},{"@type":"ListItem","position":2,"name":"YOUSSOU NDOUR - \"Je ne me pr\u00e9senterai pas \u00e0 l\u2019\u00e9lection pr\u00e9sidentielle...\""}]},{"@type":"Person","@id":"https:\/\/www.nettali.com\/#\/schema\/person\/3317e0bb3aa1da309fbf7b2780901bf4","name":"Daouda","image":{"@type":"ImageObject","@id":"https:\/\/www.nettali.com\/#personlogo","inLanguage":"fr-FR","url":"https:\/\/secure.gravatar.com\/avatar\/8d143b5a49345098ddcfee1c49c2f47c?s=96&d=mm&r=g","contentUrl":"https:\/\/secure.gravatar.com\/avatar\/8d143b5a49345098ddcfee1c49c2f47c?s=96&d=mm&r=g","caption":"Daouda"},"sameAs":["https:\/\/www.nettali.com"]}]}},"_links":{"self":[{"href":"https:\/\/www.nettali.com\/rest\/wp\/v2\/posts\/123033"}],"collection":[{"href":"https:\/\/www.nettali.com\/rest\/wp\/v2\/posts"}],"about":[{"href":"https:\/\/www.nettali.com\/rest\/wp\/v2\/types\/post"}],"author":[{"embeddable":true,"href":"https:\/\/www.nettali.com\/rest\/wp\/v2\/users\/4"}],"replies":[{"embeddable":true,"href":"https:\/\/www.nettali.com\/rest\/wp\/v2\/comments?post=123033"}],"version-history":[{"count":1,"href":"https:\/\/www.nettali.com\/rest\/wp\/v2\/posts\/123033\/revisions"}],"predecessor-version":[{"id":123034,"href":"https:\/\/www.nettali.com\/rest\/wp\/v2\/posts\/123033\/revisions\/123034"}],"wp:featuredmedia":[{"embeddable":true,"href":"https:\/\/www.nettali.com\/rest\/wp\/v2\/media\/118804"}],"wp:attachment":[{"href":"https:\/\/www.nettali.com\/rest\/wp\/v2\/media?parent=123033"}],"wp:term":[{"taxonomy":"category","embeddable":true,"href":"https:\/\/www.nettali.com\/rest\/wp\/v2\/categories?post=123033"},{"taxonomy":"post_tag","embeddable":true,"href":"https:\/\/www.nettali.com\/rest\/wp\/v2\/tags?post=123033"}],"curies":[{"name":"wp","href":"https:\/\/api.w.org\/{rel}","templated":true}]}}