{"id":123030,"date":"2023-12-02T20:19:28","date_gmt":"2023-12-02T20:19:28","guid":{"rendered":"https:\/\/www.nettali.com\/?p=123030"},"modified":"2023-12-02T20:19:28","modified_gmt":"2023-12-02T20:19:28","slug":"bayern-opere-avec-succes-bouna-sarr-reagit-sur-ses-comptes-sociaux","status":"publish","type":"post","link":"https:\/\/www.nettali.com\/2023\/12\/02\/bayern-opere-avec-succes-bouna-sarr-reagit-sur-ses-comptes-sociaux\/","title":{"rendered":"BAYERN - op\u00e9r\u00e9 avec succ\u00e8s, Bouna Sarr r\u00e9agit sur ses comptes sociaux"},"content":{"rendered":"<p><strong>NETTALI.COM - L\u2019international s\u00e9n\u00e9galais du Bayern Bouna Sarr a \u00e9t\u00e9 \u2018\u2019op\u00e9r\u00e9 avec succ\u00e8s d\u2019une rupture du ligament crois\u00e9 ant\u00e9rieur du genou gauche\u2019\u2019, a annonc\u00e9 le Bayern, dans un communiqu\u00e9 rendu public samedi.<\/strong><\/p>\n<p><em>\"Bouna Sarr a \u00e9t\u00e9 victime \u00e0 l\u2019entra\u00eenement d\u2019une rupture du ligament crois\u00e9 ant\u00e9rieur du genou gauche. Le d\u00e9fenseur lat\u00e9ral s\u00e9n\u00e9galais a \u00e9t\u00e9 op\u00e9r\u00e9 d\u00e8s vendredi avec succ\u00e8s et sera absent les prochains mois\u2019\u2019<\/em>, indique l\u2019\u00e9quipe allemande dans un communiqu\u00e9.<\/p>\n<p>Apr\u00e8s cinq apparitions seulement avec le Bayern toutes comp\u00e9titions confondues, le d\u00e9fenseur de 31 ans est forfait pour la prochaine Coupe d\u2019Afrique des nations de football en C\u00f4te d\u2019Ivoire (13 janvier-11 f\u00e9vrier) et pour le reste de la saison.<\/p>\n<p>Il \u00e9tait aussi absent de la Coupe du monde 2022. Le S\u00e9n\u00e9gal avait \u00e9t\u00e9 \u00e9limin\u00e9 par l\u2019Angleterre (3-0) en huiti\u00e8me de finale.<\/p>\n<p>Le champion d\u2019Afrique en titre avait rejoint le Bayern en octobre 2020 en provenance de l\u2019Olympique de Marseille (France). Il est sous contrat avec le club bavarois jusqu\u2019en juin 2024. \u00a0Apr\u00e8s trois saisons, le S\u00e9n\u00e9galais a disput\u00e9 seulement 33 matchs.<\/p>\n<p>Bouna Sarr avait subi une op\u00e9ration du genou gauche en d\u00e9but de saison de l\u2019ann\u00e9e derni\u00e8re. Il a remport\u00e9 trois titres de champion d\u2019Allemagne avec le Bayern (2021, 2022, 2023), une Supercoupe d\u2019Allemagne et un Mondial des clubs.<\/p>\n<p>Le d\u00e9fenseur de 31 ans, bless\u00e9 vendredi, a r\u00e9agi, samedi, sur ses comptes sociaux, apr\u00e8s son op\u00e9ration, en postant une photo de lui sur son lit d\u2019h\u00f4pital.<\/p>\n<p><em>\"Bonjour \u00e0 tous ! Pas une bonne nouvelle ni le bon timing malheureusement, mais je tenais tout de m\u00eame \u00e0 vous dire que l\u2019op\u00e9ration s\u2019\u00e9tait tr\u00e8s bien pass\u00e9e\u2019\u2019<\/em>, a-t-il \u00e9crit.<\/p>\n<p><em>\"Je reste persuad\u00e9 et profond\u00e9ment convaincu que pour revenir au plus vite et plus fort il n\u2019y aura rien de plus important d\u00e9sormais que le mental\u2019\u2019<\/em>, a ajout\u00e9 l\u2019ancien joueur du FC Metz (2011-2015).<\/p>\n<div class='share-to-whatsapp-wrapper'><div class='share-on-whsp'>PARTAGER SUR : <\/div><a data-text='BAYERN - op\u00e9r\u00e9 avec succ\u00e8s, Bouna Sarr r\u00e9agit sur ses comptes sociaux' data-link='https:\/\/www.nettali.com\/2023\/12\/02\/bayern-opere-avec-succes-bouna-sarr-reagit-sur-ses-comptes-sociaux\/' class='whatsapp-button whatsapp-share'>WhatsApp<\/a><div class='clear '><\/div><\/div>","protected":false},"excerpt":{"rendered":"<p>NETTALI.COM - L\u2019international s\u00e9n\u00e9galais du Bayern Bouna Sarr a \u00e9t\u00e9 \u2018\u2019op\u00e9r\u00e9 avec succ\u00e8s d\u2019une rupture du ligament crois\u00e9 ant\u00e9rieur du genou gauche\u2019\u2019, a annonc\u00e9 le Bayern, dans un communiqu\u00e9 rendu public samedi. \"Bouna Sarr a \u00e9t\u00e9 victime \u00e0 l\u2019entra\u00eenement d\u2019une rupture du ligament crois\u00e9 ant\u00e9rieur du genou gauche. Le d\u00e9fenseur lat\u00e9ral s\u00e9n\u00e9galais a \u00e9t\u00e9 op\u00e9r\u00e9 [&hellip;]<\/p>\n","protected":false},"author":4,"featured_media":123031,"comment_status":"open","ping_status":"open","sticky":false,"template":"","format":"standard","meta":{"_et_pb_use_builder":"","_et_pb_old_content":""},"categories":[6],"tags":[],"yoast_head":"<!-- This site is optimized with the Yoast SEO Premium plugin v17.8 (Yoast SEO v17.8) - https:\/\/yoast.com\/wordpress\/plugins\/seo\/ -->\n<title>BAYERN - op\u00e9r\u00e9 avec succ\u00e8s, Bouna Sarr r\u00e9agit sur ses comptes sociaux | Nettali.com<\/title>\n<meta name=\"robots\" content=\"index, follow, max-snippet:-1, max-image-preview:large, max-video-preview:-1\" \/>\n<link rel=\"canonical\" href=\"https:\/\/www.nettali.com\/2023\/12\/02\/bayern-opere-avec-succes-bouna-sarr-reagit-sur-ses-comptes-sociaux\/\" \/>\n<meta property=\"og:locale\" content=\"fr_FR\" \/>\n<meta property=\"og:type\" content=\"article\" \/>\n<meta property=\"og:title\" content=\"BAYERN - op\u00e9r\u00e9 avec succ\u00e8s, Bouna Sarr r\u00e9agit sur ses comptes sociaux\" \/>\n<meta property=\"og:description\" content=\"NETTALI.COM - L\u2019international s\u00e9n\u00e9galais du Bayern Bouna Sarr a \u00e9t\u00e9 \u2018\u2019op\u00e9r\u00e9 avec succ\u00e8s d\u2019une rupture du ligament crois\u00e9 ant\u00e9rieur du genou gauche\u2019\u2019, a annonc\u00e9 le Bayern, dans un communiqu\u00e9 rendu public samedi. &quot;Bouna Sarr a \u00e9t\u00e9 victime \u00e0 l\u2019entra\u00eenement d\u2019une rupture du ligament crois\u00e9 ant\u00e9rieur du genou gauche. Le d\u00e9fenseur lat\u00e9ral s\u00e9n\u00e9galais a \u00e9t\u00e9 op\u00e9r\u00e9 [&hellip;]\" \/>\n<meta property=\"og:url\" content=\"https:\/\/www.nettali.com\/2023\/12\/02\/bayern-opere-avec-succes-bouna-sarr-reagit-sur-ses-comptes-sociaux\/\" \/>\n<meta property=\"og:site_name\" content=\"Nettali.com\" \/>\n<meta property=\"article:publisher\" content=\"https:\/\/www.facebook.com\/nettalicom\" \/>\n<meta property=\"article:published_time\" content=\"2023-12-02T20:19:28+00:00\" \/>\n<meta property=\"og:image\" content=\"https:\/\/www.nettali.com\/wp-content\/uploads\/2023\/12\/Capture-de\u0301cran-2023-12-02-a\u0300-20.18.44.png\" \/>\n\t<meta property=\"og:image:width\" content=\"590\" \/>\n\t<meta property=\"og:image:height\" content=\"405\" \/>\n<meta name=\"twitter:card\" content=\"summary_large_image\" \/>\n<meta name=\"twitter:label1\" content=\"\u00c9crit par\" \/>\n\t<meta name=\"twitter:data1\" content=\"Daouda\" \/>\n\t<meta name=\"twitter:label2\" content=\"Dur\u00e9e de lecture estim\u00e9e\" \/>\n\t<meta name=\"twitter:data2\" content=\"2 minutes\" \/>\n<script type=\"application\/ld+json\" class=\"yoast-schema-graph\">{\"@context\":\"https:\/\/schema.org\",\"@graph\":[{\"@type\":\"WebSite\",\"@id\":\"https:\/\/www.nettali.com\/#website\",\"url\":\"https:\/\/www.nettali.com\/\",\"name\":\"Nettali.com\",\"description\":\"Le rendez-vous critique du Net\",\"potentialAction\":[{\"@type\":\"SearchAction\",\"target\":{\"@type\":\"EntryPoint\",\"urlTemplate\":\"https:\/\/www.nettali.com\/?s={search_term_string}\"},\"query-input\":\"required name=search_term_string\"}],\"inLanguage\":\"fr-FR\"},{\"@type\":\"ImageObject\",\"@id\":\"https:\/\/www.nettali.com\/2023\/12\/02\/bayern-opere-avec-succes-bouna-sarr-reagit-sur-ses-comptes-sociaux\/#primaryimage\",\"inLanguage\":\"fr-FR\",\"url\":\"https:\/\/www.nettali.com\/wp-content\/uploads\/2023\/12\/Capture-de\\u0301cran-2023-12-02-a\\u0300-20.18.44.png\",\"contentUrl\":\"https:\/\/www.nettali.com\/wp-content\/uploads\/2023\/12\/Capture-de\\u0301cran-2023-12-02-a\\u0300-20.18.44.png\",\"width\":590,\"height\":405},{\"@type\":\"WebPage\",\"@id\":\"https:\/\/www.nettali.com\/2023\/12\/02\/bayern-opere-avec-succes-bouna-sarr-reagit-sur-ses-comptes-sociaux\/#webpage\",\"url\":\"https:\/\/www.nettali.com\/2023\/12\/02\/bayern-opere-avec-succes-bouna-sarr-reagit-sur-ses-comptes-sociaux\/\",\"name\":\"BAYERN - op\\u00e9r\\u00e9 avec succ\\u00e8s, Bouna Sarr r\\u00e9agit sur ses comptes sociaux | Nettali.com\",\"isPartOf\":{\"@id\":\"https:\/\/www.nettali.com\/#website\"},\"primaryImageOfPage\":{\"@id\":\"https:\/\/www.nettali.com\/2023\/12\/02\/bayern-opere-avec-succes-bouna-sarr-reagit-sur-ses-comptes-sociaux\/#primaryimage\"},\"datePublished\":\"2023-12-02T20:19:28+00:00\",\"dateModified\":\"2023-12-02T20:19:28+00:00\",\"author\":{\"@id\":\"https:\/\/www.nettali.com\/#\/schema\/person\/3317e0bb3aa1da309fbf7b2780901bf4\"},\"breadcrumb\":{\"@id\":\"https:\/\/www.nettali.com\/2023\/12\/02\/bayern-opere-avec-succes-bouna-sarr-reagit-sur-ses-comptes-sociaux\/#breadcrumb\"},\"inLanguage\":\"fr-FR\",\"potentialAction\":[{\"@type\":\"ReadAction\",\"target\":[\"https:\/\/www.nettali.com\/2023\/12\/02\/bayern-opere-avec-succes-bouna-sarr-reagit-sur-ses-comptes-sociaux\/\"]}]},{\"@type\":\"BreadcrumbList\",\"@id\":\"https:\/\/www.nettali.com\/2023\/12\/02\/bayern-opere-avec-succes-bouna-sarr-reagit-sur-ses-comptes-sociaux\/#breadcrumb\",\"itemListElement\":[{\"@type\":\"ListItem\",\"position\":1,\"name\":\"Accueil\",\"item\":\"https:\/\/www.nettali.com\/\"},{\"@type\":\"ListItem\",\"position\":2,\"name\":\"BAYERN - op\\u00e9r\\u00e9 avec succ\\u00e8s, Bouna Sarr r\\u00e9agit sur ses comptes sociaux\"}]},{\"@type\":\"Person\",\"@id\":\"https:\/\/www.nettali.com\/#\/schema\/person\/3317e0bb3aa1da309fbf7b2780901bf4\",\"name\":\"Daouda\",\"image\":{\"@type\":\"ImageObject\",\"@id\":\"https:\/\/www.nettali.com\/#personlogo\",\"inLanguage\":\"fr-FR\",\"url\":\"https:\/\/secure.gravatar.com\/avatar\/8d143b5a49345098ddcfee1c49c2f47c?s=96&d=mm&r=g\",\"contentUrl\":\"https:\/\/secure.gravatar.com\/avatar\/8d143b5a49345098ddcfee1c49c2f47c?s=96&d=mm&r=g\",\"caption\":\"Daouda\"},\"sameAs\":[\"https:\/\/www.nettali.com\"]}]}<\/script>\n<!-- \/ Yoast SEO Premium plugin. -->","yoast_head_json":{"title":"BAYERN - op\u00e9r\u00e9 avec succ\u00e8s, Bouna Sarr r\u00e9agit sur ses comptes sociaux | Nettali.com","robots":{"index":"index","follow":"follow","max-snippet":"max-snippet:-1","max-image-preview":"max-image-preview:large","max-video-preview":"max-video-preview:-1"},"canonical":"https:\/\/www.nettali.com\/2023\/12\/02\/bayern-opere-avec-succes-bouna-sarr-reagit-sur-ses-comptes-sociaux\/","og_locale":"fr_FR","og_type":"article","og_title":"BAYERN - op\u00e9r\u00e9 avec succ\u00e8s, Bouna Sarr r\u00e9agit sur ses comptes sociaux","og_description":"NETTALI.COM - L\u2019international s\u00e9n\u00e9galais du Bayern Bouna Sarr a \u00e9t\u00e9 \u2018\u2019op\u00e9r\u00e9 avec succ\u00e8s d\u2019une rupture du ligament crois\u00e9 ant\u00e9rieur du genou gauche\u2019\u2019, a annonc\u00e9 le Bayern, dans un communiqu\u00e9 rendu public samedi. \"Bouna Sarr a \u00e9t\u00e9 victime \u00e0 l\u2019entra\u00eenement d\u2019une rupture du ligament crois\u00e9 ant\u00e9rieur du genou gauche. Le d\u00e9fenseur lat\u00e9ral s\u00e9n\u00e9galais a \u00e9t\u00e9 op\u00e9r\u00e9 [&hellip;]","og_url":"https:\/\/www.nettali.com\/2023\/12\/02\/bayern-opere-avec-succes-bouna-sarr-reagit-sur-ses-comptes-sociaux\/","og_site_name":"Nettali.com","article_publisher":"https:\/\/www.facebook.com\/nettalicom","article_published_time":"2023-12-02T20:19:28+00:00","og_image":[{"width":590,"height":405,"url":"https:\/\/www.nettali.com\/wp-content\/uploads\/2023\/12\/Capture-de\u0301cran-2023-12-02-a\u0300-20.18.44.png","type":"image\/png"}],"twitter_card":"summary_large_image","twitter_misc":{"\u00c9crit par":"Daouda","Dur\u00e9e de lecture estim\u00e9e":"2 minutes"},"schema":{"@context":"https:\/\/schema.org","@graph":[{"@type":"WebSite","@id":"https:\/\/www.nettali.com\/#website","url":"https:\/\/www.nettali.com\/","name":"Nettali.com","description":"Le rendez-vous critique du Net","potentialAction":[{"@type":"SearchAction","target":{"@type":"EntryPoint","urlTemplate":"https:\/\/www.nettali.com\/?s={search_term_string}"},"query-input":"required name=search_term_string"}],"inLanguage":"fr-FR"},{"@type":"ImageObject","@id":"https:\/\/www.nettali.com\/2023\/12\/02\/bayern-opere-avec-succes-bouna-sarr-reagit-sur-ses-comptes-sociaux\/#primaryimage","inLanguage":"fr-FR","url":"https:\/\/www.nettali.com\/wp-content\/uploads\/2023\/12\/Capture-de\u0301cran-2023-12-02-a\u0300-20.18.44.png","contentUrl":"https:\/\/www.nettali.com\/wp-content\/uploads\/2023\/12\/Capture-de\u0301cran-2023-12-02-a\u0300-20.18.44.png","width":590,"height":405},{"@type":"WebPage","@id":"https:\/\/www.nettali.com\/2023\/12\/02\/bayern-opere-avec-succes-bouna-sarr-reagit-sur-ses-comptes-sociaux\/#webpage","url":"https:\/\/www.nettali.com\/2023\/12\/02\/bayern-opere-avec-succes-bouna-sarr-reagit-sur-ses-comptes-sociaux\/","name":"BAYERN - op\u00e9r\u00e9 avec succ\u00e8s, Bouna Sarr r\u00e9agit sur ses comptes sociaux | Nettali.com","isPartOf":{"@id":"https:\/\/www.nettali.com\/#website"},"primaryImageOfPage":{"@id":"https:\/\/www.nettali.com\/2023\/12\/02\/bayern-opere-avec-succes-bouna-sarr-reagit-sur-ses-comptes-sociaux\/#primaryimage"},"datePublished":"2023-12-02T20:19:28+00:00","dateModified":"2023-12-02T20:19:28+00:00","author":{"@id":"https:\/\/www.nettali.com\/#\/schema\/person\/3317e0bb3aa1da309fbf7b2780901bf4"},"breadcrumb":{"@id":"https:\/\/www.nettali.com\/2023\/12\/02\/bayern-opere-avec-succes-bouna-sarr-reagit-sur-ses-comptes-sociaux\/#breadcrumb"},"inLanguage":"fr-FR","potentialAction":[{"@type":"ReadAction","target":["https:\/\/www.nettali.com\/2023\/12\/02\/bayern-opere-avec-succes-bouna-sarr-reagit-sur-ses-comptes-sociaux\/"]}]},{"@type":"BreadcrumbList","@id":"https:\/\/www.nettali.com\/2023\/12\/02\/bayern-opere-avec-succes-bouna-sarr-reagit-sur-ses-comptes-sociaux\/#breadcrumb","itemListElement":[{"@type":"ListItem","position":1,"name":"Accueil","item":"https:\/\/www.nettali.com\/"},{"@type":"ListItem","position":2,"name":"BAYERN - op\u00e9r\u00e9 avec succ\u00e8s, Bouna Sarr r\u00e9agit sur ses comptes sociaux"}]},{"@type":"Person","@id":"https:\/\/www.nettali.com\/#\/schema\/person\/3317e0bb3aa1da309fbf7b2780901bf4","name":"Daouda","image":{"@type":"ImageObject","@id":"https:\/\/www.nettali.com\/#personlogo","inLanguage":"fr-FR","url":"https:\/\/secure.gravatar.com\/avatar\/8d143b5a49345098ddcfee1c49c2f47c?s=96&d=mm&r=g","contentUrl":"https:\/\/secure.gravatar.com\/avatar\/8d143b5a49345098ddcfee1c49c2f47c?s=96&d=mm&r=g","caption":"Daouda"},"sameAs":["https:\/\/www.nettali.com"]}]}},"_links":{"self":[{"href":"https:\/\/www.nettali.com\/rest\/wp\/v2\/posts\/123030"}],"collection":[{"href":"https:\/\/www.nettali.com\/rest\/wp\/v2\/posts"}],"about":[{"href":"https:\/\/www.nettali.com\/rest\/wp\/v2\/types\/post"}],"author":[{"embeddable":true,"href":"https:\/\/www.nettali.com\/rest\/wp\/v2\/users\/4"}],"replies":[{"embeddable":true,"href":"https:\/\/www.nettali.com\/rest\/wp\/v2\/comments?post=123030"}],"version-history":[{"count":1,"href":"https:\/\/www.nettali.com\/rest\/wp\/v2\/posts\/123030\/revisions"}],"predecessor-version":[{"id":123032,"href":"https:\/\/www.nettali.com\/rest\/wp\/v2\/posts\/123030\/revisions\/123032"}],"wp:featuredmedia":[{"embeddable":true,"href":"https:\/\/www.nettali.com\/rest\/wp\/v2\/media\/123031"}],"wp:attachment":[{"href":"https:\/\/www.nettali.com\/rest\/wp\/v2\/media?parent=123030"}],"wp:term":[{"taxonomy":"category","embeddable":true,"href":"https:\/\/www.nettali.com\/rest\/wp\/v2\/categories?post=123030"},{"taxonomy":"post_tag","embeddable":true,"href":"https:\/\/www.nettali.com\/rest\/wp\/v2\/tags?post=123030"}],"curies":[{"name":"wp","href":"https:\/\/api.w.org\/{rel}","templated":true}]}}