{"id":123006,"date":"2023-12-02T16:12:19","date_gmt":"2023-12-02T16:12:19","guid":{"rendered":"https:\/\/www.nettali.com\/?p=123006"},"modified":"2023-12-02T16:12:19","modified_gmt":"2023-12-02T16:12:19","slug":"droit-penal-un-magistrat-ecrit-2-livres-pour-combler-le-vide","status":"publish","type":"post","link":"https:\/\/www.nettali.com\/2023\/12\/02\/droit-penal-un-magistrat-ecrit-2-livres-pour-combler-le-vide\/","title":{"rendered":"DROIT PENAL - Un magistrat \u00e9crit 2 livres \"pour combler le vide\""},"content":{"rendered":"<p><strong>NETTALI.COM - L\u2019ouvrage \"Droit p\u00e9nal g\u00e9n\u00e9ral s\u00e9n\u00e9galais\u2019\u2019 a pour ambition de \"combler le vide\u2019\u2019 concernant cette branche du droit et \"contribuer \u00e0 [sa] vivification\u2019\u2019, a indiqu\u00e9 son auteur, le magistrat Papa Assane Tour\u00e9, vendredi. \"En faisant ce travail, j\u2019avais pour ambition de combler le vide et de contribuer \u00e0 la vivification du droit p\u00e9nal s\u00e9n\u00e9galais\u2019\u2019, a-t-il d\u00e9clar\u00e9, lors de la c\u00e9r\u00e9monie de d\u00e9dicace et de pr\u00e9sentation du livre \u00e0 Dakar. Cette c\u00e9r\u00e9monie s\u2019est d\u00e9roul\u00e9e, sous la pr\u00e9sidence du premier pr\u00e9sident de la Cour supr\u00eame, Cir\u00e9 Aly B\u00e2, et en pr\u00e9sence du secr\u00e9taire g\u00e9n\u00e9ral du gouvernement, Abdou Latif Coulibaly.<\/strong><\/p>\n<p>Publi\u00e9s \u00e0 l\u2019Harmattan S\u00e9n\u00e9gal, les deux tomes de l\u2019ouvrage, dont le premier compte 543 pages et le second 483, ont permis \u00e0 l\u2019auteur de constater la richesse de la jurisprudence du pays.<\/p>\n<p>Le tome 1, intitul\u00e9 <em>\"l\u2019infraction p\u00e9nale\u2019<\/em>\u2019, aborde la principale technique du droit p\u00e9nal, notamment l\u2019infraction, de la th\u00e9orie g\u00e9n\u00e9rale \u00e0 la lumi\u00e8re des derni\u00e8res r\u00e9formes p\u00e9nales.<\/p>\n<p>Il constitue le premier ouvrage consacr\u00e9 au droit p\u00e9nal s\u00e9n\u00e9galais, qui a pour source normative principale, la loi portant code p\u00e9nal, plusieurs fois modifi\u00e9e et \u00e9clair\u00e9e par les d\u00e9cisions des cours et tribunaux, etc.<\/p>\n<p>Quant au tome 2, qui table sur la responsabilit\u00e9 p\u00e9nale et la sanction, il \u00e9tudie successivement les r\u00e8gles g\u00e9n\u00e9rales relatives \u00e0 la responsabilit\u00e9 p\u00e9nale et \u00e0 la sanction p\u00e9nale, \u00e0 la lumi\u00e8re des derni\u00e8res r\u00e9formes, \u00e9galement.<\/p>\n<p>Pour M. Tour\u00e9, sur toutes les questions de droit p\u00e9nal g\u00e9n\u00e9ral, les magistrats ont rendu des d\u00e9cisions de justice pour lever le point voil\u00e9 sur le concept et le m\u00e9canisme du droit p\u00e9nal.<\/p>\n<p>Il a soulign\u00e9 que son travail lui a permis de constater que le droit p\u00e9nal s\u00e9n\u00e9galais avait connu des tr\u00e8s \"profondes migrations\u2019\u2019, affectant en r\u00e9alit\u00e9 tous les compartiments de la mati\u00e8re p\u00e9nale, y compris le droit p\u00e9nal g\u00e9n\u00e9ral.<\/p>\n<p>Selon lui, l\u2019objectif \u00e9tait de rassembler sur un support physique unique, les grandes d\u00e9cisions rendues en la mati\u00e8re.<\/p>\n<p>M. Tour\u00e9 esp\u00e8re que cet ouvrage constituera <em>\"un v\u00e9ritable droit p\u00e9nal jurisprudentiel comment\u00e9 et adopt\u00e9\u2019\u2019.<\/em><\/p>\n<p>Pour Pr Cheikh Abdou Wakhab Ndiaye de l\u2019Universit\u00e9 Cheikh Anta Diop, l\u2019une des plus-values du tome 1, demeure <em>\"l\u2019accessibilit\u00e9 \u00e0 la jurisprudence s\u00e9n\u00e9galaise\u2019\u2019<\/em>. Pr\u00e9sentant ce tome, il a not\u00e9 qu\u2019il reprend plus de 200 d\u00e9cisions de cours et tribunaux.<\/p>\n<p><em>\"Dans ce tome 2, l\u2019auteur a abord\u00e9 la qualification. Il montre que l\u2019on est responsable de ses actes. Le droit p\u00e9nal ne reconna\u00eet une responsabilit\u00e9 autre que la responsabilit\u00e9 personnelle\u2019\u2019<\/em>, a quant \u00e0 lui rappel\u00e9 le b\u00e2tonnier de l\u2019Ordre national des avocats, Me Mbaye Gu\u00e8ye.<\/p>\n<p><em>\"Il nous montre aussi que nous devons faire attention en ce qui concerne l\u2019incrimination, etc.\u2019\u2019<\/em>, a-t-il ajout\u00e9.<\/p>\n<p>Papa Assane Tour\u00e9 est un magistrat hors hi\u00e9rarchie. Il a notamment occup\u00e9 le poste de substitut du procureur de la R\u00e9publique pr\u00e8s le tribunal de grande instance de Saint-Louis. Il est l\u2019auteur d\u2019environ 10 ouvrages et a \u00e9crit dans une quarantaine de revues.<\/p>\n<div class='share-to-whatsapp-wrapper'><div class='share-on-whsp'>PARTAGER SUR : <\/div><a data-text='DROIT PENAL - Un magistrat \u00e9crit 2 livres \"pour combler le vide\"' data-link='https:\/\/www.nettali.com\/2023\/12\/02\/droit-penal-un-magistrat-ecrit-2-livres-pour-combler-le-vide\/' class='whatsapp-button whatsapp-share'>WhatsApp<\/a><div class='clear '><\/div><\/div>","protected":false},"excerpt":{"rendered":"<p>NETTALI.COM - L\u2019ouvrage \"Droit p\u00e9nal g\u00e9n\u00e9ral s\u00e9n\u00e9galais\u2019\u2019 a pour ambition de \"combler le vide\u2019\u2019 concernant cette branche du droit et \"contribuer \u00e0 [sa] vivification\u2019\u2019, a indiqu\u00e9 son auteur, le magistrat Papa Assane Tour\u00e9, vendredi. \"En faisant ce travail, j\u2019avais pour ambition de combler le vide et de contribuer \u00e0 la vivification du droit p\u00e9nal s\u00e9n\u00e9galais\u2019\u2019, [&hellip;]<\/p>\n","protected":false},"author":4,"featured_media":123007,"comment_status":"open","ping_status":"open","sticky":false,"template":"","format":"standard","meta":{"_et_pb_use_builder":"","_et_pb_old_content":""},"categories":[3],"tags":[],"yoast_head":"<!-- This site is optimized with the Yoast SEO Premium plugin v17.8 (Yoast SEO v17.8) - https:\/\/yoast.com\/wordpress\/plugins\/seo\/ -->\n<title>DROIT PENAL - Un magistrat \u00e9crit 2 livres &quot;pour combler le vide&quot; | Nettali.com<\/title>\n<meta name=\"robots\" content=\"index, follow, max-snippet:-1, max-image-preview:large, max-video-preview:-1\" \/>\n<link rel=\"canonical\" href=\"https:\/\/www.nettali.com\/2023\/12\/02\/droit-penal-un-magistrat-ecrit-2-livres-pour-combler-le-vide\/\" \/>\n<meta property=\"og:locale\" content=\"fr_FR\" \/>\n<meta property=\"og:type\" content=\"article\" \/>\n<meta property=\"og:title\" content=\"DROIT PENAL - Un magistrat \u00e9crit 2 livres &quot;pour combler le vide&quot;\" \/>\n<meta property=\"og:description\" content=\"NETTALI.COM - L\u2019ouvrage &quot;Droit p\u00e9nal g\u00e9n\u00e9ral s\u00e9n\u00e9galais\u2019\u2019 a pour ambition de &quot;combler le vide\u2019\u2019 concernant cette branche du droit et &quot;contribuer \u00e0 [sa] vivification\u2019\u2019, a indiqu\u00e9 son auteur, le magistrat Papa Assane Tour\u00e9, vendredi. &quot;En faisant ce travail, j\u2019avais pour ambition de combler le vide et de contribuer \u00e0 la vivification du droit p\u00e9nal s\u00e9n\u00e9galais\u2019\u2019, [&hellip;]\" \/>\n<meta property=\"og:url\" content=\"https:\/\/www.nettali.com\/2023\/12\/02\/droit-penal-un-magistrat-ecrit-2-livres-pour-combler-le-vide\/\" \/>\n<meta property=\"og:site_name\" content=\"Nettali.com\" \/>\n<meta property=\"article:publisher\" content=\"https:\/\/www.facebook.com\/nettalicom\" \/>\n<meta property=\"article:published_time\" content=\"2023-12-02T16:12:19+00:00\" \/>\n<meta property=\"og:image\" content=\"https:\/\/www.nettali.com\/wp-content\/uploads\/2023\/12\/Capture-de\u0301cran-2023-12-02-a\u0300-16.11.24.png\" \/>\n\t<meta property=\"og:image:width\" content=\"643\" \/>\n\t<meta property=\"og:image:height\" content=\"348\" \/>\n<meta name=\"twitter:card\" content=\"summary_large_image\" \/>\n<meta name=\"twitter:label1\" content=\"\u00c9crit par\" \/>\n\t<meta name=\"twitter:data1\" content=\"Daouda\" \/>\n\t<meta name=\"twitter:label2\" content=\"Dur\u00e9e de lecture estim\u00e9e\" \/>\n\t<meta name=\"twitter:data2\" content=\"3 minutes\" \/>\n<script type=\"application\/ld+json\" class=\"yoast-schema-graph\">{\"@context\":\"https:\/\/schema.org\",\"@graph\":[{\"@type\":\"WebSite\",\"@id\":\"https:\/\/www.nettali.com\/#website\",\"url\":\"https:\/\/www.nettali.com\/\",\"name\":\"Nettali.com\",\"description\":\"Le rendez-vous critique du Net\",\"potentialAction\":[{\"@type\":\"SearchAction\",\"target\":{\"@type\":\"EntryPoint\",\"urlTemplate\":\"https:\/\/www.nettali.com\/?s={search_term_string}\"},\"query-input\":\"required name=search_term_string\"}],\"inLanguage\":\"fr-FR\"},{\"@type\":\"ImageObject\",\"@id\":\"https:\/\/www.nettali.com\/2023\/12\/02\/droit-penal-un-magistrat-ecrit-2-livres-pour-combler-le-vide\/#primaryimage\",\"inLanguage\":\"fr-FR\",\"url\":\"https:\/\/www.nettali.com\/wp-content\/uploads\/2023\/12\/Capture-de\\u0301cran-2023-12-02-a\\u0300-16.11.24.png\",\"contentUrl\":\"https:\/\/www.nettali.com\/wp-content\/uploads\/2023\/12\/Capture-de\\u0301cran-2023-12-02-a\\u0300-16.11.24.png\",\"width\":643,\"height\":348},{\"@type\":\"WebPage\",\"@id\":\"https:\/\/www.nettali.com\/2023\/12\/02\/droit-penal-un-magistrat-ecrit-2-livres-pour-combler-le-vide\/#webpage\",\"url\":\"https:\/\/www.nettali.com\/2023\/12\/02\/droit-penal-un-magistrat-ecrit-2-livres-pour-combler-le-vide\/\",\"name\":\"DROIT PENAL - Un magistrat \\u00e9crit 2 livres \\\"pour combler le vide\\\" | Nettali.com\",\"isPartOf\":{\"@id\":\"https:\/\/www.nettali.com\/#website\"},\"primaryImageOfPage\":{\"@id\":\"https:\/\/www.nettali.com\/2023\/12\/02\/droit-penal-un-magistrat-ecrit-2-livres-pour-combler-le-vide\/#primaryimage\"},\"datePublished\":\"2023-12-02T16:12:19+00:00\",\"dateModified\":\"2023-12-02T16:12:19+00:00\",\"author\":{\"@id\":\"https:\/\/www.nettali.com\/#\/schema\/person\/3317e0bb3aa1da309fbf7b2780901bf4\"},\"breadcrumb\":{\"@id\":\"https:\/\/www.nettali.com\/2023\/12\/02\/droit-penal-un-magistrat-ecrit-2-livres-pour-combler-le-vide\/#breadcrumb\"},\"inLanguage\":\"fr-FR\",\"potentialAction\":[{\"@type\":\"ReadAction\",\"target\":[\"https:\/\/www.nettali.com\/2023\/12\/02\/droit-penal-un-magistrat-ecrit-2-livres-pour-combler-le-vide\/\"]}]},{\"@type\":\"BreadcrumbList\",\"@id\":\"https:\/\/www.nettali.com\/2023\/12\/02\/droit-penal-un-magistrat-ecrit-2-livres-pour-combler-le-vide\/#breadcrumb\",\"itemListElement\":[{\"@type\":\"ListItem\",\"position\":1,\"name\":\"Accueil\",\"item\":\"https:\/\/www.nettali.com\/\"},{\"@type\":\"ListItem\",\"position\":2,\"name\":\"DROIT PENAL - Un magistrat \\u00e9crit 2 livres \\\"pour combler le vide\\\"\"}]},{\"@type\":\"Person\",\"@id\":\"https:\/\/www.nettali.com\/#\/schema\/person\/3317e0bb3aa1da309fbf7b2780901bf4\",\"name\":\"Daouda\",\"image\":{\"@type\":\"ImageObject\",\"@id\":\"https:\/\/www.nettali.com\/#personlogo\",\"inLanguage\":\"fr-FR\",\"url\":\"https:\/\/secure.gravatar.com\/avatar\/8d143b5a49345098ddcfee1c49c2f47c?s=96&d=mm&r=g\",\"contentUrl\":\"https:\/\/secure.gravatar.com\/avatar\/8d143b5a49345098ddcfee1c49c2f47c?s=96&d=mm&r=g\",\"caption\":\"Daouda\"},\"sameAs\":[\"https:\/\/www.nettali.com\"]}]}<\/script>\n<!-- \/ Yoast SEO Premium plugin. -->","yoast_head_json":{"title":"DROIT PENAL - Un magistrat \u00e9crit 2 livres \"pour combler le vide\" | Nettali.com","robots":{"index":"index","follow":"follow","max-snippet":"max-snippet:-1","max-image-preview":"max-image-preview:large","max-video-preview":"max-video-preview:-1"},"canonical":"https:\/\/www.nettali.com\/2023\/12\/02\/droit-penal-un-magistrat-ecrit-2-livres-pour-combler-le-vide\/","og_locale":"fr_FR","og_type":"article","og_title":"DROIT PENAL - Un magistrat \u00e9crit 2 livres \"pour combler le vide\"","og_description":"NETTALI.COM - L\u2019ouvrage \"Droit p\u00e9nal g\u00e9n\u00e9ral s\u00e9n\u00e9galais\u2019\u2019 a pour ambition de \"combler le vide\u2019\u2019 concernant cette branche du droit et \"contribuer \u00e0 [sa] vivification\u2019\u2019, a indiqu\u00e9 son auteur, le magistrat Papa Assane Tour\u00e9, vendredi. \"En faisant ce travail, j\u2019avais pour ambition de combler le vide et de contribuer \u00e0 la vivification du droit p\u00e9nal s\u00e9n\u00e9galais\u2019\u2019, [&hellip;]","og_url":"https:\/\/www.nettali.com\/2023\/12\/02\/droit-penal-un-magistrat-ecrit-2-livres-pour-combler-le-vide\/","og_site_name":"Nettali.com","article_publisher":"https:\/\/www.facebook.com\/nettalicom","article_published_time":"2023-12-02T16:12:19+00:00","og_image":[{"width":643,"height":348,"url":"https:\/\/www.nettali.com\/wp-content\/uploads\/2023\/12\/Capture-de\u0301cran-2023-12-02-a\u0300-16.11.24.png","type":"image\/png"}],"twitter_card":"summary_large_image","twitter_misc":{"\u00c9crit par":"Daouda","Dur\u00e9e de lecture estim\u00e9e":"3 minutes"},"schema":{"@context":"https:\/\/schema.org","@graph":[{"@type":"WebSite","@id":"https:\/\/www.nettali.com\/#website","url":"https:\/\/www.nettali.com\/","name":"Nettali.com","description":"Le rendez-vous critique du Net","potentialAction":[{"@type":"SearchAction","target":{"@type":"EntryPoint","urlTemplate":"https:\/\/www.nettali.com\/?s={search_term_string}"},"query-input":"required name=search_term_string"}],"inLanguage":"fr-FR"},{"@type":"ImageObject","@id":"https:\/\/www.nettali.com\/2023\/12\/02\/droit-penal-un-magistrat-ecrit-2-livres-pour-combler-le-vide\/#primaryimage","inLanguage":"fr-FR","url":"https:\/\/www.nettali.com\/wp-content\/uploads\/2023\/12\/Capture-de\u0301cran-2023-12-02-a\u0300-16.11.24.png","contentUrl":"https:\/\/www.nettali.com\/wp-content\/uploads\/2023\/12\/Capture-de\u0301cran-2023-12-02-a\u0300-16.11.24.png","width":643,"height":348},{"@type":"WebPage","@id":"https:\/\/www.nettali.com\/2023\/12\/02\/droit-penal-un-magistrat-ecrit-2-livres-pour-combler-le-vide\/#webpage","url":"https:\/\/www.nettali.com\/2023\/12\/02\/droit-penal-un-magistrat-ecrit-2-livres-pour-combler-le-vide\/","name":"DROIT PENAL - Un magistrat \u00e9crit 2 livres \"pour combler le vide\" | Nettali.com","isPartOf":{"@id":"https:\/\/www.nettali.com\/#website"},"primaryImageOfPage":{"@id":"https:\/\/www.nettali.com\/2023\/12\/02\/droit-penal-un-magistrat-ecrit-2-livres-pour-combler-le-vide\/#primaryimage"},"datePublished":"2023-12-02T16:12:19+00:00","dateModified":"2023-12-02T16:12:19+00:00","author":{"@id":"https:\/\/www.nettali.com\/#\/schema\/person\/3317e0bb3aa1da309fbf7b2780901bf4"},"breadcrumb":{"@id":"https:\/\/www.nettali.com\/2023\/12\/02\/droit-penal-un-magistrat-ecrit-2-livres-pour-combler-le-vide\/#breadcrumb"},"inLanguage":"fr-FR","potentialAction":[{"@type":"ReadAction","target":["https:\/\/www.nettali.com\/2023\/12\/02\/droit-penal-un-magistrat-ecrit-2-livres-pour-combler-le-vide\/"]}]},{"@type":"BreadcrumbList","@id":"https:\/\/www.nettali.com\/2023\/12\/02\/droit-penal-un-magistrat-ecrit-2-livres-pour-combler-le-vide\/#breadcrumb","itemListElement":[{"@type":"ListItem","position":1,"name":"Accueil","item":"https:\/\/www.nettali.com\/"},{"@type":"ListItem","position":2,"name":"DROIT PENAL - Un magistrat \u00e9crit 2 livres \"pour combler le vide\""}]},{"@type":"Person","@id":"https:\/\/www.nettali.com\/#\/schema\/person\/3317e0bb3aa1da309fbf7b2780901bf4","name":"Daouda","image":{"@type":"ImageObject","@id":"https:\/\/www.nettali.com\/#personlogo","inLanguage":"fr-FR","url":"https:\/\/secure.gravatar.com\/avatar\/8d143b5a49345098ddcfee1c49c2f47c?s=96&d=mm&r=g","contentUrl":"https:\/\/secure.gravatar.com\/avatar\/8d143b5a49345098ddcfee1c49c2f47c?s=96&d=mm&r=g","caption":"Daouda"},"sameAs":["https:\/\/www.nettali.com"]}]}},"_links":{"self":[{"href":"https:\/\/www.nettali.com\/rest\/wp\/v2\/posts\/123006"}],"collection":[{"href":"https:\/\/www.nettali.com\/rest\/wp\/v2\/posts"}],"about":[{"href":"https:\/\/www.nettali.com\/rest\/wp\/v2\/types\/post"}],"author":[{"embeddable":true,"href":"https:\/\/www.nettali.com\/rest\/wp\/v2\/users\/4"}],"replies":[{"embeddable":true,"href":"https:\/\/www.nettali.com\/rest\/wp\/v2\/comments?post=123006"}],"version-history":[{"count":1,"href":"https:\/\/www.nettali.com\/rest\/wp\/v2\/posts\/123006\/revisions"}],"predecessor-version":[{"id":123008,"href":"https:\/\/www.nettali.com\/rest\/wp\/v2\/posts\/123006\/revisions\/123008"}],"wp:featuredmedia":[{"embeddable":true,"href":"https:\/\/www.nettali.com\/rest\/wp\/v2\/media\/123007"}],"wp:attachment":[{"href":"https:\/\/www.nettali.com\/rest\/wp\/v2\/media?parent=123006"}],"wp:term":[{"taxonomy":"category","embeddable":true,"href":"https:\/\/www.nettali.com\/rest\/wp\/v2\/categories?post=123006"},{"taxonomy":"post_tag","embeddable":true,"href":"https:\/\/www.nettali.com\/rest\/wp\/v2\/tags?post=123006"}],"curies":[{"name":"wp","href":"https:\/\/api.w.org\/{rel}","templated":true}]}}