{"id":122904,"date":"2023-12-01T08:59:51","date_gmt":"2023-12-01T08:59:51","guid":{"rendered":"https:\/\/www.nettali.com\/?p=122904"},"modified":"2023-12-01T09:19:05","modified_gmt":"2023-12-01T09:19:05","slug":"amadou-mame-diop-lavenir-du-senegal-sannonce-radieux","status":"publish","type":"post","link":"https:\/\/www.nettali.com\/2023\/12\/01\/amadou-mame-diop-lavenir-du-senegal-sannonce-radieux\/","title":{"rendered":"AMADOU MAME DIOP : \"L'avenir du S\u00e9n\u00e9gal s'annonce radieux\""},"content":{"rendered":"<p><strong>NETTALI.COM - L\u2019avenir du S\u00e9n\u00e9gal s\u2019annonce radieux avec le d\u00e9marrage de l\u2019exploitation du p\u00e9trole et du gaz, la mise en \u0153uvre effective des programmes pluriannuels (2024-2026) et du Plan d\u2019Actions Prioritaires (PAP3) pour la p\u00e9riode 2024-2028, a affirm\u00e9, jeudi, le pr\u00e9sident de l\u2019Assembl\u00e9e nationale.<\/strong><\/p>\n<p><em>\"Assur\u00e9ment, l\u2019avenir s\u2019annonce radieux au vu notamment du d\u00e9marrage de l\u2019exploitation du p\u00e9trole et du gaz et de la mise en \u0153uvre effective des programmes pluriannuels (2024-2026) et du Plan d\u2019Actions Prioritaires (PAP3) pour la p\u00e9riode 2024-2028\u2019\u2019<\/em>, a dit Amadou Mame Diop dans son discours de cl\u00f4ture de l\u2019examen de la loi de finances de l\u2019ann\u00e9e 2024.<\/p>\n<p>Les d\u00e9put\u00e9s ont adopt\u00e9 le Projet de Loi de Finances de l\u2019ann\u00e9e 2024 d\u2019un montant total de 7\u00a0003,6 milliards de Francs CFA, contre 6411,5 milliards en 2023.<\/p>\n<p><em>\"Un record historique !\u2019\u2019<\/em>, a comment\u00e9 le pr\u00e9sident de l\u2019Assembl\u00e9e nationale dans son discours.<\/p>\n<p>Selon Amadou Mame Diop, <em>\"le profil de la Loi de Finances 2024 traduit \u00e0 la fois les grandes ambitions du pr\u00e9sident de la R\u00e9publique Macky Sall pour le S\u00e9n\u00e9gal et, surtout, sa d\u00e9termination \u00e0 poursuivre et \u00e0 renforcer la mise en \u0153uvre du Plan S\u00e9n\u00e9gal \u00e9mergent\u2019\u2019.<\/em><\/p>\n<p>Il estime que <em>\"la sinc\u00e9rit\u00e9 des pr\u00e9visions et des projections qui sous-tendent la Loi de Finances 2024 en dit long sur les capacit\u00e9s\u2019\u2019<\/em> du S\u00e9n\u00e9gal \u00e0 <em>\"proc\u00e9der \u00e0 des anticipations rationnelles et \u00e0 prendre en compte les risques li\u00e9s au contexte international et r\u00e9gional\u2019\u2019.<\/em><\/p>\n<p><strong>\u00a0 \"croissance de 9,2% en 2024 \u00bb<\/strong><\/p>\n<p>M. Diop a soulign\u00e9 que <em>\"la poursuite de la guerre russo-ukrainienne et ses effets, l\u2019\u00e9mergence d\u2019un nouveau conflit au Moyen-Orient ainsi que l\u2019instabilit\u00e9 et l\u2019ins\u00e9curit\u00e9 grandissantes au niveau sous-r\u00e9gional, constituent des menaces r\u00e9elles qui ont \u00e9t\u00e9 fort justement int\u00e9gr\u00e9es dans la conception et l\u2019adoption de la Loi de Finances\u2019\u2019.<\/em><\/p>\n<p>Il dit se r\u00e9jouir du fait que <em>\"malgr\u00e9 cet environnement hostile, avec de surcro\u00eet, des obstacles \u00e0 l\u2019acc\u00e8s au financement pour les \u00e9conomies subsahariennes, tels que relev\u00e9s par le FMI et la persistance de tensions inflationnistes\u2019\u2019,<\/em> le S\u00e9n\u00e9gal, en 2024, <em>\"pr\u00e9sentera un profil suffisamment robuste pour assurer \u00e0 nos braves populations de la r\u00e9silience, de l\u2019espoir et du mieux-\u00eatre\u2019\u2019.<\/em><\/p>\n<p>Il s\u2019est f\u00e9licit\u00e9 des perspectives de croissance de 9,2% en 2024 contre 4,1% en 2023 et <em>\"surtout\u2019\u2019<\/em> de <em>\"la r\u00e9duction du d\u00e9ficit budg\u00e9taire dont le niveau (3,9%) se rapprochera de la norme communautaire de l\u2019UEMOA\u2019\u2019.<\/em><\/p>\n<p>Pour Amadou Mame Diop, <em>\"il est \u00e9vident, au demeurant, que la r\u00e9alisation de ces performances n\u00e9cessitera une mobilisation optimale de ressources internes\u2019\u2019<\/em>.<\/p>\n<p>C\u2019est pourquoi, il a salu\u00e9 \"<em>la pertinence des actions pr\u00e9vues dans le cadre de la Strat\u00e9gie de Mobilisation des Recettes \u00e0 Moyen Terme (SRMT) et dont la mise en \u0153uvre, telle que pr\u00e9vue, permettra de respecter tous les crit\u00e8res de convergence macro\u00e9conomique\u2019\u2019.<\/em><\/p>\n<p>M. Diop s\u2019est dit<em> \"d\u2019autant plus optimiste \u00bb<\/em> qu\u2019il d\u00e9clare avoir not\u00e9 que <em>\"les objectifs sp\u00e9cifiques vis\u00e9s \u00e0 travers la mise en \u0153uvre de la loi de Finances sont bien cern\u00e9s\u2019\u2019.<\/em><\/p>\n<p>Il a cit\u00e9 <em>\"la promotion de la comp\u00e9titivit\u00e9 et de la r\u00e9silience de l\u2019\u00e9conomie ; le d\u00e9veloppement du capital humain et le b\u00e9n\u00e9fice ou la capture du dividende d\u00e9mographique ; le renforcement de la r\u00e9silience des populations ; la consolidation de la Gouvernance ; la modernisation de l\u2019Administration et des Services publics\u2019\u2019.<\/em><\/p>\n<p>Toutefois, a-t-il fait observer, <em>\"l\u2019optimisme et l\u2019espoir que suscitent l\u00e9gitimement les perspectives \u00e9conomiques de notre pays tranchent d\u2019avec la recrudescence du ph\u00e9nom\u00e8ne de l\u2019\u00e9migration irr\u00e9guli\u00e8re\u2019\u2019<\/em>.<\/p>\n<p>Il estime qu\u2019il y a <em>\"certainement une urgence \u00e0 vulgariser au sein des populations, notamment en direction de la jeunesse, les performances \u00e9conomiques du pays et les perspectives ainsi que les opportunit\u00e9s y aff\u00e9rentes\u2019\u2019.<\/em><\/p>\n<p>Selon Amadou Mame Diop, <em>\"il convient de partager, avec toutes les couches de la population, les informations et donn\u00e9es sur l\u2019\u00e9tat r\u00e9el du pays et de son avenir\u2019\u2019.<\/em><\/p>\n<p>Pour lui, <em>\"nul doute qu\u2019une bonne prise de conscience des opportunit\u00e9s offertes par les potentialit\u00e9s du pays, notamment au profit de la jeunesse, permettrait de renforcer l\u2019esp\u00e9rance et d\u2019endiguer les vell\u00e9it\u00e9s d\u2019\u00e9migration\u2019\u2019.<\/em><\/p>\n<p><em>\"Dans ce cadre, la Repr\u00e9sentation nationale doit jouer un r\u00f4le essentiel dans la sensibilisation et l\u2019information du public. Ce qui est du reste consacr\u00e9 par la loi portant Code de Transparence dans la Gestion des Finances Publiques\u2019\u2019<\/em>, a-t-il dit.<\/p>\n<p>Par ailleurs, le pr\u00e9sident de l\u2019Assembl\u00e9e nationale a relev\u00e9 que la mission constitutionnelle de vote des lois, de contr\u00f4le de l\u2019action du gouvernement et d\u2019\u00e9valuation des politiques publiques, \u2018\u2019n\u00e9cessite des capacit\u00e9s techniques appropri\u00e9es\u2019\u2019.<\/p>\n<p>Selon lui, \u2018\u2019la complexit\u00e9 des proc\u00e9dures d\u2019\u00e9laboration et d\u2019adoption des Lois de finances en est une illustration\u2019\u2019.<\/p>\n<p><strong>\"Macky Sall a impuls\u00e9 des r\u00e9formes importantes \u00bb<\/strong><\/p>\n<p>D\u00e8s lors, il juge <em>\"imp\u00e9ratif\u2019\u2019<\/em> que l\u2019Assembl\u00e9e <em>\"continue \u00e0 mettre en \u0153uvre des programmes de renforcement de capacit\u00e9s\u2019\u2019.<\/em><\/p>\n<p>Dans son discours, Amadou Mame Diop a r\u00e9it\u00e9r\u00e9 ses <em>\"chaleureuses f\u00e9licitations\u2019\u2019<\/em> au pr\u00e9sident Macky Sall pour <em>\"les progr\u00e8s remarquables qu\u2019il a fait faire au S\u00e9n\u00e9gal par ses r\u00e9alisations et son leadership\u2019\u2019.<\/em><\/p>\n<p>Il a soulign\u00e9 que dans le domaine des finances publiques et du cadre budg\u00e9taire, le chef de l\u2019Etat <em>\"a impuls\u00e9 des r\u00e9formes importantes en vue de la modernisation et de la transparence de la Gestion\u2019\u2019.<\/em><\/p>\n<p>M. Diop a cit\u00e9 <em>\"l\u2019adoption de la loi portant Code de Transparence dans la Gestion des Finances publiques ; la transposition dans le Droit interne de toutes les autres Directives du nouveau Cadre harmonis\u00e9 des Finances publiques de l\u2019UEMOA ; la mise en \u0153uvre effective du Budget programme avec le respect strict du calendrier budg\u00e9taire ; l\u2019instauration du D\u00e9bat d\u2019Orientation Budg\u00e9taire\u2019\u2019<\/em>.<\/p>\n<p>En perspective de l\u2019\u00e9lection pr\u00e9sidentielle du mois de f\u00e9vrier prochain, il a \u00e9t\u00e9 r\u00e9it\u00e9r\u00e9 ses <em>\"souhaits de paix, de concorde, de s\u00e9curit\u00e9 et d\u2019une ann\u00e9e 2024 prosp\u00e8re pour le pays, les populations et les acteurs de tous bords\u2019\u2019.<\/em><\/p>\n<p><em>\"En tant que parlementaires, nous avons naturellement une partition importante \u00e0 y jouer. C\u2019est aussi l\u2019occasion, pour moi, de magnifier, une fois de plus, la grandeur et la clairvoyance du Pr\u00e9sident Macky Sall qui a pris la d\u00e9cision historique de renoncer \u00e0 solliciter un nouveau mandat\u2019\u2019<\/em>, a dit Amadou Mame Diop.<\/p>\n<div class='share-to-whatsapp-wrapper'><div class='share-on-whsp'>PARTAGER SUR : <\/div><a data-text='AMADOU MAME DIOP : \"L'avenir du S\u00e9n\u00e9gal s'annonce radieux\"' data-link='https:\/\/www.nettali.com\/2023\/12\/01\/amadou-mame-diop-lavenir-du-senegal-sannonce-radieux\/' class='whatsapp-button whatsapp-share'>WhatsApp<\/a><div class='clear '><\/div><\/div>","protected":false},"excerpt":{"rendered":"<p>NETTALI.COM - L\u2019avenir du S\u00e9n\u00e9gal s\u2019annonce radieux avec le d\u00e9marrage de l\u2019exploitation du p\u00e9trole et du gaz, la mise en \u0153uvre effective des programmes pluriannuels (2024-2026) et du Plan d\u2019Actions Prioritaires (PAP3) pour la p\u00e9riode 2024-2028, a affirm\u00e9, jeudi, le pr\u00e9sident de l\u2019Assembl\u00e9e nationale. \"Assur\u00e9ment, l\u2019avenir s\u2019annonce radieux au vu notamment du d\u00e9marrage de l\u2019exploitation [&hellip;]<\/p>\n","protected":false},"author":4,"featured_media":99490,"comment_status":"open","ping_status":"open","sticky":false,"template":"","format":"standard","meta":{"_et_pb_use_builder":"","_et_pb_old_content":""},"categories":[2],"tags":[],"yoast_head":"<!-- This site is optimized with the Yoast SEO Premium plugin v17.8 (Yoast SEO v17.8) - https:\/\/yoast.com\/wordpress\/plugins\/seo\/ -->\n<title>AMADOU MAME DIOP : &quot;L&#039;avenir du S\u00e9n\u00e9gal s&#039;annonce radieux&quot; | Nettali.com<\/title>\n<meta name=\"robots\" content=\"index, follow, max-snippet:-1, max-image-preview:large, max-video-preview:-1\" \/>\n<link rel=\"canonical\" href=\"https:\/\/www.nettali.com\/2023\/12\/01\/amadou-mame-diop-lavenir-du-senegal-sannonce-radieux\/\" \/>\n<meta property=\"og:locale\" content=\"fr_FR\" \/>\n<meta property=\"og:type\" content=\"article\" \/>\n<meta property=\"og:title\" content=\"AMADOU MAME DIOP : &quot;L&#039;avenir du S\u00e9n\u00e9gal s&#039;annonce radieux&quot;\" \/>\n<meta property=\"og:description\" content=\"NETTALI.COM - L\u2019avenir du S\u00e9n\u00e9gal s\u2019annonce radieux avec le d\u00e9marrage de l\u2019exploitation du p\u00e9trole et du gaz, la mise en \u0153uvre effective des programmes pluriannuels (2024-2026) et du Plan d\u2019Actions Prioritaires (PAP3) pour la p\u00e9riode 2024-2028, a affirm\u00e9, jeudi, le pr\u00e9sident de l\u2019Assembl\u00e9e nationale. &quot;Assur\u00e9ment, l\u2019avenir s\u2019annonce radieux au vu notamment du d\u00e9marrage de l\u2019exploitation [&hellip;]\" \/>\n<meta property=\"og:url\" content=\"https:\/\/www.nettali.com\/2023\/12\/01\/amadou-mame-diop-lavenir-du-senegal-sannonce-radieux\/\" \/>\n<meta property=\"og:site_name\" content=\"Nettali.com\" \/>\n<meta property=\"article:publisher\" content=\"https:\/\/www.facebook.com\/nettalicom\" \/>\n<meta property=\"article:published_time\" content=\"2023-12-01T08:59:51+00:00\" \/>\n<meta property=\"article:modified_time\" content=\"2023-12-01T09:19:05+00:00\" \/>\n<meta property=\"og:image\" content=\"https:\/\/www.nettali.com\/wp-content\/uploads\/2022\/12\/Amadou-Mame-Diop-2.jpg\" \/>\n\t<meta property=\"og:image:width\" content=\"600\" \/>\n\t<meta property=\"og:image:height\" content=\"400\" \/>\n<meta name=\"twitter:card\" content=\"summary_large_image\" \/>\n<meta name=\"twitter:label1\" content=\"\u00c9crit par\" \/>\n\t<meta name=\"twitter:data1\" content=\"Daouda\" \/>\n\t<meta name=\"twitter:label2\" content=\"Dur\u00e9e de lecture estim\u00e9e\" \/>\n\t<meta name=\"twitter:data2\" content=\"5 minutes\" \/>\n<script type=\"application\/ld+json\" class=\"yoast-schema-graph\">{\"@context\":\"https:\/\/schema.org\",\"@graph\":[{\"@type\":\"WebSite\",\"@id\":\"https:\/\/www.nettali.com\/#website\",\"url\":\"https:\/\/www.nettali.com\/\",\"name\":\"Nettali.com\",\"description\":\"Le rendez-vous critique du Net\",\"potentialAction\":[{\"@type\":\"SearchAction\",\"target\":{\"@type\":\"EntryPoint\",\"urlTemplate\":\"https:\/\/www.nettali.com\/?s={search_term_string}\"},\"query-input\":\"required name=search_term_string\"}],\"inLanguage\":\"fr-FR\"},{\"@type\":\"ImageObject\",\"@id\":\"https:\/\/www.nettali.com\/2023\/12\/01\/amadou-mame-diop-lavenir-du-senegal-sannonce-radieux\/#primaryimage\",\"inLanguage\":\"fr-FR\",\"url\":\"https:\/\/www.nettali.com\/wp-content\/uploads\/2022\/12\/Amadou-Mame-Diop-2.jpg\",\"contentUrl\":\"https:\/\/www.nettali.com\/wp-content\/uploads\/2022\/12\/Amadou-Mame-Diop-2.jpg\",\"width\":600,\"height\":400},{\"@type\":\"WebPage\",\"@id\":\"https:\/\/www.nettali.com\/2023\/12\/01\/amadou-mame-diop-lavenir-du-senegal-sannonce-radieux\/#webpage\",\"url\":\"https:\/\/www.nettali.com\/2023\/12\/01\/amadou-mame-diop-lavenir-du-senegal-sannonce-radieux\/\",\"name\":\"AMADOU MAME DIOP : \\\"L'avenir du S\\u00e9n\\u00e9gal s'annonce radieux\\\" | Nettali.com\",\"isPartOf\":{\"@id\":\"https:\/\/www.nettali.com\/#website\"},\"primaryImageOfPage\":{\"@id\":\"https:\/\/www.nettali.com\/2023\/12\/01\/amadou-mame-diop-lavenir-du-senegal-sannonce-radieux\/#primaryimage\"},\"datePublished\":\"2023-12-01T08:59:51+00:00\",\"dateModified\":\"2023-12-01T09:19:05+00:00\",\"author\":{\"@id\":\"https:\/\/www.nettali.com\/#\/schema\/person\/3317e0bb3aa1da309fbf7b2780901bf4\"},\"breadcrumb\":{\"@id\":\"https:\/\/www.nettali.com\/2023\/12\/01\/amadou-mame-diop-lavenir-du-senegal-sannonce-radieux\/#breadcrumb\"},\"inLanguage\":\"fr-FR\",\"potentialAction\":[{\"@type\":\"ReadAction\",\"target\":[\"https:\/\/www.nettali.com\/2023\/12\/01\/amadou-mame-diop-lavenir-du-senegal-sannonce-radieux\/\"]}]},{\"@type\":\"BreadcrumbList\",\"@id\":\"https:\/\/www.nettali.com\/2023\/12\/01\/amadou-mame-diop-lavenir-du-senegal-sannonce-radieux\/#breadcrumb\",\"itemListElement\":[{\"@type\":\"ListItem\",\"position\":1,\"name\":\"Accueil\",\"item\":\"https:\/\/www.nettali.com\/\"},{\"@type\":\"ListItem\",\"position\":2,\"name\":\"AMADOU MAME DIOP : \\\"L'avenir du S\\u00e9n\\u00e9gal s'annonce radieux\\\"\"}]},{\"@type\":\"Person\",\"@id\":\"https:\/\/www.nettali.com\/#\/schema\/person\/3317e0bb3aa1da309fbf7b2780901bf4\",\"name\":\"Daouda\",\"image\":{\"@type\":\"ImageObject\",\"@id\":\"https:\/\/www.nettali.com\/#personlogo\",\"inLanguage\":\"fr-FR\",\"url\":\"https:\/\/secure.gravatar.com\/avatar\/8d143b5a49345098ddcfee1c49c2f47c?s=96&d=mm&r=g\",\"contentUrl\":\"https:\/\/secure.gravatar.com\/avatar\/8d143b5a49345098ddcfee1c49c2f47c?s=96&d=mm&r=g\",\"caption\":\"Daouda\"},\"sameAs\":[\"https:\/\/www.nettali.com\"]}]}<\/script>\n<!-- \/ Yoast SEO Premium plugin. -->","yoast_head_json":{"title":"AMADOU MAME DIOP : \"L'avenir du S\u00e9n\u00e9gal s'annonce radieux\" | Nettali.com","robots":{"index":"index","follow":"follow","max-snippet":"max-snippet:-1","max-image-preview":"max-image-preview:large","max-video-preview":"max-video-preview:-1"},"canonical":"https:\/\/www.nettali.com\/2023\/12\/01\/amadou-mame-diop-lavenir-du-senegal-sannonce-radieux\/","og_locale":"fr_FR","og_type":"article","og_title":"AMADOU MAME DIOP : \"L'avenir du S\u00e9n\u00e9gal s'annonce radieux\"","og_description":"NETTALI.COM - L\u2019avenir du S\u00e9n\u00e9gal s\u2019annonce radieux avec le d\u00e9marrage de l\u2019exploitation du p\u00e9trole et du gaz, la mise en \u0153uvre effective des programmes pluriannuels (2024-2026) et du Plan d\u2019Actions Prioritaires (PAP3) pour la p\u00e9riode 2024-2028, a affirm\u00e9, jeudi, le pr\u00e9sident de l\u2019Assembl\u00e9e nationale. \"Assur\u00e9ment, l\u2019avenir s\u2019annonce radieux au vu notamment du d\u00e9marrage de l\u2019exploitation [&hellip;]","og_url":"https:\/\/www.nettali.com\/2023\/12\/01\/amadou-mame-diop-lavenir-du-senegal-sannonce-radieux\/","og_site_name":"Nettali.com","article_publisher":"https:\/\/www.facebook.com\/nettalicom","article_published_time":"2023-12-01T08:59:51+00:00","article_modified_time":"2023-12-01T09:19:05+00:00","og_image":[{"width":600,"height":400,"url":"https:\/\/www.nettali.com\/wp-content\/uploads\/2022\/12\/Amadou-Mame-Diop-2.jpg","type":"image\/jpeg"}],"twitter_card":"summary_large_image","twitter_misc":{"\u00c9crit par":"Daouda","Dur\u00e9e de lecture estim\u00e9e":"5 minutes"},"schema":{"@context":"https:\/\/schema.org","@graph":[{"@type":"WebSite","@id":"https:\/\/www.nettali.com\/#website","url":"https:\/\/www.nettali.com\/","name":"Nettali.com","description":"Le rendez-vous critique du Net","potentialAction":[{"@type":"SearchAction","target":{"@type":"EntryPoint","urlTemplate":"https:\/\/www.nettali.com\/?s={search_term_string}"},"query-input":"required name=search_term_string"}],"inLanguage":"fr-FR"},{"@type":"ImageObject","@id":"https:\/\/www.nettali.com\/2023\/12\/01\/amadou-mame-diop-lavenir-du-senegal-sannonce-radieux\/#primaryimage","inLanguage":"fr-FR","url":"https:\/\/www.nettali.com\/wp-content\/uploads\/2022\/12\/Amadou-Mame-Diop-2.jpg","contentUrl":"https:\/\/www.nettali.com\/wp-content\/uploads\/2022\/12\/Amadou-Mame-Diop-2.jpg","width":600,"height":400},{"@type":"WebPage","@id":"https:\/\/www.nettali.com\/2023\/12\/01\/amadou-mame-diop-lavenir-du-senegal-sannonce-radieux\/#webpage","url":"https:\/\/www.nettali.com\/2023\/12\/01\/amadou-mame-diop-lavenir-du-senegal-sannonce-radieux\/","name":"AMADOU MAME DIOP : \"L'avenir du S\u00e9n\u00e9gal s'annonce radieux\" | Nettali.com","isPartOf":{"@id":"https:\/\/www.nettali.com\/#website"},"primaryImageOfPage":{"@id":"https:\/\/www.nettali.com\/2023\/12\/01\/amadou-mame-diop-lavenir-du-senegal-sannonce-radieux\/#primaryimage"},"datePublished":"2023-12-01T08:59:51+00:00","dateModified":"2023-12-01T09:19:05+00:00","author":{"@id":"https:\/\/www.nettali.com\/#\/schema\/person\/3317e0bb3aa1da309fbf7b2780901bf4"},"breadcrumb":{"@id":"https:\/\/www.nettali.com\/2023\/12\/01\/amadou-mame-diop-lavenir-du-senegal-sannonce-radieux\/#breadcrumb"},"inLanguage":"fr-FR","potentialAction":[{"@type":"ReadAction","target":["https:\/\/www.nettali.com\/2023\/12\/01\/amadou-mame-diop-lavenir-du-senegal-sannonce-radieux\/"]}]},{"@type":"BreadcrumbList","@id":"https:\/\/www.nettali.com\/2023\/12\/01\/amadou-mame-diop-lavenir-du-senegal-sannonce-radieux\/#breadcrumb","itemListElement":[{"@type":"ListItem","position":1,"name":"Accueil","item":"https:\/\/www.nettali.com\/"},{"@type":"ListItem","position":2,"name":"AMADOU MAME DIOP : \"L'avenir du S\u00e9n\u00e9gal s'annonce radieux\""}]},{"@type":"Person","@id":"https:\/\/www.nettali.com\/#\/schema\/person\/3317e0bb3aa1da309fbf7b2780901bf4","name":"Daouda","image":{"@type":"ImageObject","@id":"https:\/\/www.nettali.com\/#personlogo","inLanguage":"fr-FR","url":"https:\/\/secure.gravatar.com\/avatar\/8d143b5a49345098ddcfee1c49c2f47c?s=96&d=mm&r=g","contentUrl":"https:\/\/secure.gravatar.com\/avatar\/8d143b5a49345098ddcfee1c49c2f47c?s=96&d=mm&r=g","caption":"Daouda"},"sameAs":["https:\/\/www.nettali.com"]}]}},"_links":{"self":[{"href":"https:\/\/www.nettali.com\/rest\/wp\/v2\/posts\/122904"}],"collection":[{"href":"https:\/\/www.nettali.com\/rest\/wp\/v2\/posts"}],"about":[{"href":"https:\/\/www.nettali.com\/rest\/wp\/v2\/types\/post"}],"author":[{"embeddable":true,"href":"https:\/\/www.nettali.com\/rest\/wp\/v2\/users\/4"}],"replies":[{"embeddable":true,"href":"https:\/\/www.nettali.com\/rest\/wp\/v2\/comments?post=122904"}],"version-history":[{"count":2,"href":"https:\/\/www.nettali.com\/rest\/wp\/v2\/posts\/122904\/revisions"}],"predecessor-version":[{"id":122914,"href":"https:\/\/www.nettali.com\/rest\/wp\/v2\/posts\/122904\/revisions\/122914"}],"wp:featuredmedia":[{"embeddable":true,"href":"https:\/\/www.nettali.com\/rest\/wp\/v2\/media\/99490"}],"wp:attachment":[{"href":"https:\/\/www.nettali.com\/rest\/wp\/v2\/media?parent=122904"}],"wp:term":[{"taxonomy":"category","embeddable":true,"href":"https:\/\/www.nettali.com\/rest\/wp\/v2\/categories?post=122904"},{"taxonomy":"post_tag","embeddable":true,"href":"https:\/\/www.nettali.com\/rest\/wp\/v2\/tags?post=122904"}],"curies":[{"name":"wp","href":"https:\/\/api.w.org\/{rel}","templated":true}]}}