{"id":122714,"date":"2023-11-29T08:38:35","date_gmt":"2023-11-29T08:38:35","guid":{"rendered":"https:\/\/www.nettali.com\/?p=122714"},"modified":"2023-11-29T08:38:35","modified_gmt":"2023-11-29T08:38:35","slug":"en-coulisses-macky-a-fond-pour-les-sciences-et-techniques","status":"publish","type":"post","link":"https:\/\/www.nettali.com\/2023\/11\/29\/en-coulisses-macky-a-fond-pour-les-sciences-et-techniques\/","title":{"rendered":"EN COULISSES - Macky, \u00e0 fond pour les sciences et techniques"},"content":{"rendered":"<div class=\"page\" title=\"Page 2\">\n<div class=\"section\">\n<div class=\"layoutArea\">\n<div class=\"column\">\n<p><strong>NETTALI.COM -<\/strong> Mardi \u00e0 Diamniadio, a\u0300 l\u2019occasion de l\u2019ouverture de la Biennale de la recherche, de l\u2019innovation et de l\u2019industrialisation en Afrique, a\u0300 l\u2019Universite\u0301 Ahmadou Makhtar Mbow, le pr\u00e9sident Macky Sall a profite\u0301 de l\u2019occasion pour faire l\u2019apologie des se\u0301ries scientifiques.<\/p>\n<p>Sur la ne\u0301cessite\u0301 d\u2019orienter les e\u0301tudiants vers les sciences, les mathe\u0301matiques et les technologies, Macky Sall estime que \"<em>l\u2019Afrique a besoin de de\u0301velopper les sciences et la technologie<\/em>\". Autrement, \"<em>nous serons a\u0300 la traine avec l\u2019ave\u0300nement de l\u2019intelligence artificielle. Il nous faut de\u0301velopper un capital humain de qualite\u0301. Je suis tre\u0300s engage\u0301 a\u0300 mettre plus de ressources dans l\u2019enseignement supe\u0301rieur, mais nous sommes oblige\u0301s d\u2019e\u0302tre exigeants aussi avec des re\u0301sultats. On ne peut pas mettre autant de ressources dans ce secteur sans exiger la qualite\u0301 en retour<\/em>\", a martele\u0301 le chef de l\u2019Etat.<\/p>\n<p>Pour y arriver, il a invite\u0301 a\u0300 re\u0301e\u0301quilibrer la proportion des effectifs selon les filie\u0300res. Quatre-vingt pour cent des e\u0301tudiants sont dans les filie\u0300res litte\u0301raires, \"<em>c\u2019est cela qu\u2019il faut re\u0301e\u0301quilibrer<\/em>\", a-t-il pre\u0301cise\u0301.<\/p>\n<p>Selon lui, \"<em>l\u2019Afrique doit se donner les moyens d\u2019employer un plus grand nombre de scientifiques, d\u2019inge\u0301nieurs et de techniciens en vue de re\u0301aliser sa souverainete\u0301 sanitaire, alimentaire, e\u0301nerge\u0301tique, toutes les souverainete\u0301s<\/em>\".<\/p>\n<p>A pr\u00e9ciser qu\u2019en marge de la Biennale, le Programme the\u0301matiques de recherche (PTR) \"<em>Langues, socie\u0301te\u0301s, cultures et civilisations<\/em>\" a rec\u0327u le premier Prix Macky Sall pour la recherche du Conseil africain et malgache pour l\u2019enseignement supe\u0301rieur (CAMES). Cette distinction dote\u0301e d\u2019un montant de 60 millions de francs CFA a e\u0301te\u0301 de\u0301cerne\u0301e au coordonnateur de ce PTR, le Pr Aime\u0301e Danielle Leou Koffi (Co\u0302te-d\u2019Ivoire).<\/p>\n<p>Le deuxie\u0300me prix, dote\u0301 d\u2019un montant de 25 millions de francs CFA est revenu au PTR \"<em>Se\u0301curite\u0301 alimentaire &amp; nutrition<\/em>\".<\/p>\n<p>Le troisie\u0300me prix d\u2019un montant de 15 millions de FCFA a e\u0301te\u0301 de\u0301cerne\u0301 au PTR \"Gouvernance et de\u0301veloppement\".<\/p>\n<p>A noter que le Prix Macky Sall pour la recherche est destine\u0301 a\u0300 re\u0301compenser les chercheurs de l\u2019espace Conseil africain et malgache pour l\u2019enseignement supe\u0301- rieur (CAMES), qui s\u2019illustrent par des re\u0301sultats de re- cherche innovants et a\u0300 me\u0302me d\u2019apporter des re\u0301ponses pour renforcer la re\u0301silience des E\u0301tats dans les diffe\u0301rents secteurs de de\u0301veloppement.<\/p>\n<\/div>\n<\/div>\n<\/div>\n<\/div>\n<div class='share-to-whatsapp-wrapper'><div class='share-on-whsp'>PARTAGER SUR : <\/div><a data-text='EN COULISSES - Macky, \u00e0 fond pour les sciences et techniques' data-link='https:\/\/www.nettali.com\/2023\/11\/29\/en-coulisses-macky-a-fond-pour-les-sciences-et-techniques\/' class='whatsapp-button whatsapp-share'>WhatsApp<\/a><div class='clear '><\/div><\/div>","protected":false},"excerpt":{"rendered":"<p>NETTALI.COM - Mardi \u00e0 Diamniadio, a\u0300 l\u2019occasion de l\u2019ouverture de la Biennale de la recherche, de l\u2019innovation et de l\u2019industrialisation en Afrique, a\u0300 l\u2019Universite\u0301 Ahmadou Makhtar Mbow, le pr\u00e9sident Macky Sall a profite\u0301 de l\u2019occasion pour faire l\u2019apologie des se\u0301ries scientifiques. Sur la ne\u0301cessite\u0301 d\u2019orienter les e\u0301tudiants vers les sciences, les mathe\u0301matiques et les technologies, [&hellip;]<\/p>\n","protected":false},"author":2,"featured_media":122718,"comment_status":"open","ping_status":"open","sticky":false,"template":"","format":"standard","meta":{"_et_pb_use_builder":"","_et_pb_old_content":""},"categories":[34945],"tags":[],"yoast_head":"<!-- This site is optimized with the Yoast SEO Premium plugin v17.8 (Yoast SEO v17.8) - https:\/\/yoast.com\/wordpress\/plugins\/seo\/ -->\n<title>EN COULISSES - Macky, \u00e0 fond pour les sciences et techniques | Nettali.com<\/title>\n<meta name=\"robots\" content=\"index, follow, max-snippet:-1, max-image-preview:large, max-video-preview:-1\" \/>\n<link rel=\"canonical\" href=\"https:\/\/www.nettali.com\/2023\/11\/29\/en-coulisses-macky-a-fond-pour-les-sciences-et-techniques\/\" \/>\n<meta property=\"og:locale\" content=\"fr_FR\" \/>\n<meta property=\"og:type\" content=\"article\" \/>\n<meta property=\"og:title\" content=\"EN COULISSES - Macky, \u00e0 fond pour les sciences et techniques\" \/>\n<meta property=\"og:description\" content=\"NETTALI.COM - Mardi \u00e0 Diamniadio, a\u0300 l\u2019occasion de l\u2019ouverture de la Biennale de la recherche, de l\u2019innovation et de l\u2019industrialisation en Afrique, a\u0300 l\u2019Universite\u0301 Ahmadou Makhtar Mbow, le pr\u00e9sident Macky Sall a profite\u0301 de l\u2019occasion pour faire l\u2019apologie des se\u0301ries scientifiques. Sur la ne\u0301cessite\u0301 d\u2019orienter les e\u0301tudiants vers les sciences, les mathe\u0301matiques et les technologies, [&hellip;]\" \/>\n<meta property=\"og:url\" content=\"https:\/\/www.nettali.com\/2023\/11\/29\/en-coulisses-macky-a-fond-pour-les-sciences-et-techniques\/\" \/>\n<meta property=\"og:site_name\" content=\"Nettali.com\" \/>\n<meta property=\"article:publisher\" content=\"https:\/\/www.facebook.com\/nettalicom\" \/>\n<meta property=\"article:published_time\" content=\"2023-11-29T08:38:35+00:00\" \/>\n<meta property=\"og:image\" content=\"https:\/\/www.nettali.com\/wp-content\/uploads\/2023\/11\/77045320-55889735.jpg\" \/>\n\t<meta property=\"og:image:width\" content=\"1600\" \/>\n\t<meta property=\"og:image:height\" content=\"900\" \/>\n<meta name=\"twitter:card\" content=\"summary_large_image\" \/>\n<meta name=\"twitter:label1\" content=\"\u00c9crit par\" \/>\n\t<meta name=\"twitter:data1\" content=\"CK\" \/>\n\t<meta name=\"twitter:label2\" content=\"Dur\u00e9e de lecture estim\u00e9e\" \/>\n\t<meta name=\"twitter:data2\" content=\"2 minutes\" \/>\n<script type=\"application\/ld+json\" class=\"yoast-schema-graph\">{\"@context\":\"https:\/\/schema.org\",\"@graph\":[{\"@type\":\"WebSite\",\"@id\":\"https:\/\/www.nettali.com\/#website\",\"url\":\"https:\/\/www.nettali.com\/\",\"name\":\"Nettali.com\",\"description\":\"Le rendez-vous critique du Net\",\"potentialAction\":[{\"@type\":\"SearchAction\",\"target\":{\"@type\":\"EntryPoint\",\"urlTemplate\":\"https:\/\/www.nettali.com\/?s={search_term_string}\"},\"query-input\":\"required name=search_term_string\"}],\"inLanguage\":\"fr-FR\"},{\"@type\":\"ImageObject\",\"@id\":\"https:\/\/www.nettali.com\/2023\/11\/29\/en-coulisses-macky-a-fond-pour-les-sciences-et-techniques\/#primaryimage\",\"inLanguage\":\"fr-FR\",\"url\":\"https:\/\/www.nettali.com\/wp-content\/uploads\/2023\/11\/77045320-55889735.jpg\",\"contentUrl\":\"https:\/\/www.nettali.com\/wp-content\/uploads\/2023\/11\/77045320-55889735.jpg\",\"width\":1600,\"height\":900},{\"@type\":\"WebPage\",\"@id\":\"https:\/\/www.nettali.com\/2023\/11\/29\/en-coulisses-macky-a-fond-pour-les-sciences-et-techniques\/#webpage\",\"url\":\"https:\/\/www.nettali.com\/2023\/11\/29\/en-coulisses-macky-a-fond-pour-les-sciences-et-techniques\/\",\"name\":\"EN COULISSES - Macky, \\u00e0 fond pour les sciences et techniques | Nettali.com\",\"isPartOf\":{\"@id\":\"https:\/\/www.nettali.com\/#website\"},\"primaryImageOfPage\":{\"@id\":\"https:\/\/www.nettali.com\/2023\/11\/29\/en-coulisses-macky-a-fond-pour-les-sciences-et-techniques\/#primaryimage\"},\"datePublished\":\"2023-11-29T08:38:35+00:00\",\"dateModified\":\"2023-11-29T08:38:35+00:00\",\"author\":{\"@id\":\"https:\/\/www.nettali.com\/#\/schema\/person\/d8ac7b7e27ddad43f1c0d2ef090d7f71\"},\"breadcrumb\":{\"@id\":\"https:\/\/www.nettali.com\/2023\/11\/29\/en-coulisses-macky-a-fond-pour-les-sciences-et-techniques\/#breadcrumb\"},\"inLanguage\":\"fr-FR\",\"potentialAction\":[{\"@type\":\"ReadAction\",\"target\":[\"https:\/\/www.nettali.com\/2023\/11\/29\/en-coulisses-macky-a-fond-pour-les-sciences-et-techniques\/\"]}]},{\"@type\":\"BreadcrumbList\",\"@id\":\"https:\/\/www.nettali.com\/2023\/11\/29\/en-coulisses-macky-a-fond-pour-les-sciences-et-techniques\/#breadcrumb\",\"itemListElement\":[{\"@type\":\"ListItem\",\"position\":1,\"name\":\"Accueil\",\"item\":\"https:\/\/www.nettali.com\/\"},{\"@type\":\"ListItem\",\"position\":2,\"name\":\"EN COULISSES - Macky, \\u00e0 fond pour les sciences et techniques\"}]},{\"@type\":\"Person\",\"@id\":\"https:\/\/www.nettali.com\/#\/schema\/person\/d8ac7b7e27ddad43f1c0d2ef090d7f71\",\"name\":\"CK\",\"image\":{\"@type\":\"ImageObject\",\"@id\":\"https:\/\/www.nettali.com\/#personlogo\",\"inLanguage\":\"fr-FR\",\"url\":\"https:\/\/secure.gravatar.com\/avatar\/1d8d5118b9327d94da7cd4ce7f17fec2?s=96&d=mm&r=g\",\"contentUrl\":\"https:\/\/secure.gravatar.com\/avatar\/1d8d5118b9327d94da7cd4ce7f17fec2?s=96&d=mm&r=g\",\"caption\":\"CK\"},\"sameAs\":[\"https:\/\/www.nettali.com\"]}]}<\/script>\n<!-- \/ Yoast SEO Premium plugin. -->","yoast_head_json":{"title":"EN COULISSES - Macky, \u00e0 fond pour les sciences et techniques | Nettali.com","robots":{"index":"index","follow":"follow","max-snippet":"max-snippet:-1","max-image-preview":"max-image-preview:large","max-video-preview":"max-video-preview:-1"},"canonical":"https:\/\/www.nettali.com\/2023\/11\/29\/en-coulisses-macky-a-fond-pour-les-sciences-et-techniques\/","og_locale":"fr_FR","og_type":"article","og_title":"EN COULISSES - Macky, \u00e0 fond pour les sciences et techniques","og_description":"NETTALI.COM - Mardi \u00e0 Diamniadio, a\u0300 l\u2019occasion de l\u2019ouverture de la Biennale de la recherche, de l\u2019innovation et de l\u2019industrialisation en Afrique, a\u0300 l\u2019Universite\u0301 Ahmadou Makhtar Mbow, le pr\u00e9sident Macky Sall a profite\u0301 de l\u2019occasion pour faire l\u2019apologie des se\u0301ries scientifiques. Sur la ne\u0301cessite\u0301 d\u2019orienter les e\u0301tudiants vers les sciences, les mathe\u0301matiques et les technologies, [&hellip;]","og_url":"https:\/\/www.nettali.com\/2023\/11\/29\/en-coulisses-macky-a-fond-pour-les-sciences-et-techniques\/","og_site_name":"Nettali.com","article_publisher":"https:\/\/www.facebook.com\/nettalicom","article_published_time":"2023-11-29T08:38:35+00:00","og_image":[{"width":1600,"height":900,"url":"https:\/\/www.nettali.com\/wp-content\/uploads\/2023\/11\/77045320-55889735.jpg","type":"image\/jpeg"}],"twitter_card":"summary_large_image","twitter_misc":{"\u00c9crit par":"CK","Dur\u00e9e de lecture estim\u00e9e":"2 minutes"},"schema":{"@context":"https:\/\/schema.org","@graph":[{"@type":"WebSite","@id":"https:\/\/www.nettali.com\/#website","url":"https:\/\/www.nettali.com\/","name":"Nettali.com","description":"Le rendez-vous critique du Net","potentialAction":[{"@type":"SearchAction","target":{"@type":"EntryPoint","urlTemplate":"https:\/\/www.nettali.com\/?s={search_term_string}"},"query-input":"required name=search_term_string"}],"inLanguage":"fr-FR"},{"@type":"ImageObject","@id":"https:\/\/www.nettali.com\/2023\/11\/29\/en-coulisses-macky-a-fond-pour-les-sciences-et-techniques\/#primaryimage","inLanguage":"fr-FR","url":"https:\/\/www.nettali.com\/wp-content\/uploads\/2023\/11\/77045320-55889735.jpg","contentUrl":"https:\/\/www.nettali.com\/wp-content\/uploads\/2023\/11\/77045320-55889735.jpg","width":1600,"height":900},{"@type":"WebPage","@id":"https:\/\/www.nettali.com\/2023\/11\/29\/en-coulisses-macky-a-fond-pour-les-sciences-et-techniques\/#webpage","url":"https:\/\/www.nettali.com\/2023\/11\/29\/en-coulisses-macky-a-fond-pour-les-sciences-et-techniques\/","name":"EN COULISSES - Macky, \u00e0 fond pour les sciences et techniques | Nettali.com","isPartOf":{"@id":"https:\/\/www.nettali.com\/#website"},"primaryImageOfPage":{"@id":"https:\/\/www.nettali.com\/2023\/11\/29\/en-coulisses-macky-a-fond-pour-les-sciences-et-techniques\/#primaryimage"},"datePublished":"2023-11-29T08:38:35+00:00","dateModified":"2023-11-29T08:38:35+00:00","author":{"@id":"https:\/\/www.nettali.com\/#\/schema\/person\/d8ac7b7e27ddad43f1c0d2ef090d7f71"},"breadcrumb":{"@id":"https:\/\/www.nettali.com\/2023\/11\/29\/en-coulisses-macky-a-fond-pour-les-sciences-et-techniques\/#breadcrumb"},"inLanguage":"fr-FR","potentialAction":[{"@type":"ReadAction","target":["https:\/\/www.nettali.com\/2023\/11\/29\/en-coulisses-macky-a-fond-pour-les-sciences-et-techniques\/"]}]},{"@type":"BreadcrumbList","@id":"https:\/\/www.nettali.com\/2023\/11\/29\/en-coulisses-macky-a-fond-pour-les-sciences-et-techniques\/#breadcrumb","itemListElement":[{"@type":"ListItem","position":1,"name":"Accueil","item":"https:\/\/www.nettali.com\/"},{"@type":"ListItem","position":2,"name":"EN COULISSES - Macky, \u00e0 fond pour les sciences et techniques"}]},{"@type":"Person","@id":"https:\/\/www.nettali.com\/#\/schema\/person\/d8ac7b7e27ddad43f1c0d2ef090d7f71","name":"CK","image":{"@type":"ImageObject","@id":"https:\/\/www.nettali.com\/#personlogo","inLanguage":"fr-FR","url":"https:\/\/secure.gravatar.com\/avatar\/1d8d5118b9327d94da7cd4ce7f17fec2?s=96&d=mm&r=g","contentUrl":"https:\/\/secure.gravatar.com\/avatar\/1d8d5118b9327d94da7cd4ce7f17fec2?s=96&d=mm&r=g","caption":"CK"},"sameAs":["https:\/\/www.nettali.com"]}]}},"_links":{"self":[{"href":"https:\/\/www.nettali.com\/rest\/wp\/v2\/posts\/122714"}],"collection":[{"href":"https:\/\/www.nettali.com\/rest\/wp\/v2\/posts"}],"about":[{"href":"https:\/\/www.nettali.com\/rest\/wp\/v2\/types\/post"}],"author":[{"embeddable":true,"href":"https:\/\/www.nettali.com\/rest\/wp\/v2\/users\/2"}],"replies":[{"embeddable":true,"href":"https:\/\/www.nettali.com\/rest\/wp\/v2\/comments?post=122714"}],"version-history":[{"count":1,"href":"https:\/\/www.nettali.com\/rest\/wp\/v2\/posts\/122714\/revisions"}],"predecessor-version":[{"id":122716,"href":"https:\/\/www.nettali.com\/rest\/wp\/v2\/posts\/122714\/revisions\/122716"}],"wp:featuredmedia":[{"embeddable":true,"href":"https:\/\/www.nettali.com\/rest\/wp\/v2\/media\/122718"}],"wp:attachment":[{"href":"https:\/\/www.nettali.com\/rest\/wp\/v2\/media?parent=122714"}],"wp:term":[{"taxonomy":"category","embeddable":true,"href":"https:\/\/www.nettali.com\/rest\/wp\/v2\/categories?post=122714"},{"taxonomy":"post_tag","embeddable":true,"href":"https:\/\/www.nettali.com\/rest\/wp\/v2\/tags?post=122714"}],"curies":[{"name":"wp","href":"https:\/\/api.w.org\/{rel}","templated":true}]}}