{"id":122712,"date":"2023-11-29T08:39:33","date_gmt":"2023-11-29T08:39:33","guid":{"rendered":"https:\/\/www.nettali.com\/?p=122712"},"modified":"2023-11-29T08:39:33","modified_gmt":"2023-11-29T08:39:33","slug":"en-coulisses-macky-et-la-necessite-de-pacifier-lespace-universitaire","status":"publish","type":"post","link":"https:\/\/www.nettali.com\/2023\/11\/29\/en-coulisses-macky-et-la-necessite-de-pacifier-lespace-universitaire\/","title":{"rendered":"EN COULISSES - Macky et la n\u00e9cessite de pacifier l'espace universitaire"},"content":{"rendered":"<div class=\"page\" title=\"Page 2\">\n<div class=\"section\">\n<div class=\"layoutArea\">\n<div class=\"column\">\n<p><strong>NETTALI.COM -<\/strong> Restons sur l\u2019ouverture de la Biennale de la recherche, de l\u2019innovation et de l\u2019industrialisation en Afrique, a\u0300 l\u2019Universite\u0301 Ahmadou Makhtar Mbow, o\u00f9 le pr\u00e9sident de la r\u00e9publique a fortement plaid\u00e9 pour la pacification de l\u2019espace universitaire qui est fait l'objet d'une grande pre\u0301occupation pour lui.<\/p>\n<p>Le mardi 28 novembre ,\u00a0 il a en effet assure\u0301 que toutes les dispositions seront prises pour assurer la se\u0301curite\u0301 dans les universite\u0301s. Aussi, a-t-il invite\u0301 l\u2019ensemble des acteurs a\u0300 aider les autorite\u0301s a\u0300 pacifier ces espaces d\u2019enseignement.<\/p>\n<p>\"<em>Il faut que les e\u0301tudiants, les enseignants nous aident pour pacifier l\u2019espace universitaire. Nous allons prendre toutes les mesures pour se\u0301curiser les universite\u0301s. On met plus 26% du budget sur l\u2019e\u0301ducation, l\u2019enseignement supe\u0301rieur et la formation. Est-ce qu\u2019on va laisser ce secteur comme c\u0327a au nom de quelle liberte\u0301 ?<\/em>\", s\u2019est demande\u0301 le chef de l\u2019Etat, invitant les acteurs du secteur a\u0300 accompagner l\u2019Etat.<\/p>\n<p>\"<em>C\u2019est en ce moment que le pays gagnera des dividendes. Quand il s\u2019est agi de donner les moyens, on l\u2019a fait. Quand on fait autant d\u2019efforts, on ne s\u2019attend pas a\u0300 avoir un secteur en e\u0301bullition permanente, ce n\u2019est pas possible. L\u2019universite\u0301 n\u2019est pas un espace de gladiateurs, c\u2019est un espace de re\u0301flexion\"<\/em>, a martele\u0301 Macky Sall.<\/p>\n<p>Haussant le ton devant un public attentif, il a asse\u0301ne\u0301 quelques ve\u0301rite\u0301s. \"<em>Je n\u2019ai pas peur des combats, je suis un politique. Quand il faut poser les proble\u0300mes, il faut le faire, nous sommes a\u0300 l\u2019universite\u0301 et c\u2019est ici que je vais les poser. Aucun enseignant ne doit aller a\u0300 un amphithe\u0301a\u0302tre avec la peur d\u2019e\u0302tre agresse\u0301, ce n\u2019est pas acceptable dans une universite\u0301 ; Aucun e\u0301tudiant ne doit e\u0302tre inquie\u0301te\u0301 dans l\u2019espace universitaire. Et la\u0300 vous avez un partenaire, l\u2019Etat va mettre davantage de ressources<\/em>\", a tonne\u0301 le chef de l\u2019Etat.<\/p>\n<\/div>\n<\/div>\n<\/div>\n<\/div>\n<div class='share-to-whatsapp-wrapper'><div class='share-on-whsp'>PARTAGER SUR : <\/div><a data-text='EN COULISSES - Macky et la n\u00e9cessite de pacifier l'espace universitaire' data-link='https:\/\/www.nettali.com\/2023\/11\/29\/en-coulisses-macky-et-la-necessite-de-pacifier-lespace-universitaire\/' class='whatsapp-button whatsapp-share'>WhatsApp<\/a><div class='clear '><\/div><\/div>","protected":false},"excerpt":{"rendered":"<p>NETTALI.COM - Restons sur l\u2019ouverture de la Biennale de la recherche, de l\u2019innovation et de l\u2019industrialisation en Afrique, a\u0300 l\u2019Universite\u0301 Ahmadou Makhtar Mbow, o\u00f9 le pr\u00e9sident de la r\u00e9publique a fortement plaid\u00e9 pour la pacification de l\u2019espace universitaire qui est fait l'objet d'une grande pre\u0301occupation pour lui. Le mardi 28 novembre ,\u00a0 il a en [&hellip;]<\/p>\n","protected":false},"author":2,"featured_media":122719,"comment_status":"open","ping_status":"open","sticky":false,"template":"","format":"standard","meta":{"_et_pb_use_builder":"","_et_pb_old_content":""},"categories":[34945],"tags":[],"yoast_head":"<!-- This site is optimized with the Yoast SEO Premium plugin v17.8 (Yoast SEO v17.8) - https:\/\/yoast.com\/wordpress\/plugins\/seo\/ -->\n<title>EN COULISSES - Macky et la n\u00e9cessite de pacifier l&#039;espace universitaire | Nettali.com<\/title>\n<meta name=\"robots\" content=\"index, follow, max-snippet:-1, max-image-preview:large, max-video-preview:-1\" \/>\n<link rel=\"canonical\" href=\"https:\/\/www.nettali.com\/2023\/11\/29\/en-coulisses-macky-et-la-necessite-de-pacifier-lespace-universitaire\/\" \/>\n<meta property=\"og:locale\" content=\"fr_FR\" \/>\n<meta property=\"og:type\" content=\"article\" \/>\n<meta property=\"og:title\" content=\"EN COULISSES - Macky et la n\u00e9cessite de pacifier l&#039;espace universitaire\" \/>\n<meta property=\"og:description\" content=\"NETTALI.COM - Restons sur l\u2019ouverture de la Biennale de la recherche, de l\u2019innovation et de l\u2019industrialisation en Afrique, a\u0300 l\u2019Universite\u0301 Ahmadou Makhtar Mbow, o\u00f9 le pr\u00e9sident de la r\u00e9publique a fortement plaid\u00e9 pour la pacification de l\u2019espace universitaire qui est fait l&#039;objet d&#039;une grande pre\u0301occupation pour lui. Le mardi 28 novembre ,\u00a0 il a en [&hellip;]\" \/>\n<meta property=\"og:url\" content=\"https:\/\/www.nettali.com\/2023\/11\/29\/en-coulisses-macky-et-la-necessite-de-pacifier-lespace-universitaire\/\" \/>\n<meta property=\"og:site_name\" content=\"Nettali.com\" \/>\n<meta property=\"article:publisher\" content=\"https:\/\/www.facebook.com\/nettalicom\" \/>\n<meta property=\"article:published_time\" content=\"2023-11-29T08:39:33+00:00\" \/>\n<meta property=\"og:image\" content=\"https:\/\/www.nettali.com\/wp-content\/uploads\/2023\/11\/maxresdefault.jpg\" \/>\n\t<meta property=\"og:image:width\" content=\"1280\" \/>\n\t<meta property=\"og:image:height\" content=\"720\" \/>\n<meta name=\"twitter:card\" content=\"summary_large_image\" \/>\n<meta name=\"twitter:label1\" content=\"\u00c9crit par\" \/>\n\t<meta name=\"twitter:data1\" content=\"CK\" \/>\n\t<meta name=\"twitter:label2\" content=\"Dur\u00e9e de lecture estim\u00e9e\" \/>\n\t<meta name=\"twitter:data2\" content=\"2 minutes\" \/>\n<script type=\"application\/ld+json\" class=\"yoast-schema-graph\">{\"@context\":\"https:\/\/schema.org\",\"@graph\":[{\"@type\":\"WebSite\",\"@id\":\"https:\/\/www.nettali.com\/#website\",\"url\":\"https:\/\/www.nettali.com\/\",\"name\":\"Nettali.com\",\"description\":\"Le rendez-vous critique du Net\",\"potentialAction\":[{\"@type\":\"SearchAction\",\"target\":{\"@type\":\"EntryPoint\",\"urlTemplate\":\"https:\/\/www.nettali.com\/?s={search_term_string}\"},\"query-input\":\"required name=search_term_string\"}],\"inLanguage\":\"fr-FR\"},{\"@type\":\"ImageObject\",\"@id\":\"https:\/\/www.nettali.com\/2023\/11\/29\/en-coulisses-macky-et-la-necessite-de-pacifier-lespace-universitaire\/#primaryimage\",\"inLanguage\":\"fr-FR\",\"url\":\"https:\/\/www.nettali.com\/wp-content\/uploads\/2023\/11\/maxresdefault.jpg\",\"contentUrl\":\"https:\/\/www.nettali.com\/wp-content\/uploads\/2023\/11\/maxresdefault.jpg\",\"width\":1280,\"height\":720},{\"@type\":\"WebPage\",\"@id\":\"https:\/\/www.nettali.com\/2023\/11\/29\/en-coulisses-macky-et-la-necessite-de-pacifier-lespace-universitaire\/#webpage\",\"url\":\"https:\/\/www.nettali.com\/2023\/11\/29\/en-coulisses-macky-et-la-necessite-de-pacifier-lespace-universitaire\/\",\"name\":\"EN COULISSES - Macky et la n\\u00e9cessite de pacifier l'espace universitaire | Nettali.com\",\"isPartOf\":{\"@id\":\"https:\/\/www.nettali.com\/#website\"},\"primaryImageOfPage\":{\"@id\":\"https:\/\/www.nettali.com\/2023\/11\/29\/en-coulisses-macky-et-la-necessite-de-pacifier-lespace-universitaire\/#primaryimage\"},\"datePublished\":\"2023-11-29T08:39:33+00:00\",\"dateModified\":\"2023-11-29T08:39:33+00:00\",\"author\":{\"@id\":\"https:\/\/www.nettali.com\/#\/schema\/person\/d8ac7b7e27ddad43f1c0d2ef090d7f71\"},\"breadcrumb\":{\"@id\":\"https:\/\/www.nettali.com\/2023\/11\/29\/en-coulisses-macky-et-la-necessite-de-pacifier-lespace-universitaire\/#breadcrumb\"},\"inLanguage\":\"fr-FR\",\"potentialAction\":[{\"@type\":\"ReadAction\",\"target\":[\"https:\/\/www.nettali.com\/2023\/11\/29\/en-coulisses-macky-et-la-necessite-de-pacifier-lespace-universitaire\/\"]}]},{\"@type\":\"BreadcrumbList\",\"@id\":\"https:\/\/www.nettali.com\/2023\/11\/29\/en-coulisses-macky-et-la-necessite-de-pacifier-lespace-universitaire\/#breadcrumb\",\"itemListElement\":[{\"@type\":\"ListItem\",\"position\":1,\"name\":\"Accueil\",\"item\":\"https:\/\/www.nettali.com\/\"},{\"@type\":\"ListItem\",\"position\":2,\"name\":\"EN COULISSES - Macky et la n\\u00e9cessite de pacifier l'espace universitaire\"}]},{\"@type\":\"Person\",\"@id\":\"https:\/\/www.nettali.com\/#\/schema\/person\/d8ac7b7e27ddad43f1c0d2ef090d7f71\",\"name\":\"CK\",\"image\":{\"@type\":\"ImageObject\",\"@id\":\"https:\/\/www.nettali.com\/#personlogo\",\"inLanguage\":\"fr-FR\",\"url\":\"https:\/\/secure.gravatar.com\/avatar\/1d8d5118b9327d94da7cd4ce7f17fec2?s=96&d=mm&r=g\",\"contentUrl\":\"https:\/\/secure.gravatar.com\/avatar\/1d8d5118b9327d94da7cd4ce7f17fec2?s=96&d=mm&r=g\",\"caption\":\"CK\"},\"sameAs\":[\"https:\/\/www.nettali.com\"]}]}<\/script>\n<!-- \/ Yoast SEO Premium plugin. -->","yoast_head_json":{"title":"EN COULISSES - Macky et la n\u00e9cessite de pacifier l'espace universitaire | Nettali.com","robots":{"index":"index","follow":"follow","max-snippet":"max-snippet:-1","max-image-preview":"max-image-preview:large","max-video-preview":"max-video-preview:-1"},"canonical":"https:\/\/www.nettali.com\/2023\/11\/29\/en-coulisses-macky-et-la-necessite-de-pacifier-lespace-universitaire\/","og_locale":"fr_FR","og_type":"article","og_title":"EN COULISSES - Macky et la n\u00e9cessite de pacifier l'espace universitaire","og_description":"NETTALI.COM - Restons sur l\u2019ouverture de la Biennale de la recherche, de l\u2019innovation et de l\u2019industrialisation en Afrique, a\u0300 l\u2019Universite\u0301 Ahmadou Makhtar Mbow, o\u00f9 le pr\u00e9sident de la r\u00e9publique a fortement plaid\u00e9 pour la pacification de l\u2019espace universitaire qui est fait l'objet d'une grande pre\u0301occupation pour lui. Le mardi 28 novembre ,\u00a0 il a en [&hellip;]","og_url":"https:\/\/www.nettali.com\/2023\/11\/29\/en-coulisses-macky-et-la-necessite-de-pacifier-lespace-universitaire\/","og_site_name":"Nettali.com","article_publisher":"https:\/\/www.facebook.com\/nettalicom","article_published_time":"2023-11-29T08:39:33+00:00","og_image":[{"width":1280,"height":720,"url":"https:\/\/www.nettali.com\/wp-content\/uploads\/2023\/11\/maxresdefault.jpg","type":"image\/jpeg"}],"twitter_card":"summary_large_image","twitter_misc":{"\u00c9crit par":"CK","Dur\u00e9e de lecture estim\u00e9e":"2 minutes"},"schema":{"@context":"https:\/\/schema.org","@graph":[{"@type":"WebSite","@id":"https:\/\/www.nettali.com\/#website","url":"https:\/\/www.nettali.com\/","name":"Nettali.com","description":"Le rendez-vous critique du Net","potentialAction":[{"@type":"SearchAction","target":{"@type":"EntryPoint","urlTemplate":"https:\/\/www.nettali.com\/?s={search_term_string}"},"query-input":"required name=search_term_string"}],"inLanguage":"fr-FR"},{"@type":"ImageObject","@id":"https:\/\/www.nettali.com\/2023\/11\/29\/en-coulisses-macky-et-la-necessite-de-pacifier-lespace-universitaire\/#primaryimage","inLanguage":"fr-FR","url":"https:\/\/www.nettali.com\/wp-content\/uploads\/2023\/11\/maxresdefault.jpg","contentUrl":"https:\/\/www.nettali.com\/wp-content\/uploads\/2023\/11\/maxresdefault.jpg","width":1280,"height":720},{"@type":"WebPage","@id":"https:\/\/www.nettali.com\/2023\/11\/29\/en-coulisses-macky-et-la-necessite-de-pacifier-lespace-universitaire\/#webpage","url":"https:\/\/www.nettali.com\/2023\/11\/29\/en-coulisses-macky-et-la-necessite-de-pacifier-lespace-universitaire\/","name":"EN COULISSES - Macky et la n\u00e9cessite de pacifier l'espace universitaire | Nettali.com","isPartOf":{"@id":"https:\/\/www.nettali.com\/#website"},"primaryImageOfPage":{"@id":"https:\/\/www.nettali.com\/2023\/11\/29\/en-coulisses-macky-et-la-necessite-de-pacifier-lespace-universitaire\/#primaryimage"},"datePublished":"2023-11-29T08:39:33+00:00","dateModified":"2023-11-29T08:39:33+00:00","author":{"@id":"https:\/\/www.nettali.com\/#\/schema\/person\/d8ac7b7e27ddad43f1c0d2ef090d7f71"},"breadcrumb":{"@id":"https:\/\/www.nettali.com\/2023\/11\/29\/en-coulisses-macky-et-la-necessite-de-pacifier-lespace-universitaire\/#breadcrumb"},"inLanguage":"fr-FR","potentialAction":[{"@type":"ReadAction","target":["https:\/\/www.nettali.com\/2023\/11\/29\/en-coulisses-macky-et-la-necessite-de-pacifier-lespace-universitaire\/"]}]},{"@type":"BreadcrumbList","@id":"https:\/\/www.nettali.com\/2023\/11\/29\/en-coulisses-macky-et-la-necessite-de-pacifier-lespace-universitaire\/#breadcrumb","itemListElement":[{"@type":"ListItem","position":1,"name":"Accueil","item":"https:\/\/www.nettali.com\/"},{"@type":"ListItem","position":2,"name":"EN COULISSES - Macky et la n\u00e9cessite de pacifier l'espace universitaire"}]},{"@type":"Person","@id":"https:\/\/www.nettali.com\/#\/schema\/person\/d8ac7b7e27ddad43f1c0d2ef090d7f71","name":"CK","image":{"@type":"ImageObject","@id":"https:\/\/www.nettali.com\/#personlogo","inLanguage":"fr-FR","url":"https:\/\/secure.gravatar.com\/avatar\/1d8d5118b9327d94da7cd4ce7f17fec2?s=96&d=mm&r=g","contentUrl":"https:\/\/secure.gravatar.com\/avatar\/1d8d5118b9327d94da7cd4ce7f17fec2?s=96&d=mm&r=g","caption":"CK"},"sameAs":["https:\/\/www.nettali.com"]}]}},"_links":{"self":[{"href":"https:\/\/www.nettali.com\/rest\/wp\/v2\/posts\/122712"}],"collection":[{"href":"https:\/\/www.nettali.com\/rest\/wp\/v2\/posts"}],"about":[{"href":"https:\/\/www.nettali.com\/rest\/wp\/v2\/types\/post"}],"author":[{"embeddable":true,"href":"https:\/\/www.nettali.com\/rest\/wp\/v2\/users\/2"}],"replies":[{"embeddable":true,"href":"https:\/\/www.nettali.com\/rest\/wp\/v2\/comments?post=122712"}],"version-history":[{"count":2,"href":"https:\/\/www.nettali.com\/rest\/wp\/v2\/posts\/122712\/revisions"}],"predecessor-version":[{"id":122717,"href":"https:\/\/www.nettali.com\/rest\/wp\/v2\/posts\/122712\/revisions\/122717"}],"wp:featuredmedia":[{"embeddable":true,"href":"https:\/\/www.nettali.com\/rest\/wp\/v2\/media\/122719"}],"wp:attachment":[{"href":"https:\/\/www.nettali.com\/rest\/wp\/v2\/media?parent=122712"}],"wp:term":[{"taxonomy":"category","embeddable":true,"href":"https:\/\/www.nettali.com\/rest\/wp\/v2\/categories?post=122712"},{"taxonomy":"post_tag","embeddable":true,"href":"https:\/\/www.nettali.com\/rest\/wp\/v2\/tags?post=122712"}],"curies":[{"name":"wp","href":"https:\/\/api.w.org\/{rel}","templated":true}]}}