{"id":122711,"date":"2023-11-29T08:25:29","date_gmt":"2023-11-29T08:25:29","guid":{"rendered":"https:\/\/www.nettali.com\/?p=122711"},"modified":"2023-11-30T08:23:14","modified_gmt":"2023-11-30T08:23:14","slug":"saisine-de-la-cour-supreme-pourquoi-les-avocats-de-sonko-ont-depose-un-rabat-darret","status":"publish","type":"post","link":"https:\/\/www.nettali.com\/2023\/11\/29\/saisine-de-la-cour-supreme-pourquoi-les-avocats-de-sonko-ont-depose-un-rabat-darret\/","title":{"rendered":"SAISINE DE LA COUR SUPREME - Pourquoi les avocats de Sonko ont d\u00e9pos\u00e9 un rabat d'arr\u00eat ?"},"content":{"rendered":"<p class=\"summary_label\"><strong>NETTALI.COM - Les avocats de Ousmane Sonko ont proc\u00e9d\u00e9 au d\u00e9p\u00f4t de leur rabat d\u2019arr\u00eat \u00e0 la Cour supr\u00eame, le mardi 28 novembre, devant la Cour supr\u00eame. Me Babacar Ndiaye qui a fait face aux journalistes, a expliqu\u00e9 pourquoi ils ont engag\u00e9 cette proc\u00e9dure.<\/strong><\/p>\n<div id=\"printable\" class=\"text_body\">\n<p><em>\"Le rabat d\u2019arr\u00eat vient d\u2019\u00eatre d\u00e9pos\u00e9. Pour les motifs, tout le monde l\u2019a constat\u00e9. Les s\u00e9n\u00e9galais qui ont suivi l\u2019audience du vendredi portant sur le pourvoi port\u00e9 sur la d\u00e9cision du Juge de Ziguinchor, ont constat\u00e9 que l\u2019un des membres qui avait particip\u00e9 \u00e0 la composition de cette audience n\u2019a pas sign\u00e9 l\u2019arr\u00eat. Et il est pr\u00e9vu textuellement qu\u2019il y a une irr\u00e9gularit\u00e9 \u00e0 ce niveau-l\u00e0. Mais, la question essentielle tourne autour de la participation ou non du pr\u00e9sident Sonko \u00e0 ces joutes \u00e9lectorales.\u00a0 Et c\u2019est une proc\u00e9dure pendante. \u00c0 partir de ce moment-l\u00e0, on ne peut pas parler de radiation. Donc le pr\u00e9sident Sonko garde toutes ses chances d\u2019\u00e9ligibilit\u00e9 dans cette \u00e9lection. \u00c0 partir de ce moment il y a une urgence absolue\",<\/em> explique l'avocat.<br \/>\n<strong><br \/>\n<\/strong>Selon lui, tous le s\u00e9n\u00e9galais doivent savoir que la participation ou non d'Ousmane Sonko \u00e0 cette \u00e9lection-l\u00e0, d\u00e9pendra de cette proc\u00e9dure introduite aujourd\u2019hui. <em>\"Par cons\u00e9quent, la balle est dans le camp de la Cour supr\u00eame. La participation du Pr\u00e9sident Sonko d\u00e9pend enti\u00e8rement de la cour supr\u00eame. Elle doit faire preuve de c\u00e9l\u00e9rit\u00e9, c\u2019est une obligation morale, une obligation d\u2019\u00e9thique et d\u2019essence r\u00e9publicaine\"<\/em>, laisse-t-il entendre.<\/p>\n<p><strong>C'est quoi un rabat d'arr\u00eat ?<\/strong><\/p>\n<p>Le rabat d\u2019arr\u00eat est une proc\u00e9dure initi\u00e9e contre un arr\u00eat rendu par la Cour supr\u00eame. C\u2019est un moyen de contestation d\u2019une d\u00e9cision \u00e9manant de l\u2019une des Chambres de la Cour supr\u00eame. En d\u2019autres termes, le rabat d\u2019arr\u00eat est en quelque sorte un recours. Autrement dit, lorsqu\u2019une d\u00e9cision est donn\u00e9e par une des Chambres de la cour supr\u00eame alors que dans la proc\u00e9dure il y aurait un vice qui appara\u00eet \u00e0 posteriori, intervient le rabat d\u2019arr\u00eat. \u00a0Cette proc\u00e9dure ne porte ni sur les faits, ni sur le droit, mais a pour effet de corriger l\u2019erreur relatif \u00e0 la proc\u00e9dure et\u00a0 exclusivement\u00a0 imputable \u00e0 la Cour supr\u00eame.<\/p>\n<p>Par d\u00e9finition, l\u2019erreur de proc\u00e9dure est celle qui s\u2019est produite dans la manipulation des pi\u00e8ces ou la transformation d\u2019information relative au d\u00e9roulement de l\u2019instance. Par exemple, un m\u00e9moire produit dans le dossier, mais class\u00e9 par erreur par le greffe dans une proc\u00e9dure diff\u00e9rente.<\/p>\n<p>Ce faisant, l\u2019erreur objet du \u00ab\u00a0<em>rabat d\u2019arr\u00eat<\/em>\u00a0\u00bb peut \u00eatre une\u00a0 erreur mat\u00e9rielle. C\u2019est-\u00e0-dire qu\u2019elle porte sur les \u00e9l\u00e9ments du dossier comme une erreur de plume ou de date (m\u00eame si cela n\u2019existe presque pas).<\/p>\n<p>En cas de rabat d\u2019arr\u00eat, ce sont tous les juges des chambres qui se r\u00e9unissent pour voir l\u2019erreur. Et les magistrats de la Cour supr\u00eame qui ont connu de l'affaire ne vont pas si\u00e9ger.<\/p>\n<p>&nbsp;<\/p>\n<\/div>\n<div class='share-to-whatsapp-wrapper'><div class='share-on-whsp'>PARTAGER SUR : <\/div><a data-text='SAISINE DE LA COUR SUPREME - Pourquoi les avocats de Sonko ont d\u00e9pos\u00e9 un rabat d'arr\u00eat ?' data-link='https:\/\/www.nettali.com\/2023\/11\/29\/saisine-de-la-cour-supreme-pourquoi-les-avocats-de-sonko-ont-depose-un-rabat-darret\/' class='whatsapp-button whatsapp-share'>WhatsApp<\/a><div class='clear '><\/div><\/div>","protected":false},"excerpt":{"rendered":"<p>NETTALI.COM - Les avocats de Ousmane Sonko ont proc\u00e9d\u00e9 au d\u00e9p\u00f4t de leur rabat d\u2019arr\u00eat \u00e0 la Cour supr\u00eame, le mardi 28 novembre, devant la Cour supr\u00eame. Me Babacar Ndiaye qui a fait face aux journalistes, a expliqu\u00e9 pourquoi ils ont engag\u00e9 cette proc\u00e9dure. \"Le rabat d\u2019arr\u00eat vient d\u2019\u00eatre d\u00e9pos\u00e9. Pour les motifs, tout le [&hellip;]<\/p>\n","protected":false},"author":4,"featured_media":120389,"comment_status":"open","ping_status":"open","sticky":false,"template":"","format":"standard","meta":{"_et_pb_use_builder":"","_et_pb_old_content":""},"categories":[2],"tags":[],"yoast_head":"<!-- This site is optimized with the Yoast SEO Premium plugin v17.8 (Yoast SEO v17.8) - https:\/\/yoast.com\/wordpress\/plugins\/seo\/ -->\n<title>SAISINE DE LA COUR SUPREME - Pourquoi les avocats de Sonko ont d\u00e9pos\u00e9 un rabat d&#039;arr\u00eat ? | Nettali.com<\/title>\n<meta name=\"robots\" content=\"index, follow, max-snippet:-1, max-image-preview:large, max-video-preview:-1\" \/>\n<link rel=\"canonical\" href=\"https:\/\/www.nettali.com\/2023\/11\/29\/saisine-de-la-cour-supreme-pourquoi-les-avocats-de-sonko-ont-depose-un-rabat-darret\/\" \/>\n<meta property=\"og:locale\" content=\"fr_FR\" \/>\n<meta property=\"og:type\" content=\"article\" \/>\n<meta property=\"og:title\" content=\"SAISINE DE LA COUR SUPREME - Pourquoi les avocats de Sonko ont d\u00e9pos\u00e9 un rabat d&#039;arr\u00eat ?\" \/>\n<meta property=\"og:description\" content=\"NETTALI.COM - Les avocats de Ousmane Sonko ont proc\u00e9d\u00e9 au d\u00e9p\u00f4t de leur rabat d\u2019arr\u00eat \u00e0 la Cour supr\u00eame, le mardi 28 novembre, devant la Cour supr\u00eame. Me Babacar Ndiaye qui a fait face aux journalistes, a expliqu\u00e9 pourquoi ils ont engag\u00e9 cette proc\u00e9dure. &quot;Le rabat d\u2019arr\u00eat vient d\u2019\u00eatre d\u00e9pos\u00e9. Pour les motifs, tout le [&hellip;]\" \/>\n<meta property=\"og:url\" content=\"https:\/\/www.nettali.com\/2023\/11\/29\/saisine-de-la-cour-supreme-pourquoi-les-avocats-de-sonko-ont-depose-un-rabat-darret\/\" \/>\n<meta property=\"og:site_name\" content=\"Nettali.com\" \/>\n<meta property=\"article:publisher\" content=\"https:\/\/www.facebook.com\/nettalicom\" \/>\n<meta property=\"article:published_time\" content=\"2023-11-29T08:25:29+00:00\" \/>\n<meta property=\"article:modified_time\" content=\"2023-11-30T08:23:14+00:00\" \/>\n<meta property=\"og:image\" content=\"https:\/\/www.nettali.com\/wp-content\/uploads\/2023\/10\/avocat-DE-SONKO.jpg\" \/>\n\t<meta property=\"og:image:width\" content=\"600\" \/>\n\t<meta property=\"og:image:height\" content=\"366\" \/>\n<meta name=\"twitter:card\" content=\"summary_large_image\" \/>\n<meta name=\"twitter:label1\" content=\"\u00c9crit par\" \/>\n\t<meta name=\"twitter:data1\" content=\"Daouda\" \/>\n\t<meta name=\"twitter:label2\" content=\"Dur\u00e9e de lecture estim\u00e9e\" \/>\n\t<meta name=\"twitter:data2\" content=\"3 minutes\" \/>\n<script type=\"application\/ld+json\" class=\"yoast-schema-graph\">{\"@context\":\"https:\/\/schema.org\",\"@graph\":[{\"@type\":\"WebSite\",\"@id\":\"https:\/\/www.nettali.com\/#website\",\"url\":\"https:\/\/www.nettali.com\/\",\"name\":\"Nettali.com\",\"description\":\"Le rendez-vous critique du Net\",\"potentialAction\":[{\"@type\":\"SearchAction\",\"target\":{\"@type\":\"EntryPoint\",\"urlTemplate\":\"https:\/\/www.nettali.com\/?s={search_term_string}\"},\"query-input\":\"required name=search_term_string\"}],\"inLanguage\":\"fr-FR\"},{\"@type\":\"ImageObject\",\"@id\":\"https:\/\/www.nettali.com\/2023\/11\/29\/saisine-de-la-cour-supreme-pourquoi-les-avocats-de-sonko-ont-depose-un-rabat-darret\/#primaryimage\",\"inLanguage\":\"fr-FR\",\"url\":\"https:\/\/www.nettali.com\/wp-content\/uploads\/2023\/10\/avocat-DE-SONKO.jpg\",\"contentUrl\":\"https:\/\/www.nettali.com\/wp-content\/uploads\/2023\/10\/avocat-DE-SONKO.jpg\",\"width\":600,\"height\":366},{\"@type\":\"WebPage\",\"@id\":\"https:\/\/www.nettali.com\/2023\/11\/29\/saisine-de-la-cour-supreme-pourquoi-les-avocats-de-sonko-ont-depose-un-rabat-darret\/#webpage\",\"url\":\"https:\/\/www.nettali.com\/2023\/11\/29\/saisine-de-la-cour-supreme-pourquoi-les-avocats-de-sonko-ont-depose-un-rabat-darret\/\",\"name\":\"SAISINE DE LA COUR SUPREME - Pourquoi les avocats de Sonko ont d\\u00e9pos\\u00e9 un rabat d'arr\\u00eat ? | Nettali.com\",\"isPartOf\":{\"@id\":\"https:\/\/www.nettali.com\/#website\"},\"primaryImageOfPage\":{\"@id\":\"https:\/\/www.nettali.com\/2023\/11\/29\/saisine-de-la-cour-supreme-pourquoi-les-avocats-de-sonko-ont-depose-un-rabat-darret\/#primaryimage\"},\"datePublished\":\"2023-11-29T08:25:29+00:00\",\"dateModified\":\"2023-11-30T08:23:14+00:00\",\"author\":{\"@id\":\"https:\/\/www.nettali.com\/#\/schema\/person\/3317e0bb3aa1da309fbf7b2780901bf4\"},\"breadcrumb\":{\"@id\":\"https:\/\/www.nettali.com\/2023\/11\/29\/saisine-de-la-cour-supreme-pourquoi-les-avocats-de-sonko-ont-depose-un-rabat-darret\/#breadcrumb\"},\"inLanguage\":\"fr-FR\",\"potentialAction\":[{\"@type\":\"ReadAction\",\"target\":[\"https:\/\/www.nettali.com\/2023\/11\/29\/saisine-de-la-cour-supreme-pourquoi-les-avocats-de-sonko-ont-depose-un-rabat-darret\/\"]}]},{\"@type\":\"BreadcrumbList\",\"@id\":\"https:\/\/www.nettali.com\/2023\/11\/29\/saisine-de-la-cour-supreme-pourquoi-les-avocats-de-sonko-ont-depose-un-rabat-darret\/#breadcrumb\",\"itemListElement\":[{\"@type\":\"ListItem\",\"position\":1,\"name\":\"Accueil\",\"item\":\"https:\/\/www.nettali.com\/\"},{\"@type\":\"ListItem\",\"position\":2,\"name\":\"SAISINE DE LA COUR SUPREME - Pourquoi les avocats de Sonko ont d\\u00e9pos\\u00e9 un rabat d'arr\\u00eat ?\"}]},{\"@type\":\"Person\",\"@id\":\"https:\/\/www.nettali.com\/#\/schema\/person\/3317e0bb3aa1da309fbf7b2780901bf4\",\"name\":\"Daouda\",\"image\":{\"@type\":\"ImageObject\",\"@id\":\"https:\/\/www.nettali.com\/#personlogo\",\"inLanguage\":\"fr-FR\",\"url\":\"https:\/\/secure.gravatar.com\/avatar\/8d143b5a49345098ddcfee1c49c2f47c?s=96&d=mm&r=g\",\"contentUrl\":\"https:\/\/secure.gravatar.com\/avatar\/8d143b5a49345098ddcfee1c49c2f47c?s=96&d=mm&r=g\",\"caption\":\"Daouda\"},\"sameAs\":[\"https:\/\/www.nettali.com\"]}]}<\/script>\n<!-- \/ Yoast SEO Premium plugin. -->","yoast_head_json":{"title":"SAISINE DE LA COUR SUPREME - Pourquoi les avocats de Sonko ont d\u00e9pos\u00e9 un rabat d'arr\u00eat ? | Nettali.com","robots":{"index":"index","follow":"follow","max-snippet":"max-snippet:-1","max-image-preview":"max-image-preview:large","max-video-preview":"max-video-preview:-1"},"canonical":"https:\/\/www.nettali.com\/2023\/11\/29\/saisine-de-la-cour-supreme-pourquoi-les-avocats-de-sonko-ont-depose-un-rabat-darret\/","og_locale":"fr_FR","og_type":"article","og_title":"SAISINE DE LA COUR SUPREME - Pourquoi les avocats de Sonko ont d\u00e9pos\u00e9 un rabat d'arr\u00eat ?","og_description":"NETTALI.COM - Les avocats de Ousmane Sonko ont proc\u00e9d\u00e9 au d\u00e9p\u00f4t de leur rabat d\u2019arr\u00eat \u00e0 la Cour supr\u00eame, le mardi 28 novembre, devant la Cour supr\u00eame. Me Babacar Ndiaye qui a fait face aux journalistes, a expliqu\u00e9 pourquoi ils ont engag\u00e9 cette proc\u00e9dure. \"Le rabat d\u2019arr\u00eat vient d\u2019\u00eatre d\u00e9pos\u00e9. Pour les motifs, tout le [&hellip;]","og_url":"https:\/\/www.nettali.com\/2023\/11\/29\/saisine-de-la-cour-supreme-pourquoi-les-avocats-de-sonko-ont-depose-un-rabat-darret\/","og_site_name":"Nettali.com","article_publisher":"https:\/\/www.facebook.com\/nettalicom","article_published_time":"2023-11-29T08:25:29+00:00","article_modified_time":"2023-11-30T08:23:14+00:00","og_image":[{"width":600,"height":366,"url":"https:\/\/www.nettali.com\/wp-content\/uploads\/2023\/10\/avocat-DE-SONKO.jpg","type":"image\/jpeg"}],"twitter_card":"summary_large_image","twitter_misc":{"\u00c9crit par":"Daouda","Dur\u00e9e de lecture estim\u00e9e":"3 minutes"},"schema":{"@context":"https:\/\/schema.org","@graph":[{"@type":"WebSite","@id":"https:\/\/www.nettali.com\/#website","url":"https:\/\/www.nettali.com\/","name":"Nettali.com","description":"Le rendez-vous critique du Net","potentialAction":[{"@type":"SearchAction","target":{"@type":"EntryPoint","urlTemplate":"https:\/\/www.nettali.com\/?s={search_term_string}"},"query-input":"required name=search_term_string"}],"inLanguage":"fr-FR"},{"@type":"ImageObject","@id":"https:\/\/www.nettali.com\/2023\/11\/29\/saisine-de-la-cour-supreme-pourquoi-les-avocats-de-sonko-ont-depose-un-rabat-darret\/#primaryimage","inLanguage":"fr-FR","url":"https:\/\/www.nettali.com\/wp-content\/uploads\/2023\/10\/avocat-DE-SONKO.jpg","contentUrl":"https:\/\/www.nettali.com\/wp-content\/uploads\/2023\/10\/avocat-DE-SONKO.jpg","width":600,"height":366},{"@type":"WebPage","@id":"https:\/\/www.nettali.com\/2023\/11\/29\/saisine-de-la-cour-supreme-pourquoi-les-avocats-de-sonko-ont-depose-un-rabat-darret\/#webpage","url":"https:\/\/www.nettali.com\/2023\/11\/29\/saisine-de-la-cour-supreme-pourquoi-les-avocats-de-sonko-ont-depose-un-rabat-darret\/","name":"SAISINE DE LA COUR SUPREME - Pourquoi les avocats de Sonko ont d\u00e9pos\u00e9 un rabat d'arr\u00eat ? | Nettali.com","isPartOf":{"@id":"https:\/\/www.nettali.com\/#website"},"primaryImageOfPage":{"@id":"https:\/\/www.nettali.com\/2023\/11\/29\/saisine-de-la-cour-supreme-pourquoi-les-avocats-de-sonko-ont-depose-un-rabat-darret\/#primaryimage"},"datePublished":"2023-11-29T08:25:29+00:00","dateModified":"2023-11-30T08:23:14+00:00","author":{"@id":"https:\/\/www.nettali.com\/#\/schema\/person\/3317e0bb3aa1da309fbf7b2780901bf4"},"breadcrumb":{"@id":"https:\/\/www.nettali.com\/2023\/11\/29\/saisine-de-la-cour-supreme-pourquoi-les-avocats-de-sonko-ont-depose-un-rabat-darret\/#breadcrumb"},"inLanguage":"fr-FR","potentialAction":[{"@type":"ReadAction","target":["https:\/\/www.nettali.com\/2023\/11\/29\/saisine-de-la-cour-supreme-pourquoi-les-avocats-de-sonko-ont-depose-un-rabat-darret\/"]}]},{"@type":"BreadcrumbList","@id":"https:\/\/www.nettali.com\/2023\/11\/29\/saisine-de-la-cour-supreme-pourquoi-les-avocats-de-sonko-ont-depose-un-rabat-darret\/#breadcrumb","itemListElement":[{"@type":"ListItem","position":1,"name":"Accueil","item":"https:\/\/www.nettali.com\/"},{"@type":"ListItem","position":2,"name":"SAISINE DE LA COUR SUPREME - Pourquoi les avocats de Sonko ont d\u00e9pos\u00e9 un rabat d'arr\u00eat ?"}]},{"@type":"Person","@id":"https:\/\/www.nettali.com\/#\/schema\/person\/3317e0bb3aa1da309fbf7b2780901bf4","name":"Daouda","image":{"@type":"ImageObject","@id":"https:\/\/www.nettali.com\/#personlogo","inLanguage":"fr-FR","url":"https:\/\/secure.gravatar.com\/avatar\/8d143b5a49345098ddcfee1c49c2f47c?s=96&d=mm&r=g","contentUrl":"https:\/\/secure.gravatar.com\/avatar\/8d143b5a49345098ddcfee1c49c2f47c?s=96&d=mm&r=g","caption":"Daouda"},"sameAs":["https:\/\/www.nettali.com"]}]}},"_links":{"self":[{"href":"https:\/\/www.nettali.com\/rest\/wp\/v2\/posts\/122711"}],"collection":[{"href":"https:\/\/www.nettali.com\/rest\/wp\/v2\/posts"}],"about":[{"href":"https:\/\/www.nettali.com\/rest\/wp\/v2\/types\/post"}],"author":[{"embeddable":true,"href":"https:\/\/www.nettali.com\/rest\/wp\/v2\/users\/4"}],"replies":[{"embeddable":true,"href":"https:\/\/www.nettali.com\/rest\/wp\/v2\/comments?post=122711"}],"version-history":[{"count":4,"href":"https:\/\/www.nettali.com\/rest\/wp\/v2\/posts\/122711\/revisions"}],"predecessor-version":[{"id":122722,"href":"https:\/\/www.nettali.com\/rest\/wp\/v2\/posts\/122711\/revisions\/122722"}],"wp:featuredmedia":[{"embeddable":true,"href":"https:\/\/www.nettali.com\/rest\/wp\/v2\/media\/120389"}],"wp:attachment":[{"href":"https:\/\/www.nettali.com\/rest\/wp\/v2\/media?parent=122711"}],"wp:term":[{"taxonomy":"category","embeddable":true,"href":"https:\/\/www.nettali.com\/rest\/wp\/v2\/categories?post=122711"},{"taxonomy":"post_tag","embeddable":true,"href":"https:\/\/www.nettali.com\/rest\/wp\/v2\/tags?post=122711"}],"curies":[{"name":"wp","href":"https:\/\/api.w.org\/{rel}","templated":true}]}}