{"id":122622,"date":"2023-11-27T14:24:18","date_gmt":"2023-11-27T14:24:18","guid":{"rendered":"https:\/\/www.nettali.com\/?p=122622"},"modified":"2023-11-27T14:24:18","modified_gmt":"2023-11-27T14:24:18","slug":"interdiction-des-manifestations-sidiki-kaba-minimise","status":"publish","type":"post","link":"https:\/\/www.nettali.com\/2023\/11\/27\/interdiction-des-manifestations-sidiki-kaba-minimise\/","title":{"rendered":"INTERDICTION DES MANIFESTATIONS - Sidiki Kaba minimise"},"content":{"rendered":"<p><strong>NETTALI.COM - Le ministre de l\u2019Int\u00e9rieur, Sidiki Kaba, s\u2019exprimant devant les d\u00e9put\u00e9s, lundi, a jug\u00e9 faible le taux d\u2019interdiction des manifestations publiques au S\u00e9n\u00e9gal.<\/strong><\/p>\n<p>Seules 108 des 4.828 demandes d\u2019autorisation de manifestations d\u00e9pos\u00e9es en 2018 aupr\u00e8s des autorit\u00e9s administratives exer\u00e7ant leurs fonctions sous la tutelle du minist\u00e8re de l\u2019Int\u00e9rieur ont \u00e9t\u00e9 rejet\u00e9es, ce qui donne un pourcentage d\u2019interdiction de 2,24 %, a d\u00e9clar\u00e9 M. Kaba.<\/p>\n<p>Il s\u2019entretenait avec les d\u00e9put\u00e9s, qui examinaient le budget allou\u00e9 au minist\u00e8re de l\u2019Int\u00e9rieur par le gouvernement pour l\u2019ann\u00e9e 2024.<\/p>\n<p>En 2019, a-t-il dit, 75 des 5.535 demandes d\u2019autorisation de manifestations ont \u00e9t\u00e9 rejet\u00e9es, soit un taux d\u2019interdiction de 1,36 %.<\/p>\n<p>En 2020, a indiqu\u00e9 le ministre de l\u2019Int\u00e9rieur, les autorit\u00e9s administratives ont oppos\u00e9 une fin de non-recevoir \u00e0 109 des 2.516 demandes d\u2019autorisation de manifestations. Le taux d\u2019interdiction \u00e9tait de 4,33 %.<\/p>\n<p>Cent dix-neuf demandes sur 6.256 ont fait l\u2019objet d\u2019un rejet en 2021, avec un taux d\u2019interdiction de 1,95 %, selon Sidiki Kaba.<\/p>\n<p><em>\"Il appartient aux autorit\u00e9s administratives d\u2019appr\u00e9cier les demandes en tenant compte de la situation de chaque localit\u00e9\u2019\u2019<\/em>, a-t-il rappel\u00e9.<em> \"Si la manifestation est un droit constitutionnel, elle s\u2019exerce imp\u00e9rativement dans des conditions pacifiques, conform\u00e9ment \u00e0 [\u2026] la charte fondamentale\u2019\u2019<\/em>, a-t-il soulign\u00e9.<\/p>\n<p>L\u2019opposition d\u00e9nonce souvent l\u2019interdiction de ses rassemblements. Les autorit\u00e9s administratives invoquent, dans la plupart des cas d\u2019interdiction, les risques de trouble \u00e0 l\u2019ordre public.<\/p>\n<p>Le gouvernement a propos\u00e9 \u00e0 l\u2019Assembl\u00e9e nationale un budget de 237 milliards 231 millions 350 mille 287 francs CFA pour les autorisations d\u2019engagement du minist\u00e8re de l\u2019Int\u00e9rieur en 2024.<\/p>\n<p>Ce montant d\u00e9passe de 17 milliards (9,3 %) celui allou\u00e9 au m\u00eame minist\u00e8re en 2023, concernant la m\u00eame rubrique.<\/p>\n<p>Pour les cr\u00e9dits de paiement, le gouvernement a pr\u00e9vu 197 milliards 4 millions 885 mille 87 francs CFA pour le d\u00e9partement de l\u2019Int\u00e9rieur, avec la m\u00eame hausse, 17 milliards (9,3 %).<\/p>\n<p>L\u2019organisation de l\u2019\u00e9lection pr\u00e9sidentielle de 2024 et le renforcement des cr\u00e9dits destin\u00e9s au programme de construction et d\u2019\u00e9quipements de l\u2019administration territoriale sont \u00e0 l\u2019origine de la hausse du budget du minist\u00e8re, a expliqu\u00e9 le ministre des Finances et du Budget, Mamadou Moustapha Ba.<\/p>\n<div class='share-to-whatsapp-wrapper'><div class='share-on-whsp'>PARTAGER SUR : <\/div><a data-text='INTERDICTION DES MANIFESTATIONS - Sidiki Kaba minimise' data-link='https:\/\/www.nettali.com\/2023\/11\/27\/interdiction-des-manifestations-sidiki-kaba-minimise\/' class='whatsapp-button whatsapp-share'>WhatsApp<\/a><div class='clear '><\/div><\/div>","protected":false},"excerpt":{"rendered":"<p>NETTALI.COM - Le ministre de l\u2019Int\u00e9rieur, Sidiki Kaba, s\u2019exprimant devant les d\u00e9put\u00e9s, lundi, a jug\u00e9 faible le taux d\u2019interdiction des manifestations publiques au S\u00e9n\u00e9gal. Seules 108 des 4.828 demandes d\u2019autorisation de manifestations d\u00e9pos\u00e9es en 2018 aupr\u00e8s des autorit\u00e9s administratives exer\u00e7ant leurs fonctions sous la tutelle du minist\u00e8re de l\u2019Int\u00e9rieur ont \u00e9t\u00e9 rejet\u00e9es, ce qui donne [&hellip;]<\/p>\n","protected":false},"author":4,"featured_media":119907,"comment_status":"open","ping_status":"open","sticky":false,"template":"","format":"standard","meta":{"_et_pb_use_builder":"","_et_pb_old_content":""},"categories":[2],"tags":[],"yoast_head":"<!-- This site is optimized with the Yoast SEO Premium plugin v17.8 (Yoast SEO v17.8) - https:\/\/yoast.com\/wordpress\/plugins\/seo\/ -->\n<title>INTERDICTION DES MANIFESTATIONS - Sidiki Kaba minimise | Nettali.com<\/title>\n<meta name=\"robots\" content=\"index, follow, max-snippet:-1, max-image-preview:large, max-video-preview:-1\" \/>\n<link rel=\"canonical\" href=\"https:\/\/www.nettali.com\/2023\/11\/27\/interdiction-des-manifestations-sidiki-kaba-minimise\/\" \/>\n<meta property=\"og:locale\" content=\"fr_FR\" \/>\n<meta property=\"og:type\" content=\"article\" \/>\n<meta property=\"og:title\" content=\"INTERDICTION DES MANIFESTATIONS - Sidiki Kaba minimise\" \/>\n<meta property=\"og:description\" content=\"NETTALI.COM - Le ministre de l\u2019Int\u00e9rieur, Sidiki Kaba, s\u2019exprimant devant les d\u00e9put\u00e9s, lundi, a jug\u00e9 faible le taux d\u2019interdiction des manifestations publiques au S\u00e9n\u00e9gal. Seules 108 des 4.828 demandes d\u2019autorisation de manifestations d\u00e9pos\u00e9es en 2018 aupr\u00e8s des autorit\u00e9s administratives exer\u00e7ant leurs fonctions sous la tutelle du minist\u00e8re de l\u2019Int\u00e9rieur ont \u00e9t\u00e9 rejet\u00e9es, ce qui donne [&hellip;]\" \/>\n<meta property=\"og:url\" content=\"https:\/\/www.nettali.com\/2023\/11\/27\/interdiction-des-manifestations-sidiki-kaba-minimise\/\" \/>\n<meta property=\"og:site_name\" content=\"Nettali.com\" \/>\n<meta property=\"article:publisher\" content=\"https:\/\/www.facebook.com\/nettalicom\" \/>\n<meta property=\"article:published_time\" content=\"2023-11-27T14:24:18+00:00\" \/>\n<meta property=\"og:image\" content=\"https:\/\/www.nettali.com\/wp-content\/uploads\/2023\/10\/Sidiki-Kaba.jpg\" \/>\n\t<meta property=\"og:image:width\" content=\"2100\" \/>\n\t<meta property=\"og:image:height\" content=\"1450\" \/>\n<meta name=\"twitter:card\" content=\"summary_large_image\" \/>\n<meta name=\"twitter:label1\" content=\"\u00c9crit par\" \/>\n\t<meta name=\"twitter:data1\" content=\"Daouda\" \/>\n\t<meta name=\"twitter:label2\" content=\"Dur\u00e9e de lecture estim\u00e9e\" \/>\n\t<meta name=\"twitter:data2\" content=\"2 minutes\" \/>\n<script type=\"application\/ld+json\" class=\"yoast-schema-graph\">{\"@context\":\"https:\/\/schema.org\",\"@graph\":[{\"@type\":\"WebSite\",\"@id\":\"https:\/\/www.nettali.com\/#website\",\"url\":\"https:\/\/www.nettali.com\/\",\"name\":\"Nettali.com\",\"description\":\"Le rendez-vous critique du Net\",\"potentialAction\":[{\"@type\":\"SearchAction\",\"target\":{\"@type\":\"EntryPoint\",\"urlTemplate\":\"https:\/\/www.nettali.com\/?s={search_term_string}\"},\"query-input\":\"required name=search_term_string\"}],\"inLanguage\":\"fr-FR\"},{\"@type\":\"ImageObject\",\"@id\":\"https:\/\/www.nettali.com\/2023\/11\/27\/interdiction-des-manifestations-sidiki-kaba-minimise\/#primaryimage\",\"inLanguage\":\"fr-FR\",\"url\":\"https:\/\/www.nettali.com\/wp-content\/uploads\/2023\/10\/Sidiki-Kaba.jpg\",\"contentUrl\":\"https:\/\/www.nettali.com\/wp-content\/uploads\/2023\/10\/Sidiki-Kaba.jpg\",\"width\":2100,\"height\":1450},{\"@type\":\"WebPage\",\"@id\":\"https:\/\/www.nettali.com\/2023\/11\/27\/interdiction-des-manifestations-sidiki-kaba-minimise\/#webpage\",\"url\":\"https:\/\/www.nettali.com\/2023\/11\/27\/interdiction-des-manifestations-sidiki-kaba-minimise\/\",\"name\":\"INTERDICTION DES MANIFESTATIONS - Sidiki Kaba minimise | Nettali.com\",\"isPartOf\":{\"@id\":\"https:\/\/www.nettali.com\/#website\"},\"primaryImageOfPage\":{\"@id\":\"https:\/\/www.nettali.com\/2023\/11\/27\/interdiction-des-manifestations-sidiki-kaba-minimise\/#primaryimage\"},\"datePublished\":\"2023-11-27T14:24:18+00:00\",\"dateModified\":\"2023-11-27T14:24:18+00:00\",\"author\":{\"@id\":\"https:\/\/www.nettali.com\/#\/schema\/person\/3317e0bb3aa1da309fbf7b2780901bf4\"},\"breadcrumb\":{\"@id\":\"https:\/\/www.nettali.com\/2023\/11\/27\/interdiction-des-manifestations-sidiki-kaba-minimise\/#breadcrumb\"},\"inLanguage\":\"fr-FR\",\"potentialAction\":[{\"@type\":\"ReadAction\",\"target\":[\"https:\/\/www.nettali.com\/2023\/11\/27\/interdiction-des-manifestations-sidiki-kaba-minimise\/\"]}]},{\"@type\":\"BreadcrumbList\",\"@id\":\"https:\/\/www.nettali.com\/2023\/11\/27\/interdiction-des-manifestations-sidiki-kaba-minimise\/#breadcrumb\",\"itemListElement\":[{\"@type\":\"ListItem\",\"position\":1,\"name\":\"Accueil\",\"item\":\"https:\/\/www.nettali.com\/\"},{\"@type\":\"ListItem\",\"position\":2,\"name\":\"INTERDICTION DES MANIFESTATIONS - Sidiki Kaba minimise\"}]},{\"@type\":\"Person\",\"@id\":\"https:\/\/www.nettali.com\/#\/schema\/person\/3317e0bb3aa1da309fbf7b2780901bf4\",\"name\":\"Daouda\",\"image\":{\"@type\":\"ImageObject\",\"@id\":\"https:\/\/www.nettali.com\/#personlogo\",\"inLanguage\":\"fr-FR\",\"url\":\"https:\/\/secure.gravatar.com\/avatar\/8d143b5a49345098ddcfee1c49c2f47c?s=96&d=mm&r=g\",\"contentUrl\":\"https:\/\/secure.gravatar.com\/avatar\/8d143b5a49345098ddcfee1c49c2f47c?s=96&d=mm&r=g\",\"caption\":\"Daouda\"},\"sameAs\":[\"https:\/\/www.nettali.com\"]}]}<\/script>\n<!-- \/ Yoast SEO Premium plugin. -->","yoast_head_json":{"title":"INTERDICTION DES MANIFESTATIONS - Sidiki Kaba minimise | Nettali.com","robots":{"index":"index","follow":"follow","max-snippet":"max-snippet:-1","max-image-preview":"max-image-preview:large","max-video-preview":"max-video-preview:-1"},"canonical":"https:\/\/www.nettali.com\/2023\/11\/27\/interdiction-des-manifestations-sidiki-kaba-minimise\/","og_locale":"fr_FR","og_type":"article","og_title":"INTERDICTION DES MANIFESTATIONS - Sidiki Kaba minimise","og_description":"NETTALI.COM - Le ministre de l\u2019Int\u00e9rieur, Sidiki Kaba, s\u2019exprimant devant les d\u00e9put\u00e9s, lundi, a jug\u00e9 faible le taux d\u2019interdiction des manifestations publiques au S\u00e9n\u00e9gal. Seules 108 des 4.828 demandes d\u2019autorisation de manifestations d\u00e9pos\u00e9es en 2018 aupr\u00e8s des autorit\u00e9s administratives exer\u00e7ant leurs fonctions sous la tutelle du minist\u00e8re de l\u2019Int\u00e9rieur ont \u00e9t\u00e9 rejet\u00e9es, ce qui donne [&hellip;]","og_url":"https:\/\/www.nettali.com\/2023\/11\/27\/interdiction-des-manifestations-sidiki-kaba-minimise\/","og_site_name":"Nettali.com","article_publisher":"https:\/\/www.facebook.com\/nettalicom","article_published_time":"2023-11-27T14:24:18+00:00","og_image":[{"width":2100,"height":1450,"url":"https:\/\/www.nettali.com\/wp-content\/uploads\/2023\/10\/Sidiki-Kaba.jpg","type":"image\/jpeg"}],"twitter_card":"summary_large_image","twitter_misc":{"\u00c9crit par":"Daouda","Dur\u00e9e de lecture estim\u00e9e":"2 minutes"},"schema":{"@context":"https:\/\/schema.org","@graph":[{"@type":"WebSite","@id":"https:\/\/www.nettali.com\/#website","url":"https:\/\/www.nettali.com\/","name":"Nettali.com","description":"Le rendez-vous critique du Net","potentialAction":[{"@type":"SearchAction","target":{"@type":"EntryPoint","urlTemplate":"https:\/\/www.nettali.com\/?s={search_term_string}"},"query-input":"required name=search_term_string"}],"inLanguage":"fr-FR"},{"@type":"ImageObject","@id":"https:\/\/www.nettali.com\/2023\/11\/27\/interdiction-des-manifestations-sidiki-kaba-minimise\/#primaryimage","inLanguage":"fr-FR","url":"https:\/\/www.nettali.com\/wp-content\/uploads\/2023\/10\/Sidiki-Kaba.jpg","contentUrl":"https:\/\/www.nettali.com\/wp-content\/uploads\/2023\/10\/Sidiki-Kaba.jpg","width":2100,"height":1450},{"@type":"WebPage","@id":"https:\/\/www.nettali.com\/2023\/11\/27\/interdiction-des-manifestations-sidiki-kaba-minimise\/#webpage","url":"https:\/\/www.nettali.com\/2023\/11\/27\/interdiction-des-manifestations-sidiki-kaba-minimise\/","name":"INTERDICTION DES MANIFESTATIONS - Sidiki Kaba minimise | Nettali.com","isPartOf":{"@id":"https:\/\/www.nettali.com\/#website"},"primaryImageOfPage":{"@id":"https:\/\/www.nettali.com\/2023\/11\/27\/interdiction-des-manifestations-sidiki-kaba-minimise\/#primaryimage"},"datePublished":"2023-11-27T14:24:18+00:00","dateModified":"2023-11-27T14:24:18+00:00","author":{"@id":"https:\/\/www.nettali.com\/#\/schema\/person\/3317e0bb3aa1da309fbf7b2780901bf4"},"breadcrumb":{"@id":"https:\/\/www.nettali.com\/2023\/11\/27\/interdiction-des-manifestations-sidiki-kaba-minimise\/#breadcrumb"},"inLanguage":"fr-FR","potentialAction":[{"@type":"ReadAction","target":["https:\/\/www.nettali.com\/2023\/11\/27\/interdiction-des-manifestations-sidiki-kaba-minimise\/"]}]},{"@type":"BreadcrumbList","@id":"https:\/\/www.nettali.com\/2023\/11\/27\/interdiction-des-manifestations-sidiki-kaba-minimise\/#breadcrumb","itemListElement":[{"@type":"ListItem","position":1,"name":"Accueil","item":"https:\/\/www.nettali.com\/"},{"@type":"ListItem","position":2,"name":"INTERDICTION DES MANIFESTATIONS - Sidiki Kaba minimise"}]},{"@type":"Person","@id":"https:\/\/www.nettali.com\/#\/schema\/person\/3317e0bb3aa1da309fbf7b2780901bf4","name":"Daouda","image":{"@type":"ImageObject","@id":"https:\/\/www.nettali.com\/#personlogo","inLanguage":"fr-FR","url":"https:\/\/secure.gravatar.com\/avatar\/8d143b5a49345098ddcfee1c49c2f47c?s=96&d=mm&r=g","contentUrl":"https:\/\/secure.gravatar.com\/avatar\/8d143b5a49345098ddcfee1c49c2f47c?s=96&d=mm&r=g","caption":"Daouda"},"sameAs":["https:\/\/www.nettali.com"]}]}},"_links":{"self":[{"href":"https:\/\/www.nettali.com\/rest\/wp\/v2\/posts\/122622"}],"collection":[{"href":"https:\/\/www.nettali.com\/rest\/wp\/v2\/posts"}],"about":[{"href":"https:\/\/www.nettali.com\/rest\/wp\/v2\/types\/post"}],"author":[{"embeddable":true,"href":"https:\/\/www.nettali.com\/rest\/wp\/v2\/users\/4"}],"replies":[{"embeddable":true,"href":"https:\/\/www.nettali.com\/rest\/wp\/v2\/comments?post=122622"}],"version-history":[{"count":1,"href":"https:\/\/www.nettali.com\/rest\/wp\/v2\/posts\/122622\/revisions"}],"predecessor-version":[{"id":122623,"href":"https:\/\/www.nettali.com\/rest\/wp\/v2\/posts\/122622\/revisions\/122623"}],"wp:featuredmedia":[{"embeddable":true,"href":"https:\/\/www.nettali.com\/rest\/wp\/v2\/media\/119907"}],"wp:attachment":[{"href":"https:\/\/www.nettali.com\/rest\/wp\/v2\/media?parent=122622"}],"wp:term":[{"taxonomy":"category","embeddable":true,"href":"https:\/\/www.nettali.com\/rest\/wp\/v2\/categories?post=122622"},{"taxonomy":"post_tag","embeddable":true,"href":"https:\/\/www.nettali.com\/rest\/wp\/v2\/tags?post=122622"}],"curies":[{"name":"wp","href":"https:\/\/api.w.org\/{rel}","templated":true}]}}