{"id":122587,"date":"2023-11-27T08:21:06","date_gmt":"2023-11-27T08:21:06","guid":{"rendered":"https:\/\/www.nettali.com\/?p=122587"},"modified":"2023-11-27T08:21:06","modified_gmt":"2023-11-27T08:21:06","slug":"en-coulisses-letat-des-lieux-de-la-garde-des-sceaux","status":"publish","type":"post","link":"https:\/\/www.nettali.com\/2023\/11\/27\/en-coulisses-letat-des-lieux-de-la-garde-des-sceaux\/","title":{"rendered":"EN COULISSES - L'\u00e9tat des lieux de la garde des sceaux"},"content":{"rendered":"<div class=\"page\" title=\"Page 2\">\n<div class=\"layoutArea\">\n<div class=\"column\">\n<p><strong>NETTALI.COM -<\/strong> Lors du vote du projet de budget du ministe\u0300re de la Justice, la garde des Sceaux a annonce\u0301 que notre pays compte environ 13 900 de\u0301tenus re\u0301partis dans 37 e\u0301tablissements pe\u0301nitentiaires. Me Aissata Tall Sall a ainsi soulign\u00e9 ainsi la ne\u0301cessite\u0301 d'entreprendre des efforts pour l\u2019augmentation de ces lieux de privation de liberte\u0301s.<\/p>\n<p>Elle a aussi estime\u0301 que pour rendre le meilleur service possible aux citoyens, la justice doit se renforcer et s\u2019adapter. A\u0300 ce propos, Me Sall a aborde\u0301 diffe\u0301rents points, dont le de\u0301cret n\u00b02023-677 du 22 mars 2023 modifiant le de\u0301cret n\u00b02015-1039 du 20 juillet 2015 portant ame\u0301nagement de l\u2019organisation judiciaire qui e\u0301rige un tribunal d\u2019instance a\u0300 l\u2019e\u0301chelle des arrondissements de Dakar-Plateau, Grand-Dakar, Almadies et Parcelles-Assainies, dans un souci d\u2019efficacite\u0301 et d\u2019un meilleur rapprochement de la justice des justi- ciables. Elle a aussi fait cas de l\u2019e\u0301rection de la Direction de l\u2019Administration pe\u0301nitentiaire en Direction ge\u0301ne\u0301rale.<\/p>\n<p>De me\u0302me, elle a annonce\u0301 le traitement de 14 986 dossiers de me\u0301diation-conciliation avec un taux de re\u0301ussite de 58,18 % dans les maisons de justice ; la sensibilisation de 70 magistrats et 150 membres des comite\u0301s de suivi en milieu ouvert (CSMO) sur l\u2019application des lois 2020-07 et 2020-8 portant sur le bracelet e\u0301lectronique ; la mise a\u0300 la disposition de l\u2019administration de la justice de 35 magistrats, 42 greffiers et deux inspecteurs de l\u2019Administration pe\u0301nitentiaire. Elle a aussi pre\u0301cise\u0301 qu\u2019au troisie\u0300me trimestre de l\u2019anne\u0301e 2023, les services de l\u2019AEMO ont accueilli et oriente\u0301 3 207 enfants et jeunes sur une pre\u0301vision annuelle de 3 000, soit un taux de re\u0301alisation de 106,9 %. Les travaux d\u2019extension et de re\u0301habilitation des Mac ont e\u0301te\u0301 aussi note\u0301s.<\/p>\n<\/div>\n<div class=\"column\">\n<p>Aissata Tall Sall a \u00e9galement inform\u00e9 que le projet de budget 2024 de son de\u0301partement porte les ambitions du secteur pour renforcer les juridictions, garantir l\u2019acce\u0300s au droit pour tous les justiciables, doter l\u2019Administration pe\u0301nitentiaire des moyens pour ame\u0301liorer la se\u0301curite\u0301 dans les e\u0301tablissements pe\u0301nitentiaires et conforter la protection judiciaire des mineurs. A\u0300 ce propos, elle a indique\u0301 que la re\u0301partition des cre\u0301dits de son de\u0301partement pour l\u2019exercice 2024 est faite autour des six programmes budge\u0301taires et de\u0301taille\u0301s et qui seront mis en \u0153uvre a\u0300 travers des actions strate\u0301giques, des activite\u0301s identifie\u0301es et des donne\u0301es chiffre\u0301es.<\/p>\n<p>A noter que le projet de budget du ministe\u0300re de la Justice, pour l\u2019exercice 2024, est arre\u0302te\u0301 a\u0300 la somme de 92 161 262 422 F CFA en cre\u0301dits de paiement et 93 421 262 422 F CFA en autorisations d\u2019engagement.<\/p>\n<\/div>\n<\/div>\n<\/div>\n<div class='share-to-whatsapp-wrapper'><div class='share-on-whsp'>PARTAGER SUR : <\/div><a data-text='EN COULISSES - L'\u00e9tat des lieux de la garde des sceaux' data-link='https:\/\/www.nettali.com\/2023\/11\/27\/en-coulisses-letat-des-lieux-de-la-garde-des-sceaux\/' class='whatsapp-button whatsapp-share'>WhatsApp<\/a><div class='clear '><\/div><\/div>","protected":false},"excerpt":{"rendered":"<p>NETTALI.COM - Lors du vote du projet de budget du ministe\u0300re de la Justice, la garde des Sceaux a annonce\u0301 que notre pays compte environ 13 900 de\u0301tenus re\u0301partis dans 37 e\u0301tablissements pe\u0301nitentiaires. Me Aissata Tall Sall a ainsi soulign\u00e9 ainsi la ne\u0301cessite\u0301 d'entreprendre des efforts pour l\u2019augmentation de ces lieux de privation de liberte\u0301s. [&hellip;]<\/p>\n","protected":false},"author":2,"featured_media":122570,"comment_status":"open","ping_status":"open","sticky":false,"template":"","format":"standard","meta":{"_et_pb_use_builder":"","_et_pb_old_content":""},"categories":[34945],"tags":[],"yoast_head":"<!-- This site is optimized with the Yoast SEO Premium plugin v17.8 (Yoast SEO v17.8) - https:\/\/yoast.com\/wordpress\/plugins\/seo\/ -->\n<title>EN COULISSES - L&#039;\u00e9tat des lieux de la garde des sceaux | Nettali.com<\/title>\n<meta name=\"robots\" content=\"index, follow, max-snippet:-1, max-image-preview:large, max-video-preview:-1\" \/>\n<link rel=\"canonical\" href=\"https:\/\/www.nettali.com\/2023\/11\/27\/en-coulisses-letat-des-lieux-de-la-garde-des-sceaux\/\" \/>\n<meta property=\"og:locale\" content=\"fr_FR\" \/>\n<meta property=\"og:type\" content=\"article\" \/>\n<meta property=\"og:title\" content=\"EN COULISSES - L&#039;\u00e9tat des lieux de la garde des sceaux\" \/>\n<meta property=\"og:description\" content=\"NETTALI.COM - Lors du vote du projet de budget du ministe\u0300re de la Justice, la garde des Sceaux a annonce\u0301 que notre pays compte environ 13 900 de\u0301tenus re\u0301partis dans 37 e\u0301tablissements pe\u0301nitentiaires. Me Aissata Tall Sall a ainsi soulign\u00e9 ainsi la ne\u0301cessite\u0301 d&#039;entreprendre des efforts pour l\u2019augmentation de ces lieux de privation de liberte\u0301s. [&hellip;]\" \/>\n<meta property=\"og:url\" content=\"https:\/\/www.nettali.com\/2023\/11\/27\/en-coulisses-letat-des-lieux-de-la-garde-des-sceaux\/\" \/>\n<meta property=\"og:site_name\" content=\"Nettali.com\" \/>\n<meta property=\"article:publisher\" content=\"https:\/\/www.facebook.com\/nettalicom\" \/>\n<meta property=\"article:published_time\" content=\"2023-11-27T08:21:06+00:00\" \/>\n<meta property=\"og:image\" content=\"https:\/\/www.nettali.com\/wp-content\/uploads\/2023\/11\/Capture-de\u0301cran-2023-11-26-a\u0300-19.01.05.png\" \/>\n\t<meta property=\"og:image:width\" content=\"670\" \/>\n\t<meta property=\"og:image:height\" content=\"393\" \/>\n<meta name=\"twitter:card\" content=\"summary_large_image\" \/>\n<meta name=\"twitter:label1\" content=\"\u00c9crit par\" \/>\n\t<meta name=\"twitter:data1\" content=\"CK\" \/>\n\t<meta name=\"twitter:label2\" content=\"Dur\u00e9e de lecture estim\u00e9e\" \/>\n\t<meta name=\"twitter:data2\" content=\"3 minutes\" \/>\n<script type=\"application\/ld+json\" class=\"yoast-schema-graph\">{\"@context\":\"https:\/\/schema.org\",\"@graph\":[{\"@type\":\"WebSite\",\"@id\":\"https:\/\/www.nettali.com\/#website\",\"url\":\"https:\/\/www.nettali.com\/\",\"name\":\"Nettali.com\",\"description\":\"Le rendez-vous critique du Net\",\"potentialAction\":[{\"@type\":\"SearchAction\",\"target\":{\"@type\":\"EntryPoint\",\"urlTemplate\":\"https:\/\/www.nettali.com\/?s={search_term_string}\"},\"query-input\":\"required name=search_term_string\"}],\"inLanguage\":\"fr-FR\"},{\"@type\":\"ImageObject\",\"@id\":\"https:\/\/www.nettali.com\/2023\/11\/27\/en-coulisses-letat-des-lieux-de-la-garde-des-sceaux\/#primaryimage\",\"inLanguage\":\"fr-FR\",\"url\":\"https:\/\/www.nettali.com\/wp-content\/uploads\/2023\/11\/Capture-de\\u0301cran-2023-11-26-a\\u0300-19.01.05.png\",\"contentUrl\":\"https:\/\/www.nettali.com\/wp-content\/uploads\/2023\/11\/Capture-de\\u0301cran-2023-11-26-a\\u0300-19.01.05.png\",\"width\":670,\"height\":393},{\"@type\":\"WebPage\",\"@id\":\"https:\/\/www.nettali.com\/2023\/11\/27\/en-coulisses-letat-des-lieux-de-la-garde-des-sceaux\/#webpage\",\"url\":\"https:\/\/www.nettali.com\/2023\/11\/27\/en-coulisses-letat-des-lieux-de-la-garde-des-sceaux\/\",\"name\":\"EN COULISSES - L'\\u00e9tat des lieux de la garde des sceaux | Nettali.com\",\"isPartOf\":{\"@id\":\"https:\/\/www.nettali.com\/#website\"},\"primaryImageOfPage\":{\"@id\":\"https:\/\/www.nettali.com\/2023\/11\/27\/en-coulisses-letat-des-lieux-de-la-garde-des-sceaux\/#primaryimage\"},\"datePublished\":\"2023-11-27T08:21:06+00:00\",\"dateModified\":\"2023-11-27T08:21:06+00:00\",\"author\":{\"@id\":\"https:\/\/www.nettali.com\/#\/schema\/person\/d8ac7b7e27ddad43f1c0d2ef090d7f71\"},\"breadcrumb\":{\"@id\":\"https:\/\/www.nettali.com\/2023\/11\/27\/en-coulisses-letat-des-lieux-de-la-garde-des-sceaux\/#breadcrumb\"},\"inLanguage\":\"fr-FR\",\"potentialAction\":[{\"@type\":\"ReadAction\",\"target\":[\"https:\/\/www.nettali.com\/2023\/11\/27\/en-coulisses-letat-des-lieux-de-la-garde-des-sceaux\/\"]}]},{\"@type\":\"BreadcrumbList\",\"@id\":\"https:\/\/www.nettali.com\/2023\/11\/27\/en-coulisses-letat-des-lieux-de-la-garde-des-sceaux\/#breadcrumb\",\"itemListElement\":[{\"@type\":\"ListItem\",\"position\":1,\"name\":\"Accueil\",\"item\":\"https:\/\/www.nettali.com\/\"},{\"@type\":\"ListItem\",\"position\":2,\"name\":\"EN COULISSES - L'\\u00e9tat des lieux de la garde des sceaux\"}]},{\"@type\":\"Person\",\"@id\":\"https:\/\/www.nettali.com\/#\/schema\/person\/d8ac7b7e27ddad43f1c0d2ef090d7f71\",\"name\":\"CK\",\"image\":{\"@type\":\"ImageObject\",\"@id\":\"https:\/\/www.nettali.com\/#personlogo\",\"inLanguage\":\"fr-FR\",\"url\":\"https:\/\/secure.gravatar.com\/avatar\/1d8d5118b9327d94da7cd4ce7f17fec2?s=96&d=mm&r=g\",\"contentUrl\":\"https:\/\/secure.gravatar.com\/avatar\/1d8d5118b9327d94da7cd4ce7f17fec2?s=96&d=mm&r=g\",\"caption\":\"CK\"},\"sameAs\":[\"https:\/\/www.nettali.com\"]}]}<\/script>\n<!-- \/ Yoast SEO Premium plugin. -->","yoast_head_json":{"title":"EN COULISSES - L'\u00e9tat des lieux de la garde des sceaux | Nettali.com","robots":{"index":"index","follow":"follow","max-snippet":"max-snippet:-1","max-image-preview":"max-image-preview:large","max-video-preview":"max-video-preview:-1"},"canonical":"https:\/\/www.nettali.com\/2023\/11\/27\/en-coulisses-letat-des-lieux-de-la-garde-des-sceaux\/","og_locale":"fr_FR","og_type":"article","og_title":"EN COULISSES - L'\u00e9tat des lieux de la garde des sceaux","og_description":"NETTALI.COM - Lors du vote du projet de budget du ministe\u0300re de la Justice, la garde des Sceaux a annonce\u0301 que notre pays compte environ 13 900 de\u0301tenus re\u0301partis dans 37 e\u0301tablissements pe\u0301nitentiaires. Me Aissata Tall Sall a ainsi soulign\u00e9 ainsi la ne\u0301cessite\u0301 d'entreprendre des efforts pour l\u2019augmentation de ces lieux de privation de liberte\u0301s. [&hellip;]","og_url":"https:\/\/www.nettali.com\/2023\/11\/27\/en-coulisses-letat-des-lieux-de-la-garde-des-sceaux\/","og_site_name":"Nettali.com","article_publisher":"https:\/\/www.facebook.com\/nettalicom","article_published_time":"2023-11-27T08:21:06+00:00","og_image":[{"width":670,"height":393,"url":"https:\/\/www.nettali.com\/wp-content\/uploads\/2023\/11\/Capture-de\u0301cran-2023-11-26-a\u0300-19.01.05.png","type":"image\/png"}],"twitter_card":"summary_large_image","twitter_misc":{"\u00c9crit par":"CK","Dur\u00e9e de lecture estim\u00e9e":"3 minutes"},"schema":{"@context":"https:\/\/schema.org","@graph":[{"@type":"WebSite","@id":"https:\/\/www.nettali.com\/#website","url":"https:\/\/www.nettali.com\/","name":"Nettali.com","description":"Le rendez-vous critique du Net","potentialAction":[{"@type":"SearchAction","target":{"@type":"EntryPoint","urlTemplate":"https:\/\/www.nettali.com\/?s={search_term_string}"},"query-input":"required name=search_term_string"}],"inLanguage":"fr-FR"},{"@type":"ImageObject","@id":"https:\/\/www.nettali.com\/2023\/11\/27\/en-coulisses-letat-des-lieux-de-la-garde-des-sceaux\/#primaryimage","inLanguage":"fr-FR","url":"https:\/\/www.nettali.com\/wp-content\/uploads\/2023\/11\/Capture-de\u0301cran-2023-11-26-a\u0300-19.01.05.png","contentUrl":"https:\/\/www.nettali.com\/wp-content\/uploads\/2023\/11\/Capture-de\u0301cran-2023-11-26-a\u0300-19.01.05.png","width":670,"height":393},{"@type":"WebPage","@id":"https:\/\/www.nettali.com\/2023\/11\/27\/en-coulisses-letat-des-lieux-de-la-garde-des-sceaux\/#webpage","url":"https:\/\/www.nettali.com\/2023\/11\/27\/en-coulisses-letat-des-lieux-de-la-garde-des-sceaux\/","name":"EN COULISSES - L'\u00e9tat des lieux de la garde des sceaux | Nettali.com","isPartOf":{"@id":"https:\/\/www.nettali.com\/#website"},"primaryImageOfPage":{"@id":"https:\/\/www.nettali.com\/2023\/11\/27\/en-coulisses-letat-des-lieux-de-la-garde-des-sceaux\/#primaryimage"},"datePublished":"2023-11-27T08:21:06+00:00","dateModified":"2023-11-27T08:21:06+00:00","author":{"@id":"https:\/\/www.nettali.com\/#\/schema\/person\/d8ac7b7e27ddad43f1c0d2ef090d7f71"},"breadcrumb":{"@id":"https:\/\/www.nettali.com\/2023\/11\/27\/en-coulisses-letat-des-lieux-de-la-garde-des-sceaux\/#breadcrumb"},"inLanguage":"fr-FR","potentialAction":[{"@type":"ReadAction","target":["https:\/\/www.nettali.com\/2023\/11\/27\/en-coulisses-letat-des-lieux-de-la-garde-des-sceaux\/"]}]},{"@type":"BreadcrumbList","@id":"https:\/\/www.nettali.com\/2023\/11\/27\/en-coulisses-letat-des-lieux-de-la-garde-des-sceaux\/#breadcrumb","itemListElement":[{"@type":"ListItem","position":1,"name":"Accueil","item":"https:\/\/www.nettali.com\/"},{"@type":"ListItem","position":2,"name":"EN COULISSES - L'\u00e9tat des lieux de la garde des sceaux"}]},{"@type":"Person","@id":"https:\/\/www.nettali.com\/#\/schema\/person\/d8ac7b7e27ddad43f1c0d2ef090d7f71","name":"CK","image":{"@type":"ImageObject","@id":"https:\/\/www.nettali.com\/#personlogo","inLanguage":"fr-FR","url":"https:\/\/secure.gravatar.com\/avatar\/1d8d5118b9327d94da7cd4ce7f17fec2?s=96&d=mm&r=g","contentUrl":"https:\/\/secure.gravatar.com\/avatar\/1d8d5118b9327d94da7cd4ce7f17fec2?s=96&d=mm&r=g","caption":"CK"},"sameAs":["https:\/\/www.nettali.com"]}]}},"_links":{"self":[{"href":"https:\/\/www.nettali.com\/rest\/wp\/v2\/posts\/122587"}],"collection":[{"href":"https:\/\/www.nettali.com\/rest\/wp\/v2\/posts"}],"about":[{"href":"https:\/\/www.nettali.com\/rest\/wp\/v2\/types\/post"}],"author":[{"embeddable":true,"href":"https:\/\/www.nettali.com\/rest\/wp\/v2\/users\/2"}],"replies":[{"embeddable":true,"href":"https:\/\/www.nettali.com\/rest\/wp\/v2\/comments?post=122587"}],"version-history":[{"count":1,"href":"https:\/\/www.nettali.com\/rest\/wp\/v2\/posts\/122587\/revisions"}],"predecessor-version":[{"id":122588,"href":"https:\/\/www.nettali.com\/rest\/wp\/v2\/posts\/122587\/revisions\/122588"}],"wp:featuredmedia":[{"embeddable":true,"href":"https:\/\/www.nettali.com\/rest\/wp\/v2\/media\/122570"}],"wp:attachment":[{"href":"https:\/\/www.nettali.com\/rest\/wp\/v2\/media?parent=122587"}],"wp:term":[{"taxonomy":"category","embeddable":true,"href":"https:\/\/www.nettali.com\/rest\/wp\/v2\/categories?post=122587"},{"taxonomy":"post_tag","embeddable":true,"href":"https:\/\/www.nettali.com\/rest\/wp\/v2\/tags?post=122587"}],"curies":[{"name":"wp","href":"https:\/\/api.w.org\/{rel}","templated":true}]}}