{"id":122559,"date":"2023-11-26T14:31:36","date_gmt":"2023-11-26T14:31:36","guid":{"rendered":"https:\/\/www.nettali.com\/?p=122559"},"modified":"2023-11-27T07:41:47","modified_gmt":"2023-11-27T07:41:47","slug":"presidentielle-la-caution-de-karim-wade-deposee-des-ce-lundi","status":"publish","type":"post","link":"https:\/\/www.nettali.com\/2023\/11\/26\/presidentielle-la-caution-de-karim-wade-deposee-des-ce-lundi\/","title":{"rendered":"PRESIDENTIELLE - \u00a0La caution de Karim Wade d\u00e9pos\u00e9e d\u00e8s ce lundi"},"content":{"rendered":"<p><strong>NETTALI.COM - Le Parti d\u00e9mocratique s\u00e9n\u00e9galais (Pds) a d\u00e9cid\u00e9 de d\u00e9poser la caution de leur candidat \u00e0 la pr\u00e9sidentielle de 2024, Karim Wade. Le d\u00e9p\u00f4t va se faire ce lundi \u00e0 la Caisse des d\u00e9p\u00f4ts et consignations, conform\u00e9ment au Code \u00e9lectoral.<\/strong><\/p>\n<p>Le parti d\u00e9mocratique s\u00e9n\u00e9galais (Pds) est \u00e0 fond dans la pr\u00e9paration de la pr\u00e9sidentielle de 2024. L\u2019\u00e9tape du parrainage boucl\u00e9e pour eux, les lib\u00e9raux ont d\u00e9cid\u00e9 de passer \u00e0 une nouvelle \u00e9tape, celle du d\u00e9p\u00f4t de la caution de leur candidat Karim Wade \u00e0 la pr\u00e9sidentielle, Karim Wade.<\/p>\n<p>Le secr\u00e9taire national \u00e0 la communication, Nafissatou Diallo, informe que d\u00e8s demain lundi, le montant de la caution \u00e0 trente millions (30.000.000) de francs CFA, fix\u00e9 par le minist\u00e8re de l\u2019int\u00e9rieur dans son arr\u00eat\u00e9 n\u00b0032006 du 25 septembre 2023, en application des dispositions de l'article L.122 du Code \u00e9lectoral, sera d\u00e9pos\u00e9 \u00e0 la Caisse des d\u00e9p\u00f4ts et consignations (Cdc).<\/p>\n<p>Tout ceci pour pr\u00e9parer activement le retour de Karim Wade, exil\u00e9 au Qatar depuis plusieurs ann\u00e9es.<\/p>\n<p>&nbsp;<\/p>\n<div class='share-to-whatsapp-wrapper'><div class='share-on-whsp'>PARTAGER SUR : <\/div><a data-text='PRESIDENTIELLE - \u00a0La caution de Karim Wade d\u00e9pos\u00e9e d\u00e8s ce lundi' data-link='https:\/\/www.nettali.com\/2023\/11\/26\/presidentielle-la-caution-de-karim-wade-deposee-des-ce-lundi\/' class='whatsapp-button whatsapp-share'>WhatsApp<\/a><div class='clear '><\/div><\/div>","protected":false},"excerpt":{"rendered":"<p>NETTALI.COM - Le Parti d\u00e9mocratique s\u00e9n\u00e9galais (Pds) a d\u00e9cid\u00e9 de d\u00e9poser la caution de leur candidat \u00e0 la pr\u00e9sidentielle de 2024, Karim Wade. Le d\u00e9p\u00f4t va se faire ce lundi \u00e0 la Caisse des d\u00e9p\u00f4ts et consignations, conform\u00e9ment au Code \u00e9lectoral. Le parti d\u00e9mocratique s\u00e9n\u00e9galais (Pds) est \u00e0 fond dans la pr\u00e9paration de la pr\u00e9sidentielle [&hellip;]<\/p>\n","protected":false},"author":4,"featured_media":92505,"comment_status":"open","ping_status":"open","sticky":false,"template":"","format":"standard","meta":{"_et_pb_use_builder":"","_et_pb_old_content":""},"categories":[2],"tags":[],"yoast_head":"<!-- This site is optimized with the Yoast SEO Premium plugin v17.8 (Yoast SEO v17.8) - https:\/\/yoast.com\/wordpress\/plugins\/seo\/ -->\n<title>PRESIDENTIELLE - \u00a0La caution de Karim Wade d\u00e9pos\u00e9e d\u00e8s ce lundi | Nettali.com<\/title>\n<meta name=\"robots\" content=\"index, follow, max-snippet:-1, max-image-preview:large, max-video-preview:-1\" \/>\n<link rel=\"canonical\" href=\"https:\/\/www.nettali.com\/2023\/11\/26\/presidentielle-la-caution-de-karim-wade-deposee-des-ce-lundi\/\" \/>\n<meta property=\"og:locale\" content=\"fr_FR\" \/>\n<meta property=\"og:type\" content=\"article\" \/>\n<meta property=\"og:title\" content=\"PRESIDENTIELLE - \u00a0La caution de Karim Wade d\u00e9pos\u00e9e d\u00e8s ce lundi\" \/>\n<meta property=\"og:description\" content=\"NETTALI.COM - Le Parti d\u00e9mocratique s\u00e9n\u00e9galais (Pds) a d\u00e9cid\u00e9 de d\u00e9poser la caution de leur candidat \u00e0 la pr\u00e9sidentielle de 2024, Karim Wade. Le d\u00e9p\u00f4t va se faire ce lundi \u00e0 la Caisse des d\u00e9p\u00f4ts et consignations, conform\u00e9ment au Code \u00e9lectoral. Le parti d\u00e9mocratique s\u00e9n\u00e9galais (Pds) est \u00e0 fond dans la pr\u00e9paration de la pr\u00e9sidentielle [&hellip;]\" \/>\n<meta property=\"og:url\" content=\"https:\/\/www.nettali.com\/2023\/11\/26\/presidentielle-la-caution-de-karim-wade-deposee-des-ce-lundi\/\" \/>\n<meta property=\"og:site_name\" content=\"Nettali.com\" \/>\n<meta property=\"article:publisher\" content=\"https:\/\/www.facebook.com\/nettalicom\" \/>\n<meta property=\"article:published_time\" content=\"2023-11-26T14:31:36+00:00\" \/>\n<meta property=\"article:modified_time\" content=\"2023-11-27T07:41:47+00:00\" \/>\n<meta property=\"og:image\" content=\"https:\/\/www.nettali.com\/wp-content\/uploads\/2022\/08\/KARIM-WADE2-1080x900-1-e1685991429784.png\" \/>\n\t<meta property=\"og:image:width\" content=\"1074\" \/>\n\t<meta property=\"og:image:height\" content=\"567\" \/>\n<meta name=\"twitter:card\" content=\"summary_large_image\" \/>\n<meta name=\"twitter:label1\" content=\"\u00c9crit par\" \/>\n\t<meta name=\"twitter:data1\" content=\"Daouda\" \/>\n\t<meta name=\"twitter:label2\" content=\"Dur\u00e9e de lecture estim\u00e9e\" \/>\n\t<meta name=\"twitter:data2\" content=\"1 minute\" \/>\n<script type=\"application\/ld+json\" class=\"yoast-schema-graph\">{\"@context\":\"https:\/\/schema.org\",\"@graph\":[{\"@type\":\"WebSite\",\"@id\":\"https:\/\/www.nettali.com\/#website\",\"url\":\"https:\/\/www.nettali.com\/\",\"name\":\"Nettali.com\",\"description\":\"Le rendez-vous critique du Net\",\"potentialAction\":[{\"@type\":\"SearchAction\",\"target\":{\"@type\":\"EntryPoint\",\"urlTemplate\":\"https:\/\/www.nettali.com\/?s={search_term_string}\"},\"query-input\":\"required name=search_term_string\"}],\"inLanguage\":\"fr-FR\"},{\"@type\":\"ImageObject\",\"@id\":\"https:\/\/www.nettali.com\/2023\/11\/26\/presidentielle-la-caution-de-karim-wade-deposee-des-ce-lundi\/#primaryimage\",\"inLanguage\":\"fr-FR\",\"url\":\"https:\/\/www.nettali.com\/wp-content\/uploads\/2022\/08\/KARIM-WADE2-1080x900-1-e1685991429784.png\",\"contentUrl\":\"https:\/\/www.nettali.com\/wp-content\/uploads\/2022\/08\/KARIM-WADE2-1080x900-1-e1685991429784.png\",\"width\":1074,\"height\":567},{\"@type\":\"WebPage\",\"@id\":\"https:\/\/www.nettali.com\/2023\/11\/26\/presidentielle-la-caution-de-karim-wade-deposee-des-ce-lundi\/#webpage\",\"url\":\"https:\/\/www.nettali.com\/2023\/11\/26\/presidentielle-la-caution-de-karim-wade-deposee-des-ce-lundi\/\",\"name\":\"PRESIDENTIELLE - \\u00a0La caution de Karim Wade d\\u00e9pos\\u00e9e d\\u00e8s ce lundi | Nettali.com\",\"isPartOf\":{\"@id\":\"https:\/\/www.nettali.com\/#website\"},\"primaryImageOfPage\":{\"@id\":\"https:\/\/www.nettali.com\/2023\/11\/26\/presidentielle-la-caution-de-karim-wade-deposee-des-ce-lundi\/#primaryimage\"},\"datePublished\":\"2023-11-26T14:31:36+00:00\",\"dateModified\":\"2023-11-27T07:41:47+00:00\",\"author\":{\"@id\":\"https:\/\/www.nettali.com\/#\/schema\/person\/3317e0bb3aa1da309fbf7b2780901bf4\"},\"breadcrumb\":{\"@id\":\"https:\/\/www.nettali.com\/2023\/11\/26\/presidentielle-la-caution-de-karim-wade-deposee-des-ce-lundi\/#breadcrumb\"},\"inLanguage\":\"fr-FR\",\"potentialAction\":[{\"@type\":\"ReadAction\",\"target\":[\"https:\/\/www.nettali.com\/2023\/11\/26\/presidentielle-la-caution-de-karim-wade-deposee-des-ce-lundi\/\"]}]},{\"@type\":\"BreadcrumbList\",\"@id\":\"https:\/\/www.nettali.com\/2023\/11\/26\/presidentielle-la-caution-de-karim-wade-deposee-des-ce-lundi\/#breadcrumb\",\"itemListElement\":[{\"@type\":\"ListItem\",\"position\":1,\"name\":\"Accueil\",\"item\":\"https:\/\/www.nettali.com\/\"},{\"@type\":\"ListItem\",\"position\":2,\"name\":\"PRESIDENTIELLE - \\u00a0La caution de Karim Wade d\\u00e9pos\\u00e9e d\\u00e8s ce lundi\"}]},{\"@type\":\"Person\",\"@id\":\"https:\/\/www.nettali.com\/#\/schema\/person\/3317e0bb3aa1da309fbf7b2780901bf4\",\"name\":\"Daouda\",\"image\":{\"@type\":\"ImageObject\",\"@id\":\"https:\/\/www.nettali.com\/#personlogo\",\"inLanguage\":\"fr-FR\",\"url\":\"https:\/\/secure.gravatar.com\/avatar\/8d143b5a49345098ddcfee1c49c2f47c?s=96&d=mm&r=g\",\"contentUrl\":\"https:\/\/secure.gravatar.com\/avatar\/8d143b5a49345098ddcfee1c49c2f47c?s=96&d=mm&r=g\",\"caption\":\"Daouda\"},\"sameAs\":[\"https:\/\/www.nettali.com\"]}]}<\/script>\n<!-- \/ Yoast SEO Premium plugin. -->","yoast_head_json":{"title":"PRESIDENTIELLE - \u00a0La caution de Karim Wade d\u00e9pos\u00e9e d\u00e8s ce lundi | Nettali.com","robots":{"index":"index","follow":"follow","max-snippet":"max-snippet:-1","max-image-preview":"max-image-preview:large","max-video-preview":"max-video-preview:-1"},"canonical":"https:\/\/www.nettali.com\/2023\/11\/26\/presidentielle-la-caution-de-karim-wade-deposee-des-ce-lundi\/","og_locale":"fr_FR","og_type":"article","og_title":"PRESIDENTIELLE - \u00a0La caution de Karim Wade d\u00e9pos\u00e9e d\u00e8s ce lundi","og_description":"NETTALI.COM - Le Parti d\u00e9mocratique s\u00e9n\u00e9galais (Pds) a d\u00e9cid\u00e9 de d\u00e9poser la caution de leur candidat \u00e0 la pr\u00e9sidentielle de 2024, Karim Wade. Le d\u00e9p\u00f4t va se faire ce lundi \u00e0 la Caisse des d\u00e9p\u00f4ts et consignations, conform\u00e9ment au Code \u00e9lectoral. Le parti d\u00e9mocratique s\u00e9n\u00e9galais (Pds) est \u00e0 fond dans la pr\u00e9paration de la pr\u00e9sidentielle [&hellip;]","og_url":"https:\/\/www.nettali.com\/2023\/11\/26\/presidentielle-la-caution-de-karim-wade-deposee-des-ce-lundi\/","og_site_name":"Nettali.com","article_publisher":"https:\/\/www.facebook.com\/nettalicom","article_published_time":"2023-11-26T14:31:36+00:00","article_modified_time":"2023-11-27T07:41:47+00:00","og_image":[{"width":1074,"height":567,"url":"https:\/\/www.nettali.com\/wp-content\/uploads\/2022\/08\/KARIM-WADE2-1080x900-1-e1685991429784.png","type":"image\/png"}],"twitter_card":"summary_large_image","twitter_misc":{"\u00c9crit par":"Daouda","Dur\u00e9e de lecture estim\u00e9e":"1 minute"},"schema":{"@context":"https:\/\/schema.org","@graph":[{"@type":"WebSite","@id":"https:\/\/www.nettali.com\/#website","url":"https:\/\/www.nettali.com\/","name":"Nettali.com","description":"Le rendez-vous critique du Net","potentialAction":[{"@type":"SearchAction","target":{"@type":"EntryPoint","urlTemplate":"https:\/\/www.nettali.com\/?s={search_term_string}"},"query-input":"required name=search_term_string"}],"inLanguage":"fr-FR"},{"@type":"ImageObject","@id":"https:\/\/www.nettali.com\/2023\/11\/26\/presidentielle-la-caution-de-karim-wade-deposee-des-ce-lundi\/#primaryimage","inLanguage":"fr-FR","url":"https:\/\/www.nettali.com\/wp-content\/uploads\/2022\/08\/KARIM-WADE2-1080x900-1-e1685991429784.png","contentUrl":"https:\/\/www.nettali.com\/wp-content\/uploads\/2022\/08\/KARIM-WADE2-1080x900-1-e1685991429784.png","width":1074,"height":567},{"@type":"WebPage","@id":"https:\/\/www.nettali.com\/2023\/11\/26\/presidentielle-la-caution-de-karim-wade-deposee-des-ce-lundi\/#webpage","url":"https:\/\/www.nettali.com\/2023\/11\/26\/presidentielle-la-caution-de-karim-wade-deposee-des-ce-lundi\/","name":"PRESIDENTIELLE - \u00a0La caution de Karim Wade d\u00e9pos\u00e9e d\u00e8s ce lundi | Nettali.com","isPartOf":{"@id":"https:\/\/www.nettali.com\/#website"},"primaryImageOfPage":{"@id":"https:\/\/www.nettali.com\/2023\/11\/26\/presidentielle-la-caution-de-karim-wade-deposee-des-ce-lundi\/#primaryimage"},"datePublished":"2023-11-26T14:31:36+00:00","dateModified":"2023-11-27T07:41:47+00:00","author":{"@id":"https:\/\/www.nettali.com\/#\/schema\/person\/3317e0bb3aa1da309fbf7b2780901bf4"},"breadcrumb":{"@id":"https:\/\/www.nettali.com\/2023\/11\/26\/presidentielle-la-caution-de-karim-wade-deposee-des-ce-lundi\/#breadcrumb"},"inLanguage":"fr-FR","potentialAction":[{"@type":"ReadAction","target":["https:\/\/www.nettali.com\/2023\/11\/26\/presidentielle-la-caution-de-karim-wade-deposee-des-ce-lundi\/"]}]},{"@type":"BreadcrumbList","@id":"https:\/\/www.nettali.com\/2023\/11\/26\/presidentielle-la-caution-de-karim-wade-deposee-des-ce-lundi\/#breadcrumb","itemListElement":[{"@type":"ListItem","position":1,"name":"Accueil","item":"https:\/\/www.nettali.com\/"},{"@type":"ListItem","position":2,"name":"PRESIDENTIELLE - \u00a0La caution de Karim Wade d\u00e9pos\u00e9e d\u00e8s ce lundi"}]},{"@type":"Person","@id":"https:\/\/www.nettali.com\/#\/schema\/person\/3317e0bb3aa1da309fbf7b2780901bf4","name":"Daouda","image":{"@type":"ImageObject","@id":"https:\/\/www.nettali.com\/#personlogo","inLanguage":"fr-FR","url":"https:\/\/secure.gravatar.com\/avatar\/8d143b5a49345098ddcfee1c49c2f47c?s=96&d=mm&r=g","contentUrl":"https:\/\/secure.gravatar.com\/avatar\/8d143b5a49345098ddcfee1c49c2f47c?s=96&d=mm&r=g","caption":"Daouda"},"sameAs":["https:\/\/www.nettali.com"]}]}},"_links":{"self":[{"href":"https:\/\/www.nettali.com\/rest\/wp\/v2\/posts\/122559"}],"collection":[{"href":"https:\/\/www.nettali.com\/rest\/wp\/v2\/posts"}],"about":[{"href":"https:\/\/www.nettali.com\/rest\/wp\/v2\/types\/post"}],"author":[{"embeddable":true,"href":"https:\/\/www.nettali.com\/rest\/wp\/v2\/users\/4"}],"replies":[{"embeddable":true,"href":"https:\/\/www.nettali.com\/rest\/wp\/v2\/comments?post=122559"}],"version-history":[{"count":1,"href":"https:\/\/www.nettali.com\/rest\/wp\/v2\/posts\/122559\/revisions"}],"predecessor-version":[{"id":122560,"href":"https:\/\/www.nettali.com\/rest\/wp\/v2\/posts\/122559\/revisions\/122560"}],"wp:featuredmedia":[{"embeddable":true,"href":"https:\/\/www.nettali.com\/rest\/wp\/v2\/media\/92505"}],"wp:attachment":[{"href":"https:\/\/www.nettali.com\/rest\/wp\/v2\/media?parent=122559"}],"wp:term":[{"taxonomy":"category","embeddable":true,"href":"https:\/\/www.nettali.com\/rest\/wp\/v2\/categories?post=122559"},{"taxonomy":"post_tag","embeddable":true,"href":"https:\/\/www.nettali.com\/rest\/wp\/v2\/tags?post=122559"}],"curies":[{"name":"wp","href":"https:\/\/api.w.org\/{rel}","templated":true}]}}