{"id":122549,"date":"2023-11-26T11:22:14","date_gmt":"2023-11-26T11:22:14","guid":{"rendered":"https:\/\/www.nettali.com\/?p=122549"},"modified":"2023-11-27T08:40:47","modified_gmt":"2023-11-27T08:40:47","slug":"mondial-u17-le-mali-defie-la-france-en-demi-finale","status":"publish","type":"post","link":"https:\/\/www.nettali.com\/2023\/11\/26\/mondial-u17-le-mali-defie-la-france-en-demi-finale\/","title":{"rendered":"MONDIAL U17 -  Le Mali d\u00e9fie la France en demi-finale"},"content":{"rendered":"<p><strong>NETTALI.COM - Apr\u00e8s le Burkina Faso, le S\u00e9n\u00e9gal, le Mali sera le prochain adversaire africain \u00e0 d\u00e9fier la France. Ce sera lors des demi-finales de la Coupe du monde de la cat\u00e9gorie des moins de 17 ans, pr\u00e9vues mardi 28 novembre. Les Aiglonnets sont venus \u00e0 bout des Lionceaux de l\u2019Atlas en quart de finale ce samedi 25 novembre au Manahan Stadium, en Indon\u00e9sie.<\/strong><\/p>\n<p>Les hommes de Soumaila Coulibaly se sont impos\u00e9s sur le plus petit des scores (1-0) gr\u00e2ce \u00e0 un penalty transform\u00e9 par le capitaine Ibrahim Diarra \u00e0 la 81\u00e8me minute de jeu. La France a battu l\u2019Ouzb\u00e9kistan un peu plut\u00f4t ce samedi sur le m\u00eame score. Les Aigles vont essayer de venger les Lionceaux du S\u00e9n\u00e9gal, \u00e9limin\u00e9s aux tirs au but par les Bluets lors des huiti\u00e8mes de finale.<\/p>\n<div class='share-to-whatsapp-wrapper'><div class='share-on-whsp'>PARTAGER SUR : <\/div><a data-text='MONDIAL U17 -  Le Mali d\u00e9fie la France en demi-finale' data-link='https:\/\/www.nettali.com\/2023\/11\/26\/mondial-u17-le-mali-defie-la-france-en-demi-finale\/' class='whatsapp-button whatsapp-share'>WhatsApp<\/a><div class='clear '><\/div><\/div>","protected":false},"excerpt":{"rendered":"<p>NETTALI.COM - Apr\u00e8s le Burkina Faso, le S\u00e9n\u00e9gal, le Mali sera le prochain adversaire africain \u00e0 d\u00e9fier la France. Ce sera lors des demi-finales de la Coupe du monde de la cat\u00e9gorie des moins de 17 ans, pr\u00e9vues mardi 28 novembre. Les Aiglonnets sont venus \u00e0 bout des Lionceaux de l\u2019Atlas en quart de finale [&hellip;]<\/p>\n","protected":false},"author":5,"featured_media":122550,"comment_status":"open","ping_status":"open","sticky":false,"template":"","format":"standard","meta":{"_et_pb_use_builder":"","_et_pb_old_content":""},"categories":[6],"tags":[],"yoast_head":"<!-- This site is optimized with the Yoast SEO Premium plugin v17.8 (Yoast SEO v17.8) - https:\/\/yoast.com\/wordpress\/plugins\/seo\/ -->\n<title>MONDIAL U17 - Le Mali d\u00e9fie la France en demi-finale | Nettali.com<\/title>\n<meta name=\"robots\" content=\"index, follow, max-snippet:-1, max-image-preview:large, max-video-preview:-1\" \/>\n<link rel=\"canonical\" href=\"https:\/\/www.nettali.com\/2023\/11\/26\/mondial-u17-le-mali-defie-la-france-en-demi-finale\/\" \/>\n<meta property=\"og:locale\" content=\"fr_FR\" \/>\n<meta property=\"og:type\" content=\"article\" \/>\n<meta property=\"og:title\" content=\"MONDIAL U17 - Le Mali d\u00e9fie la France en demi-finale\" \/>\n<meta property=\"og:description\" content=\"NETTALI.COM - Apr\u00e8s le Burkina Faso, le S\u00e9n\u00e9gal, le Mali sera le prochain adversaire africain \u00e0 d\u00e9fier la France. Ce sera lors des demi-finales de la Coupe du monde de la cat\u00e9gorie des moins de 17 ans, pr\u00e9vues mardi 28 novembre. Les Aiglonnets sont venus \u00e0 bout des Lionceaux de l\u2019Atlas en quart de finale [&hellip;]\" \/>\n<meta property=\"og:url\" content=\"https:\/\/www.nettali.com\/2023\/11\/26\/mondial-u17-le-mali-defie-la-france-en-demi-finale\/\" \/>\n<meta property=\"og:site_name\" content=\"Nettali.com\" \/>\n<meta property=\"article:publisher\" content=\"https:\/\/www.facebook.com\/nettalicom\" \/>\n<meta property=\"article:published_time\" content=\"2023-11-26T11:22:14+00:00\" \/>\n<meta property=\"article:modified_time\" content=\"2023-11-27T08:40:47+00:00\" \/>\n<meta property=\"og:image\" content=\"https:\/\/www.nettali.com\/wp-content\/uploads\/2023\/11\/mali-u17.jpg\" \/>\n\t<meta property=\"og:image:width\" content=\"810\" \/>\n\t<meta property=\"og:image:height\" content=\"580\" \/>\n<meta name=\"twitter:card\" content=\"summary_large_image\" \/>\n<meta name=\"twitter:label1\" content=\"\u00c9crit par\" \/>\n\t<meta name=\"twitter:data1\" content=\"Ibrahima\" \/>\n\t<meta name=\"twitter:label2\" content=\"Dur\u00e9e de lecture estim\u00e9e\" \/>\n\t<meta name=\"twitter:data2\" content=\"1 minute\" \/>\n<script type=\"application\/ld+json\" class=\"yoast-schema-graph\">{\"@context\":\"https:\/\/schema.org\",\"@graph\":[{\"@type\":\"WebSite\",\"@id\":\"https:\/\/www.nettali.com\/#website\",\"url\":\"https:\/\/www.nettali.com\/\",\"name\":\"Nettali.com\",\"description\":\"Le rendez-vous critique du Net\",\"potentialAction\":[{\"@type\":\"SearchAction\",\"target\":{\"@type\":\"EntryPoint\",\"urlTemplate\":\"https:\/\/www.nettali.com\/?s={search_term_string}\"},\"query-input\":\"required name=search_term_string\"}],\"inLanguage\":\"fr-FR\"},{\"@type\":\"ImageObject\",\"@id\":\"https:\/\/www.nettali.com\/2023\/11\/26\/mondial-u17-le-mali-defie-la-france-en-demi-finale\/#primaryimage\",\"inLanguage\":\"fr-FR\",\"url\":\"https:\/\/www.nettali.com\/wp-content\/uploads\/2023\/11\/mali-u17.jpg\",\"contentUrl\":\"https:\/\/www.nettali.com\/wp-content\/uploads\/2023\/11\/mali-u17.jpg\",\"width\":810,\"height\":580},{\"@type\":\"WebPage\",\"@id\":\"https:\/\/www.nettali.com\/2023\/11\/26\/mondial-u17-le-mali-defie-la-france-en-demi-finale\/#webpage\",\"url\":\"https:\/\/www.nettali.com\/2023\/11\/26\/mondial-u17-le-mali-defie-la-france-en-demi-finale\/\",\"name\":\"MONDIAL U17 - Le Mali d\\u00e9fie la France en demi-finale | Nettali.com\",\"isPartOf\":{\"@id\":\"https:\/\/www.nettali.com\/#website\"},\"primaryImageOfPage\":{\"@id\":\"https:\/\/www.nettali.com\/2023\/11\/26\/mondial-u17-le-mali-defie-la-france-en-demi-finale\/#primaryimage\"},\"datePublished\":\"2023-11-26T11:22:14+00:00\",\"dateModified\":\"2023-11-27T08:40:47+00:00\",\"author\":{\"@id\":\"https:\/\/www.nettali.com\/#\/schema\/person\/bb147657c2986240405a608162b9bb23\"},\"breadcrumb\":{\"@id\":\"https:\/\/www.nettali.com\/2023\/11\/26\/mondial-u17-le-mali-defie-la-france-en-demi-finale\/#breadcrumb\"},\"inLanguage\":\"fr-FR\",\"potentialAction\":[{\"@type\":\"ReadAction\",\"target\":[\"https:\/\/www.nettali.com\/2023\/11\/26\/mondial-u17-le-mali-defie-la-france-en-demi-finale\/\"]}]},{\"@type\":\"BreadcrumbList\",\"@id\":\"https:\/\/www.nettali.com\/2023\/11\/26\/mondial-u17-le-mali-defie-la-france-en-demi-finale\/#breadcrumb\",\"itemListElement\":[{\"@type\":\"ListItem\",\"position\":1,\"name\":\"Accueil\",\"item\":\"https:\/\/www.nettali.com\/\"},{\"@type\":\"ListItem\",\"position\":2,\"name\":\"MONDIAL U17 - Le Mali d\\u00e9fie la France en demi-finale\"}]},{\"@type\":\"Person\",\"@id\":\"https:\/\/www.nettali.com\/#\/schema\/person\/bb147657c2986240405a608162b9bb23\",\"name\":\"Ibrahima\",\"image\":{\"@type\":\"ImageObject\",\"@id\":\"https:\/\/www.nettali.com\/#personlogo\",\"inLanguage\":\"fr-FR\",\"url\":\"https:\/\/secure.gravatar.com\/avatar\/26a8a81f09f0dd7624c9d5c36c9ba3a2?s=96&d=mm&r=g\",\"contentUrl\":\"https:\/\/secure.gravatar.com\/avatar\/26a8a81f09f0dd7624c9d5c36c9ba3a2?s=96&d=mm&r=g\",\"caption\":\"Ibrahima\"},\"sameAs\":[\"https:\/\/www.nettali.com\"]}]}<\/script>\n<!-- \/ Yoast SEO Premium plugin. -->","yoast_head_json":{"title":"MONDIAL U17 - Le Mali d\u00e9fie la France en demi-finale | Nettali.com","robots":{"index":"index","follow":"follow","max-snippet":"max-snippet:-1","max-image-preview":"max-image-preview:large","max-video-preview":"max-video-preview:-1"},"canonical":"https:\/\/www.nettali.com\/2023\/11\/26\/mondial-u17-le-mali-defie-la-france-en-demi-finale\/","og_locale":"fr_FR","og_type":"article","og_title":"MONDIAL U17 - Le Mali d\u00e9fie la France en demi-finale","og_description":"NETTALI.COM - Apr\u00e8s le Burkina Faso, le S\u00e9n\u00e9gal, le Mali sera le prochain adversaire africain \u00e0 d\u00e9fier la France. Ce sera lors des demi-finales de la Coupe du monde de la cat\u00e9gorie des moins de 17 ans, pr\u00e9vues mardi 28 novembre. Les Aiglonnets sont venus \u00e0 bout des Lionceaux de l\u2019Atlas en quart de finale [&hellip;]","og_url":"https:\/\/www.nettali.com\/2023\/11\/26\/mondial-u17-le-mali-defie-la-france-en-demi-finale\/","og_site_name":"Nettali.com","article_publisher":"https:\/\/www.facebook.com\/nettalicom","article_published_time":"2023-11-26T11:22:14+00:00","article_modified_time":"2023-11-27T08:40:47+00:00","og_image":[{"width":810,"height":580,"url":"https:\/\/www.nettali.com\/wp-content\/uploads\/2023\/11\/mali-u17.jpg","type":"image\/jpeg"}],"twitter_card":"summary_large_image","twitter_misc":{"\u00c9crit par":"Ibrahima","Dur\u00e9e de lecture estim\u00e9e":"1 minute"},"schema":{"@context":"https:\/\/schema.org","@graph":[{"@type":"WebSite","@id":"https:\/\/www.nettali.com\/#website","url":"https:\/\/www.nettali.com\/","name":"Nettali.com","description":"Le rendez-vous critique du Net","potentialAction":[{"@type":"SearchAction","target":{"@type":"EntryPoint","urlTemplate":"https:\/\/www.nettali.com\/?s={search_term_string}"},"query-input":"required name=search_term_string"}],"inLanguage":"fr-FR"},{"@type":"ImageObject","@id":"https:\/\/www.nettali.com\/2023\/11\/26\/mondial-u17-le-mali-defie-la-france-en-demi-finale\/#primaryimage","inLanguage":"fr-FR","url":"https:\/\/www.nettali.com\/wp-content\/uploads\/2023\/11\/mali-u17.jpg","contentUrl":"https:\/\/www.nettali.com\/wp-content\/uploads\/2023\/11\/mali-u17.jpg","width":810,"height":580},{"@type":"WebPage","@id":"https:\/\/www.nettali.com\/2023\/11\/26\/mondial-u17-le-mali-defie-la-france-en-demi-finale\/#webpage","url":"https:\/\/www.nettali.com\/2023\/11\/26\/mondial-u17-le-mali-defie-la-france-en-demi-finale\/","name":"MONDIAL U17 - Le Mali d\u00e9fie la France en demi-finale | Nettali.com","isPartOf":{"@id":"https:\/\/www.nettali.com\/#website"},"primaryImageOfPage":{"@id":"https:\/\/www.nettali.com\/2023\/11\/26\/mondial-u17-le-mali-defie-la-france-en-demi-finale\/#primaryimage"},"datePublished":"2023-11-26T11:22:14+00:00","dateModified":"2023-11-27T08:40:47+00:00","author":{"@id":"https:\/\/www.nettali.com\/#\/schema\/person\/bb147657c2986240405a608162b9bb23"},"breadcrumb":{"@id":"https:\/\/www.nettali.com\/2023\/11\/26\/mondial-u17-le-mali-defie-la-france-en-demi-finale\/#breadcrumb"},"inLanguage":"fr-FR","potentialAction":[{"@type":"ReadAction","target":["https:\/\/www.nettali.com\/2023\/11\/26\/mondial-u17-le-mali-defie-la-france-en-demi-finale\/"]}]},{"@type":"BreadcrumbList","@id":"https:\/\/www.nettali.com\/2023\/11\/26\/mondial-u17-le-mali-defie-la-france-en-demi-finale\/#breadcrumb","itemListElement":[{"@type":"ListItem","position":1,"name":"Accueil","item":"https:\/\/www.nettali.com\/"},{"@type":"ListItem","position":2,"name":"MONDIAL U17 - Le Mali d\u00e9fie la France en demi-finale"}]},{"@type":"Person","@id":"https:\/\/www.nettali.com\/#\/schema\/person\/bb147657c2986240405a608162b9bb23","name":"Ibrahima","image":{"@type":"ImageObject","@id":"https:\/\/www.nettali.com\/#personlogo","inLanguage":"fr-FR","url":"https:\/\/secure.gravatar.com\/avatar\/26a8a81f09f0dd7624c9d5c36c9ba3a2?s=96&d=mm&r=g","contentUrl":"https:\/\/secure.gravatar.com\/avatar\/26a8a81f09f0dd7624c9d5c36c9ba3a2?s=96&d=mm&r=g","caption":"Ibrahima"},"sameAs":["https:\/\/www.nettali.com"]}]}},"_links":{"self":[{"href":"https:\/\/www.nettali.com\/rest\/wp\/v2\/posts\/122549"}],"collection":[{"href":"https:\/\/www.nettali.com\/rest\/wp\/v2\/posts"}],"about":[{"href":"https:\/\/www.nettali.com\/rest\/wp\/v2\/types\/post"}],"author":[{"embeddable":true,"href":"https:\/\/www.nettali.com\/rest\/wp\/v2\/users\/5"}],"replies":[{"embeddable":true,"href":"https:\/\/www.nettali.com\/rest\/wp\/v2\/comments?post=122549"}],"version-history":[{"count":2,"href":"https:\/\/www.nettali.com\/rest\/wp\/v2\/posts\/122549\/revisions"}],"predecessor-version":[{"id":122552,"href":"https:\/\/www.nettali.com\/rest\/wp\/v2\/posts\/122549\/revisions\/122552"}],"wp:featuredmedia":[{"embeddable":true,"href":"https:\/\/www.nettali.com\/rest\/wp\/v2\/media\/122550"}],"wp:attachment":[{"href":"https:\/\/www.nettali.com\/rest\/wp\/v2\/media?parent=122549"}],"wp:term":[{"taxonomy":"category","embeddable":true,"href":"https:\/\/www.nettali.com\/rest\/wp\/v2\/categories?post=122549"},{"taxonomy":"post_tag","embeddable":true,"href":"https:\/\/www.nettali.com\/rest\/wp\/v2\/tags?post=122549"}],"curies":[{"name":"wp","href":"https:\/\/api.w.org\/{rel}","templated":true}]}}