{"id":122516,"date":"2023-11-25T10:34:05","date_gmt":"2023-11-25T10:34:05","guid":{"rendered":"https:\/\/www.nettali.com\/?p=122516"},"modified":"2023-11-25T10:34:05","modified_gmt":"2023-11-25T10:34:05","slug":"arizona-derek-chauvin-le-policier-qui-a-tue-george-floyd-poignarde-en-prison","status":"publish","type":"post","link":"https:\/\/www.nettali.com\/2023\/11\/25\/arizona-derek-chauvin-le-policier-qui-a-tue-george-floyd-poignarde-en-prison\/","title":{"rendered":"ARIZONA - Derek Chauvin, le policier qui a tu\u00e9 George Floyd, poignard\u00e9 en prison"},"content":{"rendered":"<header class=\"article-header \" data-column=\"full\">\n<p class=\"article-chapo \"><strong>NETTALI.COM - Derek Chauvin est celui qui avait maintenu son genou sur le cou de George Floyd. Reconnu coupable de meurtre, il a \u00e9t\u00e9 condamn\u00e9 \u00e0 22 ans et demi de d\u00e9tention.<\/strong><\/p>\n<\/header>\n<div class=\"article-text\">\n<div class=\"article-content\">\n<p class=\"asset asset-text\">Derek Chauvin, le policier meurtrier\u00a0de l\u2019Afro-am\u00e9ricain George Floyd dont\u00a0la mort\u00a0avait provoqu\u00e9 un\u00a0grand mouvement antiraciste\u00a0aux \u00c9tats-Unis, a \u00e9t\u00e9 poignard\u00e9 et bless\u00e9 dans une prison f\u00e9d\u00e9rale du sud-ouest du pays, a annonc\u00e9 le\u00a0<em>New York Times<\/em> vendredi soir. Une information depuis confirm\u00e9e par l\u2019agence Associated Press et CNN.<\/p>\n<p class=\"asset asset-text\">Le 25\u00a0mai\u00a02020, le policier blanc, alors agent chevronn\u00e9 de la police de Minneapolis (nord), \u00e9tait rest\u00e9 agenouill\u00e9 pendant pr\u00e8s de dix minutes sur le cou de George Floyd, \u00e2g\u00e9 de 46\u00a0ans, et \u00e9tait rest\u00e9 indiff\u00e9rent aux interventions de passants choqu\u00e9s et aux r\u00e2les du quadrag\u00e9naire.<\/p>\n<div class=\"ads ads-inreadArticle\">\n<div class=\"ads-content\">\n<div id=\"inread_top\" class=\"dfp-slot\" data-format=\"inread_top\" aria-hidden=\"true\" data-google-query-id=\"CJewybX43oIDFX5SHQkdsgMAoQ\">\n<div id=\"google_ads_iframe_\/128139881\/HUFF_huffpost\/international\/international\/article\/inread_top_0__container__\">Derek Chauvin, 47 ans,\u00a0<em>\u00ab\u00a0a \u00e9t\u00e9 poignard\u00e9 vendredi dans une prison f\u00e9d\u00e9rale \u00e0 Tucson, en Arizona\u00a0\u00bb<\/em>, selon\u00a0<em>\u00ab\u00a0deux personnes au fait de cette affaire\u00a0\u00bb<\/em>, \u00e9crit le New York Times.\u00a0<em>\u00ab\u00a0Derek Chauvin a surv\u00e9cu \u00e0 l\u2019attaque\u00a0\u00bb<\/em>, ajoute le quotidien am\u00e9ricain, s\u2019appuyant sur l\u2019une de ces personnes.<\/div>\n<\/div>\n<\/div>\n<\/div>\n<p class=\"asset asset-text\">Les autorit\u00e9s p\u00e9nitentiaires f\u00e9d\u00e9rales am\u00e9ricaines ont transmis une d\u00e9claration \u00e0 l\u2019AFP confirmant une\u00a0<em>\u00ab\u00a0agression\u00a0\u00bb<\/em>\u00a0sans toutefois pr\u00e9ciser le nom de la victime.<\/p>\n<p class=\"asset asset-text\">Des employ\u00e9s de la prison\u00a0<em>\u00ab\u00a0ont pris des mesures pour sauver la vie d\u2019une personne incarc\u00e9r\u00e9e\u00a0\u00bb<\/em>\u00a0et les services m\u00e9dicaux d\u2019urgence\u00a0<em>\u00ab\u00a0ont \u00e9t\u00e9 sollicit\u00e9s\u00a0\u00bb<\/em>, d\u00e9clarent les autorit\u00e9s p\u00e9nitentiaires, dans ce communiqu\u00e9. Le d\u00e9tenu a \u00e9t\u00e9 transport\u00e9\u00a0<em>\u00ab\u00a0vers un h\u00f4pital local pour y \u00eatre soign\u00e9 et examin\u00e9\u00a0\u00bb<\/em>, ajoutent-elles.<\/p>\n<h2 id=\"3659222\" class=\"ci-subtitle\">Derek Chauvin condamn\u00e9 \u00e0 22\u00a0ans et demi de prison<\/h2>\n<p class=\"asset asset-text\">La mort de George Floyd avait provoqu\u00e9 de grandes manifestations aux \u00c9tats-Unis et \u00e0 travers le monde contre le racisme et les violences polici\u00e8res sous le slogan\u00a0<em>\u00ab\u00a0Black Lives Matter\u00a0\u00bb<\/em>\u00a0(\u00ab\u00a0La Vie des Noirs Compte, ndlr).<\/p>\n<p class=\"asset asset-text\">Selon la sc\u00e8ne film\u00e9e et mise en ligne, Derek Chauvin avait maintenu son genou sur le cou de George Floyd, m\u00eame une fois le quadrag\u00e9naire noir \u00e9vanoui et son pouls devenu ind\u00e9tectable. Deux autres policiers avaient aid\u00e9 \u00e0 le maintenir au sol.<\/p>\n<p class=\"asset asset-text\">Il a \u00e9t\u00e9 reconnu coupable de meurtre par la justice de l\u2019\u00c9tat du Minnesota \u00e0 l\u2019issue d\u2019un proc\u00e8s tr\u00e8s suivi en 2021 et condamn\u00e9 \u00e0 22 ans et demi de d\u00e9tention.<\/p>\n<p class=\"asset asset-text\">La Cour supr\u00eame des \u00c9tats-Unis a rejet\u00e9 la semaine derni\u00e8re l\u2019appel de Derek Chauvin contre cette condamnation.<\/p>\n<\/div>\n<\/div>\n<div class='share-to-whatsapp-wrapper'><div class='share-on-whsp'>PARTAGER SUR : <\/div><a data-text='ARIZONA - Derek Chauvin, le policier qui a tu\u00e9 George Floyd, poignard\u00e9 en prison' data-link='https:\/\/www.nettali.com\/2023\/11\/25\/arizona-derek-chauvin-le-policier-qui-a-tue-george-floyd-poignarde-en-prison\/' class='whatsapp-button whatsapp-share'>WhatsApp<\/a><div class='clear '><\/div><\/div>","protected":false},"excerpt":{"rendered":"<p>NETTALI.COM - Derek Chauvin est celui qui avait maintenu son genou sur le cou de George Floyd. Reconnu coupable de meurtre, il a \u00e9t\u00e9 condamn\u00e9 \u00e0 22 ans et demi de d\u00e9tention. Derek Chauvin, le policier meurtrier\u00a0de l\u2019Afro-am\u00e9ricain George Floyd dont\u00a0la mort\u00a0avait provoqu\u00e9 un\u00a0grand mouvement antiraciste\u00a0aux \u00c9tats-Unis, a \u00e9t\u00e9 poignard\u00e9 et bless\u00e9 dans une prison [&hellip;]<\/p>\n","protected":false},"author":4,"featured_media":122517,"comment_status":"open","ping_status":"open","sticky":false,"template":"","format":"standard","meta":{"_et_pb_use_builder":"","_et_pb_old_content":""},"categories":[3],"tags":[],"yoast_head":"<!-- This site is optimized with the Yoast SEO Premium plugin v17.8 (Yoast SEO v17.8) - https:\/\/yoast.com\/wordpress\/plugins\/seo\/ -->\n<title>ARIZONA - Derek Chauvin, le policier qui a tu\u00e9 George Floyd, poignard\u00e9 en prison | Nettali.com<\/title>\n<meta name=\"robots\" content=\"index, follow, max-snippet:-1, max-image-preview:large, max-video-preview:-1\" \/>\n<link rel=\"canonical\" href=\"https:\/\/www.nettali.com\/2023\/11\/25\/arizona-derek-chauvin-le-policier-qui-a-tue-george-floyd-poignarde-en-prison\/\" \/>\n<meta property=\"og:locale\" content=\"fr_FR\" \/>\n<meta property=\"og:type\" content=\"article\" \/>\n<meta property=\"og:title\" content=\"ARIZONA - Derek Chauvin, le policier qui a tu\u00e9 George Floyd, poignard\u00e9 en prison\" \/>\n<meta property=\"og:description\" content=\"NETTALI.COM - Derek Chauvin est celui qui avait maintenu son genou sur le cou de George Floyd. Reconnu coupable de meurtre, il a \u00e9t\u00e9 condamn\u00e9 \u00e0 22 ans et demi de d\u00e9tention. Derek Chauvin, le policier meurtrier\u00a0de l\u2019Afro-am\u00e9ricain George Floyd dont\u00a0la mort\u00a0avait provoqu\u00e9 un\u00a0grand mouvement antiraciste\u00a0aux \u00c9tats-Unis, a \u00e9t\u00e9 poignard\u00e9 et bless\u00e9 dans une prison [&hellip;]\" \/>\n<meta property=\"og:url\" content=\"https:\/\/www.nettali.com\/2023\/11\/25\/arizona-derek-chauvin-le-policier-qui-a-tue-george-floyd-poignarde-en-prison\/\" \/>\n<meta property=\"og:site_name\" content=\"Nettali.com\" \/>\n<meta property=\"article:publisher\" content=\"https:\/\/www.facebook.com\/nettalicom\" \/>\n<meta property=\"article:published_time\" content=\"2023-11-25T10:34:05+00:00\" \/>\n<meta property=\"og:image\" content=\"https:\/\/www.nettali.com\/wp-content\/uploads\/2023\/11\/Capture-de\u0301cran-2023-11-25-a\u0300-10.33.19.png\" \/>\n\t<meta property=\"og:image:width\" content=\"806\" \/>\n\t<meta property=\"og:image:height\" content=\"399\" \/>\n<meta name=\"twitter:card\" content=\"summary_large_image\" \/>\n<meta name=\"twitter:label1\" content=\"\u00c9crit par\" \/>\n\t<meta name=\"twitter:data1\" content=\"Daouda\" \/>\n\t<meta name=\"twitter:label2\" content=\"Dur\u00e9e de lecture estim\u00e9e\" \/>\n\t<meta name=\"twitter:data2\" content=\"2 minutes\" \/>\n<script type=\"application\/ld+json\" class=\"yoast-schema-graph\">{\"@context\":\"https:\/\/schema.org\",\"@graph\":[{\"@type\":\"WebSite\",\"@id\":\"https:\/\/www.nettali.com\/#website\",\"url\":\"https:\/\/www.nettali.com\/\",\"name\":\"Nettali.com\",\"description\":\"Le rendez-vous critique du Net\",\"potentialAction\":[{\"@type\":\"SearchAction\",\"target\":{\"@type\":\"EntryPoint\",\"urlTemplate\":\"https:\/\/www.nettali.com\/?s={search_term_string}\"},\"query-input\":\"required name=search_term_string\"}],\"inLanguage\":\"fr-FR\"},{\"@type\":\"ImageObject\",\"@id\":\"https:\/\/www.nettali.com\/2023\/11\/25\/arizona-derek-chauvin-le-policier-qui-a-tue-george-floyd-poignarde-en-prison\/#primaryimage\",\"inLanguage\":\"fr-FR\",\"url\":\"https:\/\/www.nettali.com\/wp-content\/uploads\/2023\/11\/Capture-de\\u0301cran-2023-11-25-a\\u0300-10.33.19.png\",\"contentUrl\":\"https:\/\/www.nettali.com\/wp-content\/uploads\/2023\/11\/Capture-de\\u0301cran-2023-11-25-a\\u0300-10.33.19.png\",\"width\":806,\"height\":399},{\"@type\":\"WebPage\",\"@id\":\"https:\/\/www.nettali.com\/2023\/11\/25\/arizona-derek-chauvin-le-policier-qui-a-tue-george-floyd-poignarde-en-prison\/#webpage\",\"url\":\"https:\/\/www.nettali.com\/2023\/11\/25\/arizona-derek-chauvin-le-policier-qui-a-tue-george-floyd-poignarde-en-prison\/\",\"name\":\"ARIZONA - Derek Chauvin, le policier qui a tu\\u00e9 George Floyd, poignard\\u00e9 en prison | Nettali.com\",\"isPartOf\":{\"@id\":\"https:\/\/www.nettali.com\/#website\"},\"primaryImageOfPage\":{\"@id\":\"https:\/\/www.nettali.com\/2023\/11\/25\/arizona-derek-chauvin-le-policier-qui-a-tue-george-floyd-poignarde-en-prison\/#primaryimage\"},\"datePublished\":\"2023-11-25T10:34:05+00:00\",\"dateModified\":\"2023-11-25T10:34:05+00:00\",\"author\":{\"@id\":\"https:\/\/www.nettali.com\/#\/schema\/person\/3317e0bb3aa1da309fbf7b2780901bf4\"},\"breadcrumb\":{\"@id\":\"https:\/\/www.nettali.com\/2023\/11\/25\/arizona-derek-chauvin-le-policier-qui-a-tue-george-floyd-poignarde-en-prison\/#breadcrumb\"},\"inLanguage\":\"fr-FR\",\"potentialAction\":[{\"@type\":\"ReadAction\",\"target\":[\"https:\/\/www.nettali.com\/2023\/11\/25\/arizona-derek-chauvin-le-policier-qui-a-tue-george-floyd-poignarde-en-prison\/\"]}]},{\"@type\":\"BreadcrumbList\",\"@id\":\"https:\/\/www.nettali.com\/2023\/11\/25\/arizona-derek-chauvin-le-policier-qui-a-tue-george-floyd-poignarde-en-prison\/#breadcrumb\",\"itemListElement\":[{\"@type\":\"ListItem\",\"position\":1,\"name\":\"Accueil\",\"item\":\"https:\/\/www.nettali.com\/\"},{\"@type\":\"ListItem\",\"position\":2,\"name\":\"ARIZONA - Derek Chauvin, le policier qui a tu\\u00e9 George Floyd, poignard\\u00e9 en prison\"}]},{\"@type\":\"Person\",\"@id\":\"https:\/\/www.nettali.com\/#\/schema\/person\/3317e0bb3aa1da309fbf7b2780901bf4\",\"name\":\"Daouda\",\"image\":{\"@type\":\"ImageObject\",\"@id\":\"https:\/\/www.nettali.com\/#personlogo\",\"inLanguage\":\"fr-FR\",\"url\":\"https:\/\/secure.gravatar.com\/avatar\/8d143b5a49345098ddcfee1c49c2f47c?s=96&d=mm&r=g\",\"contentUrl\":\"https:\/\/secure.gravatar.com\/avatar\/8d143b5a49345098ddcfee1c49c2f47c?s=96&d=mm&r=g\",\"caption\":\"Daouda\"},\"sameAs\":[\"https:\/\/www.nettali.com\"]}]}<\/script>\n<!-- \/ Yoast SEO Premium plugin. -->","yoast_head_json":{"title":"ARIZONA - Derek Chauvin, le policier qui a tu\u00e9 George Floyd, poignard\u00e9 en prison | Nettali.com","robots":{"index":"index","follow":"follow","max-snippet":"max-snippet:-1","max-image-preview":"max-image-preview:large","max-video-preview":"max-video-preview:-1"},"canonical":"https:\/\/www.nettali.com\/2023\/11\/25\/arizona-derek-chauvin-le-policier-qui-a-tue-george-floyd-poignarde-en-prison\/","og_locale":"fr_FR","og_type":"article","og_title":"ARIZONA - Derek Chauvin, le policier qui a tu\u00e9 George Floyd, poignard\u00e9 en prison","og_description":"NETTALI.COM - Derek Chauvin est celui qui avait maintenu son genou sur le cou de George Floyd. Reconnu coupable de meurtre, il a \u00e9t\u00e9 condamn\u00e9 \u00e0 22 ans et demi de d\u00e9tention. Derek Chauvin, le policier meurtrier\u00a0de l\u2019Afro-am\u00e9ricain George Floyd dont\u00a0la mort\u00a0avait provoqu\u00e9 un\u00a0grand mouvement antiraciste\u00a0aux \u00c9tats-Unis, a \u00e9t\u00e9 poignard\u00e9 et bless\u00e9 dans une prison [&hellip;]","og_url":"https:\/\/www.nettali.com\/2023\/11\/25\/arizona-derek-chauvin-le-policier-qui-a-tue-george-floyd-poignarde-en-prison\/","og_site_name":"Nettali.com","article_publisher":"https:\/\/www.facebook.com\/nettalicom","article_published_time":"2023-11-25T10:34:05+00:00","og_image":[{"width":806,"height":399,"url":"https:\/\/www.nettali.com\/wp-content\/uploads\/2023\/11\/Capture-de\u0301cran-2023-11-25-a\u0300-10.33.19.png","type":"image\/png"}],"twitter_card":"summary_large_image","twitter_misc":{"\u00c9crit par":"Daouda","Dur\u00e9e de lecture estim\u00e9e":"2 minutes"},"schema":{"@context":"https:\/\/schema.org","@graph":[{"@type":"WebSite","@id":"https:\/\/www.nettali.com\/#website","url":"https:\/\/www.nettali.com\/","name":"Nettali.com","description":"Le rendez-vous critique du Net","potentialAction":[{"@type":"SearchAction","target":{"@type":"EntryPoint","urlTemplate":"https:\/\/www.nettali.com\/?s={search_term_string}"},"query-input":"required name=search_term_string"}],"inLanguage":"fr-FR"},{"@type":"ImageObject","@id":"https:\/\/www.nettali.com\/2023\/11\/25\/arizona-derek-chauvin-le-policier-qui-a-tue-george-floyd-poignarde-en-prison\/#primaryimage","inLanguage":"fr-FR","url":"https:\/\/www.nettali.com\/wp-content\/uploads\/2023\/11\/Capture-de\u0301cran-2023-11-25-a\u0300-10.33.19.png","contentUrl":"https:\/\/www.nettali.com\/wp-content\/uploads\/2023\/11\/Capture-de\u0301cran-2023-11-25-a\u0300-10.33.19.png","width":806,"height":399},{"@type":"WebPage","@id":"https:\/\/www.nettali.com\/2023\/11\/25\/arizona-derek-chauvin-le-policier-qui-a-tue-george-floyd-poignarde-en-prison\/#webpage","url":"https:\/\/www.nettali.com\/2023\/11\/25\/arizona-derek-chauvin-le-policier-qui-a-tue-george-floyd-poignarde-en-prison\/","name":"ARIZONA - Derek Chauvin, le policier qui a tu\u00e9 George Floyd, poignard\u00e9 en prison | Nettali.com","isPartOf":{"@id":"https:\/\/www.nettali.com\/#website"},"primaryImageOfPage":{"@id":"https:\/\/www.nettali.com\/2023\/11\/25\/arizona-derek-chauvin-le-policier-qui-a-tue-george-floyd-poignarde-en-prison\/#primaryimage"},"datePublished":"2023-11-25T10:34:05+00:00","dateModified":"2023-11-25T10:34:05+00:00","author":{"@id":"https:\/\/www.nettali.com\/#\/schema\/person\/3317e0bb3aa1da309fbf7b2780901bf4"},"breadcrumb":{"@id":"https:\/\/www.nettali.com\/2023\/11\/25\/arizona-derek-chauvin-le-policier-qui-a-tue-george-floyd-poignarde-en-prison\/#breadcrumb"},"inLanguage":"fr-FR","potentialAction":[{"@type":"ReadAction","target":["https:\/\/www.nettali.com\/2023\/11\/25\/arizona-derek-chauvin-le-policier-qui-a-tue-george-floyd-poignarde-en-prison\/"]}]},{"@type":"BreadcrumbList","@id":"https:\/\/www.nettali.com\/2023\/11\/25\/arizona-derek-chauvin-le-policier-qui-a-tue-george-floyd-poignarde-en-prison\/#breadcrumb","itemListElement":[{"@type":"ListItem","position":1,"name":"Accueil","item":"https:\/\/www.nettali.com\/"},{"@type":"ListItem","position":2,"name":"ARIZONA - Derek Chauvin, le policier qui a tu\u00e9 George Floyd, poignard\u00e9 en prison"}]},{"@type":"Person","@id":"https:\/\/www.nettali.com\/#\/schema\/person\/3317e0bb3aa1da309fbf7b2780901bf4","name":"Daouda","image":{"@type":"ImageObject","@id":"https:\/\/www.nettali.com\/#personlogo","inLanguage":"fr-FR","url":"https:\/\/secure.gravatar.com\/avatar\/8d143b5a49345098ddcfee1c49c2f47c?s=96&d=mm&r=g","contentUrl":"https:\/\/secure.gravatar.com\/avatar\/8d143b5a49345098ddcfee1c49c2f47c?s=96&d=mm&r=g","caption":"Daouda"},"sameAs":["https:\/\/www.nettali.com"]}]}},"_links":{"self":[{"href":"https:\/\/www.nettali.com\/rest\/wp\/v2\/posts\/122516"}],"collection":[{"href":"https:\/\/www.nettali.com\/rest\/wp\/v2\/posts"}],"about":[{"href":"https:\/\/www.nettali.com\/rest\/wp\/v2\/types\/post"}],"author":[{"embeddable":true,"href":"https:\/\/www.nettali.com\/rest\/wp\/v2\/users\/4"}],"replies":[{"embeddable":true,"href":"https:\/\/www.nettali.com\/rest\/wp\/v2\/comments?post=122516"}],"version-history":[{"count":1,"href":"https:\/\/www.nettali.com\/rest\/wp\/v2\/posts\/122516\/revisions"}],"predecessor-version":[{"id":122518,"href":"https:\/\/www.nettali.com\/rest\/wp\/v2\/posts\/122516\/revisions\/122518"}],"wp:featuredmedia":[{"embeddable":true,"href":"https:\/\/www.nettali.com\/rest\/wp\/v2\/media\/122517"}],"wp:attachment":[{"href":"https:\/\/www.nettali.com\/rest\/wp\/v2\/media?parent=122516"}],"wp:term":[{"taxonomy":"category","embeddable":true,"href":"https:\/\/www.nettali.com\/rest\/wp\/v2\/categories?post=122516"},{"taxonomy":"post_tag","embeddable":true,"href":"https:\/\/www.nettali.com\/rest\/wp\/v2\/tags?post=122516"}],"curies":[{"name":"wp","href":"https:\/\/api.w.org\/{rel}","templated":true}]}}