{"id":122513,"date":"2023-11-25T09:19:28","date_gmt":"2023-11-25T09:19:28","guid":{"rendered":"https:\/\/www.nettali.com\/?p=122513"},"modified":"2023-11-25T09:19:28","modified_gmt":"2023-11-25T09:19:28","slug":"mondial-u17-demande-de-disqualification-de-la-france-la-federation-renonce","status":"publish","type":"post","link":"https:\/\/www.nettali.com\/2023\/11\/25\/mondial-u17-demande-de-disqualification-de-la-france-la-federation-renonce\/","title":{"rendered":"MONDIAL U17 - DEMANDE DE DISQUALIFICATION DE LA FRANCE -  La F\u00e9d\u00e9ration renonce"},"content":{"rendered":"<div class=\"page\" title=\"Page 12\">\n<div class=\"section\">\n<div class=\"layoutArea\">\n<div class=\"column\">\n<p><strong>NETTALI.COM - La Fe\u0301de\u0301ration se\u0301ne\u0301galaise de football (FSF) informe, dans un courrier, du retrait de sa re\u0301clamation faite aupre\u0300s de la Fifa pour demander la disqualification de la France de la Coupe du Monde U 17, Indone\u0301sie 2023. La FSF de\u0301nonc\u0327ait l\u2019alignement d'un joueur ine\u0301ligible, en l\u2019occurrence Yanis Ali Issoufou Abdoul Khadre. <\/strong><\/p>\n<p>\"<em>Nous pre\u0301cisions que l'article 9.3 du Re\u0300glement de la Compe\u0301tition est impertinent, car, comment une e\u0301quipe peut faire une re\u0301clamation cinq jours avant une compe\u0301tition sur une fraude qu'elle ignore et qui n'est e\u0301tablie d'ailleurs qu'a\u0300 partir du moment ou\u0300 le joueur a effectivement participe\u0301 a\u0300 un match de ladite compe\u0301tition et pas avant ?<\/em>\", lit-on dans un courrier adresse\u0301 au Directeur de la compe\u0301tition de la Coupe du monde U17, Indone\u0301sie 2023.<\/p>\n<p>Le \"<em>fait de retirer le joueur pour les matches suivant l'infraction aux re\u0300glements ne change rien a\u0300 la donne car la violation est de\u0301ja\u0300 acte\u0301e<\/em>\", aux yeux des fe\u0301de\u0301raux.<\/p>\n<p>\"<em>Notre devoir e\u0301tait de de\u0301noncer a\u0300 la FIFA un fait porte\u0301 a\u0300 notre attention par la presse franc\u0327aise le jour de notre match de huitie\u0300me de finale contre la France mais nous n'avons aucun contro\u0302le sur la suite que la FIFA entend y donner\u2019\"<\/em>, souligne-t-on dans le document.<\/p>\n<p>Pour la FSF, les \"<em>e\u0301le\u0301ments relate\u0301s dans votre courriel laissent au contraire entrevoir le sens de la de\u0301cision qui est de ne pas sanctionner<\/em>\".<\/p>\n<p>Compte tenu des e\u0301le\u0301ments susmentionne\u0301s, la FSF de\u0301cide tout bonnement de \"<em>renoncer a\u0300 sa saisine et demande a\u0300 la Fifa de lui en donner acte<\/em>\"<\/p>\n<\/div>\n<\/div>\n<\/div>\n<\/div>\n<div class='share-to-whatsapp-wrapper'><div class='share-on-whsp'>PARTAGER SUR : <\/div><a data-text='MONDIAL U17 - DEMANDE DE DISQUALIFICATION DE LA FRANCE -  La F\u00e9d\u00e9ration renonce' data-link='https:\/\/www.nettali.com\/2023\/11\/25\/mondial-u17-demande-de-disqualification-de-la-france-la-federation-renonce\/' class='whatsapp-button whatsapp-share'>WhatsApp<\/a><div class='clear '><\/div><\/div>","protected":false},"excerpt":{"rendered":"<p>NETTALI.COM - La Fe\u0301de\u0301ration se\u0301ne\u0301galaise de football (FSF) informe, dans un courrier, du retrait de sa re\u0301clamation faite aupre\u0300s de la Fifa pour demander la disqualification de la France de la Coupe du Monde U 17, Indone\u0301sie 2023. La FSF de\u0301nonc\u0327ait l\u2019alignement d'un joueur ine\u0301ligible, en l\u2019occurrence Yanis Ali Issoufou Abdoul Khadre. \"Nous pre\u0301cisions que [&hellip;]<\/p>\n","protected":false},"author":2,"featured_media":122515,"comment_status":"open","ping_status":"open","sticky":false,"template":"","format":"standard","meta":{"_et_pb_use_builder":"","_et_pb_old_content":""},"categories":[6],"tags":[],"yoast_head":"<!-- This site is optimized with the Yoast SEO Premium plugin v17.8 (Yoast SEO v17.8) - https:\/\/yoast.com\/wordpress\/plugins\/seo\/ -->\n<title>MONDIAL U17 - DEMANDE DE DISQUALIFICATION DE LA FRANCE - La F\u00e9d\u00e9ration renonce | Nettali.com<\/title>\n<meta name=\"robots\" content=\"index, follow, max-snippet:-1, max-image-preview:large, max-video-preview:-1\" \/>\n<link rel=\"canonical\" href=\"https:\/\/www.nettali.com\/2023\/11\/25\/mondial-u17-demande-de-disqualification-de-la-france-la-federation-renonce\/\" \/>\n<meta property=\"og:locale\" content=\"fr_FR\" \/>\n<meta property=\"og:type\" content=\"article\" \/>\n<meta property=\"og:title\" content=\"MONDIAL U17 - DEMANDE DE DISQUALIFICATION DE LA FRANCE - La F\u00e9d\u00e9ration renonce\" \/>\n<meta property=\"og:description\" content=\"NETTALI.COM - La Fe\u0301de\u0301ration se\u0301ne\u0301galaise de football (FSF) informe, dans un courrier, du retrait de sa re\u0301clamation faite aupre\u0300s de la Fifa pour demander la disqualification de la France de la Coupe du Monde U 17, Indone\u0301sie 2023. La FSF de\u0301nonc\u0327ait l\u2019alignement d&#039;un joueur ine\u0301ligible, en l\u2019occurrence Yanis Ali Issoufou Abdoul Khadre. &quot;Nous pre\u0301cisions que [&hellip;]\" \/>\n<meta property=\"og:url\" content=\"https:\/\/www.nettali.com\/2023\/11\/25\/mondial-u17-demande-de-disqualification-de-la-france-la-federation-renonce\/\" \/>\n<meta property=\"og:site_name\" content=\"Nettali.com\" \/>\n<meta property=\"article:publisher\" content=\"https:\/\/www.facebook.com\/nettalicom\" \/>\n<meta property=\"article:published_time\" content=\"2023-11-25T09:19:28+00:00\" \/>\n<meta property=\"og:image\" content=\"https:\/\/www.nettali.com\/wp-content\/uploads\/2023\/11\/AUGUSTIN-SENGHOR.jpg\" \/>\n\t<meta property=\"og:image:width\" content=\"650\" \/>\n\t<meta property=\"og:image:height\" content=\"503\" \/>\n<meta name=\"twitter:card\" content=\"summary_large_image\" \/>\n<meta name=\"twitter:label1\" content=\"\u00c9crit par\" \/>\n\t<meta name=\"twitter:data1\" content=\"CK\" \/>\n\t<meta name=\"twitter:label2\" content=\"Dur\u00e9e de lecture estim\u00e9e\" \/>\n\t<meta name=\"twitter:data2\" content=\"2 minutes\" \/>\n<script type=\"application\/ld+json\" class=\"yoast-schema-graph\">{\"@context\":\"https:\/\/schema.org\",\"@graph\":[{\"@type\":\"WebSite\",\"@id\":\"https:\/\/www.nettali.com\/#website\",\"url\":\"https:\/\/www.nettali.com\/\",\"name\":\"Nettali.com\",\"description\":\"Le rendez-vous critique du Net\",\"potentialAction\":[{\"@type\":\"SearchAction\",\"target\":{\"@type\":\"EntryPoint\",\"urlTemplate\":\"https:\/\/www.nettali.com\/?s={search_term_string}\"},\"query-input\":\"required name=search_term_string\"}],\"inLanguage\":\"fr-FR\"},{\"@type\":\"ImageObject\",\"@id\":\"https:\/\/www.nettali.com\/2023\/11\/25\/mondial-u17-demande-de-disqualification-de-la-france-la-federation-renonce\/#primaryimage\",\"inLanguage\":\"fr-FR\",\"url\":\"https:\/\/www.nettali.com\/wp-content\/uploads\/2023\/11\/AUGUSTIN-SENGHOR.jpg\",\"contentUrl\":\"https:\/\/www.nettali.com\/wp-content\/uploads\/2023\/11\/AUGUSTIN-SENGHOR.jpg\",\"width\":650,\"height\":503},{\"@type\":\"WebPage\",\"@id\":\"https:\/\/www.nettali.com\/2023\/11\/25\/mondial-u17-demande-de-disqualification-de-la-france-la-federation-renonce\/#webpage\",\"url\":\"https:\/\/www.nettali.com\/2023\/11\/25\/mondial-u17-demande-de-disqualification-de-la-france-la-federation-renonce\/\",\"name\":\"MONDIAL U17 - DEMANDE DE DISQUALIFICATION DE LA FRANCE - La F\\u00e9d\\u00e9ration renonce | Nettali.com\",\"isPartOf\":{\"@id\":\"https:\/\/www.nettali.com\/#website\"},\"primaryImageOfPage\":{\"@id\":\"https:\/\/www.nettali.com\/2023\/11\/25\/mondial-u17-demande-de-disqualification-de-la-france-la-federation-renonce\/#primaryimage\"},\"datePublished\":\"2023-11-25T09:19:28+00:00\",\"dateModified\":\"2023-11-25T09:19:28+00:00\",\"author\":{\"@id\":\"https:\/\/www.nettali.com\/#\/schema\/person\/d8ac7b7e27ddad43f1c0d2ef090d7f71\"},\"breadcrumb\":{\"@id\":\"https:\/\/www.nettali.com\/2023\/11\/25\/mondial-u17-demande-de-disqualification-de-la-france-la-federation-renonce\/#breadcrumb\"},\"inLanguage\":\"fr-FR\",\"potentialAction\":[{\"@type\":\"ReadAction\",\"target\":[\"https:\/\/www.nettali.com\/2023\/11\/25\/mondial-u17-demande-de-disqualification-de-la-france-la-federation-renonce\/\"]}]},{\"@type\":\"BreadcrumbList\",\"@id\":\"https:\/\/www.nettali.com\/2023\/11\/25\/mondial-u17-demande-de-disqualification-de-la-france-la-federation-renonce\/#breadcrumb\",\"itemListElement\":[{\"@type\":\"ListItem\",\"position\":1,\"name\":\"Accueil\",\"item\":\"https:\/\/www.nettali.com\/\"},{\"@type\":\"ListItem\",\"position\":2,\"name\":\"MONDIAL U17 - DEMANDE DE DISQUALIFICATION DE LA FRANCE - La F\\u00e9d\\u00e9ration renonce\"}]},{\"@type\":\"Person\",\"@id\":\"https:\/\/www.nettali.com\/#\/schema\/person\/d8ac7b7e27ddad43f1c0d2ef090d7f71\",\"name\":\"CK\",\"image\":{\"@type\":\"ImageObject\",\"@id\":\"https:\/\/www.nettali.com\/#personlogo\",\"inLanguage\":\"fr-FR\",\"url\":\"https:\/\/secure.gravatar.com\/avatar\/1d8d5118b9327d94da7cd4ce7f17fec2?s=96&d=mm&r=g\",\"contentUrl\":\"https:\/\/secure.gravatar.com\/avatar\/1d8d5118b9327d94da7cd4ce7f17fec2?s=96&d=mm&r=g\",\"caption\":\"CK\"},\"sameAs\":[\"https:\/\/www.nettali.com\"]}]}<\/script>\n<!-- \/ Yoast SEO Premium plugin. -->","yoast_head_json":{"title":"MONDIAL U17 - DEMANDE DE DISQUALIFICATION DE LA FRANCE - La F\u00e9d\u00e9ration renonce | Nettali.com","robots":{"index":"index","follow":"follow","max-snippet":"max-snippet:-1","max-image-preview":"max-image-preview:large","max-video-preview":"max-video-preview:-1"},"canonical":"https:\/\/www.nettali.com\/2023\/11\/25\/mondial-u17-demande-de-disqualification-de-la-france-la-federation-renonce\/","og_locale":"fr_FR","og_type":"article","og_title":"MONDIAL U17 - DEMANDE DE DISQUALIFICATION DE LA FRANCE - La F\u00e9d\u00e9ration renonce","og_description":"NETTALI.COM - La Fe\u0301de\u0301ration se\u0301ne\u0301galaise de football (FSF) informe, dans un courrier, du retrait de sa re\u0301clamation faite aupre\u0300s de la Fifa pour demander la disqualification de la France de la Coupe du Monde U 17, Indone\u0301sie 2023. La FSF de\u0301nonc\u0327ait l\u2019alignement d'un joueur ine\u0301ligible, en l\u2019occurrence Yanis Ali Issoufou Abdoul Khadre. \"Nous pre\u0301cisions que [&hellip;]","og_url":"https:\/\/www.nettali.com\/2023\/11\/25\/mondial-u17-demande-de-disqualification-de-la-france-la-federation-renonce\/","og_site_name":"Nettali.com","article_publisher":"https:\/\/www.facebook.com\/nettalicom","article_published_time":"2023-11-25T09:19:28+00:00","og_image":[{"width":650,"height":503,"url":"https:\/\/www.nettali.com\/wp-content\/uploads\/2023\/11\/AUGUSTIN-SENGHOR.jpg","type":"image\/jpeg"}],"twitter_card":"summary_large_image","twitter_misc":{"\u00c9crit par":"CK","Dur\u00e9e de lecture estim\u00e9e":"2 minutes"},"schema":{"@context":"https:\/\/schema.org","@graph":[{"@type":"WebSite","@id":"https:\/\/www.nettali.com\/#website","url":"https:\/\/www.nettali.com\/","name":"Nettali.com","description":"Le rendez-vous critique du Net","potentialAction":[{"@type":"SearchAction","target":{"@type":"EntryPoint","urlTemplate":"https:\/\/www.nettali.com\/?s={search_term_string}"},"query-input":"required name=search_term_string"}],"inLanguage":"fr-FR"},{"@type":"ImageObject","@id":"https:\/\/www.nettali.com\/2023\/11\/25\/mondial-u17-demande-de-disqualification-de-la-france-la-federation-renonce\/#primaryimage","inLanguage":"fr-FR","url":"https:\/\/www.nettali.com\/wp-content\/uploads\/2023\/11\/AUGUSTIN-SENGHOR.jpg","contentUrl":"https:\/\/www.nettali.com\/wp-content\/uploads\/2023\/11\/AUGUSTIN-SENGHOR.jpg","width":650,"height":503},{"@type":"WebPage","@id":"https:\/\/www.nettali.com\/2023\/11\/25\/mondial-u17-demande-de-disqualification-de-la-france-la-federation-renonce\/#webpage","url":"https:\/\/www.nettali.com\/2023\/11\/25\/mondial-u17-demande-de-disqualification-de-la-france-la-federation-renonce\/","name":"MONDIAL U17 - DEMANDE DE DISQUALIFICATION DE LA FRANCE - La F\u00e9d\u00e9ration renonce | Nettali.com","isPartOf":{"@id":"https:\/\/www.nettali.com\/#website"},"primaryImageOfPage":{"@id":"https:\/\/www.nettali.com\/2023\/11\/25\/mondial-u17-demande-de-disqualification-de-la-france-la-federation-renonce\/#primaryimage"},"datePublished":"2023-11-25T09:19:28+00:00","dateModified":"2023-11-25T09:19:28+00:00","author":{"@id":"https:\/\/www.nettali.com\/#\/schema\/person\/d8ac7b7e27ddad43f1c0d2ef090d7f71"},"breadcrumb":{"@id":"https:\/\/www.nettali.com\/2023\/11\/25\/mondial-u17-demande-de-disqualification-de-la-france-la-federation-renonce\/#breadcrumb"},"inLanguage":"fr-FR","potentialAction":[{"@type":"ReadAction","target":["https:\/\/www.nettali.com\/2023\/11\/25\/mondial-u17-demande-de-disqualification-de-la-france-la-federation-renonce\/"]}]},{"@type":"BreadcrumbList","@id":"https:\/\/www.nettali.com\/2023\/11\/25\/mondial-u17-demande-de-disqualification-de-la-france-la-federation-renonce\/#breadcrumb","itemListElement":[{"@type":"ListItem","position":1,"name":"Accueil","item":"https:\/\/www.nettali.com\/"},{"@type":"ListItem","position":2,"name":"MONDIAL U17 - DEMANDE DE DISQUALIFICATION DE LA FRANCE - La F\u00e9d\u00e9ration renonce"}]},{"@type":"Person","@id":"https:\/\/www.nettali.com\/#\/schema\/person\/d8ac7b7e27ddad43f1c0d2ef090d7f71","name":"CK","image":{"@type":"ImageObject","@id":"https:\/\/www.nettali.com\/#personlogo","inLanguage":"fr-FR","url":"https:\/\/secure.gravatar.com\/avatar\/1d8d5118b9327d94da7cd4ce7f17fec2?s=96&d=mm&r=g","contentUrl":"https:\/\/secure.gravatar.com\/avatar\/1d8d5118b9327d94da7cd4ce7f17fec2?s=96&d=mm&r=g","caption":"CK"},"sameAs":["https:\/\/www.nettali.com"]}]}},"_links":{"self":[{"href":"https:\/\/www.nettali.com\/rest\/wp\/v2\/posts\/122513"}],"collection":[{"href":"https:\/\/www.nettali.com\/rest\/wp\/v2\/posts"}],"about":[{"href":"https:\/\/www.nettali.com\/rest\/wp\/v2\/types\/post"}],"author":[{"embeddable":true,"href":"https:\/\/www.nettali.com\/rest\/wp\/v2\/users\/2"}],"replies":[{"embeddable":true,"href":"https:\/\/www.nettali.com\/rest\/wp\/v2\/comments?post=122513"}],"version-history":[{"count":1,"href":"https:\/\/www.nettali.com\/rest\/wp\/v2\/posts\/122513\/revisions"}],"predecessor-version":[{"id":122514,"href":"https:\/\/www.nettali.com\/rest\/wp\/v2\/posts\/122513\/revisions\/122514"}],"wp:featuredmedia":[{"embeddable":true,"href":"https:\/\/www.nettali.com\/rest\/wp\/v2\/media\/122515"}],"wp:attachment":[{"href":"https:\/\/www.nettali.com\/rest\/wp\/v2\/media?parent=122513"}],"wp:term":[{"taxonomy":"category","embeddable":true,"href":"https:\/\/www.nettali.com\/rest\/wp\/v2\/categories?post=122513"},{"taxonomy":"post_tag","embeddable":true,"href":"https:\/\/www.nettali.com\/rest\/wp\/v2\/tags?post=122513"}],"curies":[{"name":"wp","href":"https:\/\/api.w.org\/{rel}","templated":true}]}}