{"id":122367,"date":"2023-11-23T08:45:11","date_gmt":"2023-11-23T08:45:11","guid":{"rendered":"https:\/\/www.nettali.com\/?p=122367"},"modified":"2023-11-23T08:45:11","modified_gmt":"2023-11-23T08:45:11","slug":"en-coulisses-bilan-tournee-economique-nouveaux-bus-loi-sur-lofnac","status":"publish","type":"post","link":"https:\/\/www.nettali.com\/2023\/11\/23\/en-coulisses-bilan-tournee-economique-nouveaux-bus-loi-sur-lofnac\/","title":{"rendered":"EN COULISSES - Bilan tourn\u00e9e \u00e9conomique, nouveaux bus, loi sur l'Ofnac,..."},"content":{"rendered":"<div class=\"page\" title=\"Page 4\">\n<div class=\"layoutArea\">\n<div class=\"column\">\n<p><strong>NETTALI.COM -<\/strong> Lors du conseil des ministres du mercredi 22 novembre, le pre\u0301sident de la re\u0301publique Macky Sall est revenu sur sa dernie\u0300re tourne\u0301e e\u0301conomique du 13 au 18 Novembre dernier, dans les re\u0301gions de Ke\u0301dougou, Kaolack, Kaffrine, Fatick. Ce pe\u0301riple a e\u0301te\u0301 sanctionne\u0301 par la tenue de conseils pre\u0301sidentiels qui ont abouti a\u0300 l\u2019adoption, \"<em>pour chaque re\u0301gion, sur la pe\u0301riode 2024-2026, d\u2019un Plan d\u2019Investissements prioritaires con- sensuel, exhaustif et re\u0301alisable, en cohe\u0301rence avec le PAP 3 du Plan Se\u0301ne\u0301gal Emergent (PSE)\"<\/em>.<\/p>\n<p>Le Chef de l\u2019Etat a ainsi rappele\u0301 les investissements retenus : \"<em>600 milliards pour Ke\u0301dougou (avec l\u2019optimisation du potentiel minier pour le de\u0301veloppement durable et l\u2019emploi des jeunes des localite\u0301s); 1 000 milliards pour Kaolack (avec l\u2019e\u0301mergence d\u2019une e\u0301conomie re\u0301gionale dynamique autour du de\u0301veloppement du Port) ; 700 milliards pour Kaffrine (avec sa nouvelle sphe\u0300re administrative moderne, le renforcement des volets agricole et e\u0301levage et des acce\u0300s a\u0300 l\u2019eau et a\u0300 l\u2019e\u0301lectricite\u0301 ; 853 milliards pour Fatick (dont le de\u0301collage e\u0301conomique sera renforce\u0301 par la mise en place avec le secteur prive\u0301 de la Zone e\u0301conomique spe\u0301ciale autour des opportunite\u0301s du Port de Foundiougne- Ndakhonga et de la valorisation des mines de sel)<\/em>.\"<\/p>\n<p>Le pr\u00e9sident Sall a aussi inform\u00e9 de la tenue d\u2019un Conseil Pre\u0301sidentiel sur la Jeunesse, demandant au Premier ministre d\u2019engager le processus de pre\u0301paration d\u2019un Conseil Pre\u0301sidentiel sur la Jeunesse.<\/p>\n<div class=\"page\" title=\"Page 4\">\n<div class=\"layoutArea\">\n<div class=\"column\">\n<p>Il a dans la foul\u00e9e, souligne\u0301 l\u2019urgence de doter les programmes d\u2019e\u0301quite\u0301 sociale et territoriale de ressources budge\u0301taires supple\u0301mentaires conse\u0301quentes et imme\u0301diatement mobilisables, en vue d\u2019acce\u0301le\u0301rer la finalisation des chantiers prioritaires de pistes de de\u0301senclavement, d\u2019ouvrages hydrauliques, d\u2019infrastructures sanitaires et e\u0301lectriques et d\u2019e\u0301quipements d\u2019alle\u0300gement des travaux des femmes.<\/p>\n<div class=\"page\" title=\"Page 4\">\n<div class=\"layoutArea\">\n<div class=\"column\">\n<p>Le Conseil des ministres a, par la suite examine\u0301 et adopte\u0301 le projet de loi modifiant la loi n\u00b0 2012 - 30 du 28 de\u0301cembre 2012 portant cre\u0301ation de l\u2019Office national de lutte contre la fraude et la Corruption (OFNAC) et le projet de loi modifiant la loi n\u00b0 2014 - 17 du 02 avril 2014 relative a\u0300 la de\u0301claration de patrimoine. Il faudra cependant attendre pour en savoir plus. Des changements qui rejoignent les pre\u0301occupations des bailleurs de fonds, notamment le FMI, qui poussent \u00e0 un renforcement de la lutte contre la corruption, la concussion et les crimes assimile\u0301s.<\/p>\n<\/div>\n<\/div>\n<\/div>\n<p>Le pr\u00e9sident a \u00e9galement inform\u00e9 de la re\u0301ception prochaine de 90 nouveaux bus de dernie\u0300re ge\u0301ne\u0301ration sur 370 attendus, destine\u0301s au renforcement du parc de Dakar Dem Dikk qui s\u2019inscrit dans le cadre du Plan de modernisation de la socie\u0301te\u0301 nationale de transport public. Ce faisant, il a rappele\u0301 l\u2019urgence d\u2019acce\u0301le\u0301rer, avec les ope\u0301rateurs prive\u0301s du secteur et les e\u0301tablissements financiers de la place, le programme inte\u0301gre\u0301 de renouvellement des parcs de ve\u0301hicules de transports urbains et interurbains (cars, minicars et taxis), et des gros porteurs<\/p>\n<\/div>\n<\/div>\n<\/div>\n<\/div>\n<\/div>\n<\/div>\n<div class='share-to-whatsapp-wrapper'><div class='share-on-whsp'>PARTAGER SUR : <\/div><a data-text='EN COULISSES - Bilan tourn\u00e9e \u00e9conomique, nouveaux bus, loi sur l'Ofnac,...' data-link='https:\/\/www.nettali.com\/2023\/11\/23\/en-coulisses-bilan-tournee-economique-nouveaux-bus-loi-sur-lofnac\/' class='whatsapp-button whatsapp-share'>WhatsApp<\/a><div class='clear '><\/div><\/div>","protected":false},"excerpt":{"rendered":"<p>NETTALI.COM - Lors du conseil des ministres du mercredi 22 novembre, le pre\u0301sident de la re\u0301publique Macky Sall est revenu sur sa dernie\u0300re tourne\u0301e e\u0301conomique du 13 au 18 Novembre dernier, dans les re\u0301gions de Ke\u0301dougou, Kaolack, Kaffrine, Fatick. Ce pe\u0301riple a e\u0301te\u0301 sanctionne\u0301 par la tenue de conseils pre\u0301sidentiels qui ont abouti a\u0300 l\u2019adoption, [&hellip;]<\/p>\n","protected":false},"author":2,"featured_media":122368,"comment_status":"open","ping_status":"open","sticky":false,"template":"","format":"standard","meta":{"_et_pb_use_builder":"","_et_pb_old_content":""},"categories":[34945],"tags":[],"yoast_head":"<!-- This site is optimized with the Yoast SEO Premium plugin v17.8 (Yoast SEO v17.8) - https:\/\/yoast.com\/wordpress\/plugins\/seo\/ -->\n<title>EN COULISSES - Bilan tourn\u00e9e \u00e9conomique, nouveaux bus, loi sur l&#039;Ofnac,... | Nettali.com<\/title>\n<meta name=\"robots\" content=\"index, follow, max-snippet:-1, max-image-preview:large, max-video-preview:-1\" \/>\n<link rel=\"canonical\" href=\"https:\/\/www.nettali.com\/2023\/11\/23\/en-coulisses-bilan-tournee-economique-nouveaux-bus-loi-sur-lofnac\/\" \/>\n<meta property=\"og:locale\" content=\"fr_FR\" \/>\n<meta property=\"og:type\" content=\"article\" \/>\n<meta property=\"og:title\" content=\"EN COULISSES - Bilan tourn\u00e9e \u00e9conomique, nouveaux bus, loi sur l&#039;Ofnac,...\" \/>\n<meta property=\"og:description\" content=\"NETTALI.COM - Lors du conseil des ministres du mercredi 22 novembre, le pre\u0301sident de la re\u0301publique Macky Sall est revenu sur sa dernie\u0300re tourne\u0301e e\u0301conomique du 13 au 18 Novembre dernier, dans les re\u0301gions de Ke\u0301dougou, Kaolack, Kaffrine, Fatick. Ce pe\u0301riple a e\u0301te\u0301 sanctionne\u0301 par la tenue de conseils pre\u0301sidentiels qui ont abouti a\u0300 l\u2019adoption, [&hellip;]\" \/>\n<meta property=\"og:url\" content=\"https:\/\/www.nettali.com\/2023\/11\/23\/en-coulisses-bilan-tournee-economique-nouveaux-bus-loi-sur-lofnac\/\" \/>\n<meta property=\"og:site_name\" content=\"Nettali.com\" \/>\n<meta property=\"article:publisher\" content=\"https:\/\/www.facebook.com\/nettalicom\" \/>\n<meta property=\"article:published_time\" content=\"2023-11-23T08:45:11+00:00\" \/>\n<meta property=\"og:image\" content=\"https:\/\/www.nettali.com\/wp-content\/uploads\/2023\/11\/130274794_344804831_1639508119827167_4844762126423259577_n.jpg\" \/>\n\t<meta property=\"og:image:width\" content=\"640\" \/>\n\t<meta property=\"og:image:height\" content=\"483\" \/>\n<meta name=\"twitter:card\" content=\"summary_large_image\" \/>\n<meta name=\"twitter:label1\" content=\"\u00c9crit par\" \/>\n\t<meta name=\"twitter:data1\" content=\"CK\" \/>\n\t<meta name=\"twitter:label2\" content=\"Dur\u00e9e de lecture estim\u00e9e\" \/>\n\t<meta name=\"twitter:data2\" content=\"3 minutes\" \/>\n<script type=\"application\/ld+json\" class=\"yoast-schema-graph\">{\"@context\":\"https:\/\/schema.org\",\"@graph\":[{\"@type\":\"WebSite\",\"@id\":\"https:\/\/www.nettali.com\/#website\",\"url\":\"https:\/\/www.nettali.com\/\",\"name\":\"Nettali.com\",\"description\":\"Le rendez-vous critique du Net\",\"potentialAction\":[{\"@type\":\"SearchAction\",\"target\":{\"@type\":\"EntryPoint\",\"urlTemplate\":\"https:\/\/www.nettali.com\/?s={search_term_string}\"},\"query-input\":\"required name=search_term_string\"}],\"inLanguage\":\"fr-FR\"},{\"@type\":\"ImageObject\",\"@id\":\"https:\/\/www.nettali.com\/2023\/11\/23\/en-coulisses-bilan-tournee-economique-nouveaux-bus-loi-sur-lofnac\/#primaryimage\",\"inLanguage\":\"fr-FR\",\"url\":\"https:\/\/www.nettali.com\/wp-content\/uploads\/2023\/11\/130274794_344804831_1639508119827167_4844762126423259577_n.jpg\",\"contentUrl\":\"https:\/\/www.nettali.com\/wp-content\/uploads\/2023\/11\/130274794_344804831_1639508119827167_4844762126423259577_n.jpg\",\"width\":640,\"height\":483},{\"@type\":\"WebPage\",\"@id\":\"https:\/\/www.nettali.com\/2023\/11\/23\/en-coulisses-bilan-tournee-economique-nouveaux-bus-loi-sur-lofnac\/#webpage\",\"url\":\"https:\/\/www.nettali.com\/2023\/11\/23\/en-coulisses-bilan-tournee-economique-nouveaux-bus-loi-sur-lofnac\/\",\"name\":\"EN COULISSES - Bilan tourn\\u00e9e \\u00e9conomique, nouveaux bus, loi sur l'Ofnac,... | Nettali.com\",\"isPartOf\":{\"@id\":\"https:\/\/www.nettali.com\/#website\"},\"primaryImageOfPage\":{\"@id\":\"https:\/\/www.nettali.com\/2023\/11\/23\/en-coulisses-bilan-tournee-economique-nouveaux-bus-loi-sur-lofnac\/#primaryimage\"},\"datePublished\":\"2023-11-23T08:45:11+00:00\",\"dateModified\":\"2023-11-23T08:45:11+00:00\",\"author\":{\"@id\":\"https:\/\/www.nettali.com\/#\/schema\/person\/d8ac7b7e27ddad43f1c0d2ef090d7f71\"},\"breadcrumb\":{\"@id\":\"https:\/\/www.nettali.com\/2023\/11\/23\/en-coulisses-bilan-tournee-economique-nouveaux-bus-loi-sur-lofnac\/#breadcrumb\"},\"inLanguage\":\"fr-FR\",\"potentialAction\":[{\"@type\":\"ReadAction\",\"target\":[\"https:\/\/www.nettali.com\/2023\/11\/23\/en-coulisses-bilan-tournee-economique-nouveaux-bus-loi-sur-lofnac\/\"]}]},{\"@type\":\"BreadcrumbList\",\"@id\":\"https:\/\/www.nettali.com\/2023\/11\/23\/en-coulisses-bilan-tournee-economique-nouveaux-bus-loi-sur-lofnac\/#breadcrumb\",\"itemListElement\":[{\"@type\":\"ListItem\",\"position\":1,\"name\":\"Accueil\",\"item\":\"https:\/\/www.nettali.com\/\"},{\"@type\":\"ListItem\",\"position\":2,\"name\":\"EN COULISSES - Bilan tourn\\u00e9e \\u00e9conomique, nouveaux bus, loi sur l'Ofnac,...\"}]},{\"@type\":\"Person\",\"@id\":\"https:\/\/www.nettali.com\/#\/schema\/person\/d8ac7b7e27ddad43f1c0d2ef090d7f71\",\"name\":\"CK\",\"image\":{\"@type\":\"ImageObject\",\"@id\":\"https:\/\/www.nettali.com\/#personlogo\",\"inLanguage\":\"fr-FR\",\"url\":\"https:\/\/secure.gravatar.com\/avatar\/1d8d5118b9327d94da7cd4ce7f17fec2?s=96&d=mm&r=g\",\"contentUrl\":\"https:\/\/secure.gravatar.com\/avatar\/1d8d5118b9327d94da7cd4ce7f17fec2?s=96&d=mm&r=g\",\"caption\":\"CK\"},\"sameAs\":[\"https:\/\/www.nettali.com\"]}]}<\/script>\n<!-- \/ Yoast SEO Premium plugin. -->","yoast_head_json":{"title":"EN COULISSES - Bilan tourn\u00e9e \u00e9conomique, nouveaux bus, loi sur l'Ofnac,... | Nettali.com","robots":{"index":"index","follow":"follow","max-snippet":"max-snippet:-1","max-image-preview":"max-image-preview:large","max-video-preview":"max-video-preview:-1"},"canonical":"https:\/\/www.nettali.com\/2023\/11\/23\/en-coulisses-bilan-tournee-economique-nouveaux-bus-loi-sur-lofnac\/","og_locale":"fr_FR","og_type":"article","og_title":"EN COULISSES - Bilan tourn\u00e9e \u00e9conomique, nouveaux bus, loi sur l'Ofnac,...","og_description":"NETTALI.COM - Lors du conseil des ministres du mercredi 22 novembre, le pre\u0301sident de la re\u0301publique Macky Sall est revenu sur sa dernie\u0300re tourne\u0301e e\u0301conomique du 13 au 18 Novembre dernier, dans les re\u0301gions de Ke\u0301dougou, Kaolack, Kaffrine, Fatick. Ce pe\u0301riple a e\u0301te\u0301 sanctionne\u0301 par la tenue de conseils pre\u0301sidentiels qui ont abouti a\u0300 l\u2019adoption, [&hellip;]","og_url":"https:\/\/www.nettali.com\/2023\/11\/23\/en-coulisses-bilan-tournee-economique-nouveaux-bus-loi-sur-lofnac\/","og_site_name":"Nettali.com","article_publisher":"https:\/\/www.facebook.com\/nettalicom","article_published_time":"2023-11-23T08:45:11+00:00","og_image":[{"width":640,"height":483,"url":"https:\/\/www.nettali.com\/wp-content\/uploads\/2023\/11\/130274794_344804831_1639508119827167_4844762126423259577_n.jpg","type":"image\/jpeg"}],"twitter_card":"summary_large_image","twitter_misc":{"\u00c9crit par":"CK","Dur\u00e9e de lecture estim\u00e9e":"3 minutes"},"schema":{"@context":"https:\/\/schema.org","@graph":[{"@type":"WebSite","@id":"https:\/\/www.nettali.com\/#website","url":"https:\/\/www.nettali.com\/","name":"Nettali.com","description":"Le rendez-vous critique du Net","potentialAction":[{"@type":"SearchAction","target":{"@type":"EntryPoint","urlTemplate":"https:\/\/www.nettali.com\/?s={search_term_string}"},"query-input":"required name=search_term_string"}],"inLanguage":"fr-FR"},{"@type":"ImageObject","@id":"https:\/\/www.nettali.com\/2023\/11\/23\/en-coulisses-bilan-tournee-economique-nouveaux-bus-loi-sur-lofnac\/#primaryimage","inLanguage":"fr-FR","url":"https:\/\/www.nettali.com\/wp-content\/uploads\/2023\/11\/130274794_344804831_1639508119827167_4844762126423259577_n.jpg","contentUrl":"https:\/\/www.nettali.com\/wp-content\/uploads\/2023\/11\/130274794_344804831_1639508119827167_4844762126423259577_n.jpg","width":640,"height":483},{"@type":"WebPage","@id":"https:\/\/www.nettali.com\/2023\/11\/23\/en-coulisses-bilan-tournee-economique-nouveaux-bus-loi-sur-lofnac\/#webpage","url":"https:\/\/www.nettali.com\/2023\/11\/23\/en-coulisses-bilan-tournee-economique-nouveaux-bus-loi-sur-lofnac\/","name":"EN COULISSES - Bilan tourn\u00e9e \u00e9conomique, nouveaux bus, loi sur l'Ofnac,... | Nettali.com","isPartOf":{"@id":"https:\/\/www.nettali.com\/#website"},"primaryImageOfPage":{"@id":"https:\/\/www.nettali.com\/2023\/11\/23\/en-coulisses-bilan-tournee-economique-nouveaux-bus-loi-sur-lofnac\/#primaryimage"},"datePublished":"2023-11-23T08:45:11+00:00","dateModified":"2023-11-23T08:45:11+00:00","author":{"@id":"https:\/\/www.nettali.com\/#\/schema\/person\/d8ac7b7e27ddad43f1c0d2ef090d7f71"},"breadcrumb":{"@id":"https:\/\/www.nettali.com\/2023\/11\/23\/en-coulisses-bilan-tournee-economique-nouveaux-bus-loi-sur-lofnac\/#breadcrumb"},"inLanguage":"fr-FR","potentialAction":[{"@type":"ReadAction","target":["https:\/\/www.nettali.com\/2023\/11\/23\/en-coulisses-bilan-tournee-economique-nouveaux-bus-loi-sur-lofnac\/"]}]},{"@type":"BreadcrumbList","@id":"https:\/\/www.nettali.com\/2023\/11\/23\/en-coulisses-bilan-tournee-economique-nouveaux-bus-loi-sur-lofnac\/#breadcrumb","itemListElement":[{"@type":"ListItem","position":1,"name":"Accueil","item":"https:\/\/www.nettali.com\/"},{"@type":"ListItem","position":2,"name":"EN COULISSES - Bilan tourn\u00e9e \u00e9conomique, nouveaux bus, loi sur l'Ofnac,..."}]},{"@type":"Person","@id":"https:\/\/www.nettali.com\/#\/schema\/person\/d8ac7b7e27ddad43f1c0d2ef090d7f71","name":"CK","image":{"@type":"ImageObject","@id":"https:\/\/www.nettali.com\/#personlogo","inLanguage":"fr-FR","url":"https:\/\/secure.gravatar.com\/avatar\/1d8d5118b9327d94da7cd4ce7f17fec2?s=96&d=mm&r=g","contentUrl":"https:\/\/secure.gravatar.com\/avatar\/1d8d5118b9327d94da7cd4ce7f17fec2?s=96&d=mm&r=g","caption":"CK"},"sameAs":["https:\/\/www.nettali.com"]}]}},"_links":{"self":[{"href":"https:\/\/www.nettali.com\/rest\/wp\/v2\/posts\/122367"}],"collection":[{"href":"https:\/\/www.nettali.com\/rest\/wp\/v2\/posts"}],"about":[{"href":"https:\/\/www.nettali.com\/rest\/wp\/v2\/types\/post"}],"author":[{"embeddable":true,"href":"https:\/\/www.nettali.com\/rest\/wp\/v2\/users\/2"}],"replies":[{"embeddable":true,"href":"https:\/\/www.nettali.com\/rest\/wp\/v2\/comments?post=122367"}],"version-history":[{"count":1,"href":"https:\/\/www.nettali.com\/rest\/wp\/v2\/posts\/122367\/revisions"}],"predecessor-version":[{"id":122369,"href":"https:\/\/www.nettali.com\/rest\/wp\/v2\/posts\/122367\/revisions\/122369"}],"wp:featuredmedia":[{"embeddable":true,"href":"https:\/\/www.nettali.com\/rest\/wp\/v2\/media\/122368"}],"wp:attachment":[{"href":"https:\/\/www.nettali.com\/rest\/wp\/v2\/media?parent=122367"}],"wp:term":[{"taxonomy":"category","embeddable":true,"href":"https:\/\/www.nettali.com\/rest\/wp\/v2\/categories?post=122367"},{"taxonomy":"post_tag","embeddable":true,"href":"https:\/\/www.nettali.com\/rest\/wp\/v2\/tags?post=122367"}],"curies":[{"name":"wp","href":"https:\/\/api.w.org\/{rel}","templated":true}]}}